{"id":167859,"date":"2015-05-11T01:37:51","date_gmt":"2015-05-11T01:37:51","guid":{"rendered":"https:\/\/www.meydan.tv\/article\/gul-bayrami-sonuncu-olsun\/"},"modified":"2015-05-11T01:37:51","modified_gmt":"2015-05-11T01:37:51","slug":"gul-bayrami-sonuncu-olsun","status":"publish","type":"post","link":"https:\/\/www.meydan.tv\/az\/article\/gul-bayrami-sonuncu-olsun\/","title":{"rendered":"G\u00fcl bayram\u0131 sonuncu olsun"},"content":{"rendered":"<figure class=\"wp-block-image size-large\">\n  <img decoding=\"async\" src=\"https:\/\/www.meydan.tv\/az\/24078\/\" alt=\"\" class=\"wp-image-24078\"\/><figcaption><\/figcaption><\/figure>\n<\/p>\n<figure class=\"wp-block-image size-large\">\n  <img decoding=\"async\" src=\"https:\/\/www.meydan.tv\/az\/24084\/\" alt=\"\" class=\"wp-image-24084\"\/><figcaption><\/figcaption><\/figure>\n<p>\n  2000-ci ild\u0259n bu g\u00fcn\u0259d\u0259k ke\u00e7iril\u0259n G\u00fcl Bayram\u0131na milyonlarla dollar pul x\u0259rcl\u0259nib. N\u0259 \u00fc\u00e7\u00fcn G\u00fcl Bayram\u0131? \u015e\u00fcbh\u0259siz, ideya hans\u0131sa y\u00fcks\u0259k \u00e7inli bir v\u0259 ya bir ne\u00e7\u0259 m\u0259mura m\u0259xsusdur. G\u00f6r\u0259s\u0259n, m\u0259hz G\u00fcl Bayram\u0131 ke\u00e7irm\u0259yin motivl\u0259ri n\u0259l\u0259rdir? Xo\u015fa g\u0259lm\u0259k, pul silm\u0259k, yoxsa, d\u00fcnya \u00e7ap\u0131nda analoqu olmayan hans\u0131sa original bir ideyaya imza atmaq?\n<\/p>\n<p>\n  He\u00e7 k\u0259s he\u00e7 k\u0259si, h\u0259l\u0259-h\u0259l\u0259 hakimiyy\u0259td\u0259 olan m\u00fctl\u0259q g\u00fccl\u0259ri, xo\u015fa g\u0259lm\u0259kd\u0259, pul silm\u0259kd\u0259 v\u0259 ya original bir ideyaya imza atmaqda ittiham ed\u0259 bilm\u0259z. \u018fg\u0259r bu ideyada azac\u0131q da olsa, kreativlik v\u0259 g\u0259l\u0259c\u0259y\u0259 y\u00f6n\u0259lik faydal\u0131l\u0131q olsayd\u0131. Ax\u0131, h\u0259r bir layih\u0259nin praktik faydas\u0131 v\u0259 davaml\u0131l\u0131\u011f\u0131 olmal\u0131d\u0131r. M\u0259s\u0259l\u0259n, G\u00fcl Bayram\u0131 yerin\u0259 Kitab Bayram\u0131 ke\u00e7iril\u0259rs\u0259, bunun davaml\u0131l\u0131\u011f\u0131n\u0131 v\u0259 faydal\u0131l\u0131\u011f\u0131n\u0131 t\u0259s\u0259vv\u00fcr etm\u0259k \u00e7\u0259tin deyil.\n<\/p>\n<p>\n  Ba\u015f ver\u0259nl\u0259rd\u0259n \u00e7\u0131xard\u0131\u011f\u0131m n\u0259tic\u0259l\u0259r\u0259 g\u00f6r\u0259, hakimiyy\u0259td\u0259ki insanlar kreativ d\u00fc\u015f\u00fcnm\u0259yi bacarm\u0131rlar. B\u0259lk\u0259 d\u0259, i\u00e7\u0259ril\u0259rind\u0259 bacaranlar var, lakin bu ideyalar\u0131n h\u0259yata ke\u00e7m\u0259si hans\u0131 s\u0259b\u0259bl\u0259r\u0259 g\u00f6r\u0259s\u0259 m\u00fcmk\u00fcn olmamaqdad\u0131r. Yoxsa, c\u0259mi bir g\u00fcnd\u0259n sonra laz\u0131ms\u0131z ot y\u0131\u011f\u0131n\u0131na \u00e7evril\u0259n, mala-heyvana bel\u0259 yararl\u0131 olmayan G\u00fcl\u0259 milyonlar x\u0259rcl\u0259m\u0259nin arxas\u0131nda hans\u0131 d\u0259mir-beton zehniyy\u0259tin dayand\u0131\u011f\u0131n\u0131 izah etm\u0259k m\u00fcmk\u00fcn deyildir.\n<\/p>\n<p>\n  H\u0259tta G\u00fcl Bayram\u0131n\u0131n \u00f6z\u00fcn\u00fc d\u0259 hans\u0131sa m\u0259nada davaml\u0131l\u0131\u011f\u0131 olan v\u0259 iqtisadi m\u0259nada faydal\u0131 ed\u0259n bir aksiyaya \u00e7evirm\u0259k olard\u0131. M\u0259s\u0259l\u0259n, o g\u00fcll\u0259r xaric\u0259n g\u0259tirilm\u0259zdi, el\u0259 Az\u0259rbaycan rayonlar\u0131nda yeti\u015fdiril\u0259rdi. H\u0259m milli valyuta xaric\u0259 axmaz v\u0259 yerli istehsal\u00e7\u0131lar da qazanard\u0131. H\u0259m d\u0259\u00a0 yeni i\u015f yerl\u0259ri a\u00e7\u0131lar, h\u0259tta yeti\u015fdiril\u0259n g\u00fcll\u0259r xaric\u0259 d\u0259 sat\u0131lard\u0131.\u00a0 Lakin, bizim hakimiyy\u0259t bu b\u0259sit ger\u00e7\u0259yi g\u00f6rm\u0259k v\u0259 h\u0259yata ke\u00e7irm\u0259k b\u0259sir\u0259tin\u0259 malik deyil. Halbuki, yen\u0259 d\u0259 pul silm\u0259k, xo\u015fa g\u0259lm\u0259kv\u0259 original g\u00f6r\u00fcnm\u0259k m\u0259s\u0259l\u0259l\u0259rind\u0259 d\u0259yi\u015f\u0259n bir \u015fey olmayacaqd\u0131.\n<\/p>\n<p>\n  N\u0259 q\u0259d\u0259r sad\u0259l\u00f6vh g\u00f6r\u00fcns\u0259m d\u0259, m\u0259n bu m\u0259qal\u0259ni yazaraq, Az\u0259rbaycan h\u00f6k\u00fcm\u0259tin\u0259 \u00f6z t\u0259klifimi verm\u0259k ist\u0259yir\u0259m. G\u0259l\u0259n ild\u0259n etibar\u0259n, m\u0259nas\u0131z G\u00fcl Bayramlar\u0131 ke\u00e7irm\u0259y\u0259 son verilsin. Bunun yerin\u0259 respublika s\u0259viyy\u0259sind\u0259, Kitab Bayram\u0131na start verilsin. \u00d6rn\u0259k olaraq, h\u0259r il Almaniyada ke\u00e7iril\u0259n Oxu G\u00fcn\u00fcn\u0259 b\u0259nz\u0259r geni\u015f bir layih\u0259 h\u0259yata ke\u00e7iril\u0259 bil\u0259r. H\u0259r il Almaniyada t\u0259qrib\u0259n 1 milyon m\u0259kt\u0259blini \u0259hat\u0259 ed\u0259n Oxu G\u00fcnl\u0259ri yar\u0131\u015fmas\u0131 t\u0259\u015fkil edilir. B\u00fct\u00fcn m\u0259kt\u0259bl\u0259r, m\u0259tbuat, televiziya bu yar\u0131\u015fmaya s\u0259f\u0259rb\u0259r edilir. Yar\u0131\u015fma kitab bazar\u0131n\u0131n canlanmas\u0131na ciddi t\u0259sir g\u00f6st\u0259rir, \u0259n yax\u015f\u0131 qira\u0259t ed\u0259n m\u0259kt\u0259blil\u0259r m\u00fckafatland\u0131r\u0131l\u0131r.\n<\/p>\n<p>\n  \u00dcmum\u0259n, bu yar\u0131\u015fma yazarlara, na\u015firl\u0259r\u0259, kitab sat\u0131\u015f \u015f\u0259b\u0259k\u0259sin\u0259 g\u00fccl\u00fc stimul verir. H\u0259m xalq\u0131n maarifl\u0259nm\u0259si, h\u0259m d\u0259 iqtisadi faydal\u0131l\u0131q bax\u0131m\u0131ndan Kitab Bayramlar\u0131n\u0131n ke\u00e7irilm\u0259si G\u00fcl Bayramlar\u0131n\u0131n ke\u00e7irilm\u0259sind\u0259n daha m\u0259qs\u0259d\u0259uy\u011fun olard\u0131. Bel\u0259 bir bayram\u0131n ke\u00e7irilm\u0259si bizim m\u0259murlar \u00fc\u00e7\u00fcn pul silm\u0259k bax\u0131m\u0131ndan da az s\u0259rf\u0259li olmazd\u0131. Amma b\u00fct\u00fcn hallarda, m\u0259nim d\u00fc\u015f\u00fcnc\u0259m\u0259 g\u00f6r\u0259, Kitab Bayram\u0131 G\u00fcl Bayram\u0131ndan daha kreativ v\u0259 davaml\u0131l\u0131q bax\u0131m\u0131ndan daha \u0259lveri\u015fli say\u0131lmal\u0131d\u0131r.\n<\/p>\n<p>\n  He\u00e7 olmasa, ac qoyun ota cuman kimi, c\u0259mi iki g\u00fcnd\u0259n sonra solub ged\u0259c\u0259k olan g\u00fcll\u0259r\u0259 cuman xalq\u0131m\u0131 kitaba cuman g\u00f6rm\u0259k, m\u0259ni mutlu ed\u0259rdi. Bu m\u0259nz\u0259r\u0259ni g\u00f6r\u0259n ulu \u00f6nd\u0259rin ruhu da \u015fad olard\u0131.\n<\/p>\n<p>\n  <b><br \/>\n    Yaz\u0131dak\u0131 fikirl\u0259r m\u00fc\u0259llif\u0259 m\u0259xsusdur v\u0259 onlara g\u00f6r\u0259 Meydan TV m\u0259suliyy\u0259t da\u015f\u0131m\u0131r.<br \/>\n  <\/b><\/p>\n","protected":false},"excerpt":{"rendered":"<p>G\u00fcl yox, Kitab bayram\u0131 ke\u00e7irm\u0259k laz\u0131md\u0131r\u2026<\/p>\n","protected":false},"author":11,"featured_media":24078,"comment_status":"closed","ping_status":"open","sticky":false,"template":"","format":"standard","meta":{"_acf_changed":false,"_sitemap_exclude":false,"_sitemap_priority":"","_sitemap_frequency":"","footnotes":""},"categories":[57],"tags":[],"class_list":["post-167859","post","type-post","status-publish","format-standard","has-post-thumbnail","hentry","category-menim-fikrimce","infinite-scroll-item","generate-columns","tablet-grid-50","mobile-grid-100","grid-parent","grid-33","no-featured-image-padding"],"acf":[],"yoast_head":"<!-- This site is optimized with the Yoast SEO plugin v27.5 - https:\/\/yoast.com\/product\/yoast-seo-wordpress\/ -->\n<title>G\u00fcl bayram\u0131 sonuncu olsun - MEYDAN.TV<\/title>\n<meta name=\"robots\" content=\"index, follow, max-snippet:-1, max-image-preview:large, max-video-preview:-1\" \/>\n<link rel=\"canonical\" href=\"https:\/\/www.meydan.tv\/az\/article\/gul-bayrami-sonuncu-olsun\/\" \/>\n<meta property=\"og:locale\" content=\"az_AZ\" \/>\n<meta property=\"og:type\" content=\"article\" \/>\n<meta property=\"og:title\" content=\"G\u00fcl bayram\u0131 sonuncu olsun - MEYDAN.TV\" \/>\n<meta property=\"og:description\" content=\"G\u00fcl yox, Kitab bayram\u0131 ke\u00e7irm\u0259k laz\u0131md\u0131r\u2026\" \/>\n<meta property=\"og:url\" content=\"https:\/\/www.meydan.tv\/az\/article\/gul-bayrami-sonuncu-olsun\/\" \/>\n<meta property=\"og:site_name\" content=\"MEYDAN.TV\" \/>\n<meta property=\"article:published_time\" content=\"2015-05-11T01:37:51+00:00\" \/>\n<meta property=\"og:image\" content=\"https:\/\/www.meydan.tv\/wp-content\/uploads\/8767.png\" \/>\n\t<meta property=\"og:image:width\" content=\"500\" \/>\n\t<meta property=\"og:image:height\" content=\"500\" \/>\n\t<meta property=\"og:image:type\" content=\"image\/png\" \/>\n<meta name=\"author\" content=\"user-manager\" \/>\n<meta name=\"twitter:card\" content=\"summary_large_image\" \/>\n<script type=\"application\/ld+json\" class=\"yoast-schema-graph\">{\"@context\":\"https:\\\/\\\/schema.org\",\"@graph\":[{\"@type\":\"Article\",\"@id\":\"https:\\\/\\\/www.meydan.tv\\\/az\\\/article\\\/gul-bayrami-sonuncu-olsun\\\/#article\",\"isPartOf\":{\"@id\":\"https:\\\/\\\/www.meydan.tv\\\/az\\\/article\\\/gul-bayrami-sonuncu-olsun\\\/\"},\"author\":{\"name\":\"user-manager\",\"@id\":\"https:\\\/\\\/www.meydan.tv\\\/az\\\/#\\\/schema\\\/person\\\/10d11eccf6da3662cf5fdab9806ea91a\"},\"headline\":\"G\u00fcl bayram\u0131 sonuncu olsun\",\"datePublished\":\"2015-05-11T01:37:51+00:00\",\"mainEntityOfPage\":{\"@id\":\"https:\\\/\\\/www.meydan.tv\\\/az\\\/article\\\/gul-bayrami-sonuncu-olsun\\\/\"},\"wordCount\":763,\"publisher\":{\"@id\":\"https:\\\/\\\/www.meydan.tv\\\/az\\\/#organization\"},\"image\":{\"@id\":\"https:\\\/\\\/www.meydan.tv\\\/az\\\/article\\\/gul-bayrami-sonuncu-olsun\\\/#primaryimage\"},\"thumbnailUrl\":\"https:\\\/\\\/www.meydan.tv\\\/wp-content\\\/uploads\\\/8767.png\",\"articleSection\":[\"M\u0259nim Fikrimc\u0259\"],\"inLanguage\":\"az\"},{\"@type\":\"WebPage\",\"@id\":\"https:\\\/\\\/www.meydan.tv\\\/az\\\/article\\\/gul-bayrami-sonuncu-olsun\\\/\",\"url\":\"https:\\\/\\\/www.meydan.tv\\\/az\\\/article\\\/gul-bayrami-sonuncu-olsun\\\/\",\"name\":\"G\u00fcl bayram\u0131 sonuncu olsun - MEYDAN.TV\",\"isPartOf\":{\"@id\":\"https:\\\/\\\/www.meydan.tv\\\/az\\\/#website\"},\"primaryImageOfPage\":{\"@id\":\"https:\\\/\\\/www.meydan.tv\\\/az\\\/article\\\/gul-bayrami-sonuncu-olsun\\\/#primaryimage\"},\"image\":{\"@id\":\"https:\\\/\\\/www.meydan.tv\\\/az\\\/article\\\/gul-bayrami-sonuncu-olsun\\\/#primaryimage\"},\"thumbnailUrl\":\"https:\\\/\\\/www.meydan.tv\\\/wp-content\\\/uploads\\\/8767.png\",\"datePublished\":\"2015-05-11T01:37:51+00:00\",\"breadcrumb\":{\"@id\":\"https:\\\/\\\/www.meydan.tv\\\/az\\\/article\\\/gul-bayrami-sonuncu-olsun\\\/#breadcrumb\"},\"inLanguage\":\"az\",\"potentialAction\":[{\"@type\":\"ReadAction\",\"target\":[\"https:\\\/\\\/www.meydan.tv\\\/az\\\/article\\\/gul-bayrami-sonuncu-olsun\\\/\"]}]},{\"@type\":\"ImageObject\",\"inLanguage\":\"az\",\"@id\":\"https:\\\/\\\/www.meydan.tv\\\/az\\\/article\\\/gul-bayrami-sonuncu-olsun\\\/#primaryimage\",\"url\":\"https:\\\/\\\/www.meydan.tv\\\/wp-content\\\/uploads\\\/8767.png\",\"contentUrl\":\"https:\\\/\\\/www.meydan.tv\\\/wp-content\\\/uploads\\\/8767.png\",\"width\":500,\"height\":500,\"caption\":\"Source:\"},{\"@type\":\"BreadcrumbList\",\"@id\":\"https:\\\/\\\/www.meydan.tv\\\/az\\\/article\\\/gul-bayrami-sonuncu-olsun\\\/#breadcrumb\",\"itemListElement\":[{\"@type\":\"ListItem\",\"position\":1,\"name\":\"Ana s\u0259hif\u0259\",\"item\":\"https:\\\/\\\/www.meydan.tv\\\/az\\\/\"},{\"@type\":\"ListItem\",\"position\":2,\"name\":\"M\u0259nim Fikrimc\u0259\",\"item\":\"https:\\\/\\\/www.meydan.tv\\\/az\\\/section\\\/menim-fikrimce\\\/\"},{\"@type\":\"ListItem\",\"position\":3,\"name\":\"G\u00fcl bayram\u0131 sonuncu olsun\"}]},{\"@type\":\"WebSite\",\"@id\":\"https:\\\/\\\/www.meydan.tv\\\/az\\\/#website\",\"url\":\"https:\\\/\\\/www.meydan.tv\\\/az\\\/\",\"name\":\"MEYDAN.TV\",\"description\":\"Meydan TV Az\u0259rbaycan\u0131n media m\u0259kan\u0131ndak\u0131 alternativ s\u0259sidir\",\"publisher\":{\"@id\":\"https:\\\/\\\/www.meydan.tv\\\/az\\\/#organization\"},\"potentialAction\":[{\"@type\":\"SearchAction\",\"target\":{\"@type\":\"EntryPoint\",\"urlTemplate\":\"https:\\\/\\\/www.meydan.tv\\\/az\\\/?s={search_term_string}\"},\"query-input\":{\"@type\":\"PropertyValueSpecification\",\"valueRequired\":true,\"valueName\":\"search_term_string\"}}],\"inLanguage\":\"az\"},{\"@type\":\"Organization\",\"@id\":\"https:\\\/\\\/www.meydan.tv\\\/az\\\/#organization\",\"name\":\"Meydan TV\",\"url\":\"https:\\\/\\\/www.meydan.tv\\\/az\\\/\",\"logo\":{\"@type\":\"ImageObject\",\"inLanguage\":\"az\",\"@id\":\"https:\\\/\\\/www.meydan.tv\\\/az\\\/#\\\/schema\\\/logo\\\/image\\\/\",\"url\":\"https:\\\/\\\/www.meydan.tv\\\/wp-content\\\/uploads\\\/2021\\\/07\\\/meydan-logo.svg\",\"contentUrl\":\"https:\\\/\\\/www.meydan.tv\\\/wp-content\\\/uploads\\\/2021\\\/07\\\/meydan-logo.svg\",\"width\":195,\"height\":46,\"caption\":\"Meydan TV\"},\"image\":{\"@id\":\"https:\\\/\\\/www.meydan.tv\\\/az\\\/#\\\/schema\\\/logo\\\/image\\\/\"}},{\"@type\":\"Person\",\"@id\":\"https:\\\/\\\/www.meydan.tv\\\/az\\\/#\\\/schema\\\/person\\\/10d11eccf6da3662cf5fdab9806ea91a\",\"name\":\"user-manager\"}]}<\/script>\n<!-- \/ Yoast SEO plugin. -->","yoast_head_json":{"title":"G\u00fcl bayram\u0131 sonuncu olsun - MEYDAN.TV","robots":{"index":"index","follow":"follow","max-snippet":"max-snippet:-1","max-image-preview":"max-image-preview:large","max-video-preview":"max-video-preview:-1"},"canonical":"https:\/\/www.meydan.tv\/az\/article\/gul-bayrami-sonuncu-olsun\/","og_locale":"az_AZ","og_type":"article","og_title":"G\u00fcl bayram\u0131 sonuncu olsun - MEYDAN.TV","og_description":"G\u00fcl yox, Kitab bayram\u0131 ke\u00e7irm\u0259k laz\u0131md\u0131r\u2026","og_url":"https:\/\/www.meydan.tv\/az\/article\/gul-bayrami-sonuncu-olsun\/","og_site_name":"MEYDAN.TV","article_published_time":"2015-05-11T01:37:51+00:00","og_image":[{"width":500,"height":500,"url":"https:\/\/www.meydan.tv\/wp-content\/uploads\/8767.png","type":"image\/png"}],"author":"user-manager","twitter_card":"summary_large_image","schema":{"@context":"https:\/\/schema.org","@graph":[{"@type":"Article","@id":"https:\/\/www.meydan.tv\/az\/article\/gul-bayrami-sonuncu-olsun\/#article","isPartOf":{"@id":"https:\/\/www.meydan.tv\/az\/article\/gul-bayrami-sonuncu-olsun\/"},"author":{"name":"user-manager","@id":"https:\/\/www.meydan.tv\/az\/#\/schema\/person\/10d11eccf6da3662cf5fdab9806ea91a"},"headline":"G\u00fcl bayram\u0131 sonuncu olsun","datePublished":"2015-05-11T01:37:51+00:00","mainEntityOfPage":{"@id":"https:\/\/www.meydan.tv\/az\/article\/gul-bayrami-sonuncu-olsun\/"},"wordCount":763,"publisher":{"@id":"https:\/\/www.meydan.tv\/az\/#organization"},"image":{"@id":"https:\/\/www.meydan.tv\/az\/article\/gul-bayrami-sonuncu-olsun\/#primaryimage"},"thumbnailUrl":"https:\/\/www.meydan.tv\/wp-content\/uploads\/8767.png","articleSection":["M\u0259nim Fikrimc\u0259"],"inLanguage":"az"},{"@type":"WebPage","@id":"https:\/\/www.meydan.tv\/az\/article\/gul-bayrami-sonuncu-olsun\/","url":"https:\/\/www.meydan.tv\/az\/article\/gul-bayrami-sonuncu-olsun\/","name":"G\u00fcl bayram\u0131 sonuncu olsun - MEYDAN.TV","isPartOf":{"@id":"https:\/\/www.meydan.tv\/az\/#website"},"primaryImageOfPage":{"@id":"https:\/\/www.meydan.tv\/az\/article\/gul-bayrami-sonuncu-olsun\/#primaryimage"},"image":{"@id":"https:\/\/www.meydan.tv\/az\/article\/gul-bayrami-sonuncu-olsun\/#primaryimage"},"thumbnailUrl":"https:\/\/www.meydan.tv\/wp-content\/uploads\/8767.png","datePublished":"2015-05-11T01:37:51+00:00","breadcrumb":{"@id":"https:\/\/www.meydan.tv\/az\/article\/gul-bayrami-sonuncu-olsun\/#breadcrumb"},"inLanguage":"az","potentialAction":[{"@type":"ReadAction","target":["https:\/\/www.meydan.tv\/az\/article\/gul-bayrami-sonuncu-olsun\/"]}]},{"@type":"ImageObject","inLanguage":"az","@id":"https:\/\/www.meydan.tv\/az\/article\/gul-bayrami-sonuncu-olsun\/#primaryimage","url":"https:\/\/www.meydan.tv\/wp-content\/uploads\/8767.png","contentUrl":"https:\/\/www.meydan.tv\/wp-content\/uploads\/8767.png","width":500,"height":500,"caption":"Source:"},{"@type":"BreadcrumbList","@id":"https:\/\/www.meydan.tv\/az\/article\/gul-bayrami-sonuncu-olsun\/#breadcrumb","itemListElement":[{"@type":"ListItem","position":1,"name":"Ana s\u0259hif\u0259","item":"https:\/\/www.meydan.tv\/az\/"},{"@type":"ListItem","position":2,"name":"M\u0259nim Fikrimc\u0259","item":"https:\/\/www.meydan.tv\/az\/section\/menim-fikrimce\/"},{"@type":"ListItem","position":3,"name":"G\u00fcl bayram\u0131 sonuncu olsun"}]},{"@type":"WebSite","@id":"https:\/\/www.meydan.tv\/az\/#website","url":"https:\/\/www.meydan.tv\/az\/","name":"MEYDAN.TV","description":"Meydan TV Az\u0259rbaycan\u0131n media m\u0259kan\u0131ndak\u0131 alternativ s\u0259sidir","publisher":{"@id":"https:\/\/www.meydan.tv\/az\/#organization"},"potentialAction":[{"@type":"SearchAction","target":{"@type":"EntryPoint","urlTemplate":"https:\/\/www.meydan.tv\/az\/?s={search_term_string}"},"query-input":{"@type":"PropertyValueSpecification","valueRequired":true,"valueName":"search_term_string"}}],"inLanguage":"az"},{"@type":"Organization","@id":"https:\/\/www.meydan.tv\/az\/#organization","name":"Meydan TV","url":"https:\/\/www.meydan.tv\/az\/","logo":{"@type":"ImageObject","inLanguage":"az","@id":"https:\/\/www.meydan.tv\/az\/#\/schema\/logo\/image\/","url":"https:\/\/www.meydan.tv\/wp-content\/uploads\/2021\/07\/meydan-logo.svg","contentUrl":"https:\/\/www.meydan.tv\/wp-content\/uploads\/2021\/07\/meydan-logo.svg","width":195,"height":46,"caption":"Meydan TV"},"image":{"@id":"https:\/\/www.meydan.tv\/az\/#\/schema\/logo\/image\/"}},{"@type":"Person","@id":"https:\/\/www.meydan.tv\/az\/#\/schema\/person\/10d11eccf6da3662cf5fdab9806ea91a","name":"user-manager"}]}},"_links":{"self":[{"href":"https:\/\/www.meydan.tv\/az\/wp-json\/wp\/v2\/posts\/167859","targetHints":{"allow":["GET"]}}],"collection":[{"href":"https:\/\/www.meydan.tv\/az\/wp-json\/wp\/v2\/posts"}],"about":[{"href":"https:\/\/www.meydan.tv\/az\/wp-json\/wp\/v2\/types\/post"}],"author":[{"embeddable":true,"href":"https:\/\/www.meydan.tv\/az\/wp-json\/wp\/v2\/users\/11"}],"replies":[{"embeddable":true,"href":"https:\/\/www.meydan.tv\/az\/wp-json\/wp\/v2\/comments?post=167859"}],"version-history":[{"count":0,"href":"https:\/\/www.meydan.tv\/az\/wp-json\/wp\/v2\/posts\/167859\/revisions"}],"wp:featuredmedia":[{"embeddable":true,"href":"https:\/\/www.meydan.tv\/az\/wp-json\/wp\/v2\/media\/24078"}],"wp:attachment":[{"href":"https:\/\/www.meydan.tv\/az\/wp-json\/wp\/v2\/media?parent=167859"}],"wp:term":[{"taxonomy":"category","embeddable":true,"href":"https:\/\/www.meydan.tv\/az\/wp-json\/wp\/v2\/categories?post=167859"},{"taxonomy":"post_tag","embeddable":true,"href":"https:\/\/www.meydan.tv\/az\/wp-json\/wp\/v2\/tags?post=167859"}],"curies":[{"name":"wp","href":"https:\/\/api.w.org\/{rel}","templated":true}]}}