{"id":167857,"date":"2015-05-10T19:36:47","date_gmt":"2015-05-10T19:36:47","guid":{"rendered":"https:\/\/www.meydan.tv\/article\/beserin-en-bedbext-insanlari\/"},"modified":"2015-05-10T19:36:47","modified_gmt":"2015-05-10T19:36:47","slug":"beserin-en-bedbext-insanlari","status":"publish","type":"post","link":"https:\/\/www.meydan.tv\/az\/article\/beserin-en-bedbext-insanlari\/","title":{"rendered":"B\u0259\u015f\u0259rin \u0259n b\u0259db\u0259xt insanlar\u0131"},"content":{"rendered":"<figure class=\"wp-block-image size-large\">\n  <img decoding=\"async\" src=\"https:\/\/www.meydan.tv\/az\/24018\/\" alt=\"\" class=\"wp-image-24018\"\/><figcaption><\/figcaption><\/figure>\n<figure class=\"wp-block-image size-large\">\n  <img decoding=\"async\" src=\"https:\/\/www.meydan.tv\/az\/24021\/\" alt=\"\" class=\"wp-image-24021\"\/><figcaption><\/figcaption><\/figure>\n<p>\n  <br \/>\n  Bir ne\u00e7\u0259 g\u00fcn bundan \u00f6nc\u0259 Tiflisd\u0259 q\u0259dim \u0259\u015fyalar\u0131n sat\u0131ld\u0131\u011f\u0131 yer\u0259 getdim. Sat\u0131lan \u0259\u015fyalar aras\u0131nda \u0259n \u00e7ox diqq\u0259timi \u00e7\u0259k\u0259n Sovet D\u00f6vr\u00fcnd\u0259n qalma orden v\u0259 medallar oldu. \u0130ndi d\u0259y\u0259ri bir ne\u00e7\u0259 lari olan bu orden v\u0259 medallar\u0131n arxas\u0131nda, vaxt\u0131 ik\u0259n hans\u0131 \u0259m\u0259yin, inanc\u0131n durdu\u011funu t\u0259s\u0259vv\u00fcr etm\u0259k bel\u0259 \u00e7\u0259tindir. Sovet sisteminin iqtisadi-siyasi qurlu\u015fu el\u0259 idi ki, o insanlar\u0131n kollektiv formada m\u00fc\u0259yy\u0259n bir m\u0259qs\u0259d v\u0259 amal u\u011fruna i\u015fl\u0259m\u0259si, \u00e7al\u0131\u015fmas\u0131 v\u0259 el\u0259c\u0259 d\u0259 v\u0259t\u0259nin m\u00fcdafi\u0259si v\u0259sf \u00a0\u00fc\u00e7\u00fcn o m\u00fcxt\u0259lif m\u0259n\u0259vi m\u0259nalar y\u00fckl\u0259nmi\u015f h\u0259v\u0259sl\u0259ndirici adlardan, medallardan, ordenl\u0259rd\u0259n istifad\u0259 edirdi.\n<\/p>\n<p>\n  F\u0259rdi maddi mara\u011f\u0131n s\u0131f\u0131rland\u0131r\u0131ld\u0131\u011f\u0131 bu c\u0259miyy\u0259td\u0259 ba\u015fqa yol da fikirl\u0259\u015fm\u0259k \u00e7\u0259tin idi. Amma dem\u0259k ist\u0259diyim bu deyil, yaz\u0131da ifad\u0259 etm\u0259k ist\u0259diyim bir \u00e7oxlar\u0131m\u0131z\u0131n rast\u0131na \u00e7\u0131xan, baxd\u0131\u011f\u0131 m\u00fcxt\u0259lif video-rolik v\u0259 filml\u0259rd\u0259 n\u00fcmayi\u015f etdiril\u0259n,\u00a0 onillikl\u0259rl\u0259 \u201caldad\u0131lm\u0131\u015f\u201d insanlar\u0131n faci\u0259sidir. \u00dcmumi ana x\u0259ttind\u0259 \u201corden v\u0259 medal\u0131ndan ba\u015fqa he\u00e7 n\u0259yi qalmayan insan\u0131n\u201d, h\u0259min orden v\u0259 medallar\u0131 bazara \u00e7\u0131xar\u0131b satmas\u0131 duran bu tipli filml\u0259r\u0259 baxd\u0131qa, ilk ill\u0259r, h\u0259min insanlar\u0131n niy\u0259 bel\u0259 bir inadla \u00f6z inamlar\u0131ndan d\u00f6nm\u0259diyini anlamaqda \u00e7\u0259tinlik \u00e7\u0259kirdim. Ax\u0131, Sovetl\u0259r\u00a0 millyonlarla insan\u0131n repressiyaya m\u0259ruz qoydu\u011fu\u00a0 v\u0259 \u00f6ld\u00fcrd\u00fcy\u00fc, fiziki v\u0259 m\u0259n\u0259vi m\u0259hv etdiyi, total n\u0259zar\u0259tin oldu\u011fu, individuall\u011f\u0131n basd\u0131r\u0131ld\u0131\u011f\u0131 iyr\u0259nc bir b\u00fcrokratik sistem idi. Onun istehsal etdiyi orden v\u0259 medallar\u0131n saxta oldu\u011funu anlamaq bu q\u0259d\u0259rmi \u00e7\u0259tindir?\n<\/p>\n<p>\n  Bu \u201cinad\u0131n\u201d arxas\u0131nda hans\u0131 s\u0259b\u0259bl\u0259rin durdu\u011funu anlama\u011fa v\u0259 h\u0259min insanlar\u0131n ruhsal-psixi d\u00fcnyas\u0131na n\u00fcfuz etm\u0259y\u0259 \u00e7al\u0131\u015f\u0131rd\u0131m.<br \/>\n  <br \/>\n  Ax\u0131 onlar\u0131 bel\u0259 indac\u0131l ed\u0259n n\u0259dir? N\u0259dir bu d\u0259yi\u015fm\u0259z v\u0259 sars\u0131lmaz\u00a0 q\u00fcvv\u0259nin ad\u0131?\n<\/p>\n<p>\n  \u0130ndil\u0259rd\u0259 sin\u0259sind\u0259 medallar\u0131n\u0131 inada as\u0131b g\u0259z\u0259n insan\u0131 g\u00f6rm\u0259k \u00e7\u0259tindir, \u00e7\u00fcnki onlar\u0131n say\u0131 \u00e7ox azal\u0131b. H\u0259rd\u0259n rast\u0131na \u00e7\u0131xan bu insanlar\u0131 g\u00f6rd\u00fckd\u0259n v\u0259 onlara dan\u0131\u015fd\u0131qdan sonra anlay\u0131rsan ki, b\u0259\u015f\u0259r tarixind\u0259 h\u0259l\u0259 ind\u0259y\u0259 kimi he\u00e7 bir insan k\u00fctl\u0259si\u00a0 (y\u00fcz millyonllar) bel\u0259 total aldan\u0131\u015f\u0131n faci\u0259sini ya\u015famay\u0131b. On illikl\u0259rl\u0259 inand\u0131\u011f\u0131, u\u011fruna \u00e7al\u0131\u015fd\u0131\u011f\u0131n, can\u0131n\u0131-qan\u0131n\u0131 verdiyin ideyan\u0131n \u0259slind\u0259 \u201creal olmad\u0131\u011f\u0131n\u0131\u201d, \u00e7\u0259kdiyin \u0259m\u0259yin \u0259b\u0259s v\u0259 bo\u015f oldu\u011funu \u00f6z g\u00f6zl\u0259rinl\u0259 g\u00f6rm\u0259k v\u0259 ya\u015famaq q\u0259d\u0259r d\u0259h\u015f\u0259tli he\u00e7 n\u0259 ola bilm\u0259z.\n<\/p>\n<p>\n  Bir az daha d\u00fc\u015f\u00fcnd\u00fckc\u0259, \u0259slind\u0259 Sovetl\u0259rin fa\u015fizim \u00fcz\u0259rind\u0259 qazand\u0131\u011f\u0131 q\u0259l\u0259b\u0259nin onlar\u0131n hardasa tutunaca\u011f\u0131 yegan\u0259 b\u0259han\u0259 oldu\u011funu da anlay\u0131rsan.\u00a0 H\u0259r il fa\u015fizim \u00fcz\u0259rind\u0259 q\u0259l\u0259b\u0259 m\u00fcnasib\u0259ti il\u0259 m\u00fcharib\u0259 veteranlar\u0131 yad edilir v\u0259 onlar\u0131n q\u0259hramanl\u0131\u011f\u0131 qiym\u0259tl\u0259ndirilir. Bu h\u0259min insanlar\u0131n yegan\u0259 t\u0259s\u0259llisi, h\u0259yatlar\u0131n\u0131 bo\u015funa ya\u015famad\u0131qlar\u0131n\u0131n yegan\u0259 hadis\u0259sidir.<br \/>\n  <br \/>\n  Bu, Sovetin yegan\u0259 u\u011fur hekay\u0259sidir.\n<\/p>\n<p>\n  Karl Yunq \u00f6z \u201c\u015e\u00fcur v\u0259 \u015e\u00fcuralt\u0131\u201d adl\u0131 \u0259s\u0259rind\u0259 yaz\u0131rd\u0131: \u201cBir \u00e7ox ki\u015fil\u0259r \u00f6z kimlikl\u0259rini i\u015fl\u0259ri v\u0259 titullar\u0131yla m\u00fc\u0259yy\u0259nl\u0259\u015fdiril\u0259r. T\u0259bii ki, m\u0259nim i\u015fim m\u0259n\u0259 m\u0259xsus olan f\u0259aliyy\u0259tdir, amma eyni zamanda bu\u00a0 kollektiv faktordur. Y\u0259ni tarixi olaraq bir \u00e7ox insan\u0131n qar\u015f\u0131l\u0131ql\u0131 m\u00fcnasib\u0259tind\u0259n t\u00f6r\u0259y\u0259n v\u0259\u00a0 m\u00f6vcudlu\u011fu yaln\u0131z kollektiv sanksiya il\u0259 m\u00fc\u0259yy\u0259n olunan d\u0259y\u0259rdir. M\u0259hz buna g\u00f6r\u0259 d\u0259, \u0259g\u0259r m\u0259n, \u00f6z kimliyimi (identifikasiya) \u00f6z i\u015fim v\u0259 titulum il\u0259 m\u00fc\u0259yy\u0259n edir\u0259ms\u0259, dem\u0259k ki, m\u0259n \u00f6z\u00fcm \u015f\u0259xs\u0259n b\u00fct\u00f6v sosial faktorun \u00f6z\u00fcy\u0259m. Sanki m\u0259n t\u0259kc\u0259 f\u0259aliyy\u0259tin da\u015f\u0131y\u0131c\u0131s\u0131 yox, h\u0259m d\u0259 c\u0259miyy\u0259tin sanksiyas\u0131yam\u201d&#8230;\n<\/p>\n<p>\n  C\u0259miyy\u0259t t\u0259r\u0259find\u0259n sanksiyala\u015fd\u0131r\u0131ld\u0131\u011f\u0131 \u00fc\u00e7\u00fcn \u00f6z kimliyini f\u0259aliyy\u0259ti v\u0259 titulu il\u0259 m\u00fc\u0259yy\u0259n etm\u0259k \u00e7ox c\u0259lbedici g\u00f6r\u00fcnd\u00fcy\u00fc \u00fc\u00e7\u00fcn, bir \u00e7ox insanlar buna can at\u0131r. B\u00fct\u00fcn bu heyk\u0259lin i\u00e7ind\u0259 \u015f\u0259xsiyy\u0259ti axtarmaq \u0259b\u0259sdir. Uzunm\u00fcdd\u0259tli axtar\u0131\u015fdan sonra biz yaln\u0131z onun daxilind\u0259 m\u0259zlum insanc\u0131\u011f\u0131n oturdu\u011funu tapaca\u011f\u0131q&#8230;\u201d\n<\/p>\n<p>\n  Karl Yunq bu k\u0259lm\u0259l\u0259ri \u201cpsixoloji inflyasiya\u201d ad\u0131n\u0131 verdiyi fenomenini izah etm\u0259k \u00fc\u00e7\u00fcn yazm\u0131\u015fd\u0131 amma o, b\u00fct\u00f6v bir toplumun bu duruma d\u00fc\u015f\u0259 bil\u0259c\u0259yini, y\u0259qin t\u0259s\u0259vv\u00fcr bel\u0259 etmirdi.\n<\/p>\n<p>\n  B\u0259li, Sovet D\u00f6vl\u0259ti da\u011f\u0131ld\u0131qdan sonra y\u00fcz millyonlarla insan\u0131n \u201cm\u0259zlum insanc\u0131q\u201d durumuna d\u00fc\u015fm\u0259si q\u0259d\u0259r faci\u0259vi he\u00e7 n\u0259 yoxdur. U\u011fruna \u00e7al\u0131\u015fd\u0131\u011f\u0131n, orden v\u0259 medal ald\u0131qda min bir f\u0259r\u0259h hissi ke\u00e7irdiyin, kimliyini m\u00fc\u0259yy\u0259n etdiyin b\u00fct\u00fcn titular v\u0259 i\u015fl\u0259r bir g\u00fcn 1 lariy\u0259 sat\u0131lmal\u0131 imi\u015f.<\/p>\n<p>  <b><br \/>\n    Q\u0259l\u0259b\u0259 g\u00fcn\u00fcm\u00fcz m\u00fcbar\u0259k!<br \/>\n  <\/b><\/p>\n","protected":false},"excerpt":{"rendered":"<p>Bu, Sovetin yegan\u0259 u\u011fur hekay\u0259sidir&#8230;<\/p>\n","protected":false},"author":11,"featured_media":24018,"comment_status":"closed","ping_status":"open","sticky":false,"template":"","format":"standard","meta":{"_acf_changed":false,"_sitemap_exclude":false,"_sitemap_priority":"","_sitemap_frequency":"","footnotes":""},"categories":[57],"tags":[],"class_list":["post-167857","post","type-post","status-publish","format-standard","has-post-thumbnail","hentry","category-menim-fikrimce","infinite-scroll-item","generate-columns","tablet-grid-50","mobile-grid-100","grid-parent","grid-33","no-featured-image-padding"],"acf":[],"yoast_head":"<!-- This site is optimized with the Yoast SEO plugin v27.5 - https:\/\/yoast.com\/product\/yoast-seo-wordpress\/ -->\n<title>B\u0259\u015f\u0259rin \u0259n b\u0259db\u0259xt insanlar\u0131 - MEYDAN.TV<\/title>\n<meta name=\"robots\" content=\"index, follow, max-snippet:-1, max-image-preview:large, max-video-preview:-1\" \/>\n<link rel=\"canonical\" href=\"https:\/\/www.meydan.tv\/az\/article\/beserin-en-bedbext-insanlari\/\" \/>\n<meta property=\"og:locale\" content=\"az_AZ\" \/>\n<meta property=\"og:type\" content=\"article\" \/>\n<meta property=\"og:title\" content=\"B\u0259\u015f\u0259rin \u0259n b\u0259db\u0259xt insanlar\u0131 - MEYDAN.TV\" \/>\n<meta property=\"og:description\" content=\"Bu, Sovetin yegan\u0259 u\u011fur hekay\u0259sidir...\" \/>\n<meta property=\"og:url\" content=\"https:\/\/www.meydan.tv\/az\/article\/beserin-en-bedbext-insanlari\/\" \/>\n<meta property=\"og:site_name\" content=\"MEYDAN.TV\" \/>\n<meta property=\"article:published_time\" content=\"2015-05-10T19:36:47+00:00\" \/>\n<meta property=\"og:image\" content=\"https:\/\/www.meydan.tv\/wp-content\/uploads\/8737.jpg\" \/>\n\t<meta property=\"og:image:width\" content=\"500\" \/>\n\t<meta property=\"og:image:height\" content=\"500\" \/>\n\t<meta property=\"og:image:type\" content=\"image\/jpeg\" \/>\n<meta name=\"author\" content=\"user-manager\" \/>\n<meta name=\"twitter:card\" content=\"summary_large_image\" \/>\n<script type=\"application\/ld+json\" class=\"yoast-schema-graph\">{\"@context\":\"https:\\\/\\\/schema.org\",\"@graph\":[{\"@type\":\"Article\",\"@id\":\"https:\\\/\\\/www.meydan.tv\\\/az\\\/article\\\/beserin-en-bedbext-insanlari\\\/#article\",\"isPartOf\":{\"@id\":\"https:\\\/\\\/www.meydan.tv\\\/az\\\/article\\\/beserin-en-bedbext-insanlari\\\/\"},\"author\":{\"name\":\"user-manager\",\"@id\":\"https:\\\/\\\/www.meydan.tv\\\/az\\\/#\\\/schema\\\/person\\\/10d11eccf6da3662cf5fdab9806ea91a\"},\"headline\":\"B\u0259\u015f\u0259rin \u0259n b\u0259db\u0259xt insanlar\u0131\",\"datePublished\":\"2015-05-10T19:36:47+00:00\",\"mainEntityOfPage\":{\"@id\":\"https:\\\/\\\/www.meydan.tv\\\/az\\\/article\\\/beserin-en-bedbext-insanlari\\\/\"},\"wordCount\":915,\"publisher\":{\"@id\":\"https:\\\/\\\/www.meydan.tv\\\/az\\\/#organization\"},\"image\":{\"@id\":\"https:\\\/\\\/www.meydan.tv\\\/az\\\/article\\\/beserin-en-bedbext-insanlari\\\/#primaryimage\"},\"thumbnailUrl\":\"https:\\\/\\\/www.meydan.tv\\\/wp-content\\\/uploads\\\/8737.jpg\",\"articleSection\":[\"M\u0259nim Fikrimc\u0259\"],\"inLanguage\":\"az\"},{\"@type\":\"WebPage\",\"@id\":\"https:\\\/\\\/www.meydan.tv\\\/az\\\/article\\\/beserin-en-bedbext-insanlari\\\/\",\"url\":\"https:\\\/\\\/www.meydan.tv\\\/az\\\/article\\\/beserin-en-bedbext-insanlari\\\/\",\"name\":\"B\u0259\u015f\u0259rin \u0259n b\u0259db\u0259xt insanlar\u0131 - MEYDAN.TV\",\"isPartOf\":{\"@id\":\"https:\\\/\\\/www.meydan.tv\\\/az\\\/#website\"},\"primaryImageOfPage\":{\"@id\":\"https:\\\/\\\/www.meydan.tv\\\/az\\\/article\\\/beserin-en-bedbext-insanlari\\\/#primaryimage\"},\"image\":{\"@id\":\"https:\\\/\\\/www.meydan.tv\\\/az\\\/article\\\/beserin-en-bedbext-insanlari\\\/#primaryimage\"},\"thumbnailUrl\":\"https:\\\/\\\/www.meydan.tv\\\/wp-content\\\/uploads\\\/8737.jpg\",\"datePublished\":\"2015-05-10T19:36:47+00:00\",\"breadcrumb\":{\"@id\":\"https:\\\/\\\/www.meydan.tv\\\/az\\\/article\\\/beserin-en-bedbext-insanlari\\\/#breadcrumb\"},\"inLanguage\":\"az\",\"potentialAction\":[{\"@type\":\"ReadAction\",\"target\":[\"https:\\\/\\\/www.meydan.tv\\\/az\\\/article\\\/beserin-en-bedbext-insanlari\\\/\"]}]},{\"@type\":\"ImageObject\",\"inLanguage\":\"az\",\"@id\":\"https:\\\/\\\/www.meydan.tv\\\/az\\\/article\\\/beserin-en-bedbext-insanlari\\\/#primaryimage\",\"url\":\"https:\\\/\\\/www.meydan.tv\\\/wp-content\\\/uploads\\\/8737.jpg\",\"contentUrl\":\"https:\\\/\\\/www.meydan.tv\\\/wp-content\\\/uploads\\\/8737.jpg\",\"width\":500,\"height\":500,\"caption\":\"Source:\"},{\"@type\":\"BreadcrumbList\",\"@id\":\"https:\\\/\\\/www.meydan.tv\\\/az\\\/article\\\/beserin-en-bedbext-insanlari\\\/#breadcrumb\",\"itemListElement\":[{\"@type\":\"ListItem\",\"position\":1,\"name\":\"Ana s\u0259hif\u0259\",\"item\":\"https:\\\/\\\/www.meydan.tv\\\/az\\\/\"},{\"@type\":\"ListItem\",\"position\":2,\"name\":\"M\u0259nim Fikrimc\u0259\",\"item\":\"https:\\\/\\\/www.meydan.tv\\\/az\\\/section\\\/menim-fikrimce\\\/\"},{\"@type\":\"ListItem\",\"position\":3,\"name\":\"B\u0259\u015f\u0259rin \u0259n b\u0259db\u0259xt insanlar\u0131\"}]},{\"@type\":\"WebSite\",\"@id\":\"https:\\\/\\\/www.meydan.tv\\\/az\\\/#website\",\"url\":\"https:\\\/\\\/www.meydan.tv\\\/az\\\/\",\"name\":\"MEYDAN.TV\",\"description\":\"Meydan TV Az\u0259rbaycan\u0131n media m\u0259kan\u0131ndak\u0131 alternativ s\u0259sidir\",\"publisher\":{\"@id\":\"https:\\\/\\\/www.meydan.tv\\\/az\\\/#organization\"},\"potentialAction\":[{\"@type\":\"SearchAction\",\"target\":{\"@type\":\"EntryPoint\",\"urlTemplate\":\"https:\\\/\\\/www.meydan.tv\\\/az\\\/?s={search_term_string}\"},\"query-input\":{\"@type\":\"PropertyValueSpecification\",\"valueRequired\":true,\"valueName\":\"search_term_string\"}}],\"inLanguage\":\"az\"},{\"@type\":\"Organization\",\"@id\":\"https:\\\/\\\/www.meydan.tv\\\/az\\\/#organization\",\"name\":\"Meydan TV\",\"url\":\"https:\\\/\\\/www.meydan.tv\\\/az\\\/\",\"logo\":{\"@type\":\"ImageObject\",\"inLanguage\":\"az\",\"@id\":\"https:\\\/\\\/www.meydan.tv\\\/az\\\/#\\\/schema\\\/logo\\\/image\\\/\",\"url\":\"https:\\\/\\\/www.meydan.tv\\\/wp-content\\\/uploads\\\/2021\\\/07\\\/meydan-logo.svg\",\"contentUrl\":\"https:\\\/\\\/www.meydan.tv\\\/wp-content\\\/uploads\\\/2021\\\/07\\\/meydan-logo.svg\",\"width\":195,\"height\":46,\"caption\":\"Meydan TV\"},\"image\":{\"@id\":\"https:\\\/\\\/www.meydan.tv\\\/az\\\/#\\\/schema\\\/logo\\\/image\\\/\"}},{\"@type\":\"Person\",\"@id\":\"https:\\\/\\\/www.meydan.tv\\\/az\\\/#\\\/schema\\\/person\\\/10d11eccf6da3662cf5fdab9806ea91a\",\"name\":\"user-manager\"}]}<\/script>\n<!-- \/ Yoast SEO plugin. -->","yoast_head_json":{"title":"B\u0259\u015f\u0259rin \u0259n b\u0259db\u0259xt insanlar\u0131 - MEYDAN.TV","robots":{"index":"index","follow":"follow","max-snippet":"max-snippet:-1","max-image-preview":"max-image-preview:large","max-video-preview":"max-video-preview:-1"},"canonical":"https:\/\/www.meydan.tv\/az\/article\/beserin-en-bedbext-insanlari\/","og_locale":"az_AZ","og_type":"article","og_title":"B\u0259\u015f\u0259rin \u0259n b\u0259db\u0259xt insanlar\u0131 - MEYDAN.TV","og_description":"Bu, Sovetin yegan\u0259 u\u011fur hekay\u0259sidir...","og_url":"https:\/\/www.meydan.tv\/az\/article\/beserin-en-bedbext-insanlari\/","og_site_name":"MEYDAN.TV","article_published_time":"2015-05-10T19:36:47+00:00","og_image":[{"width":500,"height":500,"url":"https:\/\/www.meydan.tv\/wp-content\/uploads\/8737.jpg","type":"image\/jpeg"}],"author":"user-manager","twitter_card":"summary_large_image","schema":{"@context":"https:\/\/schema.org","@graph":[{"@type":"Article","@id":"https:\/\/www.meydan.tv\/az\/article\/beserin-en-bedbext-insanlari\/#article","isPartOf":{"@id":"https:\/\/www.meydan.tv\/az\/article\/beserin-en-bedbext-insanlari\/"},"author":{"name":"user-manager","@id":"https:\/\/www.meydan.tv\/az\/#\/schema\/person\/10d11eccf6da3662cf5fdab9806ea91a"},"headline":"B\u0259\u015f\u0259rin \u0259n b\u0259db\u0259xt insanlar\u0131","datePublished":"2015-05-10T19:36:47+00:00","mainEntityOfPage":{"@id":"https:\/\/www.meydan.tv\/az\/article\/beserin-en-bedbext-insanlari\/"},"wordCount":915,"publisher":{"@id":"https:\/\/www.meydan.tv\/az\/#organization"},"image":{"@id":"https:\/\/www.meydan.tv\/az\/article\/beserin-en-bedbext-insanlari\/#primaryimage"},"thumbnailUrl":"https:\/\/www.meydan.tv\/wp-content\/uploads\/8737.jpg","articleSection":["M\u0259nim Fikrimc\u0259"],"inLanguage":"az"},{"@type":"WebPage","@id":"https:\/\/www.meydan.tv\/az\/article\/beserin-en-bedbext-insanlari\/","url":"https:\/\/www.meydan.tv\/az\/article\/beserin-en-bedbext-insanlari\/","name":"B\u0259\u015f\u0259rin \u0259n b\u0259db\u0259xt insanlar\u0131 - MEYDAN.TV","isPartOf":{"@id":"https:\/\/www.meydan.tv\/az\/#website"},"primaryImageOfPage":{"@id":"https:\/\/www.meydan.tv\/az\/article\/beserin-en-bedbext-insanlari\/#primaryimage"},"image":{"@id":"https:\/\/www.meydan.tv\/az\/article\/beserin-en-bedbext-insanlari\/#primaryimage"},"thumbnailUrl":"https:\/\/www.meydan.tv\/wp-content\/uploads\/8737.jpg","datePublished":"2015-05-10T19:36:47+00:00","breadcrumb":{"@id":"https:\/\/www.meydan.tv\/az\/article\/beserin-en-bedbext-insanlari\/#breadcrumb"},"inLanguage":"az","potentialAction":[{"@type":"ReadAction","target":["https:\/\/www.meydan.tv\/az\/article\/beserin-en-bedbext-insanlari\/"]}]},{"@type":"ImageObject","inLanguage":"az","@id":"https:\/\/www.meydan.tv\/az\/article\/beserin-en-bedbext-insanlari\/#primaryimage","url":"https:\/\/www.meydan.tv\/wp-content\/uploads\/8737.jpg","contentUrl":"https:\/\/www.meydan.tv\/wp-content\/uploads\/8737.jpg","width":500,"height":500,"caption":"Source:"},{"@type":"BreadcrumbList","@id":"https:\/\/www.meydan.tv\/az\/article\/beserin-en-bedbext-insanlari\/#breadcrumb","itemListElement":[{"@type":"ListItem","position":1,"name":"Ana s\u0259hif\u0259","item":"https:\/\/www.meydan.tv\/az\/"},{"@type":"ListItem","position":2,"name":"M\u0259nim Fikrimc\u0259","item":"https:\/\/www.meydan.tv\/az\/section\/menim-fikrimce\/"},{"@type":"ListItem","position":3,"name":"B\u0259\u015f\u0259rin \u0259n b\u0259db\u0259xt insanlar\u0131"}]},{"@type":"WebSite","@id":"https:\/\/www.meydan.tv\/az\/#website","url":"https:\/\/www.meydan.tv\/az\/","name":"MEYDAN.TV","description":"Meydan TV Az\u0259rbaycan\u0131n media m\u0259kan\u0131ndak\u0131 alternativ s\u0259sidir","publisher":{"@id":"https:\/\/www.meydan.tv\/az\/#organization"},"potentialAction":[{"@type":"SearchAction","target":{"@type":"EntryPoint","urlTemplate":"https:\/\/www.meydan.tv\/az\/?s={search_term_string}"},"query-input":{"@type":"PropertyValueSpecification","valueRequired":true,"valueName":"search_term_string"}}],"inLanguage":"az"},{"@type":"Organization","@id":"https:\/\/www.meydan.tv\/az\/#organization","name":"Meydan TV","url":"https:\/\/www.meydan.tv\/az\/","logo":{"@type":"ImageObject","inLanguage":"az","@id":"https:\/\/www.meydan.tv\/az\/#\/schema\/logo\/image\/","url":"https:\/\/www.meydan.tv\/wp-content\/uploads\/2021\/07\/meydan-logo.svg","contentUrl":"https:\/\/www.meydan.tv\/wp-content\/uploads\/2021\/07\/meydan-logo.svg","width":195,"height":46,"caption":"Meydan TV"},"image":{"@id":"https:\/\/www.meydan.tv\/az\/#\/schema\/logo\/image\/"}},{"@type":"Person","@id":"https:\/\/www.meydan.tv\/az\/#\/schema\/person\/10d11eccf6da3662cf5fdab9806ea91a","name":"user-manager"}]}},"_links":{"self":[{"href":"https:\/\/www.meydan.tv\/az\/wp-json\/wp\/v2\/posts\/167857","targetHints":{"allow":["GET"]}}],"collection":[{"href":"https:\/\/www.meydan.tv\/az\/wp-json\/wp\/v2\/posts"}],"about":[{"href":"https:\/\/www.meydan.tv\/az\/wp-json\/wp\/v2\/types\/post"}],"author":[{"embeddable":true,"href":"https:\/\/www.meydan.tv\/az\/wp-json\/wp\/v2\/users\/11"}],"replies":[{"embeddable":true,"href":"https:\/\/www.meydan.tv\/az\/wp-json\/wp\/v2\/comments?post=167857"}],"version-history":[{"count":0,"href":"https:\/\/www.meydan.tv\/az\/wp-json\/wp\/v2\/posts\/167857\/revisions"}],"wp:featuredmedia":[{"embeddable":true,"href":"https:\/\/www.meydan.tv\/az\/wp-json\/wp\/v2\/media\/24018"}],"wp:attachment":[{"href":"https:\/\/www.meydan.tv\/az\/wp-json\/wp\/v2\/media?parent=167857"}],"wp:term":[{"taxonomy":"category","embeddable":true,"href":"https:\/\/www.meydan.tv\/az\/wp-json\/wp\/v2\/categories?post=167857"},{"taxonomy":"post_tag","embeddable":true,"href":"https:\/\/www.meydan.tv\/az\/wp-json\/wp\/v2\/tags?post=167857"}],"curies":[{"name":"wp","href":"https:\/\/api.w.org\/{rel}","templated":true}]}}