{"id":167856,"date":"2015-05-10T23:13:36","date_gmt":"2015-05-10T23:13:36","guid":{"rendered":"https:\/\/www.meydan.tv\/article\/hasarlanan-gul-bayrami-video\/"},"modified":"2015-05-10T23:13:36","modified_gmt":"2015-05-10T23:13:36","slug":"hasarlanan-gul-bayrami-video","status":"publish","type":"post","link":"https:\/\/www.meydan.tv\/az\/article\/hasarlanan-gul-bayrami-video\/","title":{"rendered":"Hasarlanan G\u00fcl bayram\u0131 (V\u0130DEO)"},"content":{"rendered":"<figure class=\"wp-block-embed is-type-video is-provider-youtube wp-block-embed-youtube wp-embed-aspect-16-9 wp-has-aspect-ratio\">\n<div class=\"wp-block-embed__wrapper\">\n    <iframe loading=\"lazy\"\ttitle=\"\" width=\"1200\" height=\"675\" src=\"https:\/\/www.youtube.com\/embed\/njpqiuHe8HE\"\tframeborder=\"0\"\tallow=\"accelerometer; autoplay; clipboard-write; encrypted-media; gyroscope; picture-in-picture\" allowfullscreen><\/iframe>\n  <\/div><figcaption><\/figcaption><\/figure>\n<p>\n  10 mayda Az\u0259rbaycan\u0131n eks prezidenti Heyd\u0259r \u018fliyevin \u00a0do\u011fum g\u00fcn\u00fc il\u0259 ba\u011fl\u0131 G\u00fcl bayram\u0131 ke\u00e7irilib. T\u0259dbir\u0259 g\u0259l\u0259n v\u0259t\u0259nda\u015flar park\u0131n i\u00e7\u0259risin\u0259 burax\u0131lmay\u0131blar. AB\u015e s\u0259firi Robert Sekuta h\u0259m G\u00fcl bayram\u0131, h\u0259m d\u0259 siyasi g\u00fcnd\u0259ml\u0259 ba\u011fl\u0131 Meydan TV-nin suallar\u0131n cavabland\u0131r\u0131b.<\/p>\n","protected":false},"excerpt":{"rendered":"<p>10 mayda Az\u0259rbaycan\u0131n eks prezidenti Heyd\u0259r \u018fliyevin  do\u011fum g\u00fcn\u00fc il\u0259 ba\u011fl\u0131 G\u00fcl bayram\u0131 ke\u00e7irilib. T\u0259dbir\u0259 g\u0259l\u0259n v\u0259t\u0259nda\u015flar park\u0131n i\u00e7\u0259risin\u0259 burax\u0131lmay\u0131blar.<\/p>\n","protected":false},"author":11,"featured_media":23781,"comment_status":"closed","ping_status":"open","sticky":false,"template":"","format":"standard","meta":{"_acf_changed":false,"_sitemap_exclude":false,"_sitemap_priority":"","_sitemap_frequency":"","footnotes":""},"categories":[63],"tags":[],"class_list":["post-167856","post","type-post","status-publish","format-standard","has-post-thumbnail","hentry","category-video-2","infinite-scroll-item","generate-columns","tablet-grid-50","mobile-grid-100","grid-parent","grid-33","no-featured-image-padding"],"acf":[],"yoast_head":"<!-- This site is optimized with the Yoast SEO plugin v28.3 - https:\/\/yoast.com\/product\/yoast-seo-wordpress\/ -->\n<title>Hasarlanan G\u00fcl bayram\u0131 (V\u0130DEO) - MEYDAN.TV<\/title>\n<meta name=\"robots\" content=\"index, follow, max-snippet:-1, max-image-preview:large, max-video-preview:-1\" \/>\n<link rel=\"canonical\" href=\"https:\/\/www.meydan.tv\/az\/article\/hasarlanan-gul-bayrami-video\/\" \/>\n<meta property=\"og:locale\" content=\"az_AZ\" \/>\n<meta property=\"og:type\" content=\"article\" \/>\n<meta property=\"og:title\" content=\"Hasarlanan G\u00fcl bayram\u0131 (V\u0130DEO) - MEYDAN.TV\" \/>\n<meta property=\"og:description\" content=\"10 mayda Az\u0259rbaycan\u0131n eks prezidenti Heyd\u0259r \u018fliyevin do\u011fum g\u00fcn\u00fc il\u0259 ba\u011fl\u0131 G\u00fcl bayram\u0131 ke\u00e7irilib. T\u0259dbir\u0259 g\u0259l\u0259n v\u0259t\u0259nda\u015flar park\u0131n i\u00e7\u0259risin\u0259 burax\u0131lmay\u0131blar.\" \/>\n<meta property=\"og:url\" content=\"https:\/\/www.meydan.tv\/az\/article\/hasarlanan-gul-bayrami-video\/\" \/>\n<meta property=\"og:site_name\" content=\"MEYDAN.TV\" \/>\n<meta property=\"article:published_time\" content=\"2015-05-10T23:13:36+00:00\" \/>\n<meta property=\"og:image\" content=\"https:\/\/www.meydan.tv\/wp-content\/uploads\/8757.jpg\" \/>\n\t<meta property=\"og:image:width\" content=\"857\" \/>\n\t<meta property=\"og:image:height\" content=\"473\" \/>\n\t<meta property=\"og:image:type\" content=\"image\/jpeg\" \/>\n<meta name=\"twitter:card\" content=\"summary_large_image\" \/>\n<!-- \/ Yoast SEO plugin. -->","yoast_head_json":{"title":"Hasarlanan G\u00fcl bayram\u0131 (V\u0130DEO) - MEYDAN.TV","robots":{"index":"index","follow":"follow","max-snippet":"max-snippet:-1","max-image-preview":"max-image-preview:large","max-video-preview":"max-video-preview:-1"},"canonical":"https:\/\/www.meydan.tv\/az\/article\/hasarlanan-gul-bayrami-video\/","og_locale":"az_AZ","og_type":"article","og_title":"Hasarlanan G\u00fcl bayram\u0131 (V\u0130DEO) - MEYDAN.TV","og_description":"10 mayda Az\u0259rbaycan\u0131n eks prezidenti Heyd\u0259r \u018fliyevin do\u011fum g\u00fcn\u00fc il\u0259 ba\u011fl\u0131 G\u00fcl bayram\u0131 ke\u00e7irilib. T\u0259dbir\u0259 g\u0259l\u0259n v\u0259t\u0259nda\u015flar park\u0131n i\u00e7\u0259risin\u0259 burax\u0131lmay\u0131blar.","og_url":"https:\/\/www.meydan.tv\/az\/article\/hasarlanan-gul-bayrami-video\/","og_site_name":"MEYDAN.TV","article_published_time":"2015-05-10T23:13:36+00:00","og_image":[{"width":857,"height":473,"url":"https:\/\/www.meydan.tv\/wp-content\/uploads\/8757.jpg","type":"image\/jpeg"}],"twitter_card":"summary_large_image","schema":{"@context":"https:\/\/schema.org","@graph":[{"@type":"Article","@id":"https:\/\/www.meydan.tv\/az\/article\/hasarlanan-gul-bayrami-video\/#article","isPartOf":{"@id":"https:\/\/www.meydan.tv\/az\/article\/hasarlanan-gul-bayrami-video\/"},"author":{"name":"user-manager","@id":"https:\/\/www.meydan.tv\/az\/#\/schema\/person\/10d11eccf6da3662cf5fdab9806ea91a"},"headline":"Hasarlanan G\u00fcl bayram\u0131 (V\u0130DEO)","datePublished":"2015-05-10T23:13:36+00:00","mainEntityOfPage":{"@id":"https:\/\/www.meydan.tv\/az\/article\/hasarlanan-gul-bayrami-video\/"},"wordCount":69,"publisher":{"@id":"https:\/\/www.meydan.tv\/az\/#organization"},"image":{"@id":"https:\/\/www.meydan.tv\/az\/article\/hasarlanan-gul-bayrami-video\/#primaryimage"},"thumbnailUrl":"https:\/\/www.meydan.tv\/wp-content\/uploads\/8757.jpg","articleSection":["Video"],"inLanguage":"az"},{"@type":"WebPage","@id":"https:\/\/www.meydan.tv\/az\/article\/hasarlanan-gul-bayrami-video\/","url":"https:\/\/www.meydan.tv\/az\/article\/hasarlanan-gul-bayrami-video\/","name":"Hasarlanan G\u00fcl bayram\u0131 (V\u0130DEO) - MEYDAN.TV","isPartOf":{"@id":"https:\/\/www.meydan.tv\/az\/#website"},"primaryImageOfPage":{"@id":"https:\/\/www.meydan.tv\/az\/article\/hasarlanan-gul-bayrami-video\/#primaryimage"},"image":{"@id":"https:\/\/www.meydan.tv\/az\/article\/hasarlanan-gul-bayrami-video\/#primaryimage"},"thumbnailUrl":"https:\/\/www.meydan.tv\/wp-content\/uploads\/8757.jpg","datePublished":"2015-05-10T23:13:36+00:00","breadcrumb":{"@id":"https:\/\/www.meydan.tv\/az\/article\/hasarlanan-gul-bayrami-video\/#breadcrumb"},"inLanguage":"az","potentialAction":[{"@type":"ReadAction","target":["https:\/\/www.meydan.tv\/az\/article\/hasarlanan-gul-bayrami-video\/"]}]},{"@type":"ImageObject","inLanguage":"az","@id":"https:\/\/www.meydan.tv\/az\/article\/hasarlanan-gul-bayrami-video\/#primaryimage","url":"https:\/\/www.meydan.tv\/wp-content\/uploads\/8757.jpg","contentUrl":"https:\/\/www.meydan.tv\/wp-content\/uploads\/8757.jpg","width":857,"height":473,"caption":"Source:"},{"@type":"BreadcrumbList","@id":"https:\/\/www.meydan.tv\/az\/article\/hasarlanan-gul-bayrami-video\/#breadcrumb","itemListElement":[{"@type":"ListItem","position":1,"name":"Ana s\u0259hif\u0259","item":"https:\/\/www.meydan.tv\/az\/"},{"@type":"ListItem","position":2,"name":"Video","item":"https:\/\/www.meydan.tv\/az\/section\/video-2\/"},{"@type":"ListItem","position":3,"name":"Hasarlanan G\u00fcl bayram\u0131 (V\u0130DEO)"}]},{"@type":"WebSite","@id":"https:\/\/www.meydan.tv\/az\/#website","url":"https:\/\/www.meydan.tv\/az\/","name":"MEYDAN.TV","description":"Meydan TV Az\u0259rbaycan\u0131n media m\u0259kan\u0131ndak\u0131 alternativ s\u0259sidir","publisher":{"@id":"https:\/\/www.meydan.tv\/az\/#organization"},"potentialAction":[{"@type":"SearchAction","target":{"@type":"EntryPoint","urlTemplate":"https:\/\/www.meydan.tv\/az\/?s={search_term_string}"},"query-input":{"@type":"PropertyValueSpecification","valueRequired":true,"valueName":"search_term_string"}}],"inLanguage":"az"},{"@type":"Organization","@id":"https:\/\/www.meydan.tv\/az\/#organization","name":"Meydan TV","url":"https:\/\/www.meydan.tv\/az\/","logo":{"@type":"ImageObject","inLanguage":"az","@id":"https:\/\/www.meydan.tv\/az\/#\/schema\/logo\/image\/","url":"https:\/\/www.meydan.tv\/wp-content\/uploads\/2021\/07\/meydan-logo.svg","contentUrl":"https:\/\/www.meydan.tv\/wp-content\/uploads\/2021\/07\/meydan-logo.svg","width":195,"height":46,"caption":"Meydan TV"},"image":{"@id":"https:\/\/www.meydan.tv\/az\/#\/schema\/logo\/image\/"}},{"@type":"Person","@id":"https:\/\/www.meydan.tv\/az\/#\/schema\/person\/10d11eccf6da3662cf5fdab9806ea91a","name":"user-manager"}]}},"_links":{"self":[{"href":"https:\/\/www.meydan.tv\/az\/wp-json\/wp\/v2\/posts\/167856","targetHints":{"allow":["GET"]}}],"collection":[{"href":"https:\/\/www.meydan.tv\/az\/wp-json\/wp\/v2\/posts"}],"about":[{"href":"https:\/\/www.meydan.tv\/az\/wp-json\/wp\/v2\/types\/post"}],"author":[{"embeddable":true,"href":"https:\/\/www.meydan.tv\/az\/wp-json\/wp\/v2\/users\/11"}],"replies":[{"embeddable":true,"href":"https:\/\/www.meydan.tv\/az\/wp-json\/wp\/v2\/comments?post=167856"}],"version-history":[{"count":0,"href":"https:\/\/www.meydan.tv\/az\/wp-json\/wp\/v2\/posts\/167856\/revisions"}],"wp:featuredmedia":[{"embeddable":true,"href":"https:\/\/www.meydan.tv\/az\/wp-json\/wp\/v2\/media\/23781"}],"wp:attachment":[{"href":"https:\/\/www.meydan.tv\/az\/wp-json\/wp\/v2\/media?parent=167856"}],"wp:term":[{"taxonomy":"category","embeddable":true,"href":"https:\/\/www.meydan.tv\/az\/wp-json\/wp\/v2\/categories?post=167856"},{"taxonomy":"post_tag","embeddable":true,"href":"https:\/\/www.meydan.tv\/az\/wp-json\/wp\/v2\/tags?post=167856"}],"curies":[{"name":"wp","href":"https:\/\/api.w.org\/{rel}","templated":true}]}}