{"id":167855,"date":"2015-05-10T18:13:59","date_gmt":"2015-05-10T18:13:59","guid":{"rendered":"https:\/\/www.meydan.tv\/article\/muharibe-haqqinda\/"},"modified":"2015-05-10T18:13:59","modified_gmt":"2015-05-10T18:13:59","slug":"muharibe-haqqinda","status":"publish","type":"post","link":"https:\/\/www.meydan.tv\/az\/article\/muharibe-haqqinda\/","title":{"rendered":"M\u00fcharib\u0259 haqq\u0131nda"},"content":{"rendered":"<figure class=\"wp-block-image size-large\">\n  <img decoding=\"async\" src=\"https:\/\/www.meydan.tv\/az\/23150\/\" alt=\"\" class=\"wp-image-23150\"\/><figcaption><\/figcaption><\/figure>\n<figure class=\"wp-block-image size-large\">\n  <img decoding=\"async\" src=\"https:\/\/www.meydan.tv\/az\/23147\/\" alt=\"\" class=\"wp-image-23147\"\/><figcaption><\/figcaption><\/figure>\n<p>\n  <i><br \/>\n    \u201cK\u0259ss\u0259 h\u0259r kim t\u00f6k\u00fcl\u0259n qan izini,<br \/>\n  <\/i><br \/>\n  <br \/>\n  <i><br \/>\n    Qurtaran dahi odur yer \u00fcz\u00fcn\u00fc\u201d<br \/>\n  <\/i><br \/>\n  <br \/>\n  <i><br \/>\n    H\u00fcseyn Cavid<br \/>\n  <\/i>\n<\/p>\n<p>\n  <br \/>\n  Adamlar sad\u0259 suallardan do\u011fan h\u0259qiq\u0259tl\u0259rl\u0259 \u00fcz-\u00fcz\u0259 qalmamaq \u00fc\u00e7\u00fcn q\u0259sd\u0259n v\u0259ziyy\u0259ti m\u00fcr\u0259kk\u0259bl\u0259\u015fdirirl\u0259r. Ola bilsin, insan h\u0259l\u0259 d\u0259 bir \u00e7ox h\u0259qiq\u0259tl\u0259rl\u0259 \u00fcz-\u00fcz\u0259 qalmaq ist\u0259mir.\u00a0 Biz siyas\u0259t\u00e7i, v\u0259kil, yaz\u0131\u00e7\u0131, psixoloq, sosioloq, tarix\u00e7i oluruq. \u0130nsan oldu\u011fumuzu yad\u0131m\u0131zdan \u00e7\u0131xar\u0131r\u0131q. G\u0259lin, tarix\u0259 emossional yana\u015fmayaq v\u0259\u00a0 siyas\u0259tci, v\u0259kil, mill\u0259t\u00e7i,\u00a0 aktyor, rejissor kimi deyil, bir\u00a0 insan kimi, terminsiz ba\u015fqalar\u0131ndan sitat g\u0259tirm\u0259d\u0259n, sad\u0259 bir suala\u00a0 cavab ver\u0259k. \u0130nsanlar niy\u0259 m\u00fcharib\u0259 edir?\n<\/p>\n<p>\n  Din u\u011frunda? O nec\u0259 dindir, o nec\u0259 allahd\u0131r ki, ba\u015fqas\u0131n\u0131 \u00f6ld\u00fcrm\u0259y\u0259 icaz\u0259 verir, ba\u015fqas\u0131n\u0131 \u00f6ld\u00fcrm\u0259y\u0259 t\u0259hrik edir? Torpaq u\u011frunda. \u018fg\u0259r s\u0259m\u0259r\u0259li v\u0259 a\u011f\u0131ll\u0131 istifad\u0259 olunsa, t\u0259bi\u0259t\u0259 z\u0259r\u0259r verilm\u0259s\u0259, ham\u0131ya \u00e7atar , h\u0259l\u0259 art\u0131q da qalar.\u00a0 Mal, d\u00f6vl\u0259t u\u011frunda? \u018fg\u0259r \u0259dal\u0259tli b\u00f6l\u00fc\u015fd\u00fcr\u00fcls\u0259, ham\u0131ya b\u0259s ed\u0259r. Ham\u0131 da rahat dolanar. B\u0259s o zaman insanlar niy\u0259 m\u00fcharib\u0259 edirl\u0259r? Siz dind\u0259n, mill\u0259t\u00e7ilikd\u0259n, ideologiyalardan, tarixd\u0259n do\u011fan emosiyalar\u0131n\u0131z\u0131 bir k\u0259nara qoyun, bir m\u00f6min, bir mill\u0259t\u00e7i, bir siyas\u0259t\u00e7i, bir h\u0259rb\u00e7i kimi deyil, yaln\u0131z v\u0259 yaln\u0131z bir insan kimi m\u00fcharib\u0259 s\u0259hn\u0259l\u0259rini g\u00f6z\u00fcn\u00fcz \u00f6n\u00fcnd\u0259 canland\u0131r\u0131n.\n<\/p>\n<p>\n  Yaxud bir insan kimi m\u00fcharib\u0259d\u0259n b\u0259hs ed\u0259n film\u0259 bax\u0131n. \u0130nsanlar ail\u0259l\u0259rind\u0259n ayr\u0131l\u0131r. S\u0259ng\u0259rd\u0259 ya\u015fay\u0131r. Bit-bir\u0259 onu bas\u0131r. X\u0259st\u0259lik yay\u0131l\u0131r. U\u015faqlar\u0131, arvad\u0131 \u00fc\u00e7\u00fcn dar\u0131x\u0131r. Qorxur. H\u0259y\u0259can ke\u00e7irir. Sa\u011f qalaca\u011f\u0131n\u0131 yoxsa \u00f6l\u0259c\u0259yini, evin\u0259 qay\u0131d\u0131b-qay\u0131tmayaca\u011f\u0131n\u0131 bilmir. Siz bir anl\u0131q d\u00f6y\u00fc\u015f s\u0259hn\u0259sini bir insan kimi g\u00f6z\u00fcn\u00fcz \u00f6n\u00fcnd\u0259 canland\u0131r\u0131n. Adamlar bir-birinin ba\u015f\u0131na m\u0259rmi ya\u011fd\u0131r\u0131r. Bir-birini v\u0259h\u015fic\u0259sin\u0259 \u00f6ld\u00fcr\u00fcr. Birini \u00f6ld\u00fcr\u00fcrk\u0259n \u00f6ld\u00fcrd\u00fcy\u00fcn\u00fcn ail\u0259sini \u00f6m\u00fcrl\u00fck yasa bat\u0131r\u0131r.\u00a0 Buna g\u00f6r\u0259 ona m\u00fckafat verirl\u0259r. Daha \u00e7ox \u00f6ld\u00fcrm\u0259sini t\u0259bli\u011f edirl\u0259r.\n<\/p>\n<p>\n  B\u00fct\u00fcn bunlar nec\u0259 d\u0259 m\u0259nas\u0131z v\u0259 absurd g\u00f6r\u00fcn\u00fcr? Bu c\u00fcr kobud h\u0259r\u0259k\u0259tl\u0259r insana yara\u015fm\u0131r. Insanlar n\u0259yin u\u011frunda bir-birlerini \u00f6ld\u00fcr\u00fcrl\u0259r, bir birl\u0259rinin evini da\u011f\u0131d\u0131rlar?\u00a0 Dind\u0259n, mill\u0259t\u00e7ilikd\u0259n, ideologiyalardan g\u0259l\u0259n d\u00fc\u015fm\u0259n\u00e7iliyi qoyaq k\u0259nara, bu m\u0259nz\u0259r\u0259y\u0259 nec\u0259 ad vermek olar? \u0130nsanlar bir-birini do\u011fray\u0131r,\u00a0 bir-birl\u0259rini \u00f6ld\u00fcr\u00fcrl\u0259r. M\u00fcharib\u0259 \u00f6ld\u00fcrm\u0259y\u0259, zorlamaqa, da\u011f\u0131tma\u011fa icaz\u0259 verir. M\u00fcharib\u0259nin q\u0259hr\u0259manl\u0131q t\u0259r\u0259fl\u0259ri maraqs\u0131zd\u0131r.\u00a0 M\u00fcharib\u0259l\u0259r siyas\u0259tin, qurulu\u015flar\u0131n n\u0259zar\u0259tind\u0259 oldu\u011fu \u00fc\u00e7\u00fcn muharib\u0259 haqq\u0131nda \u00e7oxlu yalanlar uydurulub.\n<\/p>\n<p>\n  Tarix, musiqi, \u0259d\u0259biyyat, kino bu yalnanlar\u0131n daha canl\u0131 al\u0131nmas\u0259 niyy\u0259tiyl\u0259 istifad\u0259 olunur. M\u00fcharib\u0259 haqq\u0131nda uydurulmu\u015f\u00a0 yalanlar t\u0259\u0259ss\u00fcf ki, b\u0259z\u0259n\u00a0 \u00e7oxlu\u011fu qane etdiyi \u00fc\u00e7\u00fcn az qala h\u0259r k\u0259s t\u0259r\u0259find\u0259n h\u0259qiq\u0259t kimi q\u0259bul edilir. H\u0259tta bir \u00e7ox\u00a0 normal fikirli adamlar da dind\u0259n, mill\u0259t\u00e7ilikd\u0259n,\u00a0\u00a0 ideologiyalardan do\u011fan\u00a0 nifr\u0259tl\u0259 y\u00fckl\u0259nirl\u0259r, emossional stabillikl\u0259ri pozulur. M\u00fcharib\u0259l\u0259r\u0259 bir insanl\u0131q faci\u0259si kimi baxa bilmirl\u0259r, t\u00f6k\u00fcl\u0259n qanlar\u0131 z\u0259ruriyy\u0259t kimi q\u0259bul edirl\u0259r.\n<\/p>\n<p>\n  T\u0259\u0259ss\u00fcfl\u0259r olsun ki, bir \u00e7ox s\u0259n\u0259t adamlar\u0131 da \u00fcmumi ab-havaya uyaraq m\u00fcharib\u0259 \u00e7a\u011f\u0131r\u0131\u015flar\u0131 etmi\u015fl\u0259r, nifr\u0259tin, d\u00fc\u015fm\u0259n\u00e7iliyin alovlanmas\u0131nda rol oynam\u0131\u015flar. N\u0259 yax\u015f\u0131 ki, m\u00fcharib\u0259 \u00e7a\u011fr\u0131\u015flar\u0131 ed\u0259n, nifr\u0259t oyand\u0131ran \u0259s\u0259rl\u0259r tarixin imtahan\u0131ndan ke\u00e7\u0259 bilmirl\u0259r. Bunun \u00f6z\u00fc az deyil. Bu fakt onu g\u00f6st\u0259rir ki, insanlar insan olduqda m\u00fcharib\u0259 ist\u0259mirl\u0259r. Tarix\u0259 qar\u015f\u0131 \u00f6z m\u00fcnasib\u0259tini emosiyalars\u0131z m\u00fc\u0259yy\u0259n ed\u0259n adamlar nifr\u0259t alovland\u0131ran, d\u00fc\u015fm\u0259n\u00e7ilik toxumlar\u0131 yayan, m\u00fcharib\u0259l\u0259r\u0259 s\u0259sl\u0259y\u0259n \u0259s\u0259rl\u0259rin \u00fcst\u00fcnd\u0259n bird\u0259f\u0259lik x\u0259tt \u00e7\u0259kibl\u0259r.\n<\/p>\n<p>\n  Dem\u0259li, yaln\u0131z s\u00fclh\u0259 \u00e7a\u011f\u0131ran, m\u0259h\u0259bb\u0259t\u0259 xidmet ed\u0259n aqil qiymetlidir. Dem\u0259li, insanlar mill\u0259t\u00e7iliyin, z\u0259r\u0259rli\u00a0 fikirl\u0259rin ,\u00a0 dini fanatizmin cayna\u011f\u0131ndan qurtard\u0131qca m\u00fcharib\u0259nin n\u0259 q\u0259d\u0259r d\u0259h\u015f\u0259tl\u0259r t\u00f6r\u0259tdiyini ba\u015fa d\u00fc\u015f\u00fcrl\u0259r. M\u00fcharib\u0259 n\u0259dir? M\u00fcharib\u0259 qand\u0131r. G\u00f6z ya\u015flar\u0131d\u0131r. M\u00fcharib\u0259 insanlar\u0131n ill\u0259rl\u0259 tikdikl\u0259rinin, qurduqlar\u0131n\u0131n bir anda, bir m\u0259rmiyl\u0259 da\u011f\u0131d\u0131lmas\u0131d\u0131r. M\u00fcharib\u0259 insan\u0131n bir insan kimi d\u0259y\u0259rd\u0259n d\u00fc\u015fm\u0259sidir. \u00d6z\u00fcn\u00fc, qiymetini\u00a0 itirm\u0259sidir. M\u00fcharib\u0259 u\u015faqlar\u0131n yetim qalmas\u0131d\u0131r. M\u00fcharib\u0259 k\u0259ndl\u0259rin, q\u0259s\u0259b\u0259l\u0259rin, \u015f\u0259h\u0259rl\u0259rin xarabazarl\u0131\u011fa \u00e7evrilm\u0259sidir.\u00a0 M\u00fcharib\u0259 ba\u015fdan-ba\u015fa d\u0259h\u015f\u0259tdir. Onun d\u0259h\u015f\u0259tini he\u00e7 bir filml\u0259, he\u00e7 bir romanla ifad\u0259 etm\u0259k olmaz.\n<\/p>\n<p>\n  M\u00fcharib\u0259nin he\u00e7 bir romantikas\u0131 yoxdur, ola da bilm\u0259z.\u00a0 Da\u011f\u0131nt\u0131lardan, \u00f6l\u00fcml\u0259rd\u0259n, zorlanmalardan, g\u00f6z ya\u015flar\u0131ndan, qan ax\u0131d\u0131lmas\u0131ndan, insan\u0131n al\u00e7ald\u0131lmas\u0131ndan romantika yaratmaq ist\u0259y\u0259nl\u0259r cinay\u0259tkard\u0131rlar.\u00a0 \u0130nsan d\u00fc\u015fm\u0259nidirl\u0259r. S\u00f6hb\u0259t insan\u0131n birba\u015fa qatil olmas\u0131ndan getmir, s\u0259n \u0259lini he\u00e7 bir silaha vurmadan da, m\u00fcharib\u0259 \u00e7a\u011f\u0131r\u0131\u015flar\u0131 etm\u0259kl\u0259, d\u00fc\u015fm\u0259n\u00e7iliyi, nifr\u0259ti alovland\u0131rmaqla,\u00a0 minl\u0259rl\u0259 insan\u0131n q\u0259tlin\u0259, \u00f6l\u00fcm\u00fcn\u0259 bais ola bil\u0259rs\u0259n.<br \/>\n  <br \/>\n  B\u0259s \u0259g\u0259r m\u00fcharib\u0259 bu q\u0259d\u0259r d\u0259h\u015f\u0259tl\u0259r do\u011furursa, insanlar niy\u0259 m\u00fcharib\u0259d\u0259 i\u015ftirak edirl\u0259r? \u0130nsanlar niy\u0259 m\u00fcharib\u0259y\u0259 yox dey\u0259 bilmirl\u0259r? T\u0259\u0259ss\u00fcf ki, insanlar h\u0259l\u0259 d\u0259 dinl\u0259rin v\u0259 mill\u0259t\u00e7iliyin, z\u0259r\u0259rli ideologiyalar\u0131n, z\u0259r\u0259rli fikirl\u0259rin do\u011furdu\u011fu nifr\u0259td\u0259n\u00a0 xilas ola bilm\u0259yibl\u0259r. Ona g\u00f6r\u0259 d\u0259, insanlar nifr\u0259tl\u0259rinin qurban\u0131na \u00e7evrilirl\u0259r. Ba\u015fqa s\u0259b\u0259bl\u0259r d\u0259 var. Muharib\u0259d\u0259 v\u0259t\u0259ni qoruduqlar\u0131n\u0131 d\u00fc\u015f\u00fcn\u0259nl\u0259r azl\u0131q t\u0259\u015fkil edir. \u00c7oxlar\u0131n\u0131 m\u0259cbur apar\u0131rlar. Mexanizm i\u015f\u0259 d\u00fc\u015f\u00fcr v\u0259 insanlar bu mexanizm\u0259 tabe olmaq m\u0259cburiyy\u0259tind\u0259 qal\u0131rlar.\n<\/p>\n<p>\n  H\u0259tta qeti olaraq, \u00f6ld\u00fcrm\u0259k ist\u0259m\u0259y\u0259nl\u0259r d\u0259, tebi\u0259ti \u00f6ld\u00fcrm\u0259y\u0259 icaz\u0259 verm\u0259y\u0259n adamlar da, muharibe mexanizmi i\u015f\u0259 d\u00fc\u015fd\u00fckd\u0259 aciz v\u0259ziyyete d\u00fc\u015f\u00fcrl\u0259r. M\u00fcharib\u0259d\u0259 b\u0259zil\u0259ri mac\u0259ra axtar\u0131r. B\u0259zisi varlanmaq ist\u0259yir. B\u0259zisi dar\u0131x\u0131r. B\u0259zisi h\u0259yatdan bezib, m\u00fcharib\u0259 onun \u00fc\u00e7\u00fcn legitim \u00f6l\u00fcmd\u00fcr. M\u0259s\u0259l\u0259n, bir vaxtlar Avropada yoluxucu x\u0259st\u0259likl\u0259r \u00e7ox geni\u015f yay\u0131lm\u0131\u015fd\u0131. Bu x\u0259st\u0259likl\u0259rd\u0259n \u0259ziyy\u0259t \u00e7\u0259k\u0259n adamlar m\u00fcharib\u0259l\u0259rd\u0259 h\u0259v\u0259sl\u0259 i\u015ftirak edirdil\u0259r. Bu haqqda Volter \u201cKandid\u201d \u0259s\u0259rind\u0259, Stefan Sveyq \u201cD\u00fcn\u0259nin d\u00fcnyas\u0131\u201dnda yaz\u0131blar.\u00a0 Lakin s\u0259b\u0259b n\u0259 olursa olsun, m\u00fcharib\u0259 insanlar\u0131n, insanl\u0131\u011f\u0131n\u00a0 s\u0259hvi kimi q\u0259bul edilm\u0259lidir.\n<\/p>\n<p>\n  H\u0259r bir insan millet\u00e7ilikd\u0259n, dini fanatizmd\u0259n, z\u0259r\u0259rli fikirl\u0259rd\u0259n, irq\u00e7ilikd\u0259n qidalanan nifr\u0259td\u0259n azad olub\u00a0\u00a0 tarix\u0259, h\u0259yata\u00a0 qar\u015f\u0131\u00a0 bir insan kimi m\u00fcnasib\u0259tini m\u00fc\u0259yy\u0259n etdikd\u0259, m\u00fcharib\u0259nin d\u0259h\u015f\u0259tl\u0259rini daha k\u0259skin hiss ed\u0259c\u0259k, m\u00fcharib\u0259nin insana yara\u015fmad\u0131\u011f\u0131n\u0131 ba\u015fa d\u00fc\u015f\u0259c\u0259k,\u00a0 passiv d\u0259 olsa, m\u00fcharib\u0259y\u0259 \u201cyox\u201d dem\u0259yi bacaracaq.\n<\/p>\n<p>\n  <b><br \/>\n    Yaz\u0131dak\u0131 fikirl\u0259r m\u00fc\u0259llif\u0259 m\u0259xsusdur v\u0259 onlara g\u00f6r\u0259 Meydan TV m\u0259suliyy\u0259t da\u015f\u0131m\u0131r.<br \/>\n  <\/b><\/p>\n","protected":false},"excerpt":{"rendered":"<p>\u201cK\u0259ss\u0259 h\u0259r kim t\u00f6k\u00fcl\u0259n qan izini,<br \/>\nQurtaran dahi odur yer \u00fcz\u00fcn\u00fc\u201d<\/p>\n","protected":false},"author":11,"featured_media":23150,"comment_status":"closed","ping_status":"open","sticky":false,"template":"","format":"standard","meta":{"_acf_changed":false,"_sitemap_exclude":false,"_sitemap_priority":"","_sitemap_frequency":"","footnotes":""},"categories":[57],"tags":[],"class_list":["post-167855","post","type-post","status-publish","format-standard","has-post-thumbnail","hentry","category-menim-fikrimce","infinite-scroll-item","generate-columns","tablet-grid-50","mobile-grid-100","grid-parent","grid-33","no-featured-image-padding"],"acf":[],"yoast_head":"<!-- This site is optimized with the Yoast SEO plugin v27.5 - https:\/\/yoast.com\/product\/yoast-seo-wordpress\/ -->\n<title>M\u00fcharib\u0259 haqq\u0131nda - MEYDAN.TV<\/title>\n<meta name=\"robots\" content=\"index, follow, max-snippet:-1, max-image-preview:large, max-video-preview:-1\" \/>\n<link rel=\"canonical\" href=\"https:\/\/www.meydan.tv\/az\/article\/muharibe-haqqinda\/\" \/>\n<meta property=\"og:locale\" content=\"az_AZ\" \/>\n<meta property=\"og:type\" content=\"article\" \/>\n<meta property=\"og:title\" content=\"M\u00fcharib\u0259 haqq\u0131nda - MEYDAN.TV\" \/>\n<meta property=\"og:description\" content=\"\u201cK\u0259ss\u0259 h\u0259r kim t\u00f6k\u00fcl\u0259n qan izini, Qurtaran dahi odur yer \u00fcz\u00fcn\u00fc\u201d\" \/>\n<meta property=\"og:url\" content=\"https:\/\/www.meydan.tv\/az\/article\/muharibe-haqqinda\/\" \/>\n<meta property=\"og:site_name\" content=\"MEYDAN.TV\" \/>\n<meta property=\"article:published_time\" content=\"2015-05-10T18:13:59+00:00\" \/>\n<meta property=\"og:image\" content=\"https:\/\/www.meydan.tv\/wp-content\/uploads\/8400.jpg\" \/>\n\t<meta property=\"og:image:width\" content=\"500\" \/>\n\t<meta property=\"og:image:height\" content=\"500\" \/>\n\t<meta property=\"og:image:type\" content=\"image\/jpeg\" \/>\n<meta name=\"author\" content=\"user-manager\" \/>\n<meta name=\"twitter:card\" content=\"summary_large_image\" \/>\n<script type=\"application\/ld+json\" class=\"yoast-schema-graph\">{\"@context\":\"https:\\\/\\\/schema.org\",\"@graph\":[{\"@type\":\"Article\",\"@id\":\"https:\\\/\\\/www.meydan.tv\\\/az\\\/article\\\/muharibe-haqqinda\\\/#article\",\"isPartOf\":{\"@id\":\"https:\\\/\\\/www.meydan.tv\\\/az\\\/article\\\/muharibe-haqqinda\\\/\"},\"author\":{\"name\":\"user-manager\",\"@id\":\"https:\\\/\\\/www.meydan.tv\\\/az\\\/#\\\/schema\\\/person\\\/10d11eccf6da3662cf5fdab9806ea91a\"},\"headline\":\"M\u00fcharib\u0259 haqq\u0131nda\",\"datePublished\":\"2015-05-10T18:13:59+00:00\",\"mainEntityOfPage\":{\"@id\":\"https:\\\/\\\/www.meydan.tv\\\/az\\\/article\\\/muharibe-haqqinda\\\/\"},\"wordCount\":1393,\"publisher\":{\"@id\":\"https:\\\/\\\/www.meydan.tv\\\/az\\\/#organization\"},\"image\":{\"@id\":\"https:\\\/\\\/www.meydan.tv\\\/az\\\/article\\\/muharibe-haqqinda\\\/#primaryimage\"},\"thumbnailUrl\":\"https:\\\/\\\/www.meydan.tv\\\/wp-content\\\/uploads\\\/8400.jpg\",\"articleSection\":[\"M\u0259nim Fikrimc\u0259\"],\"inLanguage\":\"az\"},{\"@type\":\"WebPage\",\"@id\":\"https:\\\/\\\/www.meydan.tv\\\/az\\\/article\\\/muharibe-haqqinda\\\/\",\"url\":\"https:\\\/\\\/www.meydan.tv\\\/az\\\/article\\\/muharibe-haqqinda\\\/\",\"name\":\"M\u00fcharib\u0259 haqq\u0131nda - MEYDAN.TV\",\"isPartOf\":{\"@id\":\"https:\\\/\\\/www.meydan.tv\\\/az\\\/#website\"},\"primaryImageOfPage\":{\"@id\":\"https:\\\/\\\/www.meydan.tv\\\/az\\\/article\\\/muharibe-haqqinda\\\/#primaryimage\"},\"image\":{\"@id\":\"https:\\\/\\\/www.meydan.tv\\\/az\\\/article\\\/muharibe-haqqinda\\\/#primaryimage\"},\"thumbnailUrl\":\"https:\\\/\\\/www.meydan.tv\\\/wp-content\\\/uploads\\\/8400.jpg\",\"datePublished\":\"2015-05-10T18:13:59+00:00\",\"breadcrumb\":{\"@id\":\"https:\\\/\\\/www.meydan.tv\\\/az\\\/article\\\/muharibe-haqqinda\\\/#breadcrumb\"},\"inLanguage\":\"az\",\"potentialAction\":[{\"@type\":\"ReadAction\",\"target\":[\"https:\\\/\\\/www.meydan.tv\\\/az\\\/article\\\/muharibe-haqqinda\\\/\"]}]},{\"@type\":\"ImageObject\",\"inLanguage\":\"az\",\"@id\":\"https:\\\/\\\/www.meydan.tv\\\/az\\\/article\\\/muharibe-haqqinda\\\/#primaryimage\",\"url\":\"https:\\\/\\\/www.meydan.tv\\\/wp-content\\\/uploads\\\/8400.jpg\",\"contentUrl\":\"https:\\\/\\\/www.meydan.tv\\\/wp-content\\\/uploads\\\/8400.jpg\",\"width\":500,\"height\":500,\"caption\":\"Source:\"},{\"@type\":\"BreadcrumbList\",\"@id\":\"https:\\\/\\\/www.meydan.tv\\\/az\\\/article\\\/muharibe-haqqinda\\\/#breadcrumb\",\"itemListElement\":[{\"@type\":\"ListItem\",\"position\":1,\"name\":\"Ana s\u0259hif\u0259\",\"item\":\"https:\\\/\\\/www.meydan.tv\\\/az\\\/\"},{\"@type\":\"ListItem\",\"position\":2,\"name\":\"M\u0259nim Fikrimc\u0259\",\"item\":\"https:\\\/\\\/www.meydan.tv\\\/az\\\/section\\\/menim-fikrimce\\\/\"},{\"@type\":\"ListItem\",\"position\":3,\"name\":\"M\u00fcharib\u0259 haqq\u0131nda\"}]},{\"@type\":\"WebSite\",\"@id\":\"https:\\\/\\\/www.meydan.tv\\\/az\\\/#website\",\"url\":\"https:\\\/\\\/www.meydan.tv\\\/az\\\/\",\"name\":\"MEYDAN.TV\",\"description\":\"Meydan TV Az\u0259rbaycan\u0131n media m\u0259kan\u0131ndak\u0131 alternativ s\u0259sidir\",\"publisher\":{\"@id\":\"https:\\\/\\\/www.meydan.tv\\\/az\\\/#organization\"},\"potentialAction\":[{\"@type\":\"SearchAction\",\"target\":{\"@type\":\"EntryPoint\",\"urlTemplate\":\"https:\\\/\\\/www.meydan.tv\\\/az\\\/?s={search_term_string}\"},\"query-input\":{\"@type\":\"PropertyValueSpecification\",\"valueRequired\":true,\"valueName\":\"search_term_string\"}}],\"inLanguage\":\"az\"},{\"@type\":\"Organization\",\"@id\":\"https:\\\/\\\/www.meydan.tv\\\/az\\\/#organization\",\"name\":\"Meydan TV\",\"url\":\"https:\\\/\\\/www.meydan.tv\\\/az\\\/\",\"logo\":{\"@type\":\"ImageObject\",\"inLanguage\":\"az\",\"@id\":\"https:\\\/\\\/www.meydan.tv\\\/az\\\/#\\\/schema\\\/logo\\\/image\\\/\",\"url\":\"https:\\\/\\\/www.meydan.tv\\\/wp-content\\\/uploads\\\/2021\\\/07\\\/meydan-logo.svg\",\"contentUrl\":\"https:\\\/\\\/www.meydan.tv\\\/wp-content\\\/uploads\\\/2021\\\/07\\\/meydan-logo.svg\",\"width\":195,\"height\":46,\"caption\":\"Meydan TV\"},\"image\":{\"@id\":\"https:\\\/\\\/www.meydan.tv\\\/az\\\/#\\\/schema\\\/logo\\\/image\\\/\"}},{\"@type\":\"Person\",\"@id\":\"https:\\\/\\\/www.meydan.tv\\\/az\\\/#\\\/schema\\\/person\\\/10d11eccf6da3662cf5fdab9806ea91a\",\"name\":\"user-manager\"}]}<\/script>\n<!-- \/ Yoast SEO plugin. -->","yoast_head_json":{"title":"M\u00fcharib\u0259 haqq\u0131nda - MEYDAN.TV","robots":{"index":"index","follow":"follow","max-snippet":"max-snippet:-1","max-image-preview":"max-image-preview:large","max-video-preview":"max-video-preview:-1"},"canonical":"https:\/\/www.meydan.tv\/az\/article\/muharibe-haqqinda\/","og_locale":"az_AZ","og_type":"article","og_title":"M\u00fcharib\u0259 haqq\u0131nda - MEYDAN.TV","og_description":"\u201cK\u0259ss\u0259 h\u0259r kim t\u00f6k\u00fcl\u0259n qan izini, Qurtaran dahi odur yer \u00fcz\u00fcn\u00fc\u201d","og_url":"https:\/\/www.meydan.tv\/az\/article\/muharibe-haqqinda\/","og_site_name":"MEYDAN.TV","article_published_time":"2015-05-10T18:13:59+00:00","og_image":[{"width":500,"height":500,"url":"https:\/\/www.meydan.tv\/wp-content\/uploads\/8400.jpg","type":"image\/jpeg"}],"author":"user-manager","twitter_card":"summary_large_image","schema":{"@context":"https:\/\/schema.org","@graph":[{"@type":"Article","@id":"https:\/\/www.meydan.tv\/az\/article\/muharibe-haqqinda\/#article","isPartOf":{"@id":"https:\/\/www.meydan.tv\/az\/article\/muharibe-haqqinda\/"},"author":{"name":"user-manager","@id":"https:\/\/www.meydan.tv\/az\/#\/schema\/person\/10d11eccf6da3662cf5fdab9806ea91a"},"headline":"M\u00fcharib\u0259 haqq\u0131nda","datePublished":"2015-05-10T18:13:59+00:00","mainEntityOfPage":{"@id":"https:\/\/www.meydan.tv\/az\/article\/muharibe-haqqinda\/"},"wordCount":1393,"publisher":{"@id":"https:\/\/www.meydan.tv\/az\/#organization"},"image":{"@id":"https:\/\/www.meydan.tv\/az\/article\/muharibe-haqqinda\/#primaryimage"},"thumbnailUrl":"https:\/\/www.meydan.tv\/wp-content\/uploads\/8400.jpg","articleSection":["M\u0259nim Fikrimc\u0259"],"inLanguage":"az"},{"@type":"WebPage","@id":"https:\/\/www.meydan.tv\/az\/article\/muharibe-haqqinda\/","url":"https:\/\/www.meydan.tv\/az\/article\/muharibe-haqqinda\/","name":"M\u00fcharib\u0259 haqq\u0131nda - MEYDAN.TV","isPartOf":{"@id":"https:\/\/www.meydan.tv\/az\/#website"},"primaryImageOfPage":{"@id":"https:\/\/www.meydan.tv\/az\/article\/muharibe-haqqinda\/#primaryimage"},"image":{"@id":"https:\/\/www.meydan.tv\/az\/article\/muharibe-haqqinda\/#primaryimage"},"thumbnailUrl":"https:\/\/www.meydan.tv\/wp-content\/uploads\/8400.jpg","datePublished":"2015-05-10T18:13:59+00:00","breadcrumb":{"@id":"https:\/\/www.meydan.tv\/az\/article\/muharibe-haqqinda\/#breadcrumb"},"inLanguage":"az","potentialAction":[{"@type":"ReadAction","target":["https:\/\/www.meydan.tv\/az\/article\/muharibe-haqqinda\/"]}]},{"@type":"ImageObject","inLanguage":"az","@id":"https:\/\/www.meydan.tv\/az\/article\/muharibe-haqqinda\/#primaryimage","url":"https:\/\/www.meydan.tv\/wp-content\/uploads\/8400.jpg","contentUrl":"https:\/\/www.meydan.tv\/wp-content\/uploads\/8400.jpg","width":500,"height":500,"caption":"Source:"},{"@type":"BreadcrumbList","@id":"https:\/\/www.meydan.tv\/az\/article\/muharibe-haqqinda\/#breadcrumb","itemListElement":[{"@type":"ListItem","position":1,"name":"Ana s\u0259hif\u0259","item":"https:\/\/www.meydan.tv\/az\/"},{"@type":"ListItem","position":2,"name":"M\u0259nim Fikrimc\u0259","item":"https:\/\/www.meydan.tv\/az\/section\/menim-fikrimce\/"},{"@type":"ListItem","position":3,"name":"M\u00fcharib\u0259 haqq\u0131nda"}]},{"@type":"WebSite","@id":"https:\/\/www.meydan.tv\/az\/#website","url":"https:\/\/www.meydan.tv\/az\/","name":"MEYDAN.TV","description":"Meydan TV Az\u0259rbaycan\u0131n media m\u0259kan\u0131ndak\u0131 alternativ s\u0259sidir","publisher":{"@id":"https:\/\/www.meydan.tv\/az\/#organization"},"potentialAction":[{"@type":"SearchAction","target":{"@type":"EntryPoint","urlTemplate":"https:\/\/www.meydan.tv\/az\/?s={search_term_string}"},"query-input":{"@type":"PropertyValueSpecification","valueRequired":true,"valueName":"search_term_string"}}],"inLanguage":"az"},{"@type":"Organization","@id":"https:\/\/www.meydan.tv\/az\/#organization","name":"Meydan TV","url":"https:\/\/www.meydan.tv\/az\/","logo":{"@type":"ImageObject","inLanguage":"az","@id":"https:\/\/www.meydan.tv\/az\/#\/schema\/logo\/image\/","url":"https:\/\/www.meydan.tv\/wp-content\/uploads\/2021\/07\/meydan-logo.svg","contentUrl":"https:\/\/www.meydan.tv\/wp-content\/uploads\/2021\/07\/meydan-logo.svg","width":195,"height":46,"caption":"Meydan TV"},"image":{"@id":"https:\/\/www.meydan.tv\/az\/#\/schema\/logo\/image\/"}},{"@type":"Person","@id":"https:\/\/www.meydan.tv\/az\/#\/schema\/person\/10d11eccf6da3662cf5fdab9806ea91a","name":"user-manager"}]}},"_links":{"self":[{"href":"https:\/\/www.meydan.tv\/az\/wp-json\/wp\/v2\/posts\/167855","targetHints":{"allow":["GET"]}}],"collection":[{"href":"https:\/\/www.meydan.tv\/az\/wp-json\/wp\/v2\/posts"}],"about":[{"href":"https:\/\/www.meydan.tv\/az\/wp-json\/wp\/v2\/types\/post"}],"author":[{"embeddable":true,"href":"https:\/\/www.meydan.tv\/az\/wp-json\/wp\/v2\/users\/11"}],"replies":[{"embeddable":true,"href":"https:\/\/www.meydan.tv\/az\/wp-json\/wp\/v2\/comments?post=167855"}],"version-history":[{"count":0,"href":"https:\/\/www.meydan.tv\/az\/wp-json\/wp\/v2\/posts\/167855\/revisions"}],"wp:featuredmedia":[{"embeddable":true,"href":"https:\/\/www.meydan.tv\/az\/wp-json\/wp\/v2\/media\/23150"}],"wp:attachment":[{"href":"https:\/\/www.meydan.tv\/az\/wp-json\/wp\/v2\/media?parent=167855"}],"wp:term":[{"taxonomy":"category","embeddable":true,"href":"https:\/\/www.meydan.tv\/az\/wp-json\/wp\/v2\/categories?post=167855"},{"taxonomy":"post_tag","embeddable":true,"href":"https:\/\/www.meydan.tv\/az\/wp-json\/wp\/v2\/tags?post=167855"}],"curies":[{"name":"wp","href":"https:\/\/api.w.org\/{rel}","templated":true}]}}