{"id":167852,"date":"2015-05-09T23:20:30","date_gmt":"2015-05-09T23:20:30","guid":{"rendered":"https:\/\/www.meydan.tv\/article\/faciesini-isvecreden-esitdiyimiz-lacinli-qiz\/"},"modified":"2015-05-09T23:20:30","modified_gmt":"2015-05-09T23:20:30","slug":"faciesini-isvecreden-esitdiyimiz-lacinli-qiz","status":"publish","type":"post","link":"https:\/\/www.meydan.tv\/az\/article\/faciesini-isvecreden-esitdiyimiz-lacinli-qiz\/","title":{"rendered":"Faci\u0259sini \u0130sve\u00e7r\u0259d\u0259n e\u015fitdiyimiz La\u00e7\u0131nl\u0131 q\u0131z"},"content":{"rendered":"<figure class=\"wp-block-image size-large\">\n  <img decoding=\"async\" src=\"https:\/\/www.meydan.tv\/az\/19259\/\" alt=\"\" class=\"wp-image-19259\"\/><figcaption><\/figcaption><\/figure>\n<figure class=\"wp-block-image size-large\">\n  <img decoding=\"async\" src=\"https:\/\/www.meydan.tv\/az\/19262\/\" alt=\"\" class=\"wp-image-19262\"\/><figcaption><\/figcaption><\/figure>\n<p>\n  \u018fli \u018fkb\u0259rin \u201cGil\u0259\u201dsini h\u0259l\u0259 kitab i\u015f\u0131q \u00fcz\u00fc g\u00f6rm\u0259mi\u015f oxudum. Bir gec\u0259y\u0259, bir ne\u00e7\u0259 saata, birn\u0259f\u0259s\u0259&#8230;\u018fs\u0259ri oxuyanda ya\u015fad\u0131\u011f\u0131m iki hiss vard\u0131 \u2013 t\u0259\u0259cc\u00fcb v\u0259 maraq. Hadis\u0259l\u0259rin sonra nec\u0259 inki\u015faf ed\u0259c\u0259yi, \u0259s\u0259rin sonunun nec\u0259 bit\u0259c\u0259yi sual\u0131 bir an da t\u0259rk etmirdi. Amma bu sualla yana\u015f\u0131, ikinci sual da rahatl\u0131q vermirdi: \u201c\u018fli \u018fkb\u0259r bu \u0259s\u0259ri nec\u0259 yaz\u0131b?\u201d&#8230;.\n<\/p>\n<p>\n  S\u00f6z\u00fcn a\u00e7\u0131\u011f\u0131, m\u0259n \u018fli \u018fkb\u0259rin \u201cGil\u0259\u201d kimi bir \u0259s\u0259r yazaca\u011f\u0131na he\u00e7 vaxt inanmazd\u0131m. Ona g\u00f6r\u0259 yox ki, hans\u0131sa \u0259d\u0259bi sah\u0259d\u0259 ya m\u00f6vzuda, \u00fcslubda onun yazar bacar\u0131\u011f\u0131na \u015f\u00fcbh\u0259m var, yox. Ona g\u00f6r\u0259 ki, d\u00fc\u015f\u00fcn\u00fcrd\u00fcm, \u0259yal\u0259t q\u0131z\u0131n\u0131n hekay\u0259sini yazmaq ona he\u00e7 vaxt maraql\u0131 olmaz. Amma \u0259s\u0259ri oxuyandan bir m\u00fcdd\u0259t sonra m\u00fc\u0259llif v\u0259 bu m\u00f6vzu bar\u0259sind\u0259 niy\u0259 bel\u0259 fikird\u0259 oldu\u011fumun \u0259n ciddi s\u0259b\u0259bini tapd\u0131m: bizim yerli yazarlar, \u0259yal\u0259td\u0259n g\u0259lmi\u015f v\u0259 do\u011frudan da yax\u015f\u0131 q\u0259l\u0259m sahibi olan yazarlar \u0259yal\u0259ti, k\u0259ndi, k\u0259nd insan\u0131n\u0131 he\u00e7 vaxt d\u00fcnyaya \u00e7\u0131xara bilm\u0259ribl\u0259r. X\u00fcsusil\u0259, m\u00fcasir yerli \u0259d\u0259biyyatda k\u0259ndin, k\u0259nd insan\u0131n\u0131n, \u0259yal\u0259tin urbanizasiya il\u0259 dialoqu, m\u00fcnasib\u0259tl\u0259ri ya he\u00e7 qurulmay\u0131b, ya da olduqca u\u011fursuz, suni al\u0131n\u0131b. Bir az da \u015fablon ifad\u0259l\u0259rl\u0259 fikrimi ifad\u0259 ets\u0259m, biz he\u00e7 vaxt k\u0259ndiimizi, k\u0259n insan\u0131m\u0131z\u0131, k\u0259nd insan\u0131n\u0131n ya\u015fant\u0131lar\u0131n\u0131, hekay\u0259tini, faci\u0259sini b\u0259\u015f\u0259ril\u0259\u015fdir\u0259, d\u00fcnyavil\u0259\u015fdir\u0259 bilm\u0259mi\u015fik. Buna g\u00f6r\u0259 d\u0259, \u0259yal\u0259t, k\u0259nd bar\u0259d\u0259 yaz\u0131lan m\u0259tnin \u00f6z\u00fc d\u0259 \u201ck\u0259nd\u00e7i\u201d olur. M\u0259n \u018fli \u018fkb\u0259r\u0259 k\u0259nd m\u00f6vzusunu deyil, k\u0259nd\u00e7i m\u0259tni yara\u015fd\u0131rmam\u0131\u015fd\u0131m. \u0130ndis\u0259, \u201ck\u0259nd\u00e7i\u201d olmayan, amma \u0259yal\u0259t\u0259 d\u0259xli olan m\u0259tn, \u00f6z\u00fc d\u0259 yerli q\u0259l\u0259m adam\u0131ndan, m\u0259nim \u00fc\u00e7\u00fcn yenilik idi.\n<\/p>\n<p>\n  \u201cGil\u0259\u201d d\u00fcnya tarixind\u0259 ba\u015f ver\u0259n prosesl\u0259rin bir La\u00e7\u0131n k\u0259ndi il\u0259 sanki dialoqudur. \u0130kinci D\u00fcnya M\u00fcharib\u0259si Avropa h\u0259yat\u0131 il\u0259 La\u00e7\u0131n k\u0259ndi aras\u0131nda bir k\u00f6rp\u00fc, bir \u0259laq\u0259 yarad\u0131r, d\u00fcnya tarixi bir la\u00e7\u0131nl\u0131 o\u011flan\u0131n h\u0259yat\u0131n\u0131n axar\u0131n\u0131 d\u0259yi\u015fir. Hadis\u0259l\u0259r Avropada, \u00f6z\u00fc d\u0259 olduqca realistik t\u0259svirl\u0259rl\u0259 ba\u015flay\u0131r, oxucu \u00f6z\u00fcn\u00fc Avropan\u0131n ortas\u0131nda hiss edir, t\u0259dric\u0259n hadis\u0259l\u0259r Az\u0259rbaycana, La\u00e7\u0131na qay\u0131d\u0131r v\u0259 La\u00e7\u0131n k\u0259ndinin, La\u00e7\u0131n k\u0259ndlil\u0259rinin inanalmaz d\u0259r\u0259c\u0259d\u0259 r\u0259ngli t\u0259svirl\u0259ri ba\u015flay\u0131r. K\u0259nd\u0259 yana\u015fma, k\u0259nd\u0259 yax\u0131nla\u015fma buca\u011f\u0131 olduqca ger\u00e7\u0259k, inand\u0131r\u0131c\u0131d\u0131r.\n<\/p>\n<p>\n  \u201cGil\u0259\u201d bar\u0259d\u0259 yaz\u0131lan r\u0259yl\u0259rd\u0259n birind\u0259 bel\u0259 bir sual vard\u0131: \u0130sve\u00e7r\u0259d\u0259ki qatar stansiyalar\u0131n\u0131n, La\u00e7\u0131n k\u0259ndl\u0259rinin adlar\u0131n\u0131n, uzun-uzad\u0131 t\u0259svirl\u0259rin n\u0259 m\u0259nas\u0131 var v\u0259 bu kim\u0259 laz\u0131md\u0131r?\n<\/p>\n<p>\n  S\u00f6z\u00fcn a\u00e7\u0131\u011f\u0131, az\u0259rbaycanl\u0131 oxucunun \u00fcmumiyy\u0259tl\u0259 yazara, m\u00fc\u0259llif\u0259, m\u0259tn\u0259 m\u00fcnasib\u0259tini \u00e7oxdan bildiyim \u00fc\u00e7\u00fcn, ad\u0259t\u0259n, bel\u0259 suallara cavab verm\u0259k kimi bir ist\u0259yim d\u0259 olmur. Amma \u0259g\u0259r bel\u0259 suallar \u00e7oxlar\u0131n\u0131 d\u00fc\u015f\u00fcnd\u00fcr\u00fcrs\u0259, qeyd edim ki, urbanistik, realistik m\u0259tn konkret t\u0259svirl\u0259r, adlar, brendl\u0259r v\u0259 s. t\u0259l\u0259b edir. N\u0259z\u0259r\u0259 alsaq ki, \u201cGil\u0259\u201d \u00f6mr\u00fcnd\u0259 hans\u0131sa \u0259yal\u0259td\u0259n k\u0259nara \u00e7\u0131xmayan oxucu \u00fc\u00e7\u00fcn deyil, ham\u0131, y\u0259ni avropal\u0131, amerikal\u0131, asiyal\u0131, az\u0259rbaycanl\u0131, la\u00e7\u0131nl\u0131 &#8211; bir s\u00f6zl\u0259, yerind\u0259n, yurdundan, dilind\u0259n as\u0131l\u0131 olmayaraq, h\u0259r k\u0259s \u00fc\u00e7\u00fcn yaz\u0131l\u0131b, m\u00fcxt\u0259lif dill\u0259r\u0259 \u00e7evrilib, m\u00fcxt\u0259lif \u00f6lk\u0259l\u0259rd\u0259n olan oxuculara t\u0259qdim olunacaq, onda, yer, stansiya, k\u0259nd adlar\u0131n\u0131n \u0259h\u0259miyy\u0259ti olduqca b\u00f6y\u00fckd\u00fcr. M\u0259s\u0259l\u0259n, \u201cGil\u0259\u201dni oxuyacaq bir isve\u00e7r\u0259li \u00fc\u00e7\u00fcn S\u00fcrixd\u0259ki stansiya ad\u0131 do\u011fma olacaq, \u0259s\u0259ri oxuyacaq La\u00e7\u0131nl\u0131nin da \u00fcr\u0259yini \u015e\u0259lv\u0259 d\u0259r\u0259sinin ad\u0131 titr\u0259d\u0259c\u0259k&#8230;\n<\/p>\n<p>\n  \u00dcmumiyy\u0259tl\u0259, normal oxucu bel\u0259 bir sual verm\u0259kd\u0259ns\u0259, m\u00fc\u0259llifin bu q\u0259d\u0259r yer, stansiya, k\u0259nd ad\u0131 il\u0259 ba\u011fl\u0131 nec\u0259 d\u0259 m\u0259lumatl\u0131 oldu\u011funa heyr\u0259tl\u0259nm\u0259li idi. Heyr\u0259tl\u0259nm\u0259li idi ki, urbanistikan\u0131n ortas\u0131nda do\u011fulub, b\u00f6y\u00fcm\u00fc\u015f, haz\u0131rda Avropada ya\u015fayan v\u0259 Avropa h\u0259yat\u0131na inteqrasiya etm\u0259k yolunda u\u011furlu add\u0131mlar\u0131n\u0131 atan bir yazar k\u0259nd h\u0259yat\u0131n\u0131, konkret bir regionu nec\u0259 d\u0259rind\u0259n, yax\u0131ndan \u00f6yr\u0259nib v\u0259 bu m\u0259lumat\u0131 kifay\u0259t q\u0259d\u0259r modern bir m\u0259tnd\u0259 nec\u0259 ustal\u0131qla isrifad\u0259 edib. Heyr\u0259tl\u0259nm\u0259li idi ki, \u201cGil\u0259\u201dni La\u00e7\u0131nda, La\u00e7\u0131n kimi \u0259yal\u0259tl\u0259rd\u0259 b\u00f6y\u00fcm\u00fc\u015f, burdan \u00e7\u0131xm\u0131\u015f q\u0259l\u0259m adamlar\u0131 deyil, paytaxtda do\u011fulub b\u00f6y\u00fcy\u0259n, La\u00e7\u0131n\u0131 b\u0259lk\u0259 \u00f6mr\u00fcn\u0259 bir d\u0259f\u0259 d\u0259 olsun, g\u00f6rm\u0259y\u0259n yazar yaz\u0131b.\n<\/p>\n<p>\n  \u018fli \u018fkb\u0259r \u201cGil\u0259\u201d il\u0259 g\u00f6st\u0259rdi ki, \u0259d\u0259biyyat n\u0259 h\u0259yat\u0131n stenoqram\u0131d\u0131r, n\u0259 iti m\u00fc\u015fahid\u0259 qabiliyy\u0259tidir, n\u0259 r\u0259ngli t\u0259bi\u0259t t\u0259svirl\u0259ridir, n\u0259 g\u00f6z\u0259l, ax\u0131c\u0131 dildir, n\u0259 d\u0259 z\u0259ngin fantaziyad\u0131r. G\u00f6st\u0259rdi ki, \u0259d\u0259biyyat bunlar\u0131n ham\u0131s\u0131d\u0131r. Bir d\u0259 \u00fcz\u0259rind\u0259 do\u011fru istiqam\u0259td\u0259 \u00e7\u0259kil\u0259n yaz\u0131\u00e7\u0131 z\u0259hm\u0259tini, onun sahib oldu\u011fu v\u0259 yerind\u0259 istifad\u0259 el\u0259m\u0259yi bacard\u0131\u011f\u0131 informasiyalar\u0131 g\u0259l\u0259nd\u0259, \u0259d\u0259biyyat olur b\u00fct\u00fcn bunlar.\n<\/p>\n<p>\n  \u201cGil\u0259\u201d h\u0259m d\u0259 \u018fli \u018fkb\u0259rin yarad\u0131c\u0131l\u0131\u011f\u0131nda yeni m\u0259rh\u0259l\u0259dir. M\u00fc\u0259llif bar\u0259d\u0259 az qala on ildir bir \u00e7ox ortamlarda g\u0259z\u0259n \u201co porno yaz\u0131r\u201d, \u201co s\u00f6y\u00fc\u015f yaz\u0131r\u201d, \u201co ancaq penisd\u0259n v\u0259 vaginadan yaz\u0131r\u201d v\u0259 bu kimi m\u0259suliyy\u0259tsiz b\u0259yanatlar, s\u00f6hb\u0259tl\u0259ri bu m\u0259tnd\u0259n sonra \u00f6z g\u00fcc\u00fcn\u00fc itirdi. \u018fd\u0259biyyat v\u0259 s\u0259n\u0259t tarixind\u0259ki bir \u00e7ox m\u0259tnl\u0259rd\u0259 insan\u0131n b\u0259d\u0259n orqanlar\u0131n\u0131n n\u0259inki vulqarl\u0131q, a\u00e7\u0131ql\u0131q olmad\u0131\u011f\u0131ndan, h\u0259tta yerind\u0259 istifad\u0259 olunanda y\u00fcks\u0259k s\u0259n\u0259t n\u00fcmun\u0259si hesab olunma\u011f\u0131ndan x\u0259b\u0259ri olmayan oxucular\u0131n \u00fcz, burun q\u0131r\u0131\u015fd\u0131rmalar\u0131 da bu \u0259s\u0259rl\u0259 \u00f6z g\u00fcc\u00fcn\u00fc tamam itirdi. \u201cGil\u0259\u201d g\u00f6st\u0259rdi ki, hans\u0131sa m\u0259tnd\u0259 bir q\u0131z\u0131n d\u00f6\u015f\u00fcnd\u0259n, bir o\u011flan\u0131n penisind\u0259n s\u00f6hb\u0259t gedirs\u0259, o d\u00f6\u015fd\u0259n, o penisd\u0259n yap\u0131\u015f\u0131b, m\u0259tni \u201cpornom\u0259tn\u201d, \u201cs\u00f6y\u00fc\u015fl\u00fc m\u0259tn\u201d, \u201cerotika\u201d v\u0259 daha hans\u0131sa yarl\u0131qlarla b\u0259z\u0259m\u0259k olar, amma bununla h\u0259min m\u00fc\u0259llifin yarad\u0131c\u0131l\u0131\u011f\u0131n\u0131 qaralamaq, \u0259l\u0259 salmaq, yuxar\u0131dan a\u015fa\u011f\u0131 baxmaq m\u00fcmk\u00fcn deyil.\n<\/p>\n<p>\n  \u00c7\u00fcnki yaz\u0131\u00e7\u0131 yax\u015f\u0131 yazma\u011f\u0131 bacar\u0131rsa, he\u00e7 bir a\u00e7\u0131q ifad\u0259y\u0259, t\u0259svir\u0259 yer verm\u0259d\u0259n d\u0259 yaza bil\u0259r. Amma bu o dem\u0259k deyil ki, o h\u0259mi\u015f\u0259 bel\u0259 yazmal\u0131 imi\u015f, indi s\u0259hvini anlay\u0131b, m\u0259tnini d\u00fcz\u0259ldib. Yox, bu o dem\u0259kdir ki, \u0259vv\u0259lki m\u0259tnl\u0259r o \u00fcsl\u00fcb\u00fc, o ifad\u0259l\u0259ri t\u0259l\u0259b edib, bu m\u0259tnd\u0259 is\u0259 tamam ba\u015fqa stil, tamam ba\u015fqa ifad\u0259l\u0259r, t\u0259svirl\u0259rd\u0259n istifad\u0259 edilm\u0259liymi\u015f. Hans\u0131 m\u0259tnd\u0259 hans\u0131 c\u00fcr davranma\u011f\u0131, hans\u0131 ifad\u0259l\u0259rd\u0259n istifad\u0259 etm\u0259yi yaz\u0131\u00e7\u0131ya \u00f6yr\u0259tm\u0259k is\u0259 oxucu \u0259d\u0259bsizliyidir v\u0259 \u00f6z\u00fcn\u0259 h\u00f6rm\u0259t ed\u0259n, ciddi oxucu bel\u0259 \u015feyl\u0259ri he\u00e7 vaxt el\u0259m\u0259z.\n<\/p>\n<p>\n  \u018fs\u0259rin b\u0259ddi kieyfiyy\u0259tin\u0259, s\u00fcjetin inki\u015faf\u0131na, sonlu\u011fa, \u0259s\u0259rin dilin\u0259, bir s\u00f6zl\u0259, b\u00fct\u00fcn m\u0259tnin m\u0259ziyy\u0259tl\u0259rin\u0259 baxanda, \u201cGil\u0259\u201dni az\u0259rbaycan \u0259d\u0259biyyat\u0131nda yeni hadis\u0259 hesab etm\u0259k olar.\n<\/p>\n<p>\n  <b><br \/>\n    Yaz\u0131dak\u0131 fikirl\u0259r m\u00fc\u0259llif\u0259 m\u0259xsusdur v\u0259 onlara g\u00f6r\u0259 Meydan TV m\u0259suliyy\u0259t da\u015f\u0131m\u0131r.<br \/>\n  <\/b><\/p>\n","protected":false},"excerpt":{"rendered":"<p>\u018fd\u0259biyyat\u0131m\u0131zda yeni hadis\u0259 &#8211; \u018fli \u018fkb\u0259rin \u201cGil\u0259\u201dsi<\/p>\n","protected":false},"author":11,"featured_media":19259,"comment_status":"closed","ping_status":"open","sticky":false,"template":"","format":"standard","meta":{"_acf_changed":false,"_sitemap_exclude":false,"_sitemap_priority":"","_sitemap_frequency":"","footnotes":""},"categories":[57],"tags":[],"class_list":["post-167852","post","type-post","status-publish","format-standard","has-post-thumbnail","hentry","category-menim-fikrimce","infinite-scroll-item","generate-columns","tablet-grid-50","mobile-grid-100","grid-parent","grid-33","no-featured-image-padding"],"acf":[],"yoast_head":"<!-- This site is optimized with the Yoast SEO plugin v27.5 - https:\/\/yoast.com\/product\/yoast-seo-wordpress\/ -->\n<title>Faci\u0259sini \u0130sve\u00e7r\u0259d\u0259n e\u015fitdiyimiz La\u00e7\u0131nl\u0131 q\u0131z - MEYDAN.TV<\/title>\n<meta name=\"robots\" content=\"index, follow, max-snippet:-1, max-image-preview:large, max-video-preview:-1\" \/>\n<link rel=\"canonical\" href=\"https:\/\/www.meydan.tv\/az\/article\/faciesini-isvecreden-esitdiyimiz-lacinli-qiz\/\" \/>\n<meta property=\"og:locale\" content=\"az_AZ\" \/>\n<meta property=\"og:type\" content=\"article\" \/>\n<meta property=\"og:title\" content=\"Faci\u0259sini \u0130sve\u00e7r\u0259d\u0259n e\u015fitdiyimiz La\u00e7\u0131nl\u0131 q\u0131z - MEYDAN.TV\" \/>\n<meta property=\"og:description\" content=\"\u018fd\u0259biyyat\u0131m\u0131zda yeni hadis\u0259 - \u018fli \u018fkb\u0259rin \u201cGil\u0259\u201dsi\" \/>\n<meta property=\"og:url\" content=\"https:\/\/www.meydan.tv\/az\/article\/faciesini-isvecreden-esitdiyimiz-lacinli-qiz\/\" \/>\n<meta property=\"og:site_name\" content=\"MEYDAN.TV\" \/>\n<meta property=\"article:published_time\" content=\"2015-05-09T23:20:30+00:00\" \/>\n<meta property=\"og:image\" content=\"https:\/\/www.meydan.tv\/wp-content\/uploads\/6896.jpg\" \/>\n\t<meta property=\"og:image:width\" content=\"500\" \/>\n\t<meta property=\"og:image:height\" content=\"500\" \/>\n\t<meta property=\"og:image:type\" content=\"image\/jpeg\" \/>\n<meta name=\"author\" content=\"user-manager\" \/>\n<meta name=\"twitter:card\" content=\"summary_large_image\" \/>\n<script type=\"application\/ld+json\" class=\"yoast-schema-graph\">{\"@context\":\"https:\\\/\\\/schema.org\",\"@graph\":[{\"@type\":\"Article\",\"@id\":\"https:\\\/\\\/www.meydan.tv\\\/az\\\/article\\\/faciesini-isvecreden-esitdiyimiz-lacinli-qiz\\\/#article\",\"isPartOf\":{\"@id\":\"https:\\\/\\\/www.meydan.tv\\\/az\\\/article\\\/faciesini-isvecreden-esitdiyimiz-lacinli-qiz\\\/\"},\"author\":{\"name\":\"user-manager\",\"@id\":\"https:\\\/\\\/www.meydan.tv\\\/az\\\/#\\\/schema\\\/person\\\/10d11eccf6da3662cf5fdab9806ea91a\"},\"headline\":\"Faci\u0259sini \u0130sve\u00e7r\u0259d\u0259n e\u015fitdiyimiz La\u00e7\u0131nl\u0131 q\u0131z\",\"datePublished\":\"2015-05-09T23:20:30+00:00\",\"mainEntityOfPage\":{\"@id\":\"https:\\\/\\\/www.meydan.tv\\\/az\\\/article\\\/faciesini-isvecreden-esitdiyimiz-lacinli-qiz\\\/\"},\"wordCount\":1391,\"publisher\":{\"@id\":\"https:\\\/\\\/www.meydan.tv\\\/az\\\/#organization\"},\"image\":{\"@id\":\"https:\\\/\\\/www.meydan.tv\\\/az\\\/article\\\/faciesini-isvecreden-esitdiyimiz-lacinli-qiz\\\/#primaryimage\"},\"thumbnailUrl\":\"https:\\\/\\\/www.meydan.tv\\\/wp-content\\\/uploads\\\/6896.jpg\",\"articleSection\":[\"M\u0259nim Fikrimc\u0259\"],\"inLanguage\":\"az\"},{\"@type\":\"WebPage\",\"@id\":\"https:\\\/\\\/www.meydan.tv\\\/az\\\/article\\\/faciesini-isvecreden-esitdiyimiz-lacinli-qiz\\\/\",\"url\":\"https:\\\/\\\/www.meydan.tv\\\/az\\\/article\\\/faciesini-isvecreden-esitdiyimiz-lacinli-qiz\\\/\",\"name\":\"Faci\u0259sini \u0130sve\u00e7r\u0259d\u0259n e\u015fitdiyimiz La\u00e7\u0131nl\u0131 q\u0131z - MEYDAN.TV\",\"isPartOf\":{\"@id\":\"https:\\\/\\\/www.meydan.tv\\\/az\\\/#website\"},\"primaryImageOfPage\":{\"@id\":\"https:\\\/\\\/www.meydan.tv\\\/az\\\/article\\\/faciesini-isvecreden-esitdiyimiz-lacinli-qiz\\\/#primaryimage\"},\"image\":{\"@id\":\"https:\\\/\\\/www.meydan.tv\\\/az\\\/article\\\/faciesini-isvecreden-esitdiyimiz-lacinli-qiz\\\/#primaryimage\"},\"thumbnailUrl\":\"https:\\\/\\\/www.meydan.tv\\\/wp-content\\\/uploads\\\/6896.jpg\",\"datePublished\":\"2015-05-09T23:20:30+00:00\",\"breadcrumb\":{\"@id\":\"https:\\\/\\\/www.meydan.tv\\\/az\\\/article\\\/faciesini-isvecreden-esitdiyimiz-lacinli-qiz\\\/#breadcrumb\"},\"inLanguage\":\"az\",\"potentialAction\":[{\"@type\":\"ReadAction\",\"target\":[\"https:\\\/\\\/www.meydan.tv\\\/az\\\/article\\\/faciesini-isvecreden-esitdiyimiz-lacinli-qiz\\\/\"]}]},{\"@type\":\"ImageObject\",\"inLanguage\":\"az\",\"@id\":\"https:\\\/\\\/www.meydan.tv\\\/az\\\/article\\\/faciesini-isvecreden-esitdiyimiz-lacinli-qiz\\\/#primaryimage\",\"url\":\"https:\\\/\\\/www.meydan.tv\\\/wp-content\\\/uploads\\\/6896.jpg\",\"contentUrl\":\"https:\\\/\\\/www.meydan.tv\\\/wp-content\\\/uploads\\\/6896.jpg\",\"width\":500,\"height\":500,\"caption\":\"Source:\"},{\"@type\":\"BreadcrumbList\",\"@id\":\"https:\\\/\\\/www.meydan.tv\\\/az\\\/article\\\/faciesini-isvecreden-esitdiyimiz-lacinli-qiz\\\/#breadcrumb\",\"itemListElement\":[{\"@type\":\"ListItem\",\"position\":1,\"name\":\"Ana s\u0259hif\u0259\",\"item\":\"https:\\\/\\\/www.meydan.tv\\\/az\\\/\"},{\"@type\":\"ListItem\",\"position\":2,\"name\":\"M\u0259nim Fikrimc\u0259\",\"item\":\"https:\\\/\\\/www.meydan.tv\\\/az\\\/section\\\/menim-fikrimce\\\/\"},{\"@type\":\"ListItem\",\"position\":3,\"name\":\"Faci\u0259sini \u0130sve\u00e7r\u0259d\u0259n e\u015fitdiyimiz La\u00e7\u0131nl\u0131 q\u0131z\"}]},{\"@type\":\"WebSite\",\"@id\":\"https:\\\/\\\/www.meydan.tv\\\/az\\\/#website\",\"url\":\"https:\\\/\\\/www.meydan.tv\\\/az\\\/\",\"name\":\"MEYDAN.TV\",\"description\":\"Meydan TV Az\u0259rbaycan\u0131n media m\u0259kan\u0131ndak\u0131 alternativ s\u0259sidir\",\"publisher\":{\"@id\":\"https:\\\/\\\/www.meydan.tv\\\/az\\\/#organization\"},\"potentialAction\":[{\"@type\":\"SearchAction\",\"target\":{\"@type\":\"EntryPoint\",\"urlTemplate\":\"https:\\\/\\\/www.meydan.tv\\\/az\\\/?s={search_term_string}\"},\"query-input\":{\"@type\":\"PropertyValueSpecification\",\"valueRequired\":true,\"valueName\":\"search_term_string\"}}],\"inLanguage\":\"az\"},{\"@type\":\"Organization\",\"@id\":\"https:\\\/\\\/www.meydan.tv\\\/az\\\/#organization\",\"name\":\"Meydan TV\",\"url\":\"https:\\\/\\\/www.meydan.tv\\\/az\\\/\",\"logo\":{\"@type\":\"ImageObject\",\"inLanguage\":\"az\",\"@id\":\"https:\\\/\\\/www.meydan.tv\\\/az\\\/#\\\/schema\\\/logo\\\/image\\\/\",\"url\":\"https:\\\/\\\/www.meydan.tv\\\/wp-content\\\/uploads\\\/2021\\\/07\\\/meydan-logo.svg\",\"contentUrl\":\"https:\\\/\\\/www.meydan.tv\\\/wp-content\\\/uploads\\\/2021\\\/07\\\/meydan-logo.svg\",\"width\":195,\"height\":46,\"caption\":\"Meydan TV\"},\"image\":{\"@id\":\"https:\\\/\\\/www.meydan.tv\\\/az\\\/#\\\/schema\\\/logo\\\/image\\\/\"}},{\"@type\":\"Person\",\"@id\":\"https:\\\/\\\/www.meydan.tv\\\/az\\\/#\\\/schema\\\/person\\\/10d11eccf6da3662cf5fdab9806ea91a\",\"name\":\"user-manager\"}]}<\/script>\n<!-- \/ Yoast SEO plugin. -->","yoast_head_json":{"title":"Faci\u0259sini \u0130sve\u00e7r\u0259d\u0259n e\u015fitdiyimiz La\u00e7\u0131nl\u0131 q\u0131z - MEYDAN.TV","robots":{"index":"index","follow":"follow","max-snippet":"max-snippet:-1","max-image-preview":"max-image-preview:large","max-video-preview":"max-video-preview:-1"},"canonical":"https:\/\/www.meydan.tv\/az\/article\/faciesini-isvecreden-esitdiyimiz-lacinli-qiz\/","og_locale":"az_AZ","og_type":"article","og_title":"Faci\u0259sini \u0130sve\u00e7r\u0259d\u0259n e\u015fitdiyimiz La\u00e7\u0131nl\u0131 q\u0131z - MEYDAN.TV","og_description":"\u018fd\u0259biyyat\u0131m\u0131zda yeni hadis\u0259 - \u018fli \u018fkb\u0259rin \u201cGil\u0259\u201dsi","og_url":"https:\/\/www.meydan.tv\/az\/article\/faciesini-isvecreden-esitdiyimiz-lacinli-qiz\/","og_site_name":"MEYDAN.TV","article_published_time":"2015-05-09T23:20:30+00:00","og_image":[{"width":500,"height":500,"url":"https:\/\/www.meydan.tv\/wp-content\/uploads\/6896.jpg","type":"image\/jpeg"}],"author":"user-manager","twitter_card":"summary_large_image","schema":{"@context":"https:\/\/schema.org","@graph":[{"@type":"Article","@id":"https:\/\/www.meydan.tv\/az\/article\/faciesini-isvecreden-esitdiyimiz-lacinli-qiz\/#article","isPartOf":{"@id":"https:\/\/www.meydan.tv\/az\/article\/faciesini-isvecreden-esitdiyimiz-lacinli-qiz\/"},"author":{"name":"user-manager","@id":"https:\/\/www.meydan.tv\/az\/#\/schema\/person\/10d11eccf6da3662cf5fdab9806ea91a"},"headline":"Faci\u0259sini \u0130sve\u00e7r\u0259d\u0259n e\u015fitdiyimiz La\u00e7\u0131nl\u0131 q\u0131z","datePublished":"2015-05-09T23:20:30+00:00","mainEntityOfPage":{"@id":"https:\/\/www.meydan.tv\/az\/article\/faciesini-isvecreden-esitdiyimiz-lacinli-qiz\/"},"wordCount":1391,"publisher":{"@id":"https:\/\/www.meydan.tv\/az\/#organization"},"image":{"@id":"https:\/\/www.meydan.tv\/az\/article\/faciesini-isvecreden-esitdiyimiz-lacinli-qiz\/#primaryimage"},"thumbnailUrl":"https:\/\/www.meydan.tv\/wp-content\/uploads\/6896.jpg","articleSection":["M\u0259nim Fikrimc\u0259"],"inLanguage":"az"},{"@type":"WebPage","@id":"https:\/\/www.meydan.tv\/az\/article\/faciesini-isvecreden-esitdiyimiz-lacinli-qiz\/","url":"https:\/\/www.meydan.tv\/az\/article\/faciesini-isvecreden-esitdiyimiz-lacinli-qiz\/","name":"Faci\u0259sini \u0130sve\u00e7r\u0259d\u0259n e\u015fitdiyimiz La\u00e7\u0131nl\u0131 q\u0131z - MEYDAN.TV","isPartOf":{"@id":"https:\/\/www.meydan.tv\/az\/#website"},"primaryImageOfPage":{"@id":"https:\/\/www.meydan.tv\/az\/article\/faciesini-isvecreden-esitdiyimiz-lacinli-qiz\/#primaryimage"},"image":{"@id":"https:\/\/www.meydan.tv\/az\/article\/faciesini-isvecreden-esitdiyimiz-lacinli-qiz\/#primaryimage"},"thumbnailUrl":"https:\/\/www.meydan.tv\/wp-content\/uploads\/6896.jpg","datePublished":"2015-05-09T23:20:30+00:00","breadcrumb":{"@id":"https:\/\/www.meydan.tv\/az\/article\/faciesini-isvecreden-esitdiyimiz-lacinli-qiz\/#breadcrumb"},"inLanguage":"az","potentialAction":[{"@type":"ReadAction","target":["https:\/\/www.meydan.tv\/az\/article\/faciesini-isvecreden-esitdiyimiz-lacinli-qiz\/"]}]},{"@type":"ImageObject","inLanguage":"az","@id":"https:\/\/www.meydan.tv\/az\/article\/faciesini-isvecreden-esitdiyimiz-lacinli-qiz\/#primaryimage","url":"https:\/\/www.meydan.tv\/wp-content\/uploads\/6896.jpg","contentUrl":"https:\/\/www.meydan.tv\/wp-content\/uploads\/6896.jpg","width":500,"height":500,"caption":"Source:"},{"@type":"BreadcrumbList","@id":"https:\/\/www.meydan.tv\/az\/article\/faciesini-isvecreden-esitdiyimiz-lacinli-qiz\/#breadcrumb","itemListElement":[{"@type":"ListItem","position":1,"name":"Ana s\u0259hif\u0259","item":"https:\/\/www.meydan.tv\/az\/"},{"@type":"ListItem","position":2,"name":"M\u0259nim Fikrimc\u0259","item":"https:\/\/www.meydan.tv\/az\/section\/menim-fikrimce\/"},{"@type":"ListItem","position":3,"name":"Faci\u0259sini \u0130sve\u00e7r\u0259d\u0259n e\u015fitdiyimiz La\u00e7\u0131nl\u0131 q\u0131z"}]},{"@type":"WebSite","@id":"https:\/\/www.meydan.tv\/az\/#website","url":"https:\/\/www.meydan.tv\/az\/","name":"MEYDAN.TV","description":"Meydan TV Az\u0259rbaycan\u0131n media m\u0259kan\u0131ndak\u0131 alternativ s\u0259sidir","publisher":{"@id":"https:\/\/www.meydan.tv\/az\/#organization"},"potentialAction":[{"@type":"SearchAction","target":{"@type":"EntryPoint","urlTemplate":"https:\/\/www.meydan.tv\/az\/?s={search_term_string}"},"query-input":{"@type":"PropertyValueSpecification","valueRequired":true,"valueName":"search_term_string"}}],"inLanguage":"az"},{"@type":"Organization","@id":"https:\/\/www.meydan.tv\/az\/#organization","name":"Meydan TV","url":"https:\/\/www.meydan.tv\/az\/","logo":{"@type":"ImageObject","inLanguage":"az","@id":"https:\/\/www.meydan.tv\/az\/#\/schema\/logo\/image\/","url":"https:\/\/www.meydan.tv\/wp-content\/uploads\/2021\/07\/meydan-logo.svg","contentUrl":"https:\/\/www.meydan.tv\/wp-content\/uploads\/2021\/07\/meydan-logo.svg","width":195,"height":46,"caption":"Meydan TV"},"image":{"@id":"https:\/\/www.meydan.tv\/az\/#\/schema\/logo\/image\/"}},{"@type":"Person","@id":"https:\/\/www.meydan.tv\/az\/#\/schema\/person\/10d11eccf6da3662cf5fdab9806ea91a","name":"user-manager"}]}},"_links":{"self":[{"href":"https:\/\/www.meydan.tv\/az\/wp-json\/wp\/v2\/posts\/167852","targetHints":{"allow":["GET"]}}],"collection":[{"href":"https:\/\/www.meydan.tv\/az\/wp-json\/wp\/v2\/posts"}],"about":[{"href":"https:\/\/www.meydan.tv\/az\/wp-json\/wp\/v2\/types\/post"}],"author":[{"embeddable":true,"href":"https:\/\/www.meydan.tv\/az\/wp-json\/wp\/v2\/users\/11"}],"replies":[{"embeddable":true,"href":"https:\/\/www.meydan.tv\/az\/wp-json\/wp\/v2\/comments?post=167852"}],"version-history":[{"count":0,"href":"https:\/\/www.meydan.tv\/az\/wp-json\/wp\/v2\/posts\/167852\/revisions"}],"wp:featuredmedia":[{"embeddable":true,"href":"https:\/\/www.meydan.tv\/az\/wp-json\/wp\/v2\/media\/19259"}],"wp:attachment":[{"href":"https:\/\/www.meydan.tv\/az\/wp-json\/wp\/v2\/media?parent=167852"}],"wp:term":[{"taxonomy":"category","embeddable":true,"href":"https:\/\/www.meydan.tv\/az\/wp-json\/wp\/v2\/categories?post=167852"},{"taxonomy":"post_tag","embeddable":true,"href":"https:\/\/www.meydan.tv\/az\/wp-json\/wp\/v2\/tags?post=167852"}],"curies":[{"name":"wp","href":"https:\/\/api.w.org\/{rel}","templated":true}]}}