{"id":167850,"date":"2015-05-09T18:47:09","date_gmt":"2015-05-09T18:47:09","guid":{"rendered":"https:\/\/www.meydan.tv\/article\/vasinqtonda-xedice-ismayilin-derhal-azad-olunmasi-cagirisi-seslendi\/"},"modified":"2015-05-09T18:47:09","modified_gmt":"2015-05-09T18:47:09","slug":"vasinqtonda-xedice-ismayilin-derhal-azad-olunmasi-cagirisi-seslendi","status":"publish","type":"post","link":"https:\/\/www.meydan.tv\/az\/article\/vasinqtonda-xedice-ismayilin-derhal-azad-olunmasi-cagirisi-seslendi\/","title":{"rendered":"Va\u015finqtonda X\u0259dic\u0259 \u0130smay\u0131l\u0131n d\u0259rhal azad olunmas\u0131 \u00e7a\u011f\u0131r\u0131\u015f\u0131 s\u0259sl\u0259ndi"},"content":{"rendered":"<figure class=\"wp-block-image size-large\">\n  <img decoding=\"async\" src=\"https:\/\/www.meydan.tv\/az\/23997\/\" alt=\"\" class=\"wp-image-23997\"\/><figcaption><\/figcaption><\/figure>\n<figure class=\"wp-block-image size-large\">\n  <img decoding=\"async\" src=\"https:\/\/www.meydan.tv\/az\/23997\/\" alt=\"\" class=\"wp-image-23997\"\/><figcaption><\/figcaption><\/figure>\n<p>\n  <i><br \/>\n    T<br \/>\n  <\/i><br \/>\n  <i><br \/>\n    \u0259dbird\u0259<br \/>\n  <\/i><br \/>\n  <i><br \/>\n    yaz<br \/>\n  <\/i><br \/>\n  <i><br \/>\n    \u0131\u00e7\u0131<br \/>\n  <\/i><br \/>\n  <i><br \/>\n    v<br \/>\n  <\/i><br \/>\n  <i><br \/>\n    \u0259<br \/>\n  <\/i><br \/>\n  <i><br \/>\n    aktyorlardan X<br \/>\n  <\/i><br \/>\n  <i><br \/>\n    \u0259<br \/>\n  <\/i><br \/>\n  <i><br \/>\n    dic<br \/>\n  <\/i><br \/>\n  <i><br \/>\n    \u0259<br \/>\n  <\/i><br \/>\n  <i><br \/>\n    nin hekay<br \/>\n  <\/i><br \/>\n  <i><br \/>\n    \u0259<br \/>\n  <\/i><br \/>\n  <i><br \/>\n    si il<br \/>\n  <\/i><br \/>\n  <i><br \/>\n    \u0259<br \/>\n  <\/i><br \/>\n  <i><br \/>\n    ba<br \/>\n  <\/i><br \/>\n  <i><br \/>\n    \u011f<br \/>\n  <\/i><br \/>\n  <i><br \/>\n    l<br \/>\n  <\/i><br \/>\n  <i><br \/>\n    \u0131<br \/>\n  <\/i><br \/>\n  <i><br \/>\n    kitab v<br \/>\n  <\/i><br \/>\n  <i><br \/>\n    \u0259<br \/>\n  <\/i><br \/>\n  <i><br \/>\n    ya film ssenarisi haz<br \/>\n  <\/i><br \/>\n  <i><br \/>\n    \u0131<br \/>\n  <\/i><br \/>\n  <i><br \/>\n    rlamaq ist<br \/>\n  <\/i><br \/>\n  <i><br \/>\n    \u0259yi s\u0259sl\u0259nib<br \/>\n  <\/i>\n<\/p>\n<p>\n  Son iki il \u0259rzind\u0259 Az\u0259rbaycan \u00e7ox sayda insan haqlar\u0131 m\u00fcdafi\u0259\u00e7il\u0259ri, v\u0259t\u0259nda\u015f c\u0259miyy\u0259ti n\u00fcmay\u0259nd\u0259l\u0259ri v\u0259 jurnalistl\u0259r h\u0259bs olunub. Az\u0259rbaycan bir s\u0131ra beyn\u0259lxalq t\u0259\u015fkilatlar\u0131n, \u0259l\u0259lx\u00fcsus Avropa \u015euras\u0131n\u0131n \u00fczv\u00fc oldu\u011fu \u00fc\u00e7\u00fcn bu hal beyn\u0259lxalq t\u0259\u015fkilatlarda narahatl\u0131q yarad\u0131r. Beyn\u0259lxalq ictimaiyy\u0259tin q\u0131naqlar\u0131na baxmayaraq, Az\u0259rbaycan h\u00f6k\u00fcm\u0259ti m\u00fcst\u0259qil v\u0259 m\u00fcxalif s\u0259sl\u0259ri bo\u011fma\u011fda davam edir.\n<\/p>\n<p>\n  Bu fikirl\u0259r Va\u015finqtonda Milli Demokratiya Fondunun t\u0259\u015fkil etdiyi &#8220;Az\u0259rbaycan: Demokratik H\u0259mr\u0259yliyin S\u0131naq Yeri&#8221; adl\u0131 t\u0259dbird\u0259 s\u0259sl\u0259nidirl\u0259n ba\u015fl\u0131ca fikirl\u0259r idi.\n<\/p>\n<p>\n  T\u0259dbird\u0259 \u00e7\u0131x\u0131\u015f ed\u0259n Meydan TV-nin direktoru Emin Milli, Azadl\u0131q Radiosunun Az\u0259rbaycan xidm\u0259tinin direktoru K\u0259nan \u018fliyev v\u0259 Karneqi Beyn\u0259lxalq S\u00fclh Fondunun ba\u015f elmi i\u015f\u00e7isi Tomas de Vaal Az\u0259rbaycanda siyasi m\u0259hbuslar\u0131n azad olunmas\u0131n\u0131 t\u0259min etm\u0259yin v\u0259 \u00f6lk\u0259d\u0259ki v\u0259t\u0259nda\u015f c\u0259miyy\u0259tini ayaqda saxlama\u011f\u0131n yollar\u0131n\u0131 m\u00fczakir\u0259 etdil\u0259r.\n<\/p>\n<p>\n  <i><br \/>\n    \u201cH<br \/>\n  <\/i><br \/>\n  <i><br \/>\n    \u00f6<br \/>\n  <\/i><br \/>\n  <i><br \/>\n    k<br \/>\n  <\/i><br \/>\n  <i><br \/>\n    \u00fc<br \/>\n  <\/i><br \/>\n  <i><br \/>\n    m<br \/>\n  <\/i><br \/>\n  <i><br \/>\n    \u0259<br \/>\n  <\/i><br \/>\n  <i><br \/>\n    t dissident icmas<br \/>\n  <\/i><br \/>\n  <i><br \/>\n    \u0131<br \/>\n  <\/i><br \/>\n  <i><br \/>\n    n<br \/>\n  <\/i><br \/>\n  <i><br \/>\n    \u0131<br \/>\n  <\/i><br \/>\n  <i><br \/>\n    tamamil<br \/>\n  <\/i><br \/>\n  <i><br \/>\n    \u0259<br \/>\n  <\/i><br \/>\n  <i><br \/>\n    m<br \/>\n  <\/i><br \/>\n  <i><br \/>\n    \u0259<br \/>\n  <\/i><br \/>\n  <i><br \/>\n    hv ets<br \/>\n  <\/i><br \/>\n  <i><br \/>\n    \u0259<br \/>\n  <\/i><br \/>\n  <i><br \/>\n    , h<br \/>\n  <\/i><br \/>\n  <i><br \/>\n    \u00f6<br \/>\n  <\/i><br \/>\n  <i><br \/>\n    k<br \/>\n  <\/i><br \/>\n  <i><br \/>\n    \u00fc<br \/>\n  <\/i><br \/>\n  <i><br \/>\n    m<br \/>\n  <\/i><br \/>\n  <i><br \/>\n    \u0259<br \/>\n  <\/i><br \/>\n  <i><br \/>\n    tin qar<br \/>\n  <\/i><br \/>\n  <i><br \/>\n    \u015f\u0131<br \/>\n  <\/i><br \/>\n  <i><br \/>\n    s<br \/>\n  <\/i><br \/>\n  <i><br \/>\n    \u0131<br \/>\n  <\/i><br \/>\n  <i><br \/>\n    n<br \/>\n  <\/i><br \/>\n  <i><br \/>\n    \u0131<br \/>\n  <\/i><br \/>\n  <i><br \/>\n    almaq m<br \/>\n  <\/i><br \/>\n  <i><br \/>\n    \u00fc<br \/>\n  <\/i><br \/>\n  <i><br \/>\n    mk<br \/>\n  <\/i><br \/>\n  <i><br \/>\n    \u00fc<br \/>\n  <\/i><br \/>\n  <i><br \/>\n    n olmayacaq\u201d<br \/>\n  <\/i>\n<\/p>\n<p>\n  Bir ne\u00e7\u0259 g\u00fcn \u00f6nc\u0259 X\u0259dic\u0259 \u0130smay\u0131lovan\u0131n \u0259v\u0259zin\u0259 PEN m\u00fckafat\u0131n\u0131 q\u0259bul ed\u0259n Emin Milli X\u0259dic\u0259nin siyasi m\u0259hbuslar\u0131n sif\u0259ti oldu\u011funu dedi v\u0259 onun h\u0259bsinin h\u00f6k\u00fcm\u0259tin m\u00fcst\u0259qil m\u0259tbuatdan n\u0259 d\u0259r\u0259c\u0259d\u0259 qorxdu\u011funun \u0259lam\u0259ti oldu\u011funu vur\u011fulad\u0131.\n<\/p>\n<p>\n  Onun s\u00f6zl\u0259rin\u0259 g\u00f6r\u0259, X\u0259dic\u0259 \u0130smay\u0131l qanunun aliliyi, demokratiya v\u0259 korrupsiyaya qar\u015f\u0131 m\u00fcbariz\u0259 kimi m\u0259n\u0259vi d\u0259y\u0259rl\u0259r\u0259 inan\u0131r. Az\u0259rbaycanda bu c\u00fcr insanlara daha \u00e7ox ehtiyac var. Emin Milli PEN t\u0259dbirind\u0259 i\u015ftirak ed\u0259n yaz\u0131\u00e7\u0131 v\u0259 aktyorlardan X\u0259dic\u0259nin hekay\u0259si il\u0259 ba\u011fl\u0131 kitab v\u0259 ya film ssenarisi haz\u0131rlamaq ist\u0259diyini d\u0259 bildirdi.\n<\/p>\n<p>\n  Emin Milli h\u0259m\u00e7inin dissidentl\u0259r\u0259 olan xarici d\u0259st\u0259yin vacibliyind\u0259n s\u00f6z a\u00e7\u0131b. O, d\u0259st\u0259yin t\u0259kc\u0259 xarici d\u00f6vl\u0259tl\u0259rd\u0259n deyil, t\u0259\u015fkilatlardan v\u0259 f\u0259rdi \u015f\u0259xsl\u0259rd\u0259n g\u0259lm\u0259yin \u0259h\u0259miyy\u0259tini vur\u011fulad\u0131.\n<\/p>\n<p>\n  \u201cAz\u0259rbaycan h\u00f6k\u00fcm\u0259ti bu dissident icmas\u0131n\u0131 tamamil\u0259 m\u0259hv etm\u0259y\u0259 nail olsa, h\u00f6k\u00fcm\u0259tin qar\u015f\u0131s\u0131n\u0131 almaq m\u00fcmk\u00fcn olmayacaq. Az\u0259rbaycanda y\u00fczl\u0259rl\u0259, minl\u0259rl\u0259 insan X\u0259dic\u0259nin inand\u0131\u011f\u0131 v\u0259 t\u0259bli\u011f etdiyi d\u0259y\u0259rl\u0259ri payla\u015f\u0131r. Biz onlar\u0131n s\u0259sl\u0259rini ucaltma\u011fa davam ets\u0259k, onlar\u0131n say\u0131n\u0131 art\u0131rma\u011fa v\u0259 d\u0259y\u0259rl\u0259rini dig\u0259rl\u0259ri il\u0259 payla\u015fmalar\u0131na yard\u0131m ets\u0259k \u00f6lk\u0259d\u0259 yum\u015faq g\u00fcc yaranacaq ki, struktur v\u0259 \u015f\u0259rait d\u0259yi\u015f\u0259nd\u0259 bu bir qrup insan \u00f6lk\u0259ni d\u0259yi\u015fib \u0259v\u0259zin\u0259 sabit, demokratik, yax\u015f\u0131 idar\u0259 olunan \u00f6lk\u0259 yarada bil\u0259c\u0259k,\u201d dey\u0259 Emin Milli bildirdi.\n<\/p>\n<p>\n  (embedded content removed)\n<\/p>\n<p>\n  <i><br \/>\n    \u201cS<br \/>\n  <\/i><br \/>\n  <i><br \/>\n    \u0259b\u0259bl\u0259ri anlamaq \u00fc\u00e7\u00fcn h\u00f6kum\u0259tl\u0259 dialoq vacibdir\u201d<br \/>\n  <\/i>\n<\/p>\n<p>\n  Tomas de Vaal Az\u0259rbaycandak\u0131 t\u0259qibl\u0259rin s\u0259b\u0259bl\u0259rini anlamaq \u00fc\u00e7\u00fcn h\u00f6k\u00fcm\u0259tl\u0259 dialoqa ke\u00e7m\u0259yin, onlar\u0131 bu add\u0131mlar\u0131 atma\u011fa vadar ed\u0259n s\u0259b\u0259bl\u0259ri anlama\u011f\u0131n v\u0259 h\u00f6k\u00fcm\u0259ti bu yoldan d\u00f6nd\u0259rm\u0259yin yollar\u0131n\u0131 ara\u015fd\u0131rma\u011f\u0131n vacibliyini vur\u011fulad\u0131.\n<\/p>\n<p>\n  T\u0259dbir i\u015ftirak\u00e7\u0131lar\u0131 AB\u015e-Az\u0259rbaycan \u0259laq\u0259l\u0259ri m\u0259s\u0259l\u0259sin\u0259 d\u0259 toxundular. Son vaxtlar Az\u0259rbaycan m\u0259tbuat\u0131nda anti-amerikan kampaniya ba\u015flad\u0131l\u0131b. \u00d6t\u0259n ilin dekabr ay\u0131nda Ramiz Mehdiyev Amerika h\u00f6k\u00fcm\u0259tini t\u0259nqid ed\u0259n bir m\u0259qal\u0259d\u0259 d\u0259rc edib, daha sonra son h\u0259ft\u0259l\u0259r \u0259rzind\u0259 Az\u0259rbaycan televiziya kanallar\u0131 v\u0259 q\u0259zetl\u0259ri anti-AB\u015e kampaniya ba\u015fladaraq, D\u00f6vl\u0259t Katibi Con Kerrini erm\u0259nip\u0259r\u0259st olmaqda v\u0259 Az\u0259rbaycana qar\u015f\u0131 t\u0259xribat aparmaqda ittiham edibl\u0259r.\n<\/p>\n<p>\n  <i><br \/>\n    \u201cAB<br \/>\n  <\/i><br \/>\n  <i><br \/>\n    \u015e-\u0131n<br \/>\n  <\/i><br \/>\n  <i><\/i><br \/>\n  <i><br \/>\n    \u00f6<br \/>\n  <\/i><br \/>\n  <i><br \/>\n    z t<br \/>\n  <\/i><br \/>\n  <i><br \/>\n    \u0259\u015f<br \/>\n  <\/i><br \/>\n  <i><br \/>\n    kilatlar<br \/>\n  <\/i><br \/>\n  <i><br \/>\n    \u0131<br \/>\n  <\/i><br \/>\n  <i><\/i><br \/>\n  <i><br \/>\n    \u00fc\u00e7\u00fc<br \/>\n  <\/i><br \/>\n  <i><br \/>\n    n m<br \/>\n  <\/i><br \/>\n  <i><br \/>\n    \u00fc<br \/>\n  <\/i><br \/>\n  <i><br \/>\n    bariz<br \/>\n  <\/i><br \/>\n  <i><br \/>\n    \u0259<br \/>\n  <\/i><br \/>\n  <i><br \/>\n    aparmamas<br \/>\n  <\/i><br \/>\n  <i><br \/>\n    \u0131 m\u0259yusedicidir\u201d<br \/>\n  <\/i>\n<\/p>\n<p>\n  Azadl\u0131q Radiosunun Az\u0259rbaycan Xidm\u0259tinin r\u0259hb\u0259ri K\u0259nan \u018fliyev sistematik \u015f\u0259kild\u0259 Az\u0259rbaycanda v\u0259t\u0259nda\u015f c\u0259miyy\u0259tinin m\u0259hv edildiyini, media v\u0259 beyn\u0259lxalq t\u0259\u015fkilatlar\u0131n \u00f6lk\u0259d\u0259 f\u0259aliyy\u0259t g\u00f6st\u0259r\u0259 bilm\u0259dik\u0259rini bildirdi.\n<\/p>\n<p>\n  &#8220;Amerikan\u0131n S\u0259si&#8221;<\/p>\n","protected":false},"excerpt":{"rendered":"<p>T\u0259dbird\u0259 yaz\u0131\u00e7\u0131 v\u0259 aktyorlardan X\u0259dic\u0259nin hekay\u0259si il\u0259 ba\u011fl\u0131 kitab v\u0259 ya film ssenarisi haz\u0131rlamaq ist\u0259yi s\u0259sl\u0259nib<\/p>\n","protected":false},"author":11,"featured_media":23997,"comment_status":"closed","ping_status":"open","sticky":false,"template":"","format":"standard","meta":{"_acf_changed":false,"_sitemap_exclude":false,"_sitemap_priority":"","_sitemap_frequency":"","footnotes":""},"categories":[56],"tags":[],"class_list":["post-167850","post","type-post","status-publish","format-standard","has-post-thumbnail","hentry","category-xeberler","infinite-scroll-item","generate-columns","tablet-grid-50","mobile-grid-100","grid-parent","grid-33","no-featured-image-padding"],"acf":[],"yoast_head":"<!-- This site is optimized with the Yoast SEO plugin v28.4 - https:\/\/yoast.com\/product\/yoast-seo-wordpress\/ -->\n<title>Va\u015finqtonda X\u0259dic\u0259 \u0130smay\u0131l\u0131n d\u0259rhal azad olunmas\u0131 \u00e7a\u011f\u0131r\u0131\u015f\u0131 s\u0259sl\u0259ndi - MEYDAN.TV<\/title>\n<meta name=\"robots\" content=\"index, follow, max-snippet:-1, max-image-preview:large, max-video-preview:-1\" \/>\n<link rel=\"canonical\" href=\"https:\/\/www.meydan.tv\/az\/article\/vasinqtonda-xedice-ismayilin-derhal-azad-olunmasi-cagirisi-seslendi\/\" \/>\n<meta property=\"og:locale\" content=\"az_AZ\" \/>\n<meta property=\"og:type\" content=\"article\" \/>\n<meta property=\"og:title\" content=\"Va\u015finqtonda X\u0259dic\u0259 \u0130smay\u0131l\u0131n d\u0259rhal azad olunmas\u0131 \u00e7a\u011f\u0131r\u0131\u015f\u0131 s\u0259sl\u0259ndi - MEYDAN.TV\" \/>\n<meta property=\"og:description\" content=\"T\u0259dbird\u0259 yaz\u0131\u00e7\u0131 v\u0259 aktyorlardan X\u0259dic\u0259nin hekay\u0259si il\u0259 ba\u011fl\u0131 kitab v\u0259 ya film ssenarisi haz\u0131rlamaq ist\u0259yi s\u0259sl\u0259nib\" \/>\n<meta property=\"og:url\" content=\"https:\/\/www.meydan.tv\/az\/article\/vasinqtonda-xedice-ismayilin-derhal-azad-olunmasi-cagirisi-seslendi\/\" \/>\n<meta property=\"og:site_name\" content=\"MEYDAN.TV\" \/>\n<meta property=\"article:published_time\" content=\"2015-05-09T18:47:09+00:00\" \/>\n<meta property=\"og:image\" content=\"https:\/\/www.meydan.tv\/wp-content\/uploads\/8729.jpg\" \/>\n\t<meta property=\"og:image:width\" content=\"640\" \/>\n\t<meta property=\"og:image:height\" content=\"480\" \/>\n\t<meta property=\"og:image:type\" content=\"image\/jpeg\" \/>\n<meta name=\"twitter:card\" content=\"summary_large_image\" \/>\n<!-- \/ Yoast SEO plugin. -->","yoast_head_json":{"title":"Va\u015finqtonda X\u0259dic\u0259 \u0130smay\u0131l\u0131n d\u0259rhal azad olunmas\u0131 \u00e7a\u011f\u0131r\u0131\u015f\u0131 s\u0259sl\u0259ndi - MEYDAN.TV","robots":{"index":"index","follow":"follow","max-snippet":"max-snippet:-1","max-image-preview":"max-image-preview:large","max-video-preview":"max-video-preview:-1"},"canonical":"https:\/\/www.meydan.tv\/az\/article\/vasinqtonda-xedice-ismayilin-derhal-azad-olunmasi-cagirisi-seslendi\/","og_locale":"az_AZ","og_type":"article","og_title":"Va\u015finqtonda X\u0259dic\u0259 \u0130smay\u0131l\u0131n d\u0259rhal azad olunmas\u0131 \u00e7a\u011f\u0131r\u0131\u015f\u0131 s\u0259sl\u0259ndi - MEYDAN.TV","og_description":"T\u0259dbird\u0259 yaz\u0131\u00e7\u0131 v\u0259 aktyorlardan X\u0259dic\u0259nin hekay\u0259si il\u0259 ba\u011fl\u0131 kitab v\u0259 ya film ssenarisi haz\u0131rlamaq ist\u0259yi s\u0259sl\u0259nib","og_url":"https:\/\/www.meydan.tv\/az\/article\/vasinqtonda-xedice-ismayilin-derhal-azad-olunmasi-cagirisi-seslendi\/","og_site_name":"MEYDAN.TV","article_published_time":"2015-05-09T18:47:09+00:00","og_image":[{"width":640,"height":480,"url":"https:\/\/www.meydan.tv\/wp-content\/uploads\/8729.jpg","type":"image\/jpeg"}],"twitter_card":"summary_large_image","schema":{"@context":"https:\/\/schema.org","@graph":[{"@type":"Article","@id":"https:\/\/www.meydan.tv\/az\/article\/vasinqtonda-xedice-ismayilin-derhal-azad-olunmasi-cagirisi-seslendi\/#article","isPartOf":{"@id":"https:\/\/www.meydan.tv\/az\/article\/vasinqtonda-xedice-ismayilin-derhal-azad-olunmasi-cagirisi-seslendi\/"},"author":{"name":"user-manager","@id":"https:\/\/www.meydan.tv\/az\/#\/schema\/person\/10d11eccf6da3662cf5fdab9806ea91a"},"headline":"Va\u015finqtonda X\u0259dic\u0259 \u0130smay\u0131l\u0131n d\u0259rhal azad olunmas\u0131 \u00e7a\u011f\u0131r\u0131\u015f\u0131 s\u0259sl\u0259ndi","datePublished":"2015-05-09T18:47:09+00:00","mainEntityOfPage":{"@id":"https:\/\/www.meydan.tv\/az\/article\/vasinqtonda-xedice-ismayilin-derhal-azad-olunmasi-cagirisi-seslendi\/"},"wordCount":781,"publisher":{"@id":"https:\/\/www.meydan.tv\/az\/#organization"},"image":{"@id":"https:\/\/www.meydan.tv\/az\/article\/vasinqtonda-xedice-ismayilin-derhal-azad-olunmasi-cagirisi-seslendi\/#primaryimage"},"thumbnailUrl":"https:\/\/www.meydan.tv\/wp-content\/uploads\/8729.jpg","articleSection":["X\u0259b\u0259rl\u0259r"],"inLanguage":"az"},{"@type":"WebPage","@id":"https:\/\/www.meydan.tv\/az\/article\/vasinqtonda-xedice-ismayilin-derhal-azad-olunmasi-cagirisi-seslendi\/","url":"https:\/\/www.meydan.tv\/az\/article\/vasinqtonda-xedice-ismayilin-derhal-azad-olunmasi-cagirisi-seslendi\/","name":"Va\u015finqtonda X\u0259dic\u0259 \u0130smay\u0131l\u0131n d\u0259rhal azad olunmas\u0131 \u00e7a\u011f\u0131r\u0131\u015f\u0131 s\u0259sl\u0259ndi - MEYDAN.TV","isPartOf":{"@id":"https:\/\/www.meydan.tv\/az\/#website"},"primaryImageOfPage":{"@id":"https:\/\/www.meydan.tv\/az\/article\/vasinqtonda-xedice-ismayilin-derhal-azad-olunmasi-cagirisi-seslendi\/#primaryimage"},"image":{"@id":"https:\/\/www.meydan.tv\/az\/article\/vasinqtonda-xedice-ismayilin-derhal-azad-olunmasi-cagirisi-seslendi\/#primaryimage"},"thumbnailUrl":"https:\/\/www.meydan.tv\/wp-content\/uploads\/8729.jpg","datePublished":"2015-05-09T18:47:09+00:00","breadcrumb":{"@id":"https:\/\/www.meydan.tv\/az\/article\/vasinqtonda-xedice-ismayilin-derhal-azad-olunmasi-cagirisi-seslendi\/#breadcrumb"},"inLanguage":"az","potentialAction":[{"@type":"ReadAction","target":["https:\/\/www.meydan.tv\/az\/article\/vasinqtonda-xedice-ismayilin-derhal-azad-olunmasi-cagirisi-seslendi\/"]}]},{"@type":"ImageObject","inLanguage":"az","@id":"https:\/\/www.meydan.tv\/az\/article\/vasinqtonda-xedice-ismayilin-derhal-azad-olunmasi-cagirisi-seslendi\/#primaryimage","url":"https:\/\/www.meydan.tv\/wp-content\/uploads\/8729.jpg","contentUrl":"https:\/\/www.meydan.tv\/wp-content\/uploads\/8729.jpg","width":640,"height":480,"caption":"Source:"},{"@type":"BreadcrumbList","@id":"https:\/\/www.meydan.tv\/az\/article\/vasinqtonda-xedice-ismayilin-derhal-azad-olunmasi-cagirisi-seslendi\/#breadcrumb","itemListElement":[{"@type":"ListItem","position":1,"name":"Ana s\u0259hif\u0259","item":"https:\/\/www.meydan.tv\/az\/"},{"@type":"ListItem","position":2,"name":"X\u0259b\u0259rl\u0259r","item":"https:\/\/www.meydan.tv\/az\/section\/xeberler\/"},{"@type":"ListItem","position":3,"name":"Va\u015finqtonda X\u0259dic\u0259 \u0130smay\u0131l\u0131n d\u0259rhal azad olunmas\u0131 \u00e7a\u011f\u0131r\u0131\u015f\u0131 s\u0259sl\u0259ndi"}]},{"@type":"WebSite","@id":"https:\/\/www.meydan.tv\/az\/#website","url":"https:\/\/www.meydan.tv\/az\/","name":"MEYDAN.TV","description":"Meydan TV Az\u0259rbaycan\u0131n media m\u0259kan\u0131ndak\u0131 alternativ s\u0259sidir","publisher":{"@id":"https:\/\/www.meydan.tv\/az\/#organization"},"potentialAction":[{"@type":"SearchAction","target":{"@type":"EntryPoint","urlTemplate":"https:\/\/www.meydan.tv\/az\/?s={search_term_string}"},"query-input":{"@type":"PropertyValueSpecification","valueRequired":true,"valueName":"search_term_string"}}],"inLanguage":"az"},{"@type":"Organization","@id":"https:\/\/www.meydan.tv\/az\/#organization","name":"Meydan TV","url":"https:\/\/www.meydan.tv\/az\/","logo":{"@type":"ImageObject","inLanguage":"az","@id":"https:\/\/www.meydan.tv\/az\/#\/schema\/logo\/image\/","url":"https:\/\/www.meydan.tv\/wp-content\/uploads\/2021\/07\/meydan-logo.svg","contentUrl":"https:\/\/www.meydan.tv\/wp-content\/uploads\/2021\/07\/meydan-logo.svg","width":195,"height":46,"caption":"Meydan TV"},"image":{"@id":"https:\/\/www.meydan.tv\/az\/#\/schema\/logo\/image\/"}},{"@type":"Person","@id":"https:\/\/www.meydan.tv\/az\/#\/schema\/person\/10d11eccf6da3662cf5fdab9806ea91a","name":"user-manager"}]}},"_links":{"self":[{"href":"https:\/\/www.meydan.tv\/az\/wp-json\/wp\/v2\/posts\/167850","targetHints":{"allow":["GET"]}}],"collection":[{"href":"https:\/\/www.meydan.tv\/az\/wp-json\/wp\/v2\/posts"}],"about":[{"href":"https:\/\/www.meydan.tv\/az\/wp-json\/wp\/v2\/types\/post"}],"author":[{"embeddable":true,"href":"https:\/\/www.meydan.tv\/az\/wp-json\/wp\/v2\/users\/11"}],"replies":[{"embeddable":true,"href":"https:\/\/www.meydan.tv\/az\/wp-json\/wp\/v2\/comments?post=167850"}],"version-history":[{"count":0,"href":"https:\/\/www.meydan.tv\/az\/wp-json\/wp\/v2\/posts\/167850\/revisions"}],"wp:featuredmedia":[{"embeddable":true,"href":"https:\/\/www.meydan.tv\/az\/wp-json\/wp\/v2\/media\/23997"}],"wp:attachment":[{"href":"https:\/\/www.meydan.tv\/az\/wp-json\/wp\/v2\/media?parent=167850"}],"wp:term":[{"taxonomy":"category","embeddable":true,"href":"https:\/\/www.meydan.tv\/az\/wp-json\/wp\/v2\/categories?post=167850"},{"taxonomy":"post_tag","embeddable":true,"href":"https:\/\/www.meydan.tv\/az\/wp-json\/wp\/v2\/tags?post=167850"}],"curies":[{"name":"wp","href":"https:\/\/api.w.org\/{rel}","templated":true}]}}