{"id":167848,"date":"2015-05-09T16:04:43","date_gmt":"2015-05-09T16:04:43","guid":{"rendered":"https:\/\/www.meydan.tv\/article\/avropa-birliyi-yoxsa-boko-haram\/"},"modified":"2015-05-09T16:04:43","modified_gmt":"2015-05-09T16:04:43","slug":"avropa-birliyi-yoxsa-boko-haram","status":"publish","type":"post","link":"https:\/\/www.meydan.tv\/az\/article\/avropa-birliyi-yoxsa-boko-haram\/","title":{"rendered":"Avropa Birliyi, yoxsa Boko Haram?"},"content":{"rendered":"<figure class=\"wp-block-image size-large\">\n  <img decoding=\"async\" src=\"https:\/\/www.meydan.tv\/az\/23985\/\" alt=\"\" class=\"wp-image-23985\"\/><figcaption><\/figcaption><\/figure>\n<figure class=\"wp-block-image size-large\">\n  <img decoding=\"async\" src=\"https:\/\/www.meydan.tv\/az\/23988\/\" alt=\"\" class=\"wp-image-23988\"\/><figcaption><\/figcaption><\/figure>\n<p>\n  <i><br \/>\n    Bel\u0259 gets\u0259, ikincini se\u00e7m\u0259li olacay\u0131q<br \/>\n  <\/i>\n<\/p>\n<p>\n  Ham\u0131 il\u0259 d\u00fc\u015fm\u0259n olmaq. Az\u0259rbaycan sanki b\u00fct\u00fcn yax\u0131n v\u0259 uzaq qon\u015fular\u0131 il\u0259 m\u00fcnasib\u0259tl\u0259ri korlamaq x\u0259tti se\u00e7ib. R\u0259smi Bak\u0131n\u0131n normal m\u00fcnasib\u0259td\u0259 oldu\u011fu \u00f6lk\u0259 yoxdur.\n<\/p>\n<p>\n  \u018fn \u00e7ox is\u0259 h\u0259d\u0259f\u0259 \u00e7\u0131xar\u0131lan Q\u0259rbdir. \u0130qtidar sanki Q\u0259rbi b\u00f6lg\u0259d\u0259n qovmaq ist\u0259yir. Bu, fantastik bir yana\u015fma olsa bel\u0259, sual yaran\u0131r: Q\u0259rb Az\u0259rbaycandan gets\u0259, bo\u015flu\u011fu kim dolduracaq? Rusiya, \u0130ran, yoxsa S\u0259udiyy\u0259 \u018fr\u0259bistan\u0131 v\u0259 yaxud \u015eimali Koreya? Q\u0259rb Az\u0259rbaycandan ged\u0259rs\u0259, Az\u0259rbaycan c\u0259miyy\u0259tinin h\u0259yat\u0131nda hans\u0131 d\u0259yi\u015fiklikl\u0259r ba\u015f ver\u0259c\u0259k? Q\u0259rbin, beyn\u0259lxalq t\u0259\u015fkilatlar\u0131n bu q\u0259d\u0259r t\u0259zyiqin\u0259 r\u0259\u011fm\u0259n Az\u0259rbaycan hakimiyy\u0259ti insanlar\u0131n \u0259n elementar h\u00fcququnu pozmaqda davam edirs\u0259, b\u00f6lg\u0259y\u0259 Rusiya, yaxud S\u0259udiyy\u0259 \u018fr\u0259bistan\u0131 g\u0259ls\u0259, v\u0259ziyy\u0259t nec\u0259 olacaq?\n<\/p>\n<p>\n  \u018flb\u0259tt\u0259 ki, Birl\u0259\u015fmi\u015f \u015etatlar, beyn\u0259lxalq qurumlar da ideal deyil. Lakin bir\u00a0\u00a0anl\u0131\u011fa d\u00fc\u015f\u00fcn\u0259k ki,\u00a0\u00a0AB\u015e, NATO, Avropa \u015euras\u0131, Avropa Birliyi m\u00f6vcud deyil v\u0259 Az\u0259rbaycan Putin Rusiyas\u0131 il\u0259 v\u0259 yaxud \u0130\u015e\u0130D-\u0259 b\u0259nz\u0259r bir q\u00fcvv\u0259 il\u0259 \u00fcz-\u00fcz\u0259 qal\u0131b. Yaxud Q\u0259rb t\u0259hsilini haram adland\u0131ran Boko Haram Az\u0259rbaycanda \u0259sas siyasi q\u00fcvv\u0259y\u0259 \u00e7evrilib. \u0130nsan\u0131m\u0131z bu halda hans\u0131 v\u0259ziyy\u0259td\u0259 ola bil\u0259rdi?\n<\/p>\n<p>\n  Q\u0259rb\u00a0\u00a0Az\u0259rbaycandan qovmaq ist\u0259y\u0259nl\u0259r \u00f6nc\u0259 bunu d\u00fc\u015f\u00fcnm\u0259lidirl\u0259r. M\u0259murlar\u0131n anti-Q\u0259rb isteriyas\u0131n\u0131n arxas\u0131nda \u0259slind\u0259 onlar\u0131n demokratiyaya nifr\u0259ti dayan\u0131r.\u00a0\u00d6vladlar\u0131n\u0131\u00a0Q\u0259rbd\u0259 t\u0259hsil alma\u011fa g\u00f6nd\u0259r\u0259n, Avropada biznes quran m\u0259murlar \u0259slind\u0259 r\u0259\u011fb\u0259tl\u0259rinin istiqam\u0259tini g\u00f6st\u0259rmi\u015f olurlar. Sad\u0259c\u0259\u00a0\u00a0olaraq, demokratiyaya nifr\u0259t Rusiyan\u0131 v\u0259 ona b\u0259nz\u0259r \u00f6lk\u0259l\u0259ri se\u00e7m\u0259y\u0259 vadar edir. M\u0259murlar\u0131n ist\u0259yi anla\u015f\u0131land\u0131r.\n<\/p>\n<p>\n  Sad\u0259 insanlar\u0131n beyn\u0259lxalq t\u0259\u015fkilatlara bu d\u0259r\u0259c\u0259d\u0259 aqressiyas\u0131n\u0131 anlamaq is\u0259 bir q\u0259d\u0259r \u00e7\u0259tindir.\n<\/p>\n<p>\n  \u018flb\u0259tt\u0259 ki, insanlar Az\u0259rbaycanda demokratiyan\u0131n neft\u0259 qurban verilm\u0259sini \u201cSem day\u0131\u201dya ba\u011f\u0131\u015flaya bilmirl\u0259r. Lakin bir daha\u00a0\u00a0bir anl\u0131\u011fa d\u00fc\u015f\u00fcn\u0259k ki, \u201cdemokratiya d\u0259y\u0259n\u0259yi\u201d yoxdur, Az\u0259rbaycan m\u0259murlar\u0131n\u0131n \u00f6zba\u015f\u0131nal\u0131qlar\u0131n\u0131n miqyas\u0131n\u0131 t\u0259s\u0259vv\u00fcr ed\u0259 bil\u0259rik.\n<\/p>\n<p>\n  Az\u0259rbaycanda demokratiya anlay\u0131\u015f\u0131na alternativ axtarmaq v\u0259 ya onu milli, yerli formada t\u0259qdim etm\u0259k c\u0259hdl\u0259ri \u00e7ox olub.\n<\/p>\n<p>\n  D\u00f6vl\u0259t r\u0259smil\u0259ri demokratiyaya m\u00fcxt\u0259lif \u015f\u0259rhl\u0259r, yozumlar verm\u0259y\u0259 ba\u015flay\u0131blar.\n<\/p>\n<p>\n  \u018fvv\u0259lc\u0259 \u201cm\u0259suliyy\u0259tli demokratiya\u201d anlay\u0131\u015f\u0131 meydana \u00e7\u0131xd\u0131. Bununla \u00f6lk\u0259d\u0259 m\u00f6vcud olan s\u0259rt avtoritar rejim\u0259 haqq qazand\u0131rma\u011fa c\u0259hd etdil\u0259r. Hakimiyy\u0259t daim xaricd\u0259n demokratiyan\u0131n v\u0259ziyy\u0259ti il\u0259 ba\u011fl\u0131 t\u0259nqidl\u0259r\u0259 m\u0259ruz qald\u0131\u011f\u0131ndan sonradan \u201csuveren demokratiya\u201d anlay\u0131\u015f\u0131 yarand\u0131.\u00a0Bu, daha\u00a0\u00e7ox neftd\u0259n g\u0259l\u0259n g\u0259lirl\u0259rin artma\u011fa ba\u015flad\u0131\u011f\u0131 son d\u00f6vrl\u0259r\u0259 aiddir.\n<\/p>\n<p>\n  Daxili maliyy\u0259 resurslar\u0131 qazanan hakimiyy\u0259t \u0259ld\u0259 etdiyi iqtisadi m\u00fcst\u0259qillikd\u0259n siyasi m\u00fcqavim\u0259tini art\u0131rmaq \u00fc\u00e7\u00fcn istifad\u0259 etm\u0259y\u0259 ba\u015flad\u0131. Demokratiya v\u0259 insan haqlar\u0131 il\u0259 ba\u011fl\u0131 h\u0259r hans\u0131 irad b\u00f6y\u00fck etirazla qar\u015f\u0131lan\u0131r, bunun q\u0259r\u0259zli oldu\u011fu bildirilir v\u0259 daxili i\u015fl\u0259r\u0259 qar\u0131\u015fmaq kimi qiym\u0259tl\u0259ndirilir.\n<\/p>\n<p>\n  Lakin bir h\u0259qiq\u0259t\u00a0\u00a0var.\u00a0D\u00fcnyadak\u0131 avtoritar rejiml\u0259r uzun m\u00fcdd\u0259t qalmayacaq. Art\u0131q d\u00fcnyada el\u0259\u00a0\u00a0qlobal proses gedir ki, m\u00fc\u0259yy\u0259n bir ard\u0131c\u0131ll\u0131qla onlar\u0131n ham\u0131s\u0131 \u00e7\u00f6k\u0259c\u0259k.\n<\/p>\n<p>\n  D\u00fcnyan\u0131n h\u0259r yerind\u0259 avtoritar liderl\u0259r hakimiyy\u0259tl\u0259rini\u00a0\u00a0itir\u0259-itir\u0259 gedir, xalqlar is\u0259 qalib g\u0259lirl\u0259r.\n<\/p>\n<p>\n  Qlobal tendensiyan\u0131n\u00a0qar\u015f\u0131s\u0131n\u0131 almaq m\u00fcmk\u00fcn olmayacaq, o c\u00fcml\u0259d\u0259n Az\u0259rbaycanda da demokratiya b\u0259rq\u0259rar olacaq.\u00a0Do\u011frudur, Q\u0259rb \u00f6lk\u0259l\u0259ri d\u0259 problem\u0259 h\u0259mi\u015f\u0259 adekvat yana\u015fm\u0131rlar, b\u00fct\u00fcn \u00f6lk\u0259l\u0259rd\u0259 demokratiyan\u0131 prinsipial m\u00fcdafi\u0259 etmirl\u0259r, amma h\u0259r halda, getdikc\u0259 demokratiyan\u0131n c\u0259bh\u0259sini b\u00f6y\u00fcd\u00fcrl\u0259r.\u00a0Avtoritar\u00a0\u00f6lk\u0259l\u0259rin h\u0259r birind\u0259 demokratiya Q\u0259rbin f\u0259al i\u015ftirak\u0131 il\u0259 b\u0259rq\u0259rar olub.\n<\/p>\n<p>\n  Yuxar\u0131da da vur\u011fulad\u0131\u011f\u0131m\u0131z kimi,\u00a0hakimiyy\u0259tin demokratiyaya nifr\u0259t etm\u0259si t\u0259kc\u0259 neft amili il\u0259 ba\u011fl\u0131 deyil. G\u0259lin n\u0259z\u0259r salaq, haz\u0131rda regionda hans\u0131 prosesl\u0259r ba\u015f verir v\u0259 r\u0259smi Bak\u0131ya \u00f6z\u00fcn\u00fc bu c\u00fcr aparma\u011fa n\u0259 imkan verir?\n<\/p>\n<p>\n  Bir t\u0259r\u0259fd\u0259n burada\u00a0enerji amilinin \u015f\u00fcbh\u0259siz rolu var. Hakimiyy\u0259t v\u0259 Q\u0259rb bunu gizl\u0259tmir.\u00a0Q\u0259rb \u00fc\u00e7\u00fcn\u00a0\u00a0d\u0259y\u0259rl\u0259r v\u0259 maraqlar m\u00f6vcuddur. Q\u0259rb\u00a0demokratik d\u0259y\u0259rl\u0259rin t\u0259minat\u0131 m\u0259s\u0259l\u0259sini n\u0259z\u0259rd\u0259 tutanda bunu, ilk n\u00f6vb\u0259d\u0259, \u00f6z v\u0259t\u0259nda\u015flar\u0131na \u015famil edir. Az\u0259rbaycanda bu d\u0259y\u0259rl\u0259rin t\u0259tbiqi m\u0259s\u0259l\u0259sin\u0259 g\u0259l\u0259nd\u0259 is\u0259 burada maraqlar t\u0259r\u0259fi daha \u00fcst\u00fcn g\u0259lir.\u00a0Amma eyni zamanda onu da n\u0259z\u0259r\u0259 almaq laz\u0131md\u0131r ki,\n<\/p>\n<p>\n  Az\u0259rbaycan t\u0259r\u0259fi demokratik d\u0259y\u0259rl\u0259rd\u0259n \u00f6z\u00fc imtina edir.\u00a0Az\u0259rbaycandan bir \u00e7ox layih\u0259l\u0259rd\u0259 tranzit \u00f6lk\u0259 kimi istifad\u0259 olunur.<br \/>\n  <br \/>\n  Bu da hakimiyy\u0259t\u0259 m\u00fc\u0259yy\u0259n dividentl\u0259r verm\u0259mi\u015f deyil. Maraqlar\u0131n ba\u015fqa bir qrupu is\u0259 regiondak\u0131 ciddi qar\u015f\u0131durma il\u0259 ba\u011fl\u0131d\u0131r.\n<\/p>\n<p>\n  Burada s\u00f6hb\u0259t t\u0259kc\u0259 enerji maraqlar\u0131n\u0131n toqqu\u015fmas\u0131ndan getmir. Az\u0259rbaycan\u0131n regiondak\u0131 v\u0259ziyy\u0259ti il\u0259 ba\u011fl\u0131 Avropan\u0131n, Rusiyan\u0131n v\u0259 AB\u015e-\u0131n bir-birind\u0259n f\u0259rqli maraqlar\u0131 var. \u00dc\u00e7\u00fcnc\u00fc maraqlar qrupu is\u0259 \u0130ranla ba\u011fl\u0131 olan m\u0259s\u0259l\u0259l\u0259rdir ki, Q\u0259rbin Tehranla m\u00fcnasib\u0259tl\u0259rind\u0259 Az\u0259rbaycan\u0131n konkret yeri v\u0259 rolu var.\n<\/p>\n<p>\n  Q\u0259rb avtoritar rejiml\u0259r\u00a0qar\u015f\u0131s\u0131nda q\u0259tiyy\u0259n aciz deyil. Q\u0259rb diktatorlardan q\u0259tiyy\u0259n qorxmur. Q\u0259rb he\u00e7 d\u0259 h\u0259mi\u015f\u0259 demokratiyan\u0131 neft\u0259 qurban vermir. Sad\u0259c\u0259, ba\u015fqa probleml\u0259r var.\n<\/p>\n<p>\n  \u00dcmumiyy\u0259tl\u0259, Az\u0259rbaycan tipli avtoritar rejiml\u0259r\u0259 o vaxta q\u0259d\u0259r d\u00f6z\u00fcl\u00fcr ki, onlar Q\u0259rbin maraqlar\u0131na mane olmurlar.\u00a0Haz\u0131rda\u00a0b\u00f6y\u00fck siyasi, iqtisadi probleml\u0259rl\u0259 m\u0259\u015f\u011ful olan Q\u0259rb \u00fc\u00e7\u00fcn Az\u0259rbaycan hakimiyy\u0259ti kimi iqtidarlara reaksiya verm\u0259k vacib deyil.\u00a0Bu, haz\u0131rda\u00a0bel\u0259dir. Amma bu d\u0259y\u0259rl\u0259r\u00a0sabah d\u0259yi\u015f\u0259 bil\u0259r. Nec\u0259 ki, biz yax\u0131n ke\u00e7mi\u015f\u0259 n\u0259z\u0259r salsaq, bu c\u00fcr m\u00f6vqe s\u0259rgil\u0259y\u0259n rejiml\u0259rin hans\u0131 aqib\u0259tl\u0259 \u00fczl\u0259\u015fdiyini a\u00e7\u0131q \u015f\u0259kild\u0259 g\u00f6r\u0259rik. Bu bax\u0131mdan, bu g\u00fcn \u00e7ox g\u00fccl\u00fc g\u00f6r\u00fcn\u0259n Az\u0259rbaycan hakimiyy\u0259ti sabah olduqca \u00e7\u0259tin duruma d\u00fc\u015f\u0259 bil\u0259r. Odur ki, b\u00fct\u00fcn d\u00fcnyaya yumruq silk\u0259l\u0259m\u0259kd\u0259n \u00f6nc\u0259 d\u00fc\u015f\u00fcnm\u0259k laz\u0131m g\u0259lir. Q\u0259rb\u0259, beyn\u0259lxalq t\u0259\u015fkilatlara sava\u015f a\u00e7an hakimiyy\u0259tl\u0259rin sonu ac\u0131nacaql\u0131 olur. Bak\u0131n\u0131 da bel\u0259 bir perspektiv g\u00f6zl\u0259y\u0259 bil\u0259r&#8230;\n<\/p><\/p>\n","protected":false},"excerpt":{"rendered":"<p>Bel\u0259 gets\u0259, ikincini se\u00e7m\u0259li olacay\u0131q<\/p>\n","protected":false},"author":11,"featured_media":23985,"comment_status":"closed","ping_status":"open","sticky":false,"template":"","format":"standard","meta":{"_acf_changed":false,"_sitemap_exclude":false,"_sitemap_priority":"","_sitemap_frequency":"","footnotes":""},"categories":[56],"tags":[],"class_list":["post-167848","post","type-post","status-publish","format-standard","has-post-thumbnail","hentry","category-xeberler","infinite-scroll-item","generate-columns","tablet-grid-50","mobile-grid-100","grid-parent","grid-33","no-featured-image-padding"],"acf":[],"yoast_head":"<!-- This site is optimized with the Yoast SEO plugin v28.4 - https:\/\/yoast.com\/product\/yoast-seo-wordpress\/ -->\n<title>Avropa Birliyi, yoxsa Boko Haram? - MEYDAN.TV<\/title>\n<meta name=\"robots\" content=\"index, follow, max-snippet:-1, max-image-preview:large, max-video-preview:-1\" \/>\n<link rel=\"canonical\" href=\"https:\/\/www.meydan.tv\/az\/article\/avropa-birliyi-yoxsa-boko-haram\/\" \/>\n<meta property=\"og:locale\" content=\"az_AZ\" \/>\n<meta property=\"og:type\" content=\"article\" \/>\n<meta property=\"og:title\" content=\"Avropa Birliyi, yoxsa Boko Haram? - MEYDAN.TV\" \/>\n<meta property=\"og:description\" content=\"Bel\u0259 gets\u0259, ikincini se\u00e7m\u0259li olacay\u0131q\" \/>\n<meta property=\"og:url\" content=\"https:\/\/www.meydan.tv\/az\/article\/avropa-birliyi-yoxsa-boko-haram\/\" \/>\n<meta property=\"og:site_name\" content=\"MEYDAN.TV\" \/>\n<meta property=\"article:published_time\" content=\"2015-05-09T16:04:43+00:00\" \/>\n<meta property=\"og:image\" content=\"https:\/\/www.meydan.tv\/wp-content\/uploads\/8726.jpg\" \/>\n\t<meta property=\"og:image:width\" content=\"500\" \/>\n\t<meta property=\"og:image:height\" content=\"304\" \/>\n\t<meta property=\"og:image:type\" content=\"image\/jpeg\" \/>\n<meta name=\"twitter:card\" content=\"summary_large_image\" \/>\n<!-- \/ Yoast SEO plugin. -->","yoast_head_json":{"title":"Avropa Birliyi, yoxsa Boko Haram? - MEYDAN.TV","robots":{"index":"index","follow":"follow","max-snippet":"max-snippet:-1","max-image-preview":"max-image-preview:large","max-video-preview":"max-video-preview:-1"},"canonical":"https:\/\/www.meydan.tv\/az\/article\/avropa-birliyi-yoxsa-boko-haram\/","og_locale":"az_AZ","og_type":"article","og_title":"Avropa Birliyi, yoxsa Boko Haram? - MEYDAN.TV","og_description":"Bel\u0259 gets\u0259, ikincini se\u00e7m\u0259li olacay\u0131q","og_url":"https:\/\/www.meydan.tv\/az\/article\/avropa-birliyi-yoxsa-boko-haram\/","og_site_name":"MEYDAN.TV","article_published_time":"2015-05-09T16:04:43+00:00","og_image":[{"width":500,"height":304,"url":"https:\/\/www.meydan.tv\/wp-content\/uploads\/8726.jpg","type":"image\/jpeg"}],"twitter_card":"summary_large_image","schema":{"@context":"https:\/\/schema.org","@graph":[{"@type":"Article","@id":"https:\/\/www.meydan.tv\/az\/article\/avropa-birliyi-yoxsa-boko-haram\/#article","isPartOf":{"@id":"https:\/\/www.meydan.tv\/az\/article\/avropa-birliyi-yoxsa-boko-haram\/"},"author":{"name":"user-manager","@id":"https:\/\/www.meydan.tv\/az\/#\/schema\/person\/10d11eccf6da3662cf5fdab9806ea91a"},"headline":"Avropa Birliyi, yoxsa Boko Haram?","datePublished":"2015-05-09T16:04:43+00:00","mainEntityOfPage":{"@id":"https:\/\/www.meydan.tv\/az\/article\/avropa-birliyi-yoxsa-boko-haram\/"},"wordCount":1220,"publisher":{"@id":"https:\/\/www.meydan.tv\/az\/#organization"},"image":{"@id":"https:\/\/www.meydan.tv\/az\/article\/avropa-birliyi-yoxsa-boko-haram\/#primaryimage"},"thumbnailUrl":"https:\/\/www.meydan.tv\/wp-content\/uploads\/8726.jpg","articleSection":["X\u0259b\u0259rl\u0259r"],"inLanguage":"az"},{"@type":"WebPage","@id":"https:\/\/www.meydan.tv\/az\/article\/avropa-birliyi-yoxsa-boko-haram\/","url":"https:\/\/www.meydan.tv\/az\/article\/avropa-birliyi-yoxsa-boko-haram\/","name":"Avropa Birliyi, yoxsa Boko Haram? - MEYDAN.TV","isPartOf":{"@id":"https:\/\/www.meydan.tv\/az\/#website"},"primaryImageOfPage":{"@id":"https:\/\/www.meydan.tv\/az\/article\/avropa-birliyi-yoxsa-boko-haram\/#primaryimage"},"image":{"@id":"https:\/\/www.meydan.tv\/az\/article\/avropa-birliyi-yoxsa-boko-haram\/#primaryimage"},"thumbnailUrl":"https:\/\/www.meydan.tv\/wp-content\/uploads\/8726.jpg","datePublished":"2015-05-09T16:04:43+00:00","breadcrumb":{"@id":"https:\/\/www.meydan.tv\/az\/article\/avropa-birliyi-yoxsa-boko-haram\/#breadcrumb"},"inLanguage":"az","potentialAction":[{"@type":"ReadAction","target":["https:\/\/www.meydan.tv\/az\/article\/avropa-birliyi-yoxsa-boko-haram\/"]}]},{"@type":"ImageObject","inLanguage":"az","@id":"https:\/\/www.meydan.tv\/az\/article\/avropa-birliyi-yoxsa-boko-haram\/#primaryimage","url":"https:\/\/www.meydan.tv\/wp-content\/uploads\/8726.jpg","contentUrl":"https:\/\/www.meydan.tv\/wp-content\/uploads\/8726.jpg","width":500,"height":304,"caption":"Source:"},{"@type":"BreadcrumbList","@id":"https:\/\/www.meydan.tv\/az\/article\/avropa-birliyi-yoxsa-boko-haram\/#breadcrumb","itemListElement":[{"@type":"ListItem","position":1,"name":"Ana s\u0259hif\u0259","item":"https:\/\/www.meydan.tv\/az\/"},{"@type":"ListItem","position":2,"name":"X\u0259b\u0259rl\u0259r","item":"https:\/\/www.meydan.tv\/az\/section\/xeberler\/"},{"@type":"ListItem","position":3,"name":"Avropa Birliyi, yoxsa Boko Haram?"}]},{"@type":"WebSite","@id":"https:\/\/www.meydan.tv\/az\/#website","url":"https:\/\/www.meydan.tv\/az\/","name":"MEYDAN.TV","description":"Meydan TV Az\u0259rbaycan\u0131n media m\u0259kan\u0131ndak\u0131 alternativ s\u0259sidir","publisher":{"@id":"https:\/\/www.meydan.tv\/az\/#organization"},"potentialAction":[{"@type":"SearchAction","target":{"@type":"EntryPoint","urlTemplate":"https:\/\/www.meydan.tv\/az\/?s={search_term_string}"},"query-input":{"@type":"PropertyValueSpecification","valueRequired":true,"valueName":"search_term_string"}}],"inLanguage":"az"},{"@type":"Organization","@id":"https:\/\/www.meydan.tv\/az\/#organization","name":"Meydan TV","url":"https:\/\/www.meydan.tv\/az\/","logo":{"@type":"ImageObject","inLanguage":"az","@id":"https:\/\/www.meydan.tv\/az\/#\/schema\/logo\/image\/","url":"https:\/\/www.meydan.tv\/wp-content\/uploads\/2021\/07\/meydan-logo.svg","contentUrl":"https:\/\/www.meydan.tv\/wp-content\/uploads\/2021\/07\/meydan-logo.svg","width":195,"height":46,"caption":"Meydan TV"},"image":{"@id":"https:\/\/www.meydan.tv\/az\/#\/schema\/logo\/image\/"}},{"@type":"Person","@id":"https:\/\/www.meydan.tv\/az\/#\/schema\/person\/10d11eccf6da3662cf5fdab9806ea91a","name":"user-manager"}]}},"_links":{"self":[{"href":"https:\/\/www.meydan.tv\/az\/wp-json\/wp\/v2\/posts\/167848","targetHints":{"allow":["GET"]}}],"collection":[{"href":"https:\/\/www.meydan.tv\/az\/wp-json\/wp\/v2\/posts"}],"about":[{"href":"https:\/\/www.meydan.tv\/az\/wp-json\/wp\/v2\/types\/post"}],"author":[{"embeddable":true,"href":"https:\/\/www.meydan.tv\/az\/wp-json\/wp\/v2\/users\/11"}],"replies":[{"embeddable":true,"href":"https:\/\/www.meydan.tv\/az\/wp-json\/wp\/v2\/comments?post=167848"}],"version-history":[{"count":0,"href":"https:\/\/www.meydan.tv\/az\/wp-json\/wp\/v2\/posts\/167848\/revisions"}],"wp:featuredmedia":[{"embeddable":true,"href":"https:\/\/www.meydan.tv\/az\/wp-json\/wp\/v2\/media\/23985"}],"wp:attachment":[{"href":"https:\/\/www.meydan.tv\/az\/wp-json\/wp\/v2\/media?parent=167848"}],"wp:term":[{"taxonomy":"category","embeddable":true,"href":"https:\/\/www.meydan.tv\/az\/wp-json\/wp\/v2\/categories?post=167848"},{"taxonomy":"post_tag","embeddable":true,"href":"https:\/\/www.meydan.tv\/az\/wp-json\/wp\/v2\/tags?post=167848"}],"curies":[{"name":"wp","href":"https:\/\/api.w.org\/{rel}","templated":true}]}}