{"id":167847,"date":"2015-05-09T15:02:48","date_gmt":"2015-05-09T15:02:48","guid":{"rendered":"https:\/\/www.meydan.tv\/article\/ecnebi-futbolcular-azerbaycandan-fifa-ya-sikayet-edib\/"},"modified":"2015-05-09T15:02:48","modified_gmt":"2015-05-09T15:02:48","slug":"ecnebi-futbolcular-azerbaycandan-fifa-ya-sikayet-edib","status":"publish","type":"post","link":"https:\/\/www.meydan.tv\/az\/article\/ecnebi-futbolcular-azerbaycandan-fifa-ya-sikayet-edib\/","title":{"rendered":"\u018fcn\u0259bi futbol\u00e7ular Az\u0259rbaycandan F\u0130FA-ya \u015fikay\u0259t edib"},"content":{"rendered":"<figure class=\"wp-block-image size-large\">\n  <img decoding=\"async\" src=\"https:\/\/www.meydan.tv\/az\/23982\/\" alt=\"\" class=\"wp-image-23982\"\/><figcaption><\/figcaption><\/figure>\n<figure class=\"wp-block-image size-large\">\n  <img decoding=\"async\" src=\"https:\/\/www.meydan.tv\/az\/23982\/\" alt=\"\" class=\"wp-image-23982\"\/><figcaption><\/figcaption><\/figure>\n<p>\n  <i><br \/>\n    Ya\u015far Seyidov: \u201c\u00d6d\u0259m\u0259l\u0259rin gecikm\u0259si m\u00fcqavil\u0259l\u0259r\u0259 g\u00f6r\u0259dir\u201d<br \/>\n  <\/i>\n<\/p>\n<p>\n  Cari futbol m\u00f6vs\u00fcm\u00fc ba\u015fa \u00e7atd\u0131qdan sonra Az\u0259rbaycandan F\u0130FA-ya k\u00fctl\u0259vi \u015fikay\u0259tl\u0259r g\u00f6nd\u0259ril\u0259 bil\u0259r.\u00a0 Bu bar\u0259d\u0259 m\u0259lumat\u0131<br \/>\n  <a href=\"http:\/\/komanda.az\" target=\"_blank\" rel=\"noopener\"><br \/>\n    komanda.az<br \/>\n  <\/a><br \/>\n  sayt\u0131 yay\u0131b. M\u0259lumatda bildirilir ki, \u015fikay\u0259t\u00e7il\u0259r m\u00fcqavil\u0259y\u0259 \u0259sas\u0259n pulunu ala bilm\u0259y\u0259n \u201c\u0130nter\u201d v\u0259 \u201cSimurq\u201d klublar\u0131n\u0131n \u0259cn\u0259bi futbol\u00e7ular\u0131 ola bil\u0259r.\n<\/p>\n<p>\n  Komanda.az-\u0131n x\u0259b\u0259rin\u0259 g\u00f6r\u0259, art\u0131q \u201c\u0130nter\u201din ba\u015f m\u0259\u015fq\u00e7isi Kaxaber Tsxadadze bununla ba\u011fl\u0131 eyham vurub. G\u00fcrc\u00fc m\u00fct\u0259x\u0259ssis \u201cNeft\u00e7i\u201dyl\u0259 oyundan sonra ke\u00e7iril\u0259n m\u0259tbuat konfrans\u0131nda bel\u0259 ola bil\u0259c\u0259yin\u0259 i\u015far\u0259 edib: \u201cYanvarda klubun n\u00f6vb\u0259ti m\u00f6vs\u00fcm \u00fc\u00e7\u00fcn b\u00fcdc\u0259si t\u0259sdiq olunub. Amma b\u0259zi adamlar h\u0259min pulu \u00f6d\u0259m\u0259k ist\u0259mir. Bel\u0259 v\u0259ziyy\u0259tin yaranmas\u0131 \u00f6lk\u0259 futbolunun imicin\u0259 d\u0259 z\u0259rb\u0259di. Sabah F\u0130FA-ya \u015fikay\u0259t olunsa, n\u0259 olacaq? \u201cBak\u0131\u201ddan b\u0259lk\u0259 d\u0259 20 \u015fikay\u0259t daxil olub F\u0130FA-ya. Sabah ba\u015fqalar\u0131 da eyni add\u0131m\u0131 atsa, n\u0259 ba\u015f ver\u0259c\u0259k?\u201d\n<\/p>\n<p>\n  \u201cBak\u0131\u201d klubunun vitse-prezidenti Ya\u015far Seyidov deyil\u0259nl\u0259ri Meydan.TV-y\u0259 t\u0259sdiql\u0259yib. Ancaq onun s\u00f6zl\u0259rin\u0259 g\u00f6r\u0259, \u015fikay\u0259t\u00e7il\u0259rin say\u0131 Kaxaber Tsxadadzenin dediyi q\u0259d\u0259r \u00e7ox deyil: \u201cBir ne\u00e7\u0259 \u0259cn\u0259bi futbol\u00e7unun \u00f6d\u0259m\u0259l\u0259ri gecikir. Bu da s\u0131rf onlarla ba\u011flanm\u0131\u015f m\u00fcqavil\u0259l\u0259r\u0259 g\u00f6r\u0259dir. H\u0259min futbol\u00e7ular da F\u0130FA-n\u0131n Status M\u0259s\u0259l\u0259l\u0259ri v\u0259 Transfer Komit\u0259sin\u0259 \u015fikay\u0259t edibl\u0259r. Haz\u0131rda bu m\u0259s\u0259l\u0259 il\u0259 ba\u011fl\u0131 i\u015f gedir, yax\u0131n zamanlarda problem h\u0259ll olunacaq\u201d.<\/p>\n","protected":false},"excerpt":{"rendered":"<p>Ya\u015far Seyidov: \u201c\u00d6d\u0259m\u0259l\u0259rin gecikm\u0259si m\u00fcqavil\u0259l\u0259r\u0259 g\u00f6r\u0259dir\u201d<\/p>\n","protected":false},"author":11,"featured_media":23982,"comment_status":"closed","ping_status":"open","sticky":false,"template":"","format":"standard","meta":{"_acf_changed":false,"_sitemap_exclude":false,"_sitemap_priority":"","_sitemap_frequency":"","footnotes":""},"categories":[56],"tags":[],"class_list":["post-167847","post","type-post","status-publish","format-standard","has-post-thumbnail","hentry","category-xeberler","infinite-scroll-item","generate-columns","tablet-grid-50","mobile-grid-100","grid-parent","grid-33","no-featured-image-padding"],"acf":[],"yoast_head":"<!-- This site is optimized with the Yoast SEO plugin v28.4 - https:\/\/yoast.com\/product\/yoast-seo-wordpress\/ -->\n<title>\u018fcn\u0259bi futbol\u00e7ular Az\u0259rbaycandan F\u0130FA-ya \u015fikay\u0259t edib - MEYDAN.TV<\/title>\n<meta name=\"robots\" content=\"index, follow, max-snippet:-1, max-image-preview:large, max-video-preview:-1\" \/>\n<link rel=\"canonical\" href=\"https:\/\/www.meydan.tv\/az\/article\/ecnebi-futbolcular-azerbaycandan-fifa-ya-sikayet-edib\/\" \/>\n<meta property=\"og:locale\" content=\"az_AZ\" \/>\n<meta property=\"og:type\" content=\"article\" \/>\n<meta property=\"og:title\" content=\"\u018fcn\u0259bi futbol\u00e7ular Az\u0259rbaycandan F\u0130FA-ya \u015fikay\u0259t edib - MEYDAN.TV\" \/>\n<meta property=\"og:description\" content=\"Ya\u015far Seyidov: \u201c\u00d6d\u0259m\u0259l\u0259rin gecikm\u0259si m\u00fcqavil\u0259l\u0259r\u0259 g\u00f6r\u0259dir\u201d\" \/>\n<meta property=\"og:url\" content=\"https:\/\/www.meydan.tv\/az\/article\/ecnebi-futbolcular-azerbaycandan-fifa-ya-sikayet-edib\/\" \/>\n<meta property=\"og:site_name\" content=\"MEYDAN.TV\" \/>\n<meta property=\"article:published_time\" content=\"2015-05-09T15:02:48+00:00\" \/>\n<meta property=\"og:image\" content=\"https:\/\/www.meydan.tv\/wp-content\/uploads\/8725.png\" \/>\n\t<meta property=\"og:image:width\" content=\"459\" \/>\n\t<meta property=\"og:image:height\" content=\"400\" \/>\n\t<meta property=\"og:image:type\" content=\"image\/png\" \/>\n<meta name=\"twitter:card\" content=\"summary_large_image\" \/>\n<!-- \/ Yoast SEO plugin. -->","yoast_head_json":{"title":"\u018fcn\u0259bi futbol\u00e7ular Az\u0259rbaycandan F\u0130FA-ya \u015fikay\u0259t edib - MEYDAN.TV","robots":{"index":"index","follow":"follow","max-snippet":"max-snippet:-1","max-image-preview":"max-image-preview:large","max-video-preview":"max-video-preview:-1"},"canonical":"https:\/\/www.meydan.tv\/az\/article\/ecnebi-futbolcular-azerbaycandan-fifa-ya-sikayet-edib\/","og_locale":"az_AZ","og_type":"article","og_title":"\u018fcn\u0259bi futbol\u00e7ular Az\u0259rbaycandan F\u0130FA-ya \u015fikay\u0259t edib - MEYDAN.TV","og_description":"Ya\u015far Seyidov: \u201c\u00d6d\u0259m\u0259l\u0259rin gecikm\u0259si m\u00fcqavil\u0259l\u0259r\u0259 g\u00f6r\u0259dir\u201d","og_url":"https:\/\/www.meydan.tv\/az\/article\/ecnebi-futbolcular-azerbaycandan-fifa-ya-sikayet-edib\/","og_site_name":"MEYDAN.TV","article_published_time":"2015-05-09T15:02:48+00:00","og_image":[{"width":459,"height":400,"url":"https:\/\/www.meydan.tv\/wp-content\/uploads\/8725.png","type":"image\/png"}],"twitter_card":"summary_large_image","schema":{"@context":"https:\/\/schema.org","@graph":[{"@type":"Article","@id":"https:\/\/www.meydan.tv\/az\/article\/ecnebi-futbolcular-azerbaycandan-fifa-ya-sikayet-edib\/#article","isPartOf":{"@id":"https:\/\/www.meydan.tv\/az\/article\/ecnebi-futbolcular-azerbaycandan-fifa-ya-sikayet-edib\/"},"author":{"name":"user-manager","@id":"https:\/\/www.meydan.tv\/az\/#\/schema\/person\/10d11eccf6da3662cf5fdab9806ea91a"},"headline":"\u018fcn\u0259bi futbol\u00e7ular Az\u0259rbaycandan F\u0130FA-ya \u015fikay\u0259t edib","datePublished":"2015-05-09T15:02:48+00:00","mainEntityOfPage":{"@id":"https:\/\/www.meydan.tv\/az\/article\/ecnebi-futbolcular-azerbaycandan-fifa-ya-sikayet-edib\/"},"wordCount":312,"publisher":{"@id":"https:\/\/www.meydan.tv\/az\/#organization"},"image":{"@id":"https:\/\/www.meydan.tv\/az\/article\/ecnebi-futbolcular-azerbaycandan-fifa-ya-sikayet-edib\/#primaryimage"},"thumbnailUrl":"https:\/\/www.meydan.tv\/wp-content\/uploads\/8725.png","articleSection":["X\u0259b\u0259rl\u0259r"],"inLanguage":"az"},{"@type":"WebPage","@id":"https:\/\/www.meydan.tv\/az\/article\/ecnebi-futbolcular-azerbaycandan-fifa-ya-sikayet-edib\/","url":"https:\/\/www.meydan.tv\/az\/article\/ecnebi-futbolcular-azerbaycandan-fifa-ya-sikayet-edib\/","name":"\u018fcn\u0259bi futbol\u00e7ular Az\u0259rbaycandan F\u0130FA-ya \u015fikay\u0259t edib - MEYDAN.TV","isPartOf":{"@id":"https:\/\/www.meydan.tv\/az\/#website"},"primaryImageOfPage":{"@id":"https:\/\/www.meydan.tv\/az\/article\/ecnebi-futbolcular-azerbaycandan-fifa-ya-sikayet-edib\/#primaryimage"},"image":{"@id":"https:\/\/www.meydan.tv\/az\/article\/ecnebi-futbolcular-azerbaycandan-fifa-ya-sikayet-edib\/#primaryimage"},"thumbnailUrl":"https:\/\/www.meydan.tv\/wp-content\/uploads\/8725.png","datePublished":"2015-05-09T15:02:48+00:00","breadcrumb":{"@id":"https:\/\/www.meydan.tv\/az\/article\/ecnebi-futbolcular-azerbaycandan-fifa-ya-sikayet-edib\/#breadcrumb"},"inLanguage":"az","potentialAction":[{"@type":"ReadAction","target":["https:\/\/www.meydan.tv\/az\/article\/ecnebi-futbolcular-azerbaycandan-fifa-ya-sikayet-edib\/"]}]},{"@type":"ImageObject","inLanguage":"az","@id":"https:\/\/www.meydan.tv\/az\/article\/ecnebi-futbolcular-azerbaycandan-fifa-ya-sikayet-edib\/#primaryimage","url":"https:\/\/www.meydan.tv\/wp-content\/uploads\/8725.png","contentUrl":"https:\/\/www.meydan.tv\/wp-content\/uploads\/8725.png","width":459,"height":400,"caption":"Source:"},{"@type":"BreadcrumbList","@id":"https:\/\/www.meydan.tv\/az\/article\/ecnebi-futbolcular-azerbaycandan-fifa-ya-sikayet-edib\/#breadcrumb","itemListElement":[{"@type":"ListItem","position":1,"name":"Ana s\u0259hif\u0259","item":"https:\/\/www.meydan.tv\/az\/"},{"@type":"ListItem","position":2,"name":"X\u0259b\u0259rl\u0259r","item":"https:\/\/www.meydan.tv\/az\/section\/xeberler\/"},{"@type":"ListItem","position":3,"name":"\u018fcn\u0259bi futbol\u00e7ular Az\u0259rbaycandan F\u0130FA-ya \u015fikay\u0259t edib"}]},{"@type":"WebSite","@id":"https:\/\/www.meydan.tv\/az\/#website","url":"https:\/\/www.meydan.tv\/az\/","name":"MEYDAN.TV","description":"Meydan TV Az\u0259rbaycan\u0131n media m\u0259kan\u0131ndak\u0131 alternativ s\u0259sidir","publisher":{"@id":"https:\/\/www.meydan.tv\/az\/#organization"},"potentialAction":[{"@type":"SearchAction","target":{"@type":"EntryPoint","urlTemplate":"https:\/\/www.meydan.tv\/az\/?s={search_term_string}"},"query-input":{"@type":"PropertyValueSpecification","valueRequired":true,"valueName":"search_term_string"}}],"inLanguage":"az"},{"@type":"Organization","@id":"https:\/\/www.meydan.tv\/az\/#organization","name":"Meydan TV","url":"https:\/\/www.meydan.tv\/az\/","logo":{"@type":"ImageObject","inLanguage":"az","@id":"https:\/\/www.meydan.tv\/az\/#\/schema\/logo\/image\/","url":"https:\/\/www.meydan.tv\/wp-content\/uploads\/2021\/07\/meydan-logo.svg","contentUrl":"https:\/\/www.meydan.tv\/wp-content\/uploads\/2021\/07\/meydan-logo.svg","width":195,"height":46,"caption":"Meydan TV"},"image":{"@id":"https:\/\/www.meydan.tv\/az\/#\/schema\/logo\/image\/"}},{"@type":"Person","@id":"https:\/\/www.meydan.tv\/az\/#\/schema\/person\/10d11eccf6da3662cf5fdab9806ea91a","name":"user-manager"}]}},"_links":{"self":[{"href":"https:\/\/www.meydan.tv\/az\/wp-json\/wp\/v2\/posts\/167847","targetHints":{"allow":["GET"]}}],"collection":[{"href":"https:\/\/www.meydan.tv\/az\/wp-json\/wp\/v2\/posts"}],"about":[{"href":"https:\/\/www.meydan.tv\/az\/wp-json\/wp\/v2\/types\/post"}],"author":[{"embeddable":true,"href":"https:\/\/www.meydan.tv\/az\/wp-json\/wp\/v2\/users\/11"}],"replies":[{"embeddable":true,"href":"https:\/\/www.meydan.tv\/az\/wp-json\/wp\/v2\/comments?post=167847"}],"version-history":[{"count":0,"href":"https:\/\/www.meydan.tv\/az\/wp-json\/wp\/v2\/posts\/167847\/revisions"}],"wp:featuredmedia":[{"embeddable":true,"href":"https:\/\/www.meydan.tv\/az\/wp-json\/wp\/v2\/media\/23982"}],"wp:attachment":[{"href":"https:\/\/www.meydan.tv\/az\/wp-json\/wp\/v2\/media?parent=167847"}],"wp:term":[{"taxonomy":"category","embeddable":true,"href":"https:\/\/www.meydan.tv\/az\/wp-json\/wp\/v2\/categories?post=167847"},{"taxonomy":"post_tag","embeddable":true,"href":"https:\/\/www.meydan.tv\/az\/wp-json\/wp\/v2\/tags?post=167847"}],"curies":[{"name":"wp","href":"https:\/\/api.w.org\/{rel}","templated":true}]}}