{"id":167844,"date":"2015-05-09T11:37:08","date_gmt":"2015-05-09T11:37:08","guid":{"rendered":"https:\/\/www.meydan.tv\/article\/azerbaycan-2020-inkisaf-konsepsiyasi-kecmise-baxis\/"},"modified":"2015-05-09T11:37:08","modified_gmt":"2015-05-09T11:37:08","slug":"azerbaycan-2020-inkisaf-konsepsiyasi-kecmise-baxis","status":"publish","type":"post","link":"https:\/\/www.meydan.tv\/az\/article\/azerbaycan-2020-inkisaf-konsepsiyasi-kecmise-baxis\/","title":{"rendered":"\u201cAz\u0259rbaycan 2020\u201d \u0130nki\u015faf Konsepsiyas\u0131. Ke\u00e7mi\u015f\u0259 bax\u0131\u015f"},"content":{"rendered":"<figure class=\"wp-block-image size-large\">\n  <img decoding=\"async\" src=\"https:\/\/www.meydan.tv\/az\/23976\/\" alt=\"\" class=\"wp-image-23976\"\/><figcaption><\/figcaption><\/figure>\n<figure class=\"wp-block-image size-large\">\n  <img decoding=\"async\" src=\"https:\/\/www.meydan.tv\/az\/23976\/\" alt=\"\" class=\"wp-image-23976\"\/><figcaption><\/figcaption><\/figure>\n<p>\n  <i><br \/>\n    Konsepsiyan\u0131n q\u0259bulundan \u00f6t\u0259n \u00fc\u00e7 il \u0259rzind\u0259 siyasi sah\u0259d\u0259 v\u0259t\u0259nda\u015f c\u0259miyy\u0259ti institutlar\u0131na \u2013 QHT-l\u0259r\u0259, partiyalara, K\u0130V-l\u0259r\u0259 t\u0259zyiq g\u00fccl\u0259nib<br \/>\n  <\/i>\n<\/p>\n<p>\n  \u00dc\u00e7 il \u0259vv\u0259l, 2012-ci il may\u0131n 5-d\u0259 Az\u0259rbaycan Prezident Administrasiyas\u0131n\u0131n r\u0259hb\u0259ri Ramiz Mehdiyev \u201cAz\u0259rbaycan 2020: g\u0259l\u0259c\u0259y\u0259 bax\u0131\u015f\u201d adl\u0131 \u0130nki\u015faf Konsepsiyas\u0131n\u0131 Yeni Az\u0259rbaycan Partiyas\u0131n\u0131n \u00fczvl\u0259rin\u0259 t\u0259qdim etdi. 2012-c\u00fc ilin sonlar\u0131na do\u011fru konsepsiya prezident \u0130lham \u018fliyev t\u0259r\u0259find\u0259n t\u0259sdiq edildi v\u0259 hakim rejimin yax\u0131n g\u0259l\u0259c\u0259k \u00fc\u00e7\u00fcn \u0259sas proqram s\u0259n\u0259din\u0259 \u00e7evrildi.\n<\/p>\n<p>\n  Konsepsiya respublika yarad\u0131ld\u0131\u011f\u0131 zaman prezident t\u0259r\u0259find\u0259n ir\u0259li s\u00fcr\u00fclm\u00fc\u015f d\u00f6rd prioritet\u0259 \u0259saslan\u0131r:\n<\/p>\n<p>\n  1)Az\u0259rbaycan\u0131 h\u0259rt\u0259r\u0259fli inki\u015faf etdirm\u0259k, 2) onu m\u00fcasir d\u00f6vl\u0259t\u0259 \u00e7evirm\u0259k, d\u00fcnyadak\u0131 b\u00fct\u00fcn qabaqc\u0131l t\u0259cr\u00fcb\u0259l\u0259ri t\u0259tbiq etm\u0259k, 3) insanlar\u0131n b\u00fct\u00fcn azadl\u0131qlar\u0131n\u0131 t\u0259min etm\u0259k, 4) h\u00fcquqi d\u00f6vl\u0259t quruculu\u011fu \u00fc\u00e7\u00fcn daha iri add\u0131mlar atmaq.\n<\/p>\n<p>\n  S\u0259kkiz il \u0259rzind\u0259 Konsepsiya a\u015fa\u011f\u0131dak\u0131 kompleks t\u0259dbirl\u0259ri h\u0259yata ke\u00e7irm\u0259lidir:\n<\/p>\n<p>\n  \u00a0&#8211; siyasi sah\u0259d\u0259: d\u00f6vl\u0259t m\u00fcst\u0259qilliyimizin daha da g\u00fccl\u0259ndirilm\u0259si, \u00f6lk\u0259nin \u0259razi b\u00fct\u00f6vl\u00fcy\u00fcn\u00fcn t\u0259min olunmas\u0131 v\u0259 qorunmas\u0131; demokratiya institutlar\u0131n\u0131n daha da inki\u015faf etdirilm\u0259si, d\u00f6vl\u0259tin funksiyalar\u0131n\u0131n yerin\u0259 yetirilm\u0259sinin v\u0259 v\u0259t\u0259nda\u015f c\u0259miyy\u0259ti t\u0259sisatlar\u0131n\u0131n rolunun g\u00fccl\u0259ndirilm\u0259si, qanunun aliliyini tam t\u0259min ed\u0259n mexanizml\u0259rin t\u0259kmill\u0259\u015fdirilm\u0259si; qlobal \u00e7a\u011f\u0131r\u0131\u015flara qar\u015f\u0131 adekvat v\u0259 preventiv mexanizml\u0259r sisteminin yarad\u0131lmas\u0131;\n<\/p>\n<p>\n  \u00a0&#8211; sosial-iqtisadi sah\u0259d\u0259: ilk n\u00f6vb\u0259d\u0259 qeyri-neft sektorunun geni\u015fl\u0259ndirilm\u0259si hesab\u0131na davaml\u0131 iqtisadi inki\u015fafa nail olunmas\u0131, iqtisadiyyat\u0131n inki\u015faf istiqam\u0259tl\u0259rinin \u015fax\u0259l\u0259ndirilm\u0259sinin geni\u015fl\u0259nm\u0259si, azt\u0259minatl\u0131 ail\u0259l\u0259rin etibarl\u0131 sosial m\u00fcdafi\u0259sinin t\u0259min olunmas\u0131, \u0259halinin orta t\u0259b\u0259q\u0259si dair\u0259sinin geni\u015fl\u0259ndirilm\u0259si v\u0259 onun c\u0259miyy\u0259tin h\u0259yat\u0131nda rolunun v\u0259 \u0259h\u0259miyy\u0259tinin art\u0131r\u0131lmas\u0131na nail olunmas\u0131;\n<\/p>\n<p>\n  \u00a0&#8211; humanitar sah\u0259d\u0259: t\u0259hsilin, s\u0259hiyy\u0259nin, humanitar sah\u0259l\u0259rin inki\u015faf\u0131na x\u00fcsusi diqq\u0259tin ayr\u0131lmas\u0131, \u201cqara q\u0131z\u0131l\u201d amilinin insan kapital\u0131na \u00e7evrilm\u0259si.\n<\/p>\n<p>\n  Qar\u015f\u0131ya qoyulmu\u015f v\u0259zif\u0259l\u0259rin m\u0259zmunundan da g\u00f6r\u00fcnd\u00fcy\u00fc kimi, onun bir \u00e7ox m\u00fcdd\u0259alar\u0131 yerin\u0259 yetirilm\u0259yib v\u0259 hakimiyy\u0259tin azad iqtisadiyyatdan, v\u0259t\u0259nda\u015f c\u0259miyy\u0259tind\u0259n imtina etm\u0259si, habel\u0259 beyn\u0259lxalq \u00f6hd\u0259likl\u0259rin\u0259 m\u0259h\u0259l qoymamas\u0131 \u015f\u0259raitind\u0259, dem\u0259k olar ki, yerin\u0259 yetiril\u0259 bilm\u0259z.\n<\/p>\n<p>\n  Konsepsiyan\u0131n u\u011fursuzlu\u011fa d\u00fc\u00e7ar olaca\u011f\u0131n\u0131 Turan Agentliyi 7 may 2012-ci il tarxli \u00a0\u201c\u015e\u00fcbh\u0259li \u201cAz\u0259rbaycan 2020: g\u0259l\u0259c\u0259y\u0259 bax\u0131\u015f\u201d konsepsiyas\u0131\u201d m\u0259qal\u0259sind\u0259 proqnozla\u015fd\u0131rm\u0131\u015fd\u0131.<br \/>\n  <a href=\"http:\/\/contact.az\/docs\/2012\/Analytics\/062200003278en.htm\" target=\"_blank\" rel=\"noopener\"><br \/>\n    http:\/\/contact.az\/docs\/2012\/Analytics\/062200003278en.htm<br \/>\n  <\/a>\n<\/p>\n<p>\n  Agentliyin Analitika Xidm\u0259ti konsepsiyan\u0131, onun t\u0259qdimat\u0131n\u0131 v\u0259 haz\u0131rland\u0131\u011f\u0131 \u015f\u0259raiti t\u0259hlil ed\u0259r\u0259k, a\u015fa\u011f\u0131dak\u0131 n\u0259tic\u0259l\u0259r\u0259 g\u0259lmi\u015fdi:\n<\/p>\n<p>\n  <i><br \/>\n    \u201cMehdiyevin m\u0259ruz\u0259si Konsepsiyan\u0131n, onun ard\u0131nca is\u0259 ba\u015fqa proqram s\u0259n\u0259dl\u0259rinin yax\u0131n perspektiv<br \/>\n  <\/i><br \/>\n  \u00fc\u00e7\u00fcn praktik b\u0259l\u0259d\u00e7i olaca\u011f\u0131na \u0259minlikd\u0259n daha \u00e7ox \u015f\u00fcbh\u0259 yaratd\u0131.<br \/>\n  <i><br \/>\n    M\u0259s\u0259l\u0259 buras\u0131ndad\u0131r ki, Az\u0259rbaycan\u0131n \u00f6t\u0259n iyirmi ilini qim\u0259tl\u0259ndir\u0259r\u0259k\u0259n, \u00e7oxlu qeyri-d\u0259qiqlikl\u0259r, faktlar\u0131n q\u0259sd\u0259n d\u0259yi\u015fdirilm\u0259si, siyasi konyunktur m\u00fclahiz\u0259l\u0259rind\u0259n tarixin \u015f\u0259rh edilm\u0259si a\u015fkar g\u00f6r\u00fcn\u00fcr. Bu faktd\u0131r ki, saxta tarixi fundament saxta perspektiv yol yarad\u0131r. Onlar zaman\u0131n v\u0259 reall\u0131qlar\u0131n t\u0259l\u0259bi il\u0259 yox, ali r\u0259hb\u0259rliyini subyektiv sifari\u015fi il\u0259 qurulur.<br \/>\n  <\/i>\n<\/p>\n<p>\n  <i><br \/>\n    \u00dcst\u0259lik, Mehdiyevin m\u0259ruz\u0259sind\u0259 indiki siyas\u0259tl\u0259 ba\u011fl\u0131 bir d\u0259n\u0259 d\u0259 olsun irad, t\u0259nqid yox idi. M\u0259ruz\u0259 b\u00fct\u00fcn istiqam\u0259tl\u0259rd\u0259 siyas\u0259tl\u0259 ba\u011fl\u0131 gurultulu t\u0259rifl\u0259rl\u0259 dolu idi\u201d.<br \/>\n  <\/i>\n<\/p>\n<p>\n  <i><br \/>\n    \u201cBu c\u00fcr t\u0259m\u0259l yana\u015fma Prezident Administrasiyas\u0131n\u0131n r\u0259hb\u0259rinin c\u0131zd\u0131\u011f\u0131 m\u0259qs\u0259dl\u0259rin h\u0259yata ke\u00e7\u0259c\u0259yin\u0259 ciddi \u015f\u00fcbh\u0259 yarad\u0131r. G\u00f6zl\u0259m\u0259k olar ki, hakimiyy\u0259t s\u00f6zd\u0259 ba\u015fqa \u015fey dey\u0259c\u0259k, \u0259m\u0259ld\u0259 is\u0259 \u00f6t\u0259n 19 ild\u0259 oldu\u011fu kimi, islahatlara v\u0259 demokratikl\u0259\u015fm\u0259 prosesin\u0259 maksimal \u0259ng\u0259l yaratmaq yolunu davam etdir\u0259c\u0259k\u201d.<br \/>\n  <\/i>\n<\/p>\n<p>\n  Konsepsiyan\u0131n m\u0259qs\u0259d v\u0259 v\u0259zif\u0259l\u0259rind\u0259n siyasi v\u0259 iqtisadi yay\u0131nmalar bu s\u0259n\u0259din u\u011fursuzlu\u011fa d\u00fc\u00e7ar oldu\u011funu v\u0259 ciddi v\u0259 t\u0259xir\u0259sal\u0131nmaz d\u00fcz\u0259li\u015fl\u0259r\u0259 ehtiyac\u0131 oldu\u011funu g\u00f6st\u0259rir.\n<\/p>\n<p>\n  Konsepsiyan\u0131n q\u0259bulundan \u00f6t\u0259n \u00fc\u00e7 il \u0259rzind\u0259 siyasi sah\u0259d\u0259 v\u0259t\u0259nda\u015f c\u0259miyy\u0259ti institutlar\u0131na \u2013 QHT-l\u0259r\u0259, partiyalara, K\u0130V-l\u0259r\u0259 t\u0259zyiq g\u00fccl\u0259nib. Demokratik v\u0259 h\u00fcquqi d\u00f6vl\u0259t\u0259 do\u011fru ir\u0259lil\u0259yi\u015f yerin\u0259 c\u0259miyy\u0259t m\u0259hdudla\u015fd\u0131r\u0131c\u0131 qanunlar\u0131n q\u0259bulunda v\u0259 v\u0259t\u0259nda\u015f f\u0259allar\u0131na qar\u015f\u0131 repressiyalarda \u00f6z\u00fcn\u00fc g\u00f6st\u0259r\u0259n v\u0259t\u0259nda\u015flar\u0131n m\u00fclki v\u0259 siyasi h\u00fcquqlar\u0131n\u0131n pozulmas\u0131n\u0131n \u015fahidi olub.\n<\/p>\n<p>\n  Az\u0259rbaycan\u0131n u\u011furlu inki\u015faf\u0131n\u0131n \u0259sas arqumenti olan iqtisadi sah\u0259d\u0259 neft g\u0259lirl\u0259rin\u0259 v\u0259 inhisarlara \u0259saslanan iqtisadi modelin tutars\u0131z oldu\u011funu \u00fcz\u0259 \u00e7\u0131xaran ciddi b\u00f6hran qeyd\u0259 al\u0131n\u0131b. \u00dcDM-d\u0259n t\u0259qa\u00fcdl\u0259r\u0259 q\u0259d\u0259r, b\u00fct\u00fcn g\u00f6st\u0259ricil\u0259r \u00fczr\u0259 art\u0131\u015f v\u0259 rifah, dollarla ifad\u0259 ets\u0259k, 35 faiz azal\u0131b. Dem\u0259k olar ki, s\u00f6hb\u0259t haz\u0131rki rejimin idar\u0259etm\u0259sinin, bax\u0131\u015flar\u0131n\u0131n v\u0259 yana\u015fmalar\u0131n\u0131n \u00e7\u00f6km\u0259sind\u0259n v\u0259 hakimiyy\u0259t operativ \u015f\u0259kild\u0259 reall\u0131qlara m\u00fcnasib\u0259tini yenid\u0259n formala\u015fd\u0131rmasa, g\u0259l\u0259c\u0259k uzunm\u00fcdd\u0259tli b\u00f6hrandan gedir.\n<\/p>\n<p>\n  H\u0259l\u0259lik is\u0259 qapal\u0131 iqtisadiyyata, oliqarx idare\u0259tm\u0259 sistemin\u0259 \u0259saslanan ke\u00e7mi\u015fl\u0259ri il\u0259 vidala\u015fmaq ist\u0259m\u0259y\u0259n y\u00fcks\u0259k v\u0259zif\u0259li m\u0259murlar v\u0259 azad iqtisadiyyata v\u0259 \u015f\u0259ffaf idar\u0259etm\u0259y\u0259 alternativsiz ke\u00e7id t\u0259l\u0259b ed\u0259n reall\u0131q aras\u0131nda m\u00fcbariz\u0259nin iztirablar\u0131n\u0131 izl\u0259m\u0259k olar. Bu daxili m\u0259n\u0259vi b\u00f6hran b\u00fct\u00fcn c\u0259miyy\u0259td\u0259 \u0259ksini tap\u0131r, g\u0259rginlik v\u0259 qeyri-m\u00fc\u0259yy\u0259nlik do\u011furur.\n<\/p>\n<p>\n  Yegan\u0259 sa\u011flam d\u00fc\u015f\u00fcnc\u0259 v\u0259ziyy\u0259tin yenid\u0259n qiym\u0259tl\u0259ndirilm\u0259si v\u0259 2015-2020-ci ill\u0259r \u00fc\u00e7\u00fcn yeni realist konsepsiyan\u0131n i\u015fl\u0259nib haz\u0131rlanmas\u0131d\u0131r. \u018fvv\u0259lki konsepsiya \u00f6l\u00fcb v\u0259 onun \u00f6l\u00fcm\u00fcn\u00fc elan etm\u0259yin vaxt\u0131d\u0131r: \u201cKonsepsiya \u00f6ld\u00fc, Ya\u015fas\u0131n Konsepsiya!\u201d.\n<\/p>\n<p>\n  Turan Analitika Xidm\u0259ti<\/p>\n","protected":false},"excerpt":{"rendered":"<p>Konsepsiyan\u0131n q\u0259bulundan \u00f6t\u0259n \u00fc\u00e7 il \u0259rzind\u0259 siyasi sah\u0259d\u0259 v\u0259t\u0259nda\u015f c\u0259miyy\u0259ti institutlar\u0131na \u2013 QHT-l\u0259r\u0259, partiyalara, K\u0130V-l\u0259r\u0259 t\u0259zyiq g\u00fccl\u0259nib<\/p>\n","protected":false},"author":11,"featured_media":23976,"comment_status":"closed","ping_status":"open","sticky":false,"template":"","format":"standard","meta":{"_acf_changed":false,"_sitemap_exclude":false,"_sitemap_priority":"","_sitemap_frequency":"","footnotes":""},"categories":[56],"tags":[],"class_list":["post-167844","post","type-post","status-publish","format-standard","has-post-thumbnail","hentry","category-xeberler","infinite-scroll-item","generate-columns","tablet-grid-50","mobile-grid-100","grid-parent","grid-33","no-featured-image-padding"],"acf":[],"yoast_head":"<!-- This site is optimized with the Yoast SEO plugin v28.4 - https:\/\/yoast.com\/product\/yoast-seo-wordpress\/ -->\n<title>\u201cAz\u0259rbaycan 2020\u201d \u0130nki\u015faf Konsepsiyas\u0131. Ke\u00e7mi\u015f\u0259 bax\u0131\u015f - MEYDAN.TV<\/title>\n<meta name=\"robots\" content=\"index, follow, max-snippet:-1, max-image-preview:large, max-video-preview:-1\" \/>\n<link rel=\"canonical\" href=\"https:\/\/www.meydan.tv\/az\/article\/azerbaycan-2020-inkisaf-konsepsiyasi-kecmise-baxis\/\" \/>\n<meta property=\"og:locale\" content=\"az_AZ\" \/>\n<meta property=\"og:type\" content=\"article\" \/>\n<meta property=\"og:title\" content=\"\u201cAz\u0259rbaycan 2020\u201d \u0130nki\u015faf Konsepsiyas\u0131. Ke\u00e7mi\u015f\u0259 bax\u0131\u015f - MEYDAN.TV\" \/>\n<meta property=\"og:description\" content=\"Konsepsiyan\u0131n q\u0259bulundan \u00f6t\u0259n \u00fc\u00e7 il \u0259rzind\u0259 siyasi sah\u0259d\u0259 v\u0259t\u0259nda\u015f c\u0259miyy\u0259ti institutlar\u0131na \u2013 QHT-l\u0259r\u0259, partiyalara, K\u0130V-l\u0259r\u0259 t\u0259zyiq g\u00fccl\u0259nib\" \/>\n<meta property=\"og:url\" content=\"https:\/\/www.meydan.tv\/az\/article\/azerbaycan-2020-inkisaf-konsepsiyasi-kecmise-baxis\/\" \/>\n<meta property=\"og:site_name\" content=\"MEYDAN.TV\" \/>\n<meta property=\"article:published_time\" content=\"2015-05-09T11:37:08+00:00\" \/>\n<meta property=\"og:image\" content=\"https:\/\/www.meydan.tv\/wp-content\/uploads\/8722.jpg\" \/>\n\t<meta property=\"og:image:width\" content=\"711\" \/>\n\t<meta property=\"og:image:height\" content=\"388\" \/>\n\t<meta property=\"og:image:type\" content=\"image\/jpeg\" \/>\n<meta name=\"twitter:card\" content=\"summary_large_image\" \/>\n<!-- \/ Yoast SEO plugin. -->","yoast_head_json":{"title":"\u201cAz\u0259rbaycan 2020\u201d \u0130nki\u015faf Konsepsiyas\u0131. Ke\u00e7mi\u015f\u0259 bax\u0131\u015f - MEYDAN.TV","robots":{"index":"index","follow":"follow","max-snippet":"max-snippet:-1","max-image-preview":"max-image-preview:large","max-video-preview":"max-video-preview:-1"},"canonical":"https:\/\/www.meydan.tv\/az\/article\/azerbaycan-2020-inkisaf-konsepsiyasi-kecmise-baxis\/","og_locale":"az_AZ","og_type":"article","og_title":"\u201cAz\u0259rbaycan 2020\u201d \u0130nki\u015faf Konsepsiyas\u0131. Ke\u00e7mi\u015f\u0259 bax\u0131\u015f - MEYDAN.TV","og_description":"Konsepsiyan\u0131n q\u0259bulundan \u00f6t\u0259n \u00fc\u00e7 il \u0259rzind\u0259 siyasi sah\u0259d\u0259 v\u0259t\u0259nda\u015f c\u0259miyy\u0259ti institutlar\u0131na \u2013 QHT-l\u0259r\u0259, partiyalara, K\u0130V-l\u0259r\u0259 t\u0259zyiq g\u00fccl\u0259nib","og_url":"https:\/\/www.meydan.tv\/az\/article\/azerbaycan-2020-inkisaf-konsepsiyasi-kecmise-baxis\/","og_site_name":"MEYDAN.TV","article_published_time":"2015-05-09T11:37:08+00:00","og_image":[{"width":711,"height":388,"url":"https:\/\/www.meydan.tv\/wp-content\/uploads\/8722.jpg","type":"image\/jpeg"}],"twitter_card":"summary_large_image","schema":{"@context":"https:\/\/schema.org","@graph":[{"@type":"Article","@id":"https:\/\/www.meydan.tv\/az\/article\/azerbaycan-2020-inkisaf-konsepsiyasi-kecmise-baxis\/#article","isPartOf":{"@id":"https:\/\/www.meydan.tv\/az\/article\/azerbaycan-2020-inkisaf-konsepsiyasi-kecmise-baxis\/"},"author":{"name":"user-manager","@id":"https:\/\/www.meydan.tv\/az\/#\/schema\/person\/10d11eccf6da3662cf5fdab9806ea91a"},"headline":"\u201cAz\u0259rbaycan 2020\u201d \u0130nki\u015faf Konsepsiyas\u0131. Ke\u00e7mi\u015f\u0259 bax\u0131\u015f","datePublished":"2015-05-09T11:37:08+00:00","mainEntityOfPage":{"@id":"https:\/\/www.meydan.tv\/az\/article\/azerbaycan-2020-inkisaf-konsepsiyasi-kecmise-baxis\/"},"wordCount":1150,"publisher":{"@id":"https:\/\/www.meydan.tv\/az\/#organization"},"image":{"@id":"https:\/\/www.meydan.tv\/az\/article\/azerbaycan-2020-inkisaf-konsepsiyasi-kecmise-baxis\/#primaryimage"},"thumbnailUrl":"https:\/\/www.meydan.tv\/wp-content\/uploads\/8722.jpg","articleSection":["X\u0259b\u0259rl\u0259r"],"inLanguage":"az"},{"@type":"WebPage","@id":"https:\/\/www.meydan.tv\/az\/article\/azerbaycan-2020-inkisaf-konsepsiyasi-kecmise-baxis\/","url":"https:\/\/www.meydan.tv\/az\/article\/azerbaycan-2020-inkisaf-konsepsiyasi-kecmise-baxis\/","name":"\u201cAz\u0259rbaycan 2020\u201d \u0130nki\u015faf Konsepsiyas\u0131. Ke\u00e7mi\u015f\u0259 bax\u0131\u015f - MEYDAN.TV","isPartOf":{"@id":"https:\/\/www.meydan.tv\/az\/#website"},"primaryImageOfPage":{"@id":"https:\/\/www.meydan.tv\/az\/article\/azerbaycan-2020-inkisaf-konsepsiyasi-kecmise-baxis\/#primaryimage"},"image":{"@id":"https:\/\/www.meydan.tv\/az\/article\/azerbaycan-2020-inkisaf-konsepsiyasi-kecmise-baxis\/#primaryimage"},"thumbnailUrl":"https:\/\/www.meydan.tv\/wp-content\/uploads\/8722.jpg","datePublished":"2015-05-09T11:37:08+00:00","breadcrumb":{"@id":"https:\/\/www.meydan.tv\/az\/article\/azerbaycan-2020-inkisaf-konsepsiyasi-kecmise-baxis\/#breadcrumb"},"inLanguage":"az","potentialAction":[{"@type":"ReadAction","target":["https:\/\/www.meydan.tv\/az\/article\/azerbaycan-2020-inkisaf-konsepsiyasi-kecmise-baxis\/"]}]},{"@type":"ImageObject","inLanguage":"az","@id":"https:\/\/www.meydan.tv\/az\/article\/azerbaycan-2020-inkisaf-konsepsiyasi-kecmise-baxis\/#primaryimage","url":"https:\/\/www.meydan.tv\/wp-content\/uploads\/8722.jpg","contentUrl":"https:\/\/www.meydan.tv\/wp-content\/uploads\/8722.jpg","width":711,"height":388,"caption":"Source:"},{"@type":"BreadcrumbList","@id":"https:\/\/www.meydan.tv\/az\/article\/azerbaycan-2020-inkisaf-konsepsiyasi-kecmise-baxis\/#breadcrumb","itemListElement":[{"@type":"ListItem","position":1,"name":"Ana s\u0259hif\u0259","item":"https:\/\/www.meydan.tv\/az\/"},{"@type":"ListItem","position":2,"name":"X\u0259b\u0259rl\u0259r","item":"https:\/\/www.meydan.tv\/az\/section\/xeberler\/"},{"@type":"ListItem","position":3,"name":"\u201cAz\u0259rbaycan 2020\u201d \u0130nki\u015faf Konsepsiyas\u0131. Ke\u00e7mi\u015f\u0259 bax\u0131\u015f"}]},{"@type":"WebSite","@id":"https:\/\/www.meydan.tv\/az\/#website","url":"https:\/\/www.meydan.tv\/az\/","name":"MEYDAN.TV","description":"Meydan TV Az\u0259rbaycan\u0131n media m\u0259kan\u0131ndak\u0131 alternativ s\u0259sidir","publisher":{"@id":"https:\/\/www.meydan.tv\/az\/#organization"},"potentialAction":[{"@type":"SearchAction","target":{"@type":"EntryPoint","urlTemplate":"https:\/\/www.meydan.tv\/az\/?s={search_term_string}"},"query-input":{"@type":"PropertyValueSpecification","valueRequired":true,"valueName":"search_term_string"}}],"inLanguage":"az"},{"@type":"Organization","@id":"https:\/\/www.meydan.tv\/az\/#organization","name":"Meydan TV","url":"https:\/\/www.meydan.tv\/az\/","logo":{"@type":"ImageObject","inLanguage":"az","@id":"https:\/\/www.meydan.tv\/az\/#\/schema\/logo\/image\/","url":"https:\/\/www.meydan.tv\/wp-content\/uploads\/2021\/07\/meydan-logo.svg","contentUrl":"https:\/\/www.meydan.tv\/wp-content\/uploads\/2021\/07\/meydan-logo.svg","width":195,"height":46,"caption":"Meydan TV"},"image":{"@id":"https:\/\/www.meydan.tv\/az\/#\/schema\/logo\/image\/"}},{"@type":"Person","@id":"https:\/\/www.meydan.tv\/az\/#\/schema\/person\/10d11eccf6da3662cf5fdab9806ea91a","name":"user-manager"}]}},"_links":{"self":[{"href":"https:\/\/www.meydan.tv\/az\/wp-json\/wp\/v2\/posts\/167844","targetHints":{"allow":["GET"]}}],"collection":[{"href":"https:\/\/www.meydan.tv\/az\/wp-json\/wp\/v2\/posts"}],"about":[{"href":"https:\/\/www.meydan.tv\/az\/wp-json\/wp\/v2\/types\/post"}],"author":[{"embeddable":true,"href":"https:\/\/www.meydan.tv\/az\/wp-json\/wp\/v2\/users\/11"}],"replies":[{"embeddable":true,"href":"https:\/\/www.meydan.tv\/az\/wp-json\/wp\/v2\/comments?post=167844"}],"version-history":[{"count":0,"href":"https:\/\/www.meydan.tv\/az\/wp-json\/wp\/v2\/posts\/167844\/revisions"}],"wp:featuredmedia":[{"embeddable":true,"href":"https:\/\/www.meydan.tv\/az\/wp-json\/wp\/v2\/media\/23976"}],"wp:attachment":[{"href":"https:\/\/www.meydan.tv\/az\/wp-json\/wp\/v2\/media?parent=167844"}],"wp:term":[{"taxonomy":"category","embeddable":true,"href":"https:\/\/www.meydan.tv\/az\/wp-json\/wp\/v2\/categories?post=167844"},{"taxonomy":"post_tag","embeddable":true,"href":"https:\/\/www.meydan.tv\/az\/wp-json\/wp\/v2\/tags?post=167844"}],"curies":[{"name":"wp","href":"https:\/\/api.w.org\/{rel}","templated":true}]}}