{"id":167842,"date":"2015-05-08T23:05:40","date_gmt":"2015-05-08T23:05:40","guid":{"rendered":"https:\/\/www.meydan.tv\/article\/serhedsiz-reportyorlardan-rauf-mirqedirov-beyanati\/"},"modified":"2015-05-08T23:05:40","modified_gmt":"2015-05-08T23:05:40","slug":"serhedsiz-reportyorlardan-rauf-mirqedirov-beyanati","status":"publish","type":"post","link":"https:\/\/www.meydan.tv\/az\/article\/serhedsiz-reportyorlardan-rauf-mirqedirov-beyanati\/","title":{"rendered":"\u201cS\u0259rh\u0259dsiz reportyorlar\u201ddan Rauf Mirq\u0259dirov b\u0259yanat\u0131"},"content":{"rendered":"<figure class=\"wp-block-image size-large\">\n  <img decoding=\"async\" src=\"https:\/\/www.meydan.tv\/az\/23970\/\" alt=\"\" class=\"wp-image-23970\"\/><figcaption><\/figcaption><\/figure>\n<figure class=\"wp-block-image size-large\">\n  <img decoding=\"async\" src=\"https:\/\/www.meydan.tv\/az\/23970\/\" alt=\"\" class=\"wp-image-23970\"\/><figcaption><\/figcaption><\/figure>\n<p>\n  <i><br \/>\n    &#8220;\u015e\u00fcbh\u0259 yoxdur ki, onun h\u0259bsi siyasi xarakter da\u015f\u0131y\u0131r&#8221;<br \/>\n  <\/i>\n<\/p>\n<p>\n  \u201cS\u0259rh\u0259dsiz Reportyorlar\u201d Beyn\u0259lxalq Jurnalistl\u0259ri M\u00fcdafi\u0259 T\u0259\u015fkilat\u0131 Az\u0259rbaycanda m\u0259hk\u0259m\u0259nin jurnalist Rauf Mirq\u0259dirovun m\u0259hk\u0259m\u0259d\u0259n\u00a0 \u00f6nc\u0259 h\u0259bs m\u00fcdd\u0259tinin uzad\u0131lmas\u0131 haqq\u0131nda q\u0259rar\u0131n\u0131 pisl\u0259yib.\n<\/p>\n<p>\n  D\u00f6vl\u0259t\u0259 x\u0259yan\u0259td\u0259 ittiham olunan jurnalist bar\u0259sind\u0259 q\u0259timkan t\u0259dbirinin m\u00fcdd\u0259ti 4 ay \u2013 sentyabr\u0131n 19-na q\u0259d\u0259r uzad\u0131l\u0131b\n<\/p>\n<p>\n  \u201cRauf Mirq\u0259dirovun h\u0259bsi bizi \u00e7ox narahat edir. \u015e\u00fcbh\u0259 yoxdur ki, onun h\u0259bsi siyasi xarakter da\u015f\u0131y\u0131r. Biz yenid\u0259n Az\u0259rbaycan h\u00f6kum\u0259tini t\u0259qibl\u0259r\u0259 son qoyma\u011fa v\u0259 bu jurnalisti azad etm\u0259y\u0259 \u00e7a\u011f\u0131r\u0131r\u0131q\u201d, dey\u0259 \u201cS\u0259rh\u0259dsiz reportyorlar\u201d t\u0259\u015fkilat\u0131n\u0131n \u015e\u0259rqi Avropa v\u0259 M\u0259rk\u0259zi Asiya \u015f\u00f6b\u0259sinin r\u0259hb\u0259ri Yohan Bir bildirib.\n<\/p>\n<p>\n  T\u0259\u015fkilat Mirq\u0259dirova qar\u015f\u0131 ittihamlar\u0131 absurd, m\u0259hk\u0259m\u00f6nc\u0259si h\u0259bs m\u00fcdd\u0259tinin uzad\u0131lmas\u0131n\u0131 is\u0259 qanunsuz hesab edir.\n<\/p>\n<p>\n  B\u0259yanatda h\u0259m\u00e7inin jurnalist X\u0259dic\u0259 \u0130smay\u0131lovan\u0131n 6 ayl\u0131q h\u0259bsinin ba\u015flad\u0131\u011f\u0131 xat\u0131rlad\u0131l\u0131r.\n<\/p>\n<p>\n  Mirq\u0259dirovun v\u0259kili onun h\u0259bs m\u00fcdd\u0259tinin uzad\u0131lmas\u0131ndan \u015fikay\u0259t verib. Apellyasiya \u015fikay\u0259tin\u0259 g\u0259l\u0259n h\u0259ft\u0259 bax\u0131laca\u011f\u0131 g\u00f6zl\u0259nilir, bu bar\u0259d\u0259 &#8220;Turan \u0130A&#8221;-a v\u0259kil Elmar S\u00fcleymanov bildirib.\n<\/p>\n<p>\n  \u201cS\u0259rh\u0259dsiz Reportyorlar\u201d\u0131n 2015-ci il \u00fc\u00e7\u00fcn \u201cM\u0259tbuat azadl\u0131\u011f\u0131\u201d indeksind\u0259 Az\u0259rbaycan 180 \u00f6lk\u0259 aras\u0131nda 162-ci yeri tutur.\n<\/p><\/p>\n","protected":false},"excerpt":{"rendered":"<p>&#8220;\u015e\u00fcbh\u0259 yoxdur ki, onun h\u0259bsi siyasi xarakter da\u015f\u0131y\u0131r&#8221;<\/p>\n","protected":false},"author":11,"featured_media":23970,"comment_status":"closed","ping_status":"open","sticky":false,"template":"","format":"standard","meta":{"_acf_changed":false,"_sitemap_exclude":false,"_sitemap_priority":"","_sitemap_frequency":"","footnotes":""},"categories":[56],"tags":[],"class_list":["post-167842","post","type-post","status-publish","format-standard","has-post-thumbnail","hentry","category-xeberler","infinite-scroll-item","generate-columns","tablet-grid-50","mobile-grid-100","grid-parent","grid-33","no-featured-image-padding"],"acf":[],"yoast_head":"<!-- This site is optimized with the Yoast SEO plugin v28.4 - https:\/\/yoast.com\/product\/yoast-seo-wordpress\/ -->\n<title>\u201cS\u0259rh\u0259dsiz reportyorlar\u201ddan Rauf Mirq\u0259dirov b\u0259yanat\u0131 - MEYDAN.TV<\/title>\n<meta name=\"robots\" content=\"index, follow, max-snippet:-1, max-image-preview:large, max-video-preview:-1\" \/>\n<link rel=\"canonical\" href=\"https:\/\/www.meydan.tv\/az\/article\/serhedsiz-reportyorlardan-rauf-mirqedirov-beyanati\/\" \/>\n<meta property=\"og:locale\" content=\"az_AZ\" \/>\n<meta property=\"og:type\" content=\"article\" \/>\n<meta property=\"og:title\" content=\"\u201cS\u0259rh\u0259dsiz reportyorlar\u201ddan Rauf Mirq\u0259dirov b\u0259yanat\u0131 - MEYDAN.TV\" \/>\n<meta property=\"og:description\" content=\"&quot;\u015e\u00fcbh\u0259 yoxdur ki, onun h\u0259bsi siyasi xarakter da\u015f\u0131y\u0131r&quot;\" \/>\n<meta property=\"og:url\" content=\"https:\/\/www.meydan.tv\/az\/article\/serhedsiz-reportyorlardan-rauf-mirqedirov-beyanati\/\" \/>\n<meta property=\"og:site_name\" content=\"MEYDAN.TV\" \/>\n<meta property=\"article:published_time\" content=\"2015-05-08T23:05:40+00:00\" \/>\n<meta property=\"og:image\" content=\"https:\/\/www.meydan.tv\/wp-content\/uploads\/8719.jpg\" \/>\n\t<meta property=\"og:image:width\" content=\"400\" \/>\n\t<meta property=\"og:image:height\" content=\"281\" \/>\n\t<meta property=\"og:image:type\" content=\"image\/jpeg\" \/>\n<meta name=\"twitter:card\" content=\"summary_large_image\" \/>\n<!-- \/ Yoast SEO plugin. -->","yoast_head_json":{"title":"\u201cS\u0259rh\u0259dsiz reportyorlar\u201ddan Rauf Mirq\u0259dirov b\u0259yanat\u0131 - MEYDAN.TV","robots":{"index":"index","follow":"follow","max-snippet":"max-snippet:-1","max-image-preview":"max-image-preview:large","max-video-preview":"max-video-preview:-1"},"canonical":"https:\/\/www.meydan.tv\/az\/article\/serhedsiz-reportyorlardan-rauf-mirqedirov-beyanati\/","og_locale":"az_AZ","og_type":"article","og_title":"\u201cS\u0259rh\u0259dsiz reportyorlar\u201ddan Rauf Mirq\u0259dirov b\u0259yanat\u0131 - MEYDAN.TV","og_description":"\"\u015e\u00fcbh\u0259 yoxdur ki, onun h\u0259bsi siyasi xarakter da\u015f\u0131y\u0131r\"","og_url":"https:\/\/www.meydan.tv\/az\/article\/serhedsiz-reportyorlardan-rauf-mirqedirov-beyanati\/","og_site_name":"MEYDAN.TV","article_published_time":"2015-05-08T23:05:40+00:00","og_image":[{"width":400,"height":281,"url":"https:\/\/www.meydan.tv\/wp-content\/uploads\/8719.jpg","type":"image\/jpeg"}],"twitter_card":"summary_large_image","schema":{"@context":"https:\/\/schema.org","@graph":[{"@type":"Article","@id":"https:\/\/www.meydan.tv\/az\/article\/serhedsiz-reportyorlardan-rauf-mirqedirov-beyanati\/#article","isPartOf":{"@id":"https:\/\/www.meydan.tv\/az\/article\/serhedsiz-reportyorlardan-rauf-mirqedirov-beyanati\/"},"author":{"name":"user-manager","@id":"https:\/\/www.meydan.tv\/az\/#\/schema\/person\/10d11eccf6da3662cf5fdab9806ea91a"},"headline":"\u201cS\u0259rh\u0259dsiz reportyorlar\u201ddan Rauf Mirq\u0259dirov b\u0259yanat\u0131","datePublished":"2015-05-08T23:05:40+00:00","mainEntityOfPage":{"@id":"https:\/\/www.meydan.tv\/az\/article\/serhedsiz-reportyorlardan-rauf-mirqedirov-beyanati\/"},"wordCount":265,"publisher":{"@id":"https:\/\/www.meydan.tv\/az\/#organization"},"image":{"@id":"https:\/\/www.meydan.tv\/az\/article\/serhedsiz-reportyorlardan-rauf-mirqedirov-beyanati\/#primaryimage"},"thumbnailUrl":"https:\/\/www.meydan.tv\/wp-content\/uploads\/8719.jpg","articleSection":["X\u0259b\u0259rl\u0259r"],"inLanguage":"az"},{"@type":"WebPage","@id":"https:\/\/www.meydan.tv\/az\/article\/serhedsiz-reportyorlardan-rauf-mirqedirov-beyanati\/","url":"https:\/\/www.meydan.tv\/az\/article\/serhedsiz-reportyorlardan-rauf-mirqedirov-beyanati\/","name":"\u201cS\u0259rh\u0259dsiz reportyorlar\u201ddan Rauf Mirq\u0259dirov b\u0259yanat\u0131 - MEYDAN.TV","isPartOf":{"@id":"https:\/\/www.meydan.tv\/az\/#website"},"primaryImageOfPage":{"@id":"https:\/\/www.meydan.tv\/az\/article\/serhedsiz-reportyorlardan-rauf-mirqedirov-beyanati\/#primaryimage"},"image":{"@id":"https:\/\/www.meydan.tv\/az\/article\/serhedsiz-reportyorlardan-rauf-mirqedirov-beyanati\/#primaryimage"},"thumbnailUrl":"https:\/\/www.meydan.tv\/wp-content\/uploads\/8719.jpg","datePublished":"2015-05-08T23:05:40+00:00","breadcrumb":{"@id":"https:\/\/www.meydan.tv\/az\/article\/serhedsiz-reportyorlardan-rauf-mirqedirov-beyanati\/#breadcrumb"},"inLanguage":"az","potentialAction":[{"@type":"ReadAction","target":["https:\/\/www.meydan.tv\/az\/article\/serhedsiz-reportyorlardan-rauf-mirqedirov-beyanati\/"]}]},{"@type":"ImageObject","inLanguage":"az","@id":"https:\/\/www.meydan.tv\/az\/article\/serhedsiz-reportyorlardan-rauf-mirqedirov-beyanati\/#primaryimage","url":"https:\/\/www.meydan.tv\/wp-content\/uploads\/8719.jpg","contentUrl":"https:\/\/www.meydan.tv\/wp-content\/uploads\/8719.jpg","width":400,"height":281,"caption":"Source:"},{"@type":"BreadcrumbList","@id":"https:\/\/www.meydan.tv\/az\/article\/serhedsiz-reportyorlardan-rauf-mirqedirov-beyanati\/#breadcrumb","itemListElement":[{"@type":"ListItem","position":1,"name":"Ana s\u0259hif\u0259","item":"https:\/\/www.meydan.tv\/az\/"},{"@type":"ListItem","position":2,"name":"X\u0259b\u0259rl\u0259r","item":"https:\/\/www.meydan.tv\/az\/section\/xeberler\/"},{"@type":"ListItem","position":3,"name":"\u201cS\u0259rh\u0259dsiz reportyorlar\u201ddan Rauf Mirq\u0259dirov b\u0259yanat\u0131"}]},{"@type":"WebSite","@id":"https:\/\/www.meydan.tv\/az\/#website","url":"https:\/\/www.meydan.tv\/az\/","name":"MEYDAN.TV","description":"Meydan TV Az\u0259rbaycan\u0131n media m\u0259kan\u0131ndak\u0131 alternativ s\u0259sidir","publisher":{"@id":"https:\/\/www.meydan.tv\/az\/#organization"},"potentialAction":[{"@type":"SearchAction","target":{"@type":"EntryPoint","urlTemplate":"https:\/\/www.meydan.tv\/az\/?s={search_term_string}"},"query-input":{"@type":"PropertyValueSpecification","valueRequired":true,"valueName":"search_term_string"}}],"inLanguage":"az"},{"@type":"Organization","@id":"https:\/\/www.meydan.tv\/az\/#organization","name":"Meydan TV","url":"https:\/\/www.meydan.tv\/az\/","logo":{"@type":"ImageObject","inLanguage":"az","@id":"https:\/\/www.meydan.tv\/az\/#\/schema\/logo\/image\/","url":"https:\/\/www.meydan.tv\/wp-content\/uploads\/2021\/07\/meydan-logo.svg","contentUrl":"https:\/\/www.meydan.tv\/wp-content\/uploads\/2021\/07\/meydan-logo.svg","width":195,"height":46,"caption":"Meydan TV"},"image":{"@id":"https:\/\/www.meydan.tv\/az\/#\/schema\/logo\/image\/"}},{"@type":"Person","@id":"https:\/\/www.meydan.tv\/az\/#\/schema\/person\/10d11eccf6da3662cf5fdab9806ea91a","name":"user-manager"}]}},"_links":{"self":[{"href":"https:\/\/www.meydan.tv\/az\/wp-json\/wp\/v2\/posts\/167842","targetHints":{"allow":["GET"]}}],"collection":[{"href":"https:\/\/www.meydan.tv\/az\/wp-json\/wp\/v2\/posts"}],"about":[{"href":"https:\/\/www.meydan.tv\/az\/wp-json\/wp\/v2\/types\/post"}],"author":[{"embeddable":true,"href":"https:\/\/www.meydan.tv\/az\/wp-json\/wp\/v2\/users\/11"}],"replies":[{"embeddable":true,"href":"https:\/\/www.meydan.tv\/az\/wp-json\/wp\/v2\/comments?post=167842"}],"version-history":[{"count":0,"href":"https:\/\/www.meydan.tv\/az\/wp-json\/wp\/v2\/posts\/167842\/revisions"}],"wp:featuredmedia":[{"embeddable":true,"href":"https:\/\/www.meydan.tv\/az\/wp-json\/wp\/v2\/media\/23970"}],"wp:attachment":[{"href":"https:\/\/www.meydan.tv\/az\/wp-json\/wp\/v2\/media?parent=167842"}],"wp:term":[{"taxonomy":"category","embeddable":true,"href":"https:\/\/www.meydan.tv\/az\/wp-json\/wp\/v2\/categories?post=167842"},{"taxonomy":"post_tag","embeddable":true,"href":"https:\/\/www.meydan.tv\/az\/wp-json\/wp\/v2\/tags?post=167842"}],"curies":[{"name":"wp","href":"https:\/\/api.w.org\/{rel}","templated":true}]}}