{"id":167839,"date":"2015-05-08T20:32:55","date_gmt":"2015-05-08T20:32:55","guid":{"rendered":"https:\/\/www.meydan.tv\/article\/xedice-ismayilin-mektubu-penitensiar-xidmetin-reisine-yetismeyib\/"},"modified":"2015-05-08T20:32:55","modified_gmt":"2015-05-08T20:32:55","slug":"xedice-ismayilin-mektubu-penitensiar-xidmetin-reisine-yetismeyib","status":"publish","type":"post","link":"https:\/\/www.meydan.tv\/az\/article\/xedice-ismayilin-mektubu-penitensiar-xidmetin-reisine-yetismeyib\/","title":{"rendered":"X\u0259dic\u0259 \u0130smay\u0131l\u0131n m\u0259ktubu Penitensiar Xidm\u0259tin r\u0259isin\u0259 yeti\u015fm\u0259yib"},"content":{"rendered":"<figure class=\"wp-block-image size-large\">\n  <img decoding=\"async\" src=\"https:\/\/www.meydan.tv\/az\/23958\/\" alt=\"\" class=\"wp-image-23958\"\/><figcaption><\/figcaption><\/figure>\n<figure class=\"wp-block-image size-large\">\n  <img decoding=\"async\" src=\"https:\/\/www.meydan.tv\/az\/23958\/\" alt=\"\" class=\"wp-image-23958\"\/><figcaption><\/figcaption><\/figure>\n<p><div>\n    <i><br \/>\n      T\u0259cridxana r\u0259hb\u0259rliyi m\u0259ktubu m\u0259qs\u0259d\u0259uy\u011fun hesab etm\u0259yib<br \/>\n    <\/i>\n  <\/div>\n<\/p>\n<p><div><\/div>\n<\/p>\n<p><div>\n    H\u0259bsd\u0259 olan ara\u015fd\u0131rma\u00e7\u0131-jurnalist X\u0259dic\u0259 \u0130smay\u0131l\u0131n \u018fdliyy\u0259 Nazirliyinin Penitensiar Xidm\u0259tinin r\u0259isin\u0259 \u00fcnvanlad\u0131\u011f\u0131 m\u0259ktub g\u00f6nd\u0259rilm\u0259yib. Bu bar\u0259d\u0259 Meydan TV-y\u0259 m\u0259lumat\u0131 jurnalistin v\u0259kili Fariz Namazl\u0131 verib. Onun s\u00f6zl\u0259rin\u0259 g\u00f6r\u0259, h\u0259min m\u0259ktub X\u0259dic\u0259 \u0130smay\u0131l\u0131n v\u0259kili Yal\u00e7\u0131n \u0130manovla g\u00f6r\u00fc\u015f\u00fcn\u0259 icaz\u0259 verilm\u0259m\u0259si il\u0259 ba\u011fl\u0131 olub: &#8220;M\u0259ktubu may\u0131n 4-d\u0259 g\u00f6nd\u0259rib. Ay\u0131n 6-da qeydiyyat \u015f\u00f6b\u0259sinin r\u0259isi g\u0259lib X\u0259dic\u0259 \u0130smay\u0131la deyib ki, m\u0259ktubu g\u00f6nd\u0259rm\u0259k m\u0259qs\u0259d\u0259uy\u011fun hesab edilm\u0259di&#8221;.\n  <\/div>\n<\/p>\n<p><div>\n    Meydan TV m\u0259s\u0259l\u0259 il\u0259 ba\u011fl\u0131 Penitensiar Xidm\u0259t\u0259 yaz\u0131l\u0131 sor\u011fu g\u00f6nd\u0259rs\u0259 d\u0259, g\u00fcn\u00fcn sonu oldu\u011fundan cavab verilm\u0259yib.\n  <\/div><\/p>\n","protected":false},"excerpt":{"rendered":"<p>T\u0259cridxana r\u0259hb\u0259rliyi m\u0259ktubu m\u0259qs\u0259d\u0259uy\u011fun hesab etm\u0259yib<\/p>\n","protected":false},"author":11,"featured_media":23958,"comment_status":"closed","ping_status":"open","sticky":false,"template":"","format":"standard","meta":{"_acf_changed":false,"_sitemap_exclude":false,"_sitemap_priority":"","_sitemap_frequency":"","footnotes":""},"categories":[56],"tags":[],"class_list":["post-167839","post","type-post","status-publish","format-standard","has-post-thumbnail","hentry","category-xeberler","infinite-scroll-item","generate-columns","tablet-grid-50","mobile-grid-100","grid-parent","grid-33","no-featured-image-padding"],"acf":[],"yoast_head":"<!-- This site is optimized with the Yoast SEO plugin v28.4 - https:\/\/yoast.com\/product\/yoast-seo-wordpress\/ -->\n<title>X\u0259dic\u0259 \u0130smay\u0131l\u0131n m\u0259ktubu Penitensiar Xidm\u0259tin r\u0259isin\u0259 yeti\u015fm\u0259yib - MEYDAN.TV<\/title>\n<meta name=\"robots\" content=\"index, follow, max-snippet:-1, max-image-preview:large, max-video-preview:-1\" \/>\n<link rel=\"canonical\" href=\"https:\/\/www.meydan.tv\/az\/article\/xedice-ismayilin-mektubu-penitensiar-xidmetin-reisine-yetismeyib\/\" \/>\n<meta property=\"og:locale\" content=\"az_AZ\" \/>\n<meta property=\"og:type\" content=\"article\" \/>\n<meta property=\"og:title\" content=\"X\u0259dic\u0259 \u0130smay\u0131l\u0131n m\u0259ktubu Penitensiar Xidm\u0259tin r\u0259isin\u0259 yeti\u015fm\u0259yib - MEYDAN.TV\" \/>\n<meta property=\"og:description\" content=\"T\u0259cridxana r\u0259hb\u0259rliyi m\u0259ktubu m\u0259qs\u0259d\u0259uy\u011fun hesab etm\u0259yib\" \/>\n<meta property=\"og:url\" content=\"https:\/\/www.meydan.tv\/az\/article\/xedice-ismayilin-mektubu-penitensiar-xidmetin-reisine-yetismeyib\/\" \/>\n<meta property=\"og:site_name\" content=\"MEYDAN.TV\" \/>\n<meta property=\"article:published_time\" content=\"2015-05-08T20:32:55+00:00\" \/>\n<meta property=\"og:image\" content=\"https:\/\/www.meydan.tv\/wp-content\/uploads\/8718.jpg\" \/>\n\t<meta property=\"og:image:width\" content=\"640\" \/>\n\t<meta property=\"og:image:height\" content=\"360\" \/>\n\t<meta property=\"og:image:type\" content=\"image\/jpeg\" \/>\n<meta name=\"twitter:card\" content=\"summary_large_image\" \/>\n<!-- \/ Yoast SEO plugin. -->","yoast_head_json":{"title":"X\u0259dic\u0259 \u0130smay\u0131l\u0131n m\u0259ktubu Penitensiar Xidm\u0259tin r\u0259isin\u0259 yeti\u015fm\u0259yib - MEYDAN.TV","robots":{"index":"index","follow":"follow","max-snippet":"max-snippet:-1","max-image-preview":"max-image-preview:large","max-video-preview":"max-video-preview:-1"},"canonical":"https:\/\/www.meydan.tv\/az\/article\/xedice-ismayilin-mektubu-penitensiar-xidmetin-reisine-yetismeyib\/","og_locale":"az_AZ","og_type":"article","og_title":"X\u0259dic\u0259 \u0130smay\u0131l\u0131n m\u0259ktubu Penitensiar Xidm\u0259tin r\u0259isin\u0259 yeti\u015fm\u0259yib - MEYDAN.TV","og_description":"T\u0259cridxana r\u0259hb\u0259rliyi m\u0259ktubu m\u0259qs\u0259d\u0259uy\u011fun hesab etm\u0259yib","og_url":"https:\/\/www.meydan.tv\/az\/article\/xedice-ismayilin-mektubu-penitensiar-xidmetin-reisine-yetismeyib\/","og_site_name":"MEYDAN.TV","article_published_time":"2015-05-08T20:32:55+00:00","og_image":[{"width":640,"height":360,"url":"https:\/\/www.meydan.tv\/wp-content\/uploads\/8718.jpg","type":"image\/jpeg"}],"twitter_card":"summary_large_image","schema":{"@context":"https:\/\/schema.org","@graph":[{"@type":"Article","@id":"https:\/\/www.meydan.tv\/az\/article\/xedice-ismayilin-mektubu-penitensiar-xidmetin-reisine-yetismeyib\/#article","isPartOf":{"@id":"https:\/\/www.meydan.tv\/az\/article\/xedice-ismayilin-mektubu-penitensiar-xidmetin-reisine-yetismeyib\/"},"author":{"name":"user-manager","@id":"https:\/\/www.meydan.tv\/az\/#\/schema\/person\/10d11eccf6da3662cf5fdab9806ea91a"},"headline":"X\u0259dic\u0259 \u0130smay\u0131l\u0131n m\u0259ktubu Penitensiar Xidm\u0259tin r\u0259isin\u0259 yeti\u015fm\u0259yib","datePublished":"2015-05-08T20:32:55+00:00","mainEntityOfPage":{"@id":"https:\/\/www.meydan.tv\/az\/article\/xedice-ismayilin-mektubu-penitensiar-xidmetin-reisine-yetismeyib\/"},"wordCount":166,"publisher":{"@id":"https:\/\/www.meydan.tv\/az\/#organization"},"image":{"@id":"https:\/\/www.meydan.tv\/az\/article\/xedice-ismayilin-mektubu-penitensiar-xidmetin-reisine-yetismeyib\/#primaryimage"},"thumbnailUrl":"https:\/\/www.meydan.tv\/wp-content\/uploads\/8718.jpg","articleSection":["X\u0259b\u0259rl\u0259r"],"inLanguage":"az"},{"@type":"WebPage","@id":"https:\/\/www.meydan.tv\/az\/article\/xedice-ismayilin-mektubu-penitensiar-xidmetin-reisine-yetismeyib\/","url":"https:\/\/www.meydan.tv\/az\/article\/xedice-ismayilin-mektubu-penitensiar-xidmetin-reisine-yetismeyib\/","name":"X\u0259dic\u0259 \u0130smay\u0131l\u0131n m\u0259ktubu Penitensiar Xidm\u0259tin r\u0259isin\u0259 yeti\u015fm\u0259yib - MEYDAN.TV","isPartOf":{"@id":"https:\/\/www.meydan.tv\/az\/#website"},"primaryImageOfPage":{"@id":"https:\/\/www.meydan.tv\/az\/article\/xedice-ismayilin-mektubu-penitensiar-xidmetin-reisine-yetismeyib\/#primaryimage"},"image":{"@id":"https:\/\/www.meydan.tv\/az\/article\/xedice-ismayilin-mektubu-penitensiar-xidmetin-reisine-yetismeyib\/#primaryimage"},"thumbnailUrl":"https:\/\/www.meydan.tv\/wp-content\/uploads\/8718.jpg","datePublished":"2015-05-08T20:32:55+00:00","breadcrumb":{"@id":"https:\/\/www.meydan.tv\/az\/article\/xedice-ismayilin-mektubu-penitensiar-xidmetin-reisine-yetismeyib\/#breadcrumb"},"inLanguage":"az","potentialAction":[{"@type":"ReadAction","target":["https:\/\/www.meydan.tv\/az\/article\/xedice-ismayilin-mektubu-penitensiar-xidmetin-reisine-yetismeyib\/"]}]},{"@type":"ImageObject","inLanguage":"az","@id":"https:\/\/www.meydan.tv\/az\/article\/xedice-ismayilin-mektubu-penitensiar-xidmetin-reisine-yetismeyib\/#primaryimage","url":"https:\/\/www.meydan.tv\/wp-content\/uploads\/8718.jpg","contentUrl":"https:\/\/www.meydan.tv\/wp-content\/uploads\/8718.jpg","width":640,"height":360,"caption":"Source:"},{"@type":"BreadcrumbList","@id":"https:\/\/www.meydan.tv\/az\/article\/xedice-ismayilin-mektubu-penitensiar-xidmetin-reisine-yetismeyib\/#breadcrumb","itemListElement":[{"@type":"ListItem","position":1,"name":"Ana s\u0259hif\u0259","item":"https:\/\/www.meydan.tv\/az\/"},{"@type":"ListItem","position":2,"name":"X\u0259b\u0259rl\u0259r","item":"https:\/\/www.meydan.tv\/az\/section\/xeberler\/"},{"@type":"ListItem","position":3,"name":"X\u0259dic\u0259 \u0130smay\u0131l\u0131n m\u0259ktubu Penitensiar Xidm\u0259tin r\u0259isin\u0259 yeti\u015fm\u0259yib"}]},{"@type":"WebSite","@id":"https:\/\/www.meydan.tv\/az\/#website","url":"https:\/\/www.meydan.tv\/az\/","name":"MEYDAN.TV","description":"Meydan TV Az\u0259rbaycan\u0131n media m\u0259kan\u0131ndak\u0131 alternativ s\u0259sidir","publisher":{"@id":"https:\/\/www.meydan.tv\/az\/#organization"},"potentialAction":[{"@type":"SearchAction","target":{"@type":"EntryPoint","urlTemplate":"https:\/\/www.meydan.tv\/az\/?s={search_term_string}"},"query-input":{"@type":"PropertyValueSpecification","valueRequired":true,"valueName":"search_term_string"}}],"inLanguage":"az"},{"@type":"Organization","@id":"https:\/\/www.meydan.tv\/az\/#organization","name":"Meydan TV","url":"https:\/\/www.meydan.tv\/az\/","logo":{"@type":"ImageObject","inLanguage":"az","@id":"https:\/\/www.meydan.tv\/az\/#\/schema\/logo\/image\/","url":"https:\/\/www.meydan.tv\/wp-content\/uploads\/2021\/07\/meydan-logo.svg","contentUrl":"https:\/\/www.meydan.tv\/wp-content\/uploads\/2021\/07\/meydan-logo.svg","width":195,"height":46,"caption":"Meydan TV"},"image":{"@id":"https:\/\/www.meydan.tv\/az\/#\/schema\/logo\/image\/"}},{"@type":"Person","@id":"https:\/\/www.meydan.tv\/az\/#\/schema\/person\/10d11eccf6da3662cf5fdab9806ea91a","name":"user-manager"}]}},"_links":{"self":[{"href":"https:\/\/www.meydan.tv\/az\/wp-json\/wp\/v2\/posts\/167839","targetHints":{"allow":["GET"]}}],"collection":[{"href":"https:\/\/www.meydan.tv\/az\/wp-json\/wp\/v2\/posts"}],"about":[{"href":"https:\/\/www.meydan.tv\/az\/wp-json\/wp\/v2\/types\/post"}],"author":[{"embeddable":true,"href":"https:\/\/www.meydan.tv\/az\/wp-json\/wp\/v2\/users\/11"}],"replies":[{"embeddable":true,"href":"https:\/\/www.meydan.tv\/az\/wp-json\/wp\/v2\/comments?post=167839"}],"version-history":[{"count":0,"href":"https:\/\/www.meydan.tv\/az\/wp-json\/wp\/v2\/posts\/167839\/revisions"}],"wp:featuredmedia":[{"embeddable":true,"href":"https:\/\/www.meydan.tv\/az\/wp-json\/wp\/v2\/media\/23958"}],"wp:attachment":[{"href":"https:\/\/www.meydan.tv\/az\/wp-json\/wp\/v2\/media?parent=167839"}],"wp:term":[{"taxonomy":"category","embeddable":true,"href":"https:\/\/www.meydan.tv\/az\/wp-json\/wp\/v2\/categories?post=167839"},{"taxonomy":"post_tag","embeddable":true,"href":"https:\/\/www.meydan.tv\/az\/wp-json\/wp\/v2\/tags?post=167839"}],"curies":[{"name":"wp","href":"https:\/\/api.w.org\/{rel}","templated":true}]}}