{"id":167838,"date":"2015-05-08T18:23:26","date_gmt":"2015-05-08T18:23:26","guid":{"rendered":"https:\/\/www.meydan.tv\/article\/fuad-ehmedliye-25-sutka-ceza-verilib\/"},"modified":"2015-05-08T18:23:26","modified_gmt":"2015-05-08T18:23:26","slug":"fuad-ehmedliye-25-sutka-ceza-verilib","status":"publish","type":"post","link":"https:\/\/www.meydan.tv\/az\/article\/fuad-ehmedliye-25-sutka-ceza-verilib\/","title":{"rendered":"Fuad \u018fhm\u0259dliy\u0259 25 sutka c\u0259za verilib"},"content":{"rendered":"<figure class=\"wp-block-image size-large\">\n  <img decoding=\"async\" src=\"https:\/\/www.meydan.tv\/az\/23967\/\" alt=\"\" class=\"wp-image-23967\"\/><figcaption><\/figcaption><\/figure>\n<figure class=\"wp-block-image size-large\">\n  <img decoding=\"async\" src=\"https:\/\/www.meydan.tv\/az\/23967\/\" alt=\"\" class=\"wp-image-23967\"\/><figcaption><\/figcaption><\/figure>\n<p>\n  <i><br \/>\n    G\u0259nc f\u0259al\u00a0\u0130nzibati X\u0259talar M\u0259c\u0259ll\u0259sinin 296-c\u0131 (x\u0131rda xuliqanl\u0131q) v\u0259 310.1 (polisin qanuni t\u0259l\u0259bin\u0259 tabe olmama) madd\u0259sil\u0259 c\u0259zaland\u0131r\u0131l\u0131b<br \/>\n  <\/i>\n<\/p>\n<p><div>\n    N\u0259rimanov rayon M\u0259hk\u0259m\u0259si AXCP G\u0259ncl\u0259r Komit\u0259sinin f\u0259al\u0131 Fuad \u018fhm\u0259dli 25 sutka azadl\u0131qdan m\u0259hrum edib. O,\u00a0\u0130nzibati X\u0259talar M\u0259c\u0259ll\u0259sinin 296-c\u0131 (x\u0131rda xuliqanl\u0131q) v\u0259 310.1 (polisin qanuni t\u0259l\u0259bin\u0259 tabe olmama) madd\u0259sil\u0259 c\u0259zaland\u0131r\u0131l\u0131b.\n  <\/div>\n<\/p>\n<p><div>\n    Bu bar\u0259d\u0259 &#8220;Azadl\u0131q&#8221; q\u0259zetin\u0259 siyasi f\u0259al\u0131n atas\u0131 Z\u0259f\u0259r \u018fhm\u0259dli m\u0259lumat verib:\u00a0\u201cBu g\u00fcn\u0259d\u0259k Fuad il\u0259 he\u00e7 bir \u0259laq\u0259 imkan\u0131m\u0131z yarad\u0131lmay\u0131b. Saxlan\u0131ld\u0131\u011f\u0131 g\u00fcnd\u0259n etibar\u0259n onu v\u0259kill\u0259 d\u0259 t\u0259min ed\u0259 bim\u0259mi\u015fdik. \u00c7\u00fcnki \u201cBandotdel\u201dd\u0259n biz\u0259 bildirmi\u015fdil\u0259r ki, guya Fuad v\u0259kild\u0259n imtina edib. Amma, n\u0259yah\u0259t ki, Fuad\u0131 v\u0259kill\u0259 t\u0259min ed\u0259 bilmi\u015fik. V\u0259kilin \u0259ld\u0259 etdiyi m\u0259lumata g\u00f6r\u0259, Fuada 25 sutka h\u0259bs c\u0259z\u0259s\u0131 verilib. H\u0259l\u0259 ki, v\u0259kili Fuad\u0131n yan\u0131na buraxmasalar da, \u00fcmid edirik yax\u0131n vaxtlarda bu g\u00f6r\u00fc\u015f\u0259 \u015f\u0259rait yaradacaqlar\u201d.\n  <\/div>\n<\/p>\n<p><div><\/div>\n<\/p>\n<p><div>\n    Aprelin 28-d\u0259n etibar\u0259n AXCP G\u0259ncl\u0259r Komit\u0259sinin f\u0259al\u0131 Fuad \u018fhm\u0259dlinin \u00a0Ba\u015f M\u00fct\u0259\u015f\u0259kkil Cinay\u0259tkarl\u0131qla M\u00fcbariz\u0259 \u0130dar\u0259sinin (\u201cbandotdel\u201d) \u0259m\u0259kda\u015flar\u0131 t\u0259r\u0259find\u0259n o\u011furland\u0131\u011f\u0131 haqda m\u0259lumat yay\u0131l\u0131b. G\u0259nc f\u0259al\u0131n harada saxlan\u0131lmas\u0131 bar\u0259d\u0259 yaln\u0131z 10 g\u00fcn sonra r\u0259smi m\u0259lumat verilib.\n  <\/div><\/p>\n","protected":false},"excerpt":{"rendered":"<p>G\u0259nc f\u0259al \u0130nzibati X\u0259talar M\u0259c\u0259ll\u0259sinin 296-c\u0131 (x\u0131rda xuliqanl\u0131q) v\u0259 310.1 (polisin qanuni t\u0259l\u0259bin\u0259 tabe olmama) madd\u0259sil\u0259 c\u0259zaland\u0131r\u0131l\u0131b<\/p>\n","protected":false},"author":11,"featured_media":23967,"comment_status":"closed","ping_status":"open","sticky":false,"template":"","format":"standard","meta":{"_acf_changed":false,"_sitemap_exclude":false,"_sitemap_priority":"","_sitemap_frequency":"","footnotes":""},"categories":[56],"tags":[],"class_list":["post-167838","post","type-post","status-publish","format-standard","has-post-thumbnail","hentry","category-xeberler","infinite-scroll-item","generate-columns","tablet-grid-50","mobile-grid-100","grid-parent","grid-33","no-featured-image-padding"],"acf":[],"yoast_head":"<!-- This site is optimized with the Yoast SEO plugin v28.4 - https:\/\/yoast.com\/product\/yoast-seo-wordpress\/ -->\n<title>Fuad \u018fhm\u0259dliy\u0259 25 sutka c\u0259za verilib - MEYDAN.TV<\/title>\n<meta name=\"robots\" content=\"index, follow, max-snippet:-1, max-image-preview:large, max-video-preview:-1\" \/>\n<link rel=\"canonical\" href=\"https:\/\/www.meydan.tv\/az\/article\/fuad-ehmedliye-25-sutka-ceza-verilib\/\" \/>\n<meta property=\"og:locale\" content=\"az_AZ\" \/>\n<meta property=\"og:type\" content=\"article\" \/>\n<meta property=\"og:title\" content=\"Fuad \u018fhm\u0259dliy\u0259 25 sutka c\u0259za verilib - MEYDAN.TV\" \/>\n<meta property=\"og:description\" content=\"G\u0259nc f\u0259al \u0130nzibati X\u0259talar M\u0259c\u0259ll\u0259sinin 296-c\u0131 (x\u0131rda xuliqanl\u0131q) v\u0259 310.1 (polisin qanuni t\u0259l\u0259bin\u0259 tabe olmama) madd\u0259sil\u0259 c\u0259zaland\u0131r\u0131l\u0131b\" \/>\n<meta property=\"og:url\" content=\"https:\/\/www.meydan.tv\/az\/article\/fuad-ehmedliye-25-sutka-ceza-verilib\/\" \/>\n<meta property=\"og:site_name\" content=\"MEYDAN.TV\" \/>\n<meta property=\"article:published_time\" content=\"2015-05-08T18:23:26+00:00\" \/>\n<meta property=\"og:image\" content=\"https:\/\/www.meydan.tv\/wp-content\/uploads\/8717.jpg\" \/>\n\t<meta property=\"og:image:width\" content=\"304\" \/>\n\t<meta property=\"og:image:height\" content=\"300\" \/>\n\t<meta property=\"og:image:type\" content=\"image\/jpeg\" \/>\n<meta name=\"twitter:card\" content=\"summary_large_image\" \/>\n<!-- \/ Yoast SEO plugin. -->","yoast_head_json":{"title":"Fuad \u018fhm\u0259dliy\u0259 25 sutka c\u0259za verilib - MEYDAN.TV","robots":{"index":"index","follow":"follow","max-snippet":"max-snippet:-1","max-image-preview":"max-image-preview:large","max-video-preview":"max-video-preview:-1"},"canonical":"https:\/\/www.meydan.tv\/az\/article\/fuad-ehmedliye-25-sutka-ceza-verilib\/","og_locale":"az_AZ","og_type":"article","og_title":"Fuad \u018fhm\u0259dliy\u0259 25 sutka c\u0259za verilib - MEYDAN.TV","og_description":"G\u0259nc f\u0259al \u0130nzibati X\u0259talar M\u0259c\u0259ll\u0259sinin 296-c\u0131 (x\u0131rda xuliqanl\u0131q) v\u0259 310.1 (polisin qanuni t\u0259l\u0259bin\u0259 tabe olmama) madd\u0259sil\u0259 c\u0259zaland\u0131r\u0131l\u0131b","og_url":"https:\/\/www.meydan.tv\/az\/article\/fuad-ehmedliye-25-sutka-ceza-verilib\/","og_site_name":"MEYDAN.TV","article_published_time":"2015-05-08T18:23:26+00:00","og_image":[{"width":304,"height":300,"url":"https:\/\/www.meydan.tv\/wp-content\/uploads\/8717.jpg","type":"image\/jpeg"}],"twitter_card":"summary_large_image","schema":{"@context":"https:\/\/schema.org","@graph":[{"@type":"Article","@id":"https:\/\/www.meydan.tv\/az\/article\/fuad-ehmedliye-25-sutka-ceza-verilib\/#article","isPartOf":{"@id":"https:\/\/www.meydan.tv\/az\/article\/fuad-ehmedliye-25-sutka-ceza-verilib\/"},"author":{"name":"user-manager","@id":"https:\/\/www.meydan.tv\/az\/#\/schema\/person\/10d11eccf6da3662cf5fdab9806ea91a"},"headline":"Fuad \u018fhm\u0259dliy\u0259 25 sutka c\u0259za verilib","datePublished":"2015-05-08T18:23:26+00:00","mainEntityOfPage":{"@id":"https:\/\/www.meydan.tv\/az\/article\/fuad-ehmedliye-25-sutka-ceza-verilib\/"},"wordCount":272,"publisher":{"@id":"https:\/\/www.meydan.tv\/az\/#organization"},"image":{"@id":"https:\/\/www.meydan.tv\/az\/article\/fuad-ehmedliye-25-sutka-ceza-verilib\/#primaryimage"},"thumbnailUrl":"https:\/\/www.meydan.tv\/wp-content\/uploads\/8717.jpg","articleSection":["X\u0259b\u0259rl\u0259r"],"inLanguage":"az"},{"@type":"WebPage","@id":"https:\/\/www.meydan.tv\/az\/article\/fuad-ehmedliye-25-sutka-ceza-verilib\/","url":"https:\/\/www.meydan.tv\/az\/article\/fuad-ehmedliye-25-sutka-ceza-verilib\/","name":"Fuad \u018fhm\u0259dliy\u0259 25 sutka c\u0259za verilib - MEYDAN.TV","isPartOf":{"@id":"https:\/\/www.meydan.tv\/az\/#website"},"primaryImageOfPage":{"@id":"https:\/\/www.meydan.tv\/az\/article\/fuad-ehmedliye-25-sutka-ceza-verilib\/#primaryimage"},"image":{"@id":"https:\/\/www.meydan.tv\/az\/article\/fuad-ehmedliye-25-sutka-ceza-verilib\/#primaryimage"},"thumbnailUrl":"https:\/\/www.meydan.tv\/wp-content\/uploads\/8717.jpg","datePublished":"2015-05-08T18:23:26+00:00","breadcrumb":{"@id":"https:\/\/www.meydan.tv\/az\/article\/fuad-ehmedliye-25-sutka-ceza-verilib\/#breadcrumb"},"inLanguage":"az","potentialAction":[{"@type":"ReadAction","target":["https:\/\/www.meydan.tv\/az\/article\/fuad-ehmedliye-25-sutka-ceza-verilib\/"]}]},{"@type":"ImageObject","inLanguage":"az","@id":"https:\/\/www.meydan.tv\/az\/article\/fuad-ehmedliye-25-sutka-ceza-verilib\/#primaryimage","url":"https:\/\/www.meydan.tv\/wp-content\/uploads\/8717.jpg","contentUrl":"https:\/\/www.meydan.tv\/wp-content\/uploads\/8717.jpg","width":304,"height":300,"caption":"Source:"},{"@type":"BreadcrumbList","@id":"https:\/\/www.meydan.tv\/az\/article\/fuad-ehmedliye-25-sutka-ceza-verilib\/#breadcrumb","itemListElement":[{"@type":"ListItem","position":1,"name":"Ana s\u0259hif\u0259","item":"https:\/\/www.meydan.tv\/az\/"},{"@type":"ListItem","position":2,"name":"X\u0259b\u0259rl\u0259r","item":"https:\/\/www.meydan.tv\/az\/section\/xeberler\/"},{"@type":"ListItem","position":3,"name":"Fuad \u018fhm\u0259dliy\u0259 25 sutka c\u0259za verilib"}]},{"@type":"WebSite","@id":"https:\/\/www.meydan.tv\/az\/#website","url":"https:\/\/www.meydan.tv\/az\/","name":"MEYDAN.TV","description":"Meydan TV Az\u0259rbaycan\u0131n media m\u0259kan\u0131ndak\u0131 alternativ s\u0259sidir","publisher":{"@id":"https:\/\/www.meydan.tv\/az\/#organization"},"potentialAction":[{"@type":"SearchAction","target":{"@type":"EntryPoint","urlTemplate":"https:\/\/www.meydan.tv\/az\/?s={search_term_string}"},"query-input":{"@type":"PropertyValueSpecification","valueRequired":true,"valueName":"search_term_string"}}],"inLanguage":"az"},{"@type":"Organization","@id":"https:\/\/www.meydan.tv\/az\/#organization","name":"Meydan TV","url":"https:\/\/www.meydan.tv\/az\/","logo":{"@type":"ImageObject","inLanguage":"az","@id":"https:\/\/www.meydan.tv\/az\/#\/schema\/logo\/image\/","url":"https:\/\/www.meydan.tv\/wp-content\/uploads\/2021\/07\/meydan-logo.svg","contentUrl":"https:\/\/www.meydan.tv\/wp-content\/uploads\/2021\/07\/meydan-logo.svg","width":195,"height":46,"caption":"Meydan TV"},"image":{"@id":"https:\/\/www.meydan.tv\/az\/#\/schema\/logo\/image\/"}},{"@type":"Person","@id":"https:\/\/www.meydan.tv\/az\/#\/schema\/person\/10d11eccf6da3662cf5fdab9806ea91a","name":"user-manager"}]}},"_links":{"self":[{"href":"https:\/\/www.meydan.tv\/az\/wp-json\/wp\/v2\/posts\/167838","targetHints":{"allow":["GET"]}}],"collection":[{"href":"https:\/\/www.meydan.tv\/az\/wp-json\/wp\/v2\/posts"}],"about":[{"href":"https:\/\/www.meydan.tv\/az\/wp-json\/wp\/v2\/types\/post"}],"author":[{"embeddable":true,"href":"https:\/\/www.meydan.tv\/az\/wp-json\/wp\/v2\/users\/11"}],"replies":[{"embeddable":true,"href":"https:\/\/www.meydan.tv\/az\/wp-json\/wp\/v2\/comments?post=167838"}],"version-history":[{"count":0,"href":"https:\/\/www.meydan.tv\/az\/wp-json\/wp\/v2\/posts\/167838\/revisions"}],"wp:featuredmedia":[{"embeddable":true,"href":"https:\/\/www.meydan.tv\/az\/wp-json\/wp\/v2\/media\/23967"}],"wp:attachment":[{"href":"https:\/\/www.meydan.tv\/az\/wp-json\/wp\/v2\/media?parent=167838"}],"wp:term":[{"taxonomy":"category","embeddable":true,"href":"https:\/\/www.meydan.tv\/az\/wp-json\/wp\/v2\/categories?post=167838"},{"taxonomy":"post_tag","embeddable":true,"href":"https:\/\/www.meydan.tv\/az\/wp-json\/wp\/v2\/tags?post=167838"}],"curies":[{"name":"wp","href":"https:\/\/api.w.org\/{rel}","templated":true}]}}