{"id":167836,"date":"2015-05-08T17:52:21","date_gmt":"2015-05-08T17:52:21","guid":{"rendered":"https:\/\/www.meydan.tv\/article\/isa-qember-8-mayda-susani-itirib-9-mayda-qelebe-gununu-qeyd-etmek-dogru-deyil\/"},"modified":"2015-05-08T17:52:21","modified_gmt":"2015-05-08T17:52:21","slug":"isa-qember-8-mayda-susani-itirib-9-mayda-qelebe-gununu-qeyd-etmek-dogru-deyil","status":"publish","type":"post","link":"https:\/\/www.meydan.tv\/az\/article\/isa-qember-8-mayda-susani-itirib-9-mayda-qelebe-gununu-qeyd-etmek-dogru-deyil\/","title":{"rendered":"\u0130sa Q\u0259mb\u0259r: &#8220;8 mayda \u015eu\u015fan\u0131 itirib, 9 mayda q\u0259l\u0259b\u0259 g\u00fcn\u00fcn\u00fc qeyd etm\u0259k do\u011fru deyil&#8221;"},"content":{"rendered":"<figure class=\"wp-block-image size-large\">\n  <img decoding=\"async\" src=\"https:\/\/www.meydan.tv\/az\/23955\/\" alt=\"\" class=\"wp-image-23955\"\/><figcaption><\/figcaption><\/figure>\n<figure class=\"wp-block-image size-large\">\n  <img decoding=\"async\" src=\"https:\/\/www.meydan.tv\/az\/23955\/\" alt=\"\" class=\"wp-image-23955\"\/><figcaption><\/figcaption><\/figure>\n<p><div>\n    <i><br \/>\n      &#8220;\u018fg\u0259r \u018fliyev v\u0259 YAP hakimiyy\u0259ti bunu \u00f6z\u00fcn\u0259 yara\u015fd\u0131r\u0131rsa, bu da onlar\u0131n se\u00e7imidir&#8221;<br \/>\n    <\/i>\n  <\/div>\n<\/p>\n<p><div><\/div>\n<\/p>\n<p><div>\n    D\u00f6vl\u0259t ba\u015f\u00e7\u0131s\u0131 \u0130lham \u018fliyev \u0130kinci D\u00fcnya M\u00fcharib\u0259si veteranlar\u0131 il\u0259 g\u00f6r\u00fc\u015fd\u0259 1992-1993-c\u00fc ill\u0259rd\u0259 hakimiyy\u0259td\u0259 olmu\u015f AXC-M\u00fcsavat iqtidar\u0131n\u0131 h\u0259d\u0259f\u0259 al\u0131b. D\u00f6vl\u0259t ba\u015f\u00e7\u0131s\u0131 bildirib ki, AXC-M\u00fcsavat c\u00fctl\u00fcy\u00fc 9 may\u0131 tarixd\u0259n silm\u0259k ist\u0259yirdi, amma \u00f6zl\u0259ri siyasi s\u0259hn\u0259d\u0259n silindi.\n  <\/div>\n<\/p>\n<p><div><\/div>\n<\/p>\n<p><div>\n    H\u0259min d\u00f6vrd\u0259 Milli M\u0259clisin spikeri olan \u0130sa Q\u0259mb\u0259r \u0130lham \u018fliyevin fikirl\u0259rini Meydan TV-y\u0259 bel\u0259 \u015f\u0259rh etdi: &#8220;1992-ci ilin 8 may\u0131nda \u015eu\u015fa i\u015f\u011fal olundu\u011fu \u00fc\u00e7\u00fcn 9 may\u0131 Q\u0259l\u0259b\u0259 G\u00fcn\u00fc kimi qeyd etm\u0259k psixoloji c\u0259h\u0259td\u0259n \u00e7ox m\u00fcr\u0259kk\u0259b bir hadis\u0259ydi. O zaman yaln\u0131z AXC-M\u00fcsavat hakimiyy\u0259tinin t\u0259r\u0259fdarlar\u0131 deyil, \u0259ks\u0259r ictimai xadiml\u0259r, neytrallar da 9 mayda bayram edilm\u0259sini m\u00fcmk\u00fcns\u00fcz hesab edirdil\u0259r. Ona g\u00f6r\u0259 d\u0259 h\u0259min m\u0259rh\u0259l\u0259d\u0259 bu c\u00fcr yana\u015fman\u0131n olmas\u0131 qa\u00e7\u0131lmaz idi. Onsuz da hans\u0131sa \u015f\u0259kild\u0259 m\u00fcharib\u0259 veteranlar\u0131n\u0131n t\u0259brik edilm\u0259si ba\u015f verirdi, El\u00e7ib\u0259y hakimiyy\u0259ti d\u0259 onlara qar\u015f\u0131 h\u0259mi\u015f\u0259 diqq\u0259tli olub. Amma h\u0259r halda 8 mayda \u015eu\u015fan\u0131 itirib, 9 mayda q\u0259l\u0259b\u0259 g\u00fcn\u00fcn\u00fc qeyd etm\u0259k do\u011fru deyil. \u018fg\u0259r \u018fliyev v\u0259 YAP hakimiyy\u0259ti bunu \u00f6z\u00fcn\u0259 yara\u015fd\u0131r\u0131rsa, bu da onlar\u0131n se\u00e7imidir&#8221;.\n  <\/div>\n<\/p>\n<p><div><\/div>\n<\/p>\n<p><div>\n    AXC-M\u00fcsavat hakimiyy\u0259tinin tarixd\u0259n silinm\u0259si bar\u0259d\u0259 fikirl\u0259r\u0259 g\u0259linc\u0259, \u0130sa Q\u0259mb\u0259r dedi ki, o, tarix\u00e7i kimi \u0259mindir ki, 1918-20-ci ill\u0259r Az\u0259rbaycan tarixinin \u015f\u0259r\u0259fli s\u0259hif\u0259si oldu\u011fu kimi, 1992-1993-c\u00fc ill\u0259r d\u0259 m\u00fcst\u0259qillik v\u0259 demokratiya tarixin\u0259 q\u0131z\u0131l h\u0259rfl\u0259rl\u0259 yaz\u0131l\u0131b, bunu he\u00e7 kim d\u0259yi\u015f\u0259 bilm\u0259y\u0259c\u0259k.\n  <\/div>\n<\/p>\n<p><div><\/div><\/p>\n","protected":false},"excerpt":{"rendered":"<p>&#8220;\u018fg\u0259r \u018fliyev v\u0259 YAP hakimiyy\u0259ti bunu \u00f6z\u00fcn\u0259 yara\u015fd\u0131r\u0131rsa, bu da onlar\u0131n se\u00e7imidir&#8221;<\/p>\n","protected":false},"author":11,"featured_media":23955,"comment_status":"closed","ping_status":"open","sticky":false,"template":"","format":"standard","meta":{"_acf_changed":false,"_sitemap_exclude":false,"_sitemap_priority":"","_sitemap_frequency":"","footnotes":""},"categories":[56],"tags":[],"class_list":["post-167836","post","type-post","status-publish","format-standard","has-post-thumbnail","hentry","category-xeberler","infinite-scroll-item","generate-columns","tablet-grid-50","mobile-grid-100","grid-parent","grid-33","no-featured-image-padding"],"acf":[],"yoast_head":"<!-- This site is optimized with the Yoast SEO plugin v28.4 - https:\/\/yoast.com\/product\/yoast-seo-wordpress\/ -->\n<title>\u0130sa Q\u0259mb\u0259r: &quot;8 mayda \u015eu\u015fan\u0131 itirib, 9 mayda q\u0259l\u0259b\u0259 g\u00fcn\u00fcn\u00fc qeyd etm\u0259k do\u011fru deyil&quot; - MEYDAN.TV<\/title>\n<meta name=\"robots\" content=\"index, follow, max-snippet:-1, max-image-preview:large, max-video-preview:-1\" \/>\n<link rel=\"canonical\" href=\"https:\/\/www.meydan.tv\/az\/article\/isa-qember-8-mayda-susani-itirib-9-mayda-qelebe-gununu-qeyd-etmek-dogru-deyil\/\" \/>\n<meta property=\"og:locale\" content=\"az_AZ\" \/>\n<meta property=\"og:type\" content=\"article\" \/>\n<meta property=\"og:title\" content=\"\u0130sa Q\u0259mb\u0259r: &quot;8 mayda \u015eu\u015fan\u0131 itirib, 9 mayda q\u0259l\u0259b\u0259 g\u00fcn\u00fcn\u00fc qeyd etm\u0259k do\u011fru deyil&quot; - MEYDAN.TV\" \/>\n<meta property=\"og:description\" content=\"&quot;\u018fg\u0259r \u018fliyev v\u0259 YAP hakimiyy\u0259ti bunu \u00f6z\u00fcn\u0259 yara\u015fd\u0131r\u0131rsa, bu da onlar\u0131n se\u00e7imidir&quot;\" \/>\n<meta property=\"og:url\" content=\"https:\/\/www.meydan.tv\/az\/article\/isa-qember-8-mayda-susani-itirib-9-mayda-qelebe-gununu-qeyd-etmek-dogru-deyil\/\" \/>\n<meta property=\"og:site_name\" content=\"MEYDAN.TV\" \/>\n<meta property=\"article:published_time\" content=\"2015-05-08T17:52:21+00:00\" \/>\n<meta property=\"og:image\" content=\"https:\/\/www.meydan.tv\/wp-content\/uploads\/8715.jpg\" \/>\n\t<meta property=\"og:image:width\" content=\"450\" \/>\n\t<meta property=\"og:image:height\" content=\"330\" \/>\n\t<meta property=\"og:image:type\" content=\"image\/jpeg\" \/>\n<meta name=\"twitter:card\" content=\"summary_large_image\" \/>\n<!-- \/ Yoast SEO plugin. -->","yoast_head_json":{"title":"\u0130sa Q\u0259mb\u0259r: \"8 mayda \u015eu\u015fan\u0131 itirib, 9 mayda q\u0259l\u0259b\u0259 g\u00fcn\u00fcn\u00fc qeyd etm\u0259k do\u011fru deyil\" - MEYDAN.TV","robots":{"index":"index","follow":"follow","max-snippet":"max-snippet:-1","max-image-preview":"max-image-preview:large","max-video-preview":"max-video-preview:-1"},"canonical":"https:\/\/www.meydan.tv\/az\/article\/isa-qember-8-mayda-susani-itirib-9-mayda-qelebe-gununu-qeyd-etmek-dogru-deyil\/","og_locale":"az_AZ","og_type":"article","og_title":"\u0130sa Q\u0259mb\u0259r: \"8 mayda \u015eu\u015fan\u0131 itirib, 9 mayda q\u0259l\u0259b\u0259 g\u00fcn\u00fcn\u00fc qeyd etm\u0259k do\u011fru deyil\" - MEYDAN.TV","og_description":"\"\u018fg\u0259r \u018fliyev v\u0259 YAP hakimiyy\u0259ti bunu \u00f6z\u00fcn\u0259 yara\u015fd\u0131r\u0131rsa, bu da onlar\u0131n se\u00e7imidir\"","og_url":"https:\/\/www.meydan.tv\/az\/article\/isa-qember-8-mayda-susani-itirib-9-mayda-qelebe-gununu-qeyd-etmek-dogru-deyil\/","og_site_name":"MEYDAN.TV","article_published_time":"2015-05-08T17:52:21+00:00","og_image":[{"width":450,"height":330,"url":"https:\/\/www.meydan.tv\/wp-content\/uploads\/8715.jpg","type":"image\/jpeg"}],"twitter_card":"summary_large_image","schema":{"@context":"https:\/\/schema.org","@graph":[{"@type":"Article","@id":"https:\/\/www.meydan.tv\/az\/article\/isa-qember-8-mayda-susani-itirib-9-mayda-qelebe-gununu-qeyd-etmek-dogru-deyil\/#article","isPartOf":{"@id":"https:\/\/www.meydan.tv\/az\/article\/isa-qember-8-mayda-susani-itirib-9-mayda-qelebe-gununu-qeyd-etmek-dogru-deyil\/"},"author":{"name":"user-manager","@id":"https:\/\/www.meydan.tv\/az\/#\/schema\/person\/10d11eccf6da3662cf5fdab9806ea91a"},"headline":"\u0130sa Q\u0259mb\u0259r: &#8220;8 mayda \u015eu\u015fan\u0131 itirib, 9 mayda q\u0259l\u0259b\u0259 g\u00fcn\u00fcn\u00fc qeyd etm\u0259k do\u011fru deyil&#8221;","datePublished":"2015-05-08T17:52:21+00:00","mainEntityOfPage":{"@id":"https:\/\/www.meydan.tv\/az\/article\/isa-qember-8-mayda-susani-itirib-9-mayda-qelebe-gununu-qeyd-etmek-dogru-deyil\/"},"wordCount":349,"publisher":{"@id":"https:\/\/www.meydan.tv\/az\/#organization"},"image":{"@id":"https:\/\/www.meydan.tv\/az\/article\/isa-qember-8-mayda-susani-itirib-9-mayda-qelebe-gununu-qeyd-etmek-dogru-deyil\/#primaryimage"},"thumbnailUrl":"https:\/\/www.meydan.tv\/wp-content\/uploads\/8715.jpg","articleSection":["X\u0259b\u0259rl\u0259r"],"inLanguage":"az"},{"@type":"WebPage","@id":"https:\/\/www.meydan.tv\/az\/article\/isa-qember-8-mayda-susani-itirib-9-mayda-qelebe-gununu-qeyd-etmek-dogru-deyil\/","url":"https:\/\/www.meydan.tv\/az\/article\/isa-qember-8-mayda-susani-itirib-9-mayda-qelebe-gununu-qeyd-etmek-dogru-deyil\/","name":"\u0130sa Q\u0259mb\u0259r: \"8 mayda \u015eu\u015fan\u0131 itirib, 9 mayda q\u0259l\u0259b\u0259 g\u00fcn\u00fcn\u00fc qeyd etm\u0259k do\u011fru deyil\" - MEYDAN.TV","isPartOf":{"@id":"https:\/\/www.meydan.tv\/az\/#website"},"primaryImageOfPage":{"@id":"https:\/\/www.meydan.tv\/az\/article\/isa-qember-8-mayda-susani-itirib-9-mayda-qelebe-gununu-qeyd-etmek-dogru-deyil\/#primaryimage"},"image":{"@id":"https:\/\/www.meydan.tv\/az\/article\/isa-qember-8-mayda-susani-itirib-9-mayda-qelebe-gununu-qeyd-etmek-dogru-deyil\/#primaryimage"},"thumbnailUrl":"https:\/\/www.meydan.tv\/wp-content\/uploads\/8715.jpg","datePublished":"2015-05-08T17:52:21+00:00","breadcrumb":{"@id":"https:\/\/www.meydan.tv\/az\/article\/isa-qember-8-mayda-susani-itirib-9-mayda-qelebe-gununu-qeyd-etmek-dogru-deyil\/#breadcrumb"},"inLanguage":"az","potentialAction":[{"@type":"ReadAction","target":["https:\/\/www.meydan.tv\/az\/article\/isa-qember-8-mayda-susani-itirib-9-mayda-qelebe-gununu-qeyd-etmek-dogru-deyil\/"]}]},{"@type":"ImageObject","inLanguage":"az","@id":"https:\/\/www.meydan.tv\/az\/article\/isa-qember-8-mayda-susani-itirib-9-mayda-qelebe-gununu-qeyd-etmek-dogru-deyil\/#primaryimage","url":"https:\/\/www.meydan.tv\/wp-content\/uploads\/8715.jpg","contentUrl":"https:\/\/www.meydan.tv\/wp-content\/uploads\/8715.jpg","width":450,"height":330,"caption":"Source:"},{"@type":"BreadcrumbList","@id":"https:\/\/www.meydan.tv\/az\/article\/isa-qember-8-mayda-susani-itirib-9-mayda-qelebe-gununu-qeyd-etmek-dogru-deyil\/#breadcrumb","itemListElement":[{"@type":"ListItem","position":1,"name":"Ana s\u0259hif\u0259","item":"https:\/\/www.meydan.tv\/az\/"},{"@type":"ListItem","position":2,"name":"X\u0259b\u0259rl\u0259r","item":"https:\/\/www.meydan.tv\/az\/section\/xeberler\/"},{"@type":"ListItem","position":3,"name":"\u0130sa Q\u0259mb\u0259r: &#8220;8 mayda \u015eu\u015fan\u0131 itirib, 9 mayda q\u0259l\u0259b\u0259 g\u00fcn\u00fcn\u00fc qeyd etm\u0259k do\u011fru deyil&#8221;"}]},{"@type":"WebSite","@id":"https:\/\/www.meydan.tv\/az\/#website","url":"https:\/\/www.meydan.tv\/az\/","name":"MEYDAN.TV","description":"Meydan TV Az\u0259rbaycan\u0131n media m\u0259kan\u0131ndak\u0131 alternativ s\u0259sidir","publisher":{"@id":"https:\/\/www.meydan.tv\/az\/#organization"},"potentialAction":[{"@type":"SearchAction","target":{"@type":"EntryPoint","urlTemplate":"https:\/\/www.meydan.tv\/az\/?s={search_term_string}"},"query-input":{"@type":"PropertyValueSpecification","valueRequired":true,"valueName":"search_term_string"}}],"inLanguage":"az"},{"@type":"Organization","@id":"https:\/\/www.meydan.tv\/az\/#organization","name":"Meydan TV","url":"https:\/\/www.meydan.tv\/az\/","logo":{"@type":"ImageObject","inLanguage":"az","@id":"https:\/\/www.meydan.tv\/az\/#\/schema\/logo\/image\/","url":"https:\/\/www.meydan.tv\/wp-content\/uploads\/2021\/07\/meydan-logo.svg","contentUrl":"https:\/\/www.meydan.tv\/wp-content\/uploads\/2021\/07\/meydan-logo.svg","width":195,"height":46,"caption":"Meydan TV"},"image":{"@id":"https:\/\/www.meydan.tv\/az\/#\/schema\/logo\/image\/"}},{"@type":"Person","@id":"https:\/\/www.meydan.tv\/az\/#\/schema\/person\/10d11eccf6da3662cf5fdab9806ea91a","name":"user-manager"}]}},"_links":{"self":[{"href":"https:\/\/www.meydan.tv\/az\/wp-json\/wp\/v2\/posts\/167836","targetHints":{"allow":["GET"]}}],"collection":[{"href":"https:\/\/www.meydan.tv\/az\/wp-json\/wp\/v2\/posts"}],"about":[{"href":"https:\/\/www.meydan.tv\/az\/wp-json\/wp\/v2\/types\/post"}],"author":[{"embeddable":true,"href":"https:\/\/www.meydan.tv\/az\/wp-json\/wp\/v2\/users\/11"}],"replies":[{"embeddable":true,"href":"https:\/\/www.meydan.tv\/az\/wp-json\/wp\/v2\/comments?post=167836"}],"version-history":[{"count":0,"href":"https:\/\/www.meydan.tv\/az\/wp-json\/wp\/v2\/posts\/167836\/revisions"}],"wp:featuredmedia":[{"embeddable":true,"href":"https:\/\/www.meydan.tv\/az\/wp-json\/wp\/v2\/media\/23955"}],"wp:attachment":[{"href":"https:\/\/www.meydan.tv\/az\/wp-json\/wp\/v2\/media?parent=167836"}],"wp:term":[{"taxonomy":"category","embeddable":true,"href":"https:\/\/www.meydan.tv\/az\/wp-json\/wp\/v2\/categories?post=167836"},{"taxonomy":"post_tag","embeddable":true,"href":"https:\/\/www.meydan.tv\/az\/wp-json\/wp\/v2\/tags?post=167836"}],"curies":[{"name":"wp","href":"https:\/\/api.w.org\/{rel}","templated":true}]}}