{"id":167835,"date":"2015-05-08T17:07:35","date_gmt":"2015-05-08T17:07:35","guid":{"rendered":"https:\/\/www.meydan.tv\/article\/azerbaycan-filmi-abs-da-mukafat-aldi\/"},"modified":"2015-05-08T17:07:35","modified_gmt":"2015-05-08T17:07:35","slug":"azerbaycan-filmi-abs-da-mukafat-aldi","status":"publish","type":"post","link":"https:\/\/www.meydan.tv\/az\/article\/azerbaycan-filmi-abs-da-mukafat-aldi\/","title":{"rendered":"Az\u0259rbaycan filmi AB\u015e-da m\u00fckafat ald\u0131"},"content":{"rendered":"<figure class=\"wp-block-image size-large\">\n  <img decoding=\"async\" src=\"https:\/\/www.meydan.tv\/az\/23952\/\" alt=\"\" class=\"wp-image-23952\"\/><figcaption><\/figcaption><\/figure>\n<figure class=\"wp-block-image size-large\">\n  <img decoding=\"async\" src=\"https:\/\/www.meydan.tv\/az\/23952\/\" alt=\"\" class=\"wp-image-23952\"\/><figcaption><\/figcaption><\/figure>\n<p>\n  <i><br \/>\n    Festival Amerika kinoakademiyas\u0131n\u0131n x\u00fcsusi d\u0259st\u0259yi il\u0259 ke\u00e7irilir v\u0259 se\u00e7ilmi\u015f Avropa filml\u0259rinin AB\u015e-da tan\u0131nmas\u0131nda b\u00f6y\u00fck rol oynay\u0131r<br \/>\n  <\/i>\n<\/p>\n<p>\n  M\u0259d\u0259niyy\u0259t v\u0259 Turizm Nazirliyinin sifari\u015fi il\u0259 C\u0259f\u0259r Cabbarl\u0131 ad\u0131na \u201cAz\u0259rbaycanfilm\u201d kinostudiyas\u0131nda 2014-c\u00fc ild\u0259 lent\u0259 al\u0131nan Asif R\u00fcst\u0259movun \u201cAx\u0131nla a\u015fa\u011f\u0131\u201d tammetrajl\u0131 b\u0259dii filmi Amerika Birl\u0259\u015fmi\u015f \u015etatlar\u0131nda 30 aprel \u2013 7 may tarixl\u0259rind\u0259 Los Ancelesd\u0259 ke\u00e7iril\u0259n \u00a0SEEfest Film Festival\u0131nda n\u00fcmayi\u015f etdirilib.\n<\/p>\n<p>\n  \u201cAx\u0131nla a\u015fa\u011f\u0131\u201d b\u0259dii filmi\u00a0 festivalda \u201c\u018fn yax\u015f\u0131 tammetrajl\u0131 deb\u00fct film\u201d m\u00fckafat\u0131na layiq g\u00f6r\u00fcl\u00fcb.\n<\/p>\n<p>\n  Bu bar\u0259d\u0259 m\u0259lumat\u0131 ssenari.az sayt\u0131 yay\u0131b. Bildirilir ki, festival Amerika kinoakademiyas\u0131n\u0131n x\u00fcsusi d\u0259st\u0259yi il\u0259 ke\u00e7irilir v\u0259 se\u00e7ilmi\u015f Avropa filml\u0259rinin AB\u015e-da tan\u0131nmas\u0131nda b\u00f6y\u00fck rol oynay\u0131r.\n<\/p>\n<p>\n  Filmin ssenari m\u00fc\u0259llifl\u0259ri Asif R\u00fcst\u0259mov v\u0259 Otar Pertaxia, qurulu\u015f\u00e7u operatoru Ayxan Salar, qurulu\u015f\u00e7u r\u0259ssam\u0131 Rafiz \u0130smay\u0131lov, b\u0259st\u0259kar\u0131 X\u0259yyam Mirz\u0259zad\u0259, icra\u00e7\u0131 prod\u00fcseri Nadir \u018fliyev, prod\u00fcseri M\u00fc\u015ffiq H\u0259t\u0259movdur. Filmd\u0259 ba\u015f rollar\u0131 Namiq A\u011fayev, Mehriban Z\u0259ki, Aleksandra Andrejevska, Teymur M\u0259mm\u0259dov v\u0259 dig\u0259rl\u0259ri canland\u0131r\u0131rlar<\/p>\n","protected":false},"excerpt":{"rendered":"<p>Festival Amerika kinoakademiyas\u0131n\u0131n x\u00fcsusi d\u0259st\u0259yi il\u0259 ke\u00e7irilir v\u0259 se\u00e7ilmi\u015f Avropa filml\u0259rinin AB\u015e-da tan\u0131nmas\u0131nda b\u00f6y\u00fck rol oynay\u0131r<\/p>\n","protected":false},"author":11,"featured_media":23952,"comment_status":"closed","ping_status":"open","sticky":false,"template":"","format":"standard","meta":{"_acf_changed":false,"_sitemap_exclude":false,"_sitemap_priority":"","_sitemap_frequency":"","footnotes":""},"categories":[56],"tags":[],"class_list":["post-167835","post","type-post","status-publish","format-standard","has-post-thumbnail","hentry","category-xeberler","infinite-scroll-item","generate-columns","tablet-grid-50","mobile-grid-100","grid-parent","grid-33","no-featured-image-padding"],"acf":[],"yoast_head":"<!-- This site is optimized with the Yoast SEO plugin v28.4 - https:\/\/yoast.com\/product\/yoast-seo-wordpress\/ -->\n<title>Az\u0259rbaycan filmi AB\u015e-da m\u00fckafat ald\u0131 - MEYDAN.TV<\/title>\n<meta name=\"robots\" content=\"index, follow, max-snippet:-1, max-image-preview:large, max-video-preview:-1\" \/>\n<link rel=\"canonical\" href=\"https:\/\/www.meydan.tv\/az\/article\/azerbaycan-filmi-abs-da-mukafat-aldi\/\" \/>\n<meta property=\"og:locale\" content=\"az_AZ\" \/>\n<meta property=\"og:type\" content=\"article\" \/>\n<meta property=\"og:title\" content=\"Az\u0259rbaycan filmi AB\u015e-da m\u00fckafat ald\u0131 - MEYDAN.TV\" \/>\n<meta property=\"og:description\" content=\"Festival Amerika kinoakademiyas\u0131n\u0131n x\u00fcsusi d\u0259st\u0259yi il\u0259 ke\u00e7irilir v\u0259 se\u00e7ilmi\u015f Avropa filml\u0259rinin AB\u015e-da tan\u0131nmas\u0131nda b\u00f6y\u00fck rol oynay\u0131r\" \/>\n<meta property=\"og:url\" content=\"https:\/\/www.meydan.tv\/az\/article\/azerbaycan-filmi-abs-da-mukafat-aldi\/\" \/>\n<meta property=\"og:site_name\" content=\"MEYDAN.TV\" \/>\n<meta property=\"article:published_time\" content=\"2015-05-08T17:07:35+00:00\" \/>\n<meta property=\"og:image\" content=\"https:\/\/www.meydan.tv\/wp-content\/uploads\/8714.jpg\" \/>\n\t<meta property=\"og:image:width\" content=\"489\" \/>\n\t<meta property=\"og:image:height\" content=\"300\" \/>\n\t<meta property=\"og:image:type\" content=\"image\/jpeg\" \/>\n<meta name=\"twitter:card\" content=\"summary_large_image\" \/>\n<!-- \/ Yoast SEO plugin. -->","yoast_head_json":{"title":"Az\u0259rbaycan filmi AB\u015e-da m\u00fckafat ald\u0131 - MEYDAN.TV","robots":{"index":"index","follow":"follow","max-snippet":"max-snippet:-1","max-image-preview":"max-image-preview:large","max-video-preview":"max-video-preview:-1"},"canonical":"https:\/\/www.meydan.tv\/az\/article\/azerbaycan-filmi-abs-da-mukafat-aldi\/","og_locale":"az_AZ","og_type":"article","og_title":"Az\u0259rbaycan filmi AB\u015e-da m\u00fckafat ald\u0131 - MEYDAN.TV","og_description":"Festival Amerika kinoakademiyas\u0131n\u0131n x\u00fcsusi d\u0259st\u0259yi il\u0259 ke\u00e7irilir v\u0259 se\u00e7ilmi\u015f Avropa filml\u0259rinin AB\u015e-da tan\u0131nmas\u0131nda b\u00f6y\u00fck rol oynay\u0131r","og_url":"https:\/\/www.meydan.tv\/az\/article\/azerbaycan-filmi-abs-da-mukafat-aldi\/","og_site_name":"MEYDAN.TV","article_published_time":"2015-05-08T17:07:35+00:00","og_image":[{"width":489,"height":300,"url":"https:\/\/www.meydan.tv\/wp-content\/uploads\/8714.jpg","type":"image\/jpeg"}],"twitter_card":"summary_large_image","schema":{"@context":"https:\/\/schema.org","@graph":[{"@type":"Article","@id":"https:\/\/www.meydan.tv\/az\/article\/azerbaycan-filmi-abs-da-mukafat-aldi\/#article","isPartOf":{"@id":"https:\/\/www.meydan.tv\/az\/article\/azerbaycan-filmi-abs-da-mukafat-aldi\/"},"author":{"name":"user-manager","@id":"https:\/\/www.meydan.tv\/az\/#\/schema\/person\/10d11eccf6da3662cf5fdab9806ea91a"},"headline":"Az\u0259rbaycan filmi AB\u015e-da m\u00fckafat ald\u0131","datePublished":"2015-05-08T17:07:35+00:00","mainEntityOfPage":{"@id":"https:\/\/www.meydan.tv\/az\/article\/azerbaycan-filmi-abs-da-mukafat-aldi\/"},"wordCount":225,"publisher":{"@id":"https:\/\/www.meydan.tv\/az\/#organization"},"image":{"@id":"https:\/\/www.meydan.tv\/az\/article\/azerbaycan-filmi-abs-da-mukafat-aldi\/#primaryimage"},"thumbnailUrl":"https:\/\/www.meydan.tv\/wp-content\/uploads\/8714.jpg","articleSection":["X\u0259b\u0259rl\u0259r"],"inLanguage":"az"},{"@type":"WebPage","@id":"https:\/\/www.meydan.tv\/az\/article\/azerbaycan-filmi-abs-da-mukafat-aldi\/","url":"https:\/\/www.meydan.tv\/az\/article\/azerbaycan-filmi-abs-da-mukafat-aldi\/","name":"Az\u0259rbaycan filmi AB\u015e-da m\u00fckafat ald\u0131 - MEYDAN.TV","isPartOf":{"@id":"https:\/\/www.meydan.tv\/az\/#website"},"primaryImageOfPage":{"@id":"https:\/\/www.meydan.tv\/az\/article\/azerbaycan-filmi-abs-da-mukafat-aldi\/#primaryimage"},"image":{"@id":"https:\/\/www.meydan.tv\/az\/article\/azerbaycan-filmi-abs-da-mukafat-aldi\/#primaryimage"},"thumbnailUrl":"https:\/\/www.meydan.tv\/wp-content\/uploads\/8714.jpg","datePublished":"2015-05-08T17:07:35+00:00","breadcrumb":{"@id":"https:\/\/www.meydan.tv\/az\/article\/azerbaycan-filmi-abs-da-mukafat-aldi\/#breadcrumb"},"inLanguage":"az","potentialAction":[{"@type":"ReadAction","target":["https:\/\/www.meydan.tv\/az\/article\/azerbaycan-filmi-abs-da-mukafat-aldi\/"]}]},{"@type":"ImageObject","inLanguage":"az","@id":"https:\/\/www.meydan.tv\/az\/article\/azerbaycan-filmi-abs-da-mukafat-aldi\/#primaryimage","url":"https:\/\/www.meydan.tv\/wp-content\/uploads\/8714.jpg","contentUrl":"https:\/\/www.meydan.tv\/wp-content\/uploads\/8714.jpg","width":489,"height":300,"caption":"Source:"},{"@type":"BreadcrumbList","@id":"https:\/\/www.meydan.tv\/az\/article\/azerbaycan-filmi-abs-da-mukafat-aldi\/#breadcrumb","itemListElement":[{"@type":"ListItem","position":1,"name":"Ana s\u0259hif\u0259","item":"https:\/\/www.meydan.tv\/az\/"},{"@type":"ListItem","position":2,"name":"X\u0259b\u0259rl\u0259r","item":"https:\/\/www.meydan.tv\/az\/section\/xeberler\/"},{"@type":"ListItem","position":3,"name":"Az\u0259rbaycan filmi AB\u015e-da m\u00fckafat ald\u0131"}]},{"@type":"WebSite","@id":"https:\/\/www.meydan.tv\/az\/#website","url":"https:\/\/www.meydan.tv\/az\/","name":"MEYDAN.TV","description":"Meydan TV Az\u0259rbaycan\u0131n media m\u0259kan\u0131ndak\u0131 alternativ s\u0259sidir","publisher":{"@id":"https:\/\/www.meydan.tv\/az\/#organization"},"potentialAction":[{"@type":"SearchAction","target":{"@type":"EntryPoint","urlTemplate":"https:\/\/www.meydan.tv\/az\/?s={search_term_string}"},"query-input":{"@type":"PropertyValueSpecification","valueRequired":true,"valueName":"search_term_string"}}],"inLanguage":"az"},{"@type":"Organization","@id":"https:\/\/www.meydan.tv\/az\/#organization","name":"Meydan TV","url":"https:\/\/www.meydan.tv\/az\/","logo":{"@type":"ImageObject","inLanguage":"az","@id":"https:\/\/www.meydan.tv\/az\/#\/schema\/logo\/image\/","url":"https:\/\/www.meydan.tv\/wp-content\/uploads\/2021\/07\/meydan-logo.svg","contentUrl":"https:\/\/www.meydan.tv\/wp-content\/uploads\/2021\/07\/meydan-logo.svg","width":195,"height":46,"caption":"Meydan TV"},"image":{"@id":"https:\/\/www.meydan.tv\/az\/#\/schema\/logo\/image\/"}},{"@type":"Person","@id":"https:\/\/www.meydan.tv\/az\/#\/schema\/person\/10d11eccf6da3662cf5fdab9806ea91a","name":"user-manager"}]}},"_links":{"self":[{"href":"https:\/\/www.meydan.tv\/az\/wp-json\/wp\/v2\/posts\/167835","targetHints":{"allow":["GET"]}}],"collection":[{"href":"https:\/\/www.meydan.tv\/az\/wp-json\/wp\/v2\/posts"}],"about":[{"href":"https:\/\/www.meydan.tv\/az\/wp-json\/wp\/v2\/types\/post"}],"author":[{"embeddable":true,"href":"https:\/\/www.meydan.tv\/az\/wp-json\/wp\/v2\/users\/11"}],"replies":[{"embeddable":true,"href":"https:\/\/www.meydan.tv\/az\/wp-json\/wp\/v2\/comments?post=167835"}],"version-history":[{"count":0,"href":"https:\/\/www.meydan.tv\/az\/wp-json\/wp\/v2\/posts\/167835\/revisions"}],"wp:featuredmedia":[{"embeddable":true,"href":"https:\/\/www.meydan.tv\/az\/wp-json\/wp\/v2\/media\/23952"}],"wp:attachment":[{"href":"https:\/\/www.meydan.tv\/az\/wp-json\/wp\/v2\/media?parent=167835"}],"wp:term":[{"taxonomy":"category","embeddable":true,"href":"https:\/\/www.meydan.tv\/az\/wp-json\/wp\/v2\/categories?post=167835"},{"taxonomy":"post_tag","embeddable":true,"href":"https:\/\/www.meydan.tv\/az\/wp-json\/wp\/v2\/tags?post=167835"}],"curies":[{"name":"wp","href":"https:\/\/api.w.org\/{rel}","templated":true}]}}