{"id":167832,"date":"2015-05-08T15:20:49","date_gmt":"2015-05-08T15:20:49","guid":{"rendered":"https:\/\/www.meydan.tv\/article\/milli-meclisin-iclasi-texire-salinib\/"},"modified":"2015-05-08T15:20:49","modified_gmt":"2015-05-08T15:20:49","slug":"milli-meclisin-iclasi-texire-salinib","status":"publish","type":"post","link":"https:\/\/www.meydan.tv\/az\/article\/milli-meclisin-iclasi-texire-salinib\/","title":{"rendered":"Milli M\u0259clisin iclas\u0131 t\u0259xir\u0259 sal\u0131n\u0131b"},"content":{"rendered":"<figure class=\"wp-block-image size-large\">\n  <img decoding=\"async\" src=\"https:\/\/www.meydan.tv\/az\/23907\/\" alt=\"\" class=\"wp-image-23907\"\/><figcaption><\/figcaption><\/figure>\n<figure class=\"wp-block-image size-large\">\n  <img decoding=\"async\" src=\"https:\/\/www.meydan.tv\/az\/23907\/\" alt=\"\" class=\"wp-image-23907\"\/><figcaption><\/figcaption><\/figure>\n<p>\n  Akif T\u0259v\u0259kk\u00fclo\u011flu: &#8220;Deputatlar\u0131n xeyli hiss\u0259si xarici \u00f6lk\u0259l\u0259rd\u0259 ulu \u00f6nd\u0259r Heyd\u0259r \u018fliyevin anadan olmas\u0131n\u0131n 92-ci ild\u00f6n\u00fcm\u00fc il\u0259 ba\u011fl\u0131 ke\u00e7iril\u0259n t\u0259dbirl\u0259rd\u0259 i\u015ftirak ed\u0259c\u0259k&#8221;\n<\/p>\n<p>\n  Milli M\u0259clisin may\u0131n 8-n\u0259 t\u0259yin olunan plenar iclas\u0131 t\u0259xir\u0259 sal\u0131n\u0131b.\n<\/p>\n<p>\n  Bu bar\u0259d\u0259 ANS-\u0259 Milli M\u0259clisin m\u0259tbuat xidm\u0259tinin r\u0259hb\u0259ri\u00a0Akif T\u0259v\u0259kk\u00fclo\u011flu m\u0259lumat verib. O bildirib ki, iclas 15 may tarixin\u0259 ke\u00e7irilib:\n<\/p>\n<p>\n  \u00abDeputatlar\u0131n xeyli hiss\u0259si xarici \u00f6lk\u0259l\u0259rd\u0259 ulu \u00f6nd\u0259r Heyd\u0259r \u018fliyevin anadan olmas\u0131n\u0131n 92-ci ild\u00f6n\u00fcm\u00fc il\u0259 ba\u011fl\u0131 ke\u00e7iril\u0259n t\u0259dbirl\u0259rd\u0259 i\u015ftirak ed\u0259c\u0259k. Bir hiss\u0259si is\u0259 9 May Q\u0259l\u0259b\u0259 G\u00fcn\u00fc il\u0259 ba\u011fl\u0131 m\u0259rasiml\u0259r\u0259 qat\u0131lacaq\u00bb.\n<\/p>\n<p>\n  Akif T\u0259v\u0259kk\u00fclo\u011flu Milli M\u0259clisin g\u00fcnd\u0259liyin\u0259 \u0259lav\u0259l\u0259r edil\u0259 bil\u0259c\u0259yini d\u0259 s\u00f6yl\u0259yib.<\/p>\n","protected":false},"excerpt":{"rendered":"<p>Akif T\u0259v\u0259kk\u00fclo\u011flu: &#8220;Deputatlar\u0131n xeyli hiss\u0259si xarici \u00f6lk\u0259l\u0259rd\u0259 ulu \u00f6nd\u0259r Heyd\u0259r \u018fliyevin anadan olmas\u0131n\u0131n 92-ci ild\u00f6n\u00fcm\u00fc il\u0259 ba\u011fl\u0131 ke\u00e7iril\u0259n t\u0259dbirl\u0259rd\u0259 i\u015ftirak ed\u0259c\u0259k&#8221;<\/p>\n","protected":false},"author":11,"featured_media":23907,"comment_status":"closed","ping_status":"open","sticky":false,"template":"","format":"standard","meta":{"_acf_changed":false,"_sitemap_exclude":false,"_sitemap_priority":"","_sitemap_frequency":"","footnotes":""},"categories":[56],"tags":[],"class_list":["post-167832","post","type-post","status-publish","format-standard","has-post-thumbnail","hentry","category-xeberler","infinite-scroll-item","generate-columns","tablet-grid-50","mobile-grid-100","grid-parent","grid-33","no-featured-image-padding"],"acf":[],"yoast_head":"<!-- This site is optimized with the Yoast SEO plugin v28.4 - https:\/\/yoast.com\/product\/yoast-seo-wordpress\/ -->\n<title>Milli M\u0259clisin iclas\u0131 t\u0259xir\u0259 sal\u0131n\u0131b - MEYDAN.TV<\/title>\n<meta name=\"robots\" content=\"index, follow, max-snippet:-1, max-image-preview:large, max-video-preview:-1\" \/>\n<link rel=\"canonical\" href=\"https:\/\/www.meydan.tv\/az\/article\/milli-meclisin-iclasi-texire-salinib\/\" \/>\n<meta property=\"og:locale\" content=\"az_AZ\" \/>\n<meta property=\"og:type\" content=\"article\" \/>\n<meta property=\"og:title\" content=\"Milli M\u0259clisin iclas\u0131 t\u0259xir\u0259 sal\u0131n\u0131b - MEYDAN.TV\" \/>\n<meta property=\"og:description\" content=\"Akif T\u0259v\u0259kk\u00fclo\u011flu: &quot;Deputatlar\u0131n xeyli hiss\u0259si xarici \u00f6lk\u0259l\u0259rd\u0259 ulu \u00f6nd\u0259r Heyd\u0259r \u018fliyevin anadan olmas\u0131n\u0131n 92-ci ild\u00f6n\u00fcm\u00fc il\u0259 ba\u011fl\u0131 ke\u00e7iril\u0259n t\u0259dbirl\u0259rd\u0259 i\u015ftirak ed\u0259c\u0259k&quot;\" \/>\n<meta property=\"og:url\" content=\"https:\/\/www.meydan.tv\/az\/article\/milli-meclisin-iclasi-texire-salinib\/\" \/>\n<meta property=\"og:site_name\" content=\"MEYDAN.TV\" \/>\n<meta property=\"article:published_time\" content=\"2015-05-08T15:20:49+00:00\" \/>\n<meta property=\"og:image\" content=\"https:\/\/www.meydan.tv\/wp-content\/uploads\/8698.jpg\" \/>\n\t<meta property=\"og:image:width\" content=\"600\" \/>\n\t<meta property=\"og:image:height\" content=\"450\" \/>\n\t<meta property=\"og:image:type\" content=\"image\/jpeg\" \/>\n<meta name=\"twitter:card\" content=\"summary_large_image\" \/>\n<!-- \/ Yoast SEO plugin. -->","yoast_head_json":{"title":"Milli M\u0259clisin iclas\u0131 t\u0259xir\u0259 sal\u0131n\u0131b - MEYDAN.TV","robots":{"index":"index","follow":"follow","max-snippet":"max-snippet:-1","max-image-preview":"max-image-preview:large","max-video-preview":"max-video-preview:-1"},"canonical":"https:\/\/www.meydan.tv\/az\/article\/milli-meclisin-iclasi-texire-salinib\/","og_locale":"az_AZ","og_type":"article","og_title":"Milli M\u0259clisin iclas\u0131 t\u0259xir\u0259 sal\u0131n\u0131b - MEYDAN.TV","og_description":"Akif T\u0259v\u0259kk\u00fclo\u011flu: \"Deputatlar\u0131n xeyli hiss\u0259si xarici \u00f6lk\u0259l\u0259rd\u0259 ulu \u00f6nd\u0259r Heyd\u0259r \u018fliyevin anadan olmas\u0131n\u0131n 92-ci ild\u00f6n\u00fcm\u00fc il\u0259 ba\u011fl\u0131 ke\u00e7iril\u0259n t\u0259dbirl\u0259rd\u0259 i\u015ftirak ed\u0259c\u0259k\"","og_url":"https:\/\/www.meydan.tv\/az\/article\/milli-meclisin-iclasi-texire-salinib\/","og_site_name":"MEYDAN.TV","article_published_time":"2015-05-08T15:20:49+00:00","og_image":[{"width":600,"height":450,"url":"https:\/\/www.meydan.tv\/wp-content\/uploads\/8698.jpg","type":"image\/jpeg"}],"twitter_card":"summary_large_image","schema":{"@context":"https:\/\/schema.org","@graph":[{"@type":"Article","@id":"https:\/\/www.meydan.tv\/az\/article\/milli-meclisin-iclasi-texire-salinib\/#article","isPartOf":{"@id":"https:\/\/www.meydan.tv\/az\/article\/milli-meclisin-iclasi-texire-salinib\/"},"author":{"name":"user-manager","@id":"https:\/\/www.meydan.tv\/az\/#\/schema\/person\/10d11eccf6da3662cf5fdab9806ea91a"},"headline":"Milli M\u0259clisin iclas\u0131 t\u0259xir\u0259 sal\u0131n\u0131b","datePublished":"2015-05-08T15:20:49+00:00","mainEntityOfPage":{"@id":"https:\/\/www.meydan.tv\/az\/article\/milli-meclisin-iclasi-texire-salinib\/"},"wordCount":177,"publisher":{"@id":"https:\/\/www.meydan.tv\/az\/#organization"},"image":{"@id":"https:\/\/www.meydan.tv\/az\/article\/milli-meclisin-iclasi-texire-salinib\/#primaryimage"},"thumbnailUrl":"https:\/\/www.meydan.tv\/wp-content\/uploads\/8698.jpg","articleSection":["X\u0259b\u0259rl\u0259r"],"inLanguage":"az"},{"@type":"WebPage","@id":"https:\/\/www.meydan.tv\/az\/article\/milli-meclisin-iclasi-texire-salinib\/","url":"https:\/\/www.meydan.tv\/az\/article\/milli-meclisin-iclasi-texire-salinib\/","name":"Milli M\u0259clisin iclas\u0131 t\u0259xir\u0259 sal\u0131n\u0131b - MEYDAN.TV","isPartOf":{"@id":"https:\/\/www.meydan.tv\/az\/#website"},"primaryImageOfPage":{"@id":"https:\/\/www.meydan.tv\/az\/article\/milli-meclisin-iclasi-texire-salinib\/#primaryimage"},"image":{"@id":"https:\/\/www.meydan.tv\/az\/article\/milli-meclisin-iclasi-texire-salinib\/#primaryimage"},"thumbnailUrl":"https:\/\/www.meydan.tv\/wp-content\/uploads\/8698.jpg","datePublished":"2015-05-08T15:20:49+00:00","breadcrumb":{"@id":"https:\/\/www.meydan.tv\/az\/article\/milli-meclisin-iclasi-texire-salinib\/#breadcrumb"},"inLanguage":"az","potentialAction":[{"@type":"ReadAction","target":["https:\/\/www.meydan.tv\/az\/article\/milli-meclisin-iclasi-texire-salinib\/"]}]},{"@type":"ImageObject","inLanguage":"az","@id":"https:\/\/www.meydan.tv\/az\/article\/milli-meclisin-iclasi-texire-salinib\/#primaryimage","url":"https:\/\/www.meydan.tv\/wp-content\/uploads\/8698.jpg","contentUrl":"https:\/\/www.meydan.tv\/wp-content\/uploads\/8698.jpg","width":600,"height":450,"caption":"Source:"},{"@type":"BreadcrumbList","@id":"https:\/\/www.meydan.tv\/az\/article\/milli-meclisin-iclasi-texire-salinib\/#breadcrumb","itemListElement":[{"@type":"ListItem","position":1,"name":"Ana s\u0259hif\u0259","item":"https:\/\/www.meydan.tv\/az\/"},{"@type":"ListItem","position":2,"name":"X\u0259b\u0259rl\u0259r","item":"https:\/\/www.meydan.tv\/az\/section\/xeberler\/"},{"@type":"ListItem","position":3,"name":"Milli M\u0259clisin iclas\u0131 t\u0259xir\u0259 sal\u0131n\u0131b"}]},{"@type":"WebSite","@id":"https:\/\/www.meydan.tv\/az\/#website","url":"https:\/\/www.meydan.tv\/az\/","name":"MEYDAN.TV","description":"Meydan TV Az\u0259rbaycan\u0131n media m\u0259kan\u0131ndak\u0131 alternativ s\u0259sidir","publisher":{"@id":"https:\/\/www.meydan.tv\/az\/#organization"},"potentialAction":[{"@type":"SearchAction","target":{"@type":"EntryPoint","urlTemplate":"https:\/\/www.meydan.tv\/az\/?s={search_term_string}"},"query-input":{"@type":"PropertyValueSpecification","valueRequired":true,"valueName":"search_term_string"}}],"inLanguage":"az"},{"@type":"Organization","@id":"https:\/\/www.meydan.tv\/az\/#organization","name":"Meydan TV","url":"https:\/\/www.meydan.tv\/az\/","logo":{"@type":"ImageObject","inLanguage":"az","@id":"https:\/\/www.meydan.tv\/az\/#\/schema\/logo\/image\/","url":"https:\/\/www.meydan.tv\/wp-content\/uploads\/2021\/07\/meydan-logo.svg","contentUrl":"https:\/\/www.meydan.tv\/wp-content\/uploads\/2021\/07\/meydan-logo.svg","width":195,"height":46,"caption":"Meydan TV"},"image":{"@id":"https:\/\/www.meydan.tv\/az\/#\/schema\/logo\/image\/"}},{"@type":"Person","@id":"https:\/\/www.meydan.tv\/az\/#\/schema\/person\/10d11eccf6da3662cf5fdab9806ea91a","name":"user-manager"}]}},"_links":{"self":[{"href":"https:\/\/www.meydan.tv\/az\/wp-json\/wp\/v2\/posts\/167832","targetHints":{"allow":["GET"]}}],"collection":[{"href":"https:\/\/www.meydan.tv\/az\/wp-json\/wp\/v2\/posts"}],"about":[{"href":"https:\/\/www.meydan.tv\/az\/wp-json\/wp\/v2\/types\/post"}],"author":[{"embeddable":true,"href":"https:\/\/www.meydan.tv\/az\/wp-json\/wp\/v2\/users\/11"}],"replies":[{"embeddable":true,"href":"https:\/\/www.meydan.tv\/az\/wp-json\/wp\/v2\/comments?post=167832"}],"version-history":[{"count":0,"href":"https:\/\/www.meydan.tv\/az\/wp-json\/wp\/v2\/posts\/167832\/revisions"}],"wp:featuredmedia":[{"embeddable":true,"href":"https:\/\/www.meydan.tv\/az\/wp-json\/wp\/v2\/media\/23907"}],"wp:attachment":[{"href":"https:\/\/www.meydan.tv\/az\/wp-json\/wp\/v2\/media?parent=167832"}],"wp:term":[{"taxonomy":"category","embeddable":true,"href":"https:\/\/www.meydan.tv\/az\/wp-json\/wp\/v2\/categories?post=167832"},{"taxonomy":"post_tag","embeddable":true,"href":"https:\/\/www.meydan.tv\/az\/wp-json\/wp\/v2\/tags?post=167832"}],"curies":[{"name":"wp","href":"https:\/\/api.w.org\/{rel}","templated":true}]}}