{"id":167830,"date":"2015-05-08T11:26:34","date_gmt":"2015-05-08T11:26:34","guid":{"rendered":"https:\/\/www.meydan.tv\/article\/siyasi-mehbuslarin-yeni-siyahisi-teqdim-edildi\/"},"modified":"2015-05-08T11:26:34","modified_gmt":"2015-05-08T11:26:34","slug":"siyasi-mehbuslarin-yeni-siyahisi-teqdim-edildi","status":"publish","type":"post","link":"https:\/\/www.meydan.tv\/az\/article\/siyasi-mehbuslarin-yeni-siyahisi-teqdim-edildi\/","title":{"rendered":"Siyasi m\u0259hbuslar\u0131n yeni siyah\u0131s\u0131 t\u0259qdim edildi"},"content":{"rendered":"<figure class=\"wp-block-image size-large\">\n  <img decoding=\"async\" src=\"https:\/\/www.meydan.tv\/az\/23898\/\" alt=\"\" class=\"wp-image-23898\"\/><figcaption><\/figcaption><\/figure>\n<\/p>\n<figure class=\"wp-block-image size-large\">\n  <img decoding=\"async\" src=\"https:\/\/www.meydan.tv\/az\/23898\/\" alt=\"\" class=\"wp-image-23898\"\/><figcaption><\/figcaption><\/figure>\n<p>\n  Haz\u0131rda Az\u0259rbaycanda siyasi m\u0259hbuslar\u0131n say\u0131 80 n\u0259f\u0259rdir\n<\/p>\n<p>\n  Bu bar\u0259d\u0259 m\u0259lumat\u0131 Meydan TV-y\u0259 Siyasi M\u0259hbuslar\u0131n Vahid Siyah\u0131s\u0131n\u0131n haz\u0131rlanmas\u0131 \u00fczr\u0259 \u0130\u015f\u00e7i Qrupu bildirib.\n<\/p>\n<p>\n  V\u0259t\u0259nda\u015f c\u0259miyy\u0259tinin 30-a yax\u0131n f\u0259al\u0131 v\u0259 v\u0259kill\u0259rin daxil oldu\u011fu qrupun m\u0259lumat\u0131nda deyilir ki, 2014-c\u00fc il avqustun 8-d\u0259 a\u00e7\u0131qland\u0131\u011f\u0131 98 n\u0259f\u0259rlik siyah\u0131da 26 n\u0259f\u0259r \u0259fv edilib v\u0259 ya c\u0259za m\u00fcdd\u0259ti ba\u015fa \u00e7atd\u0131\u011f\u0131na g\u00f6r\u0259 azad edilib.\n<\/p>\n<p>\n  Lakin bu siyah\u0131 d\u0259rc olunduqdan sona repressiyalar davam edib v\u0259<br \/>\n  <a href=\"#\" title=\"Click to Continue &gt; by Super Radio\"><br \/>\n    yeni<br \/>\n  <\/a><br \/>\n  siyasi m\u0259hbuslar var.\n<\/p>\n<p>\n  \u0130\u015f\u00e7i Qrupu h\u0259bs olunanlar\u0131n i\u015fl\u0259rini yenid\u0259n \u00f6yr\u0259nib. A\u015ePA-n\u0131n 3 oktyabr 2012-ci il q\u0259tnam\u0259sinin meyarlarna uy\u011fun olaraq daha 8 n\u0259f\u0259ri siyasi m\u0259hbuslar s\u0131ras\u0131na daxil edib: Murad \u018fdilov (Az\u0259rbaycan Xalq C\u0259bh\u0259si Partiyas\u0131n\u0131n\u00a0 \u00fczv\u00fc, bu partiyan\u0131n m\u0259tbuat xidm\u0259tinin r\u0259hb\u0259ri, jurnalist Natiq Adilovun qarda\u015f\u0131); Seymur H\u0259zi (\u201cAzadl\u0131q\u201d q\u0259zetinin \u015f\u0259rh\u00e7isi, \u201cAz\u0259rbaycan saat\u0131\u201d proqram\u0131n\u0131n apar\u0131c\u0131s\u0131, AXCP-n\u0131n R\u0259yas\u0259t Hey\u0259tinin \u00fczv\u00fc); X\u0259dic\u0259 \u0130smay\u0131lova (\u201cAzadl\u0131q\u201d radiosunun Bak\u0131 b\u00fcrosunun \u0259m\u0259kda\u015f\u0131, ara\u015fd\u0131rma\u00e7\u0131 jurnalist), Elvin Abdullayev\u00a0 (AXCP\u00a0 \u00fczv\u00fc); Qadir Xudabax\u015f\u0131yev (AXCP\u00a0 \u00fczv\u00fc, II qrup Qaraba\u011f m\u00fcharib\u0259si \u0259lili); Asif Yusifov (AXCP\u00a0 s\u0259drinin m\u00fc\u015faviri, partiyan\u0131n R\u0259yas\u0259t Hey\u0259tinin \u00fczv\u00fc,\u00a0 Qaraba\u011f\u00a0 m\u00fcharib\u0259si \u0259lili); Taleh Xasm\u0259mm\u0259dov ( h\u00fcquq m\u00fcdafi\u0259\u00e7isi); \u00a0M\u00fcbariz\u00a0Abdullayev (Az\u0259rbaycan Beyn\u0259lxalq Universitetinin sabiq rektoru El\u015fad Abdullayevin qarda\u015f\u0131 o\u011flu).\n<\/p>\n<p>\n  98 n\u0259f\u0259rd\u0259n ibar\u0259t siyah\u0131 h\u00fcquq m\u00fcdafi\u0259\u00e7il\u0259ri Leyla Yunus v\u0259 R\u0259sul C\u0259f\u0259rovun siyah\u0131lar\u0131 \u0259sas\u0131nda haz\u0131rlanm\u0131\u015fd\u0131. Bu siyah\u0131n\u0131n haz\u0131rland\u0131\u011f\u0131 m\u00fcdd\u0259td\u0259 onlar \u00f6zl\u0259ri h\u0259bs\u0259 al\u0131n\u0131blar.\n<\/p>\n<p>\n  Bir \u00e7ox yerli v\u0259 beyn\u0259lxalq t\u0259\u015fkilatlar bu m\u0259lumatlar\u0131 Az\u0259rbaycanda siyasi m\u0259hbuslar\u0131n vahid siyah\u0131s\u0131 kimi q\u0259bul edibl\u0259r.<\/p>\n","protected":false},"excerpt":{"rendered":"<p>Haz\u0131rda Az\u0259rbaycanda siyasi m\u0259hbuslar\u0131n say\u0131 80 n\u0259f\u0259rdir<\/p>\n","protected":false},"author":11,"featured_media":23898,"comment_status":"closed","ping_status":"open","sticky":false,"template":"","format":"standard","meta":{"_acf_changed":false,"_sitemap_exclude":false,"_sitemap_priority":"","_sitemap_frequency":"","footnotes":""},"categories":[56],"tags":[],"class_list":["post-167830","post","type-post","status-publish","format-standard","has-post-thumbnail","hentry","category-xeberler","infinite-scroll-item","generate-columns","tablet-grid-50","mobile-grid-100","grid-parent","grid-33","no-featured-image-padding"],"acf":[],"yoast_head":"<!-- This site is optimized with the Yoast SEO plugin v28.4 - https:\/\/yoast.com\/product\/yoast-seo-wordpress\/ -->\n<title>Siyasi m\u0259hbuslar\u0131n yeni siyah\u0131s\u0131 t\u0259qdim edildi - MEYDAN.TV<\/title>\n<meta name=\"robots\" content=\"index, follow, max-snippet:-1, max-image-preview:large, max-video-preview:-1\" \/>\n<link rel=\"canonical\" href=\"https:\/\/www.meydan.tv\/az\/article\/siyasi-mehbuslarin-yeni-siyahisi-teqdim-edildi\/\" \/>\n<meta property=\"og:locale\" content=\"az_AZ\" \/>\n<meta property=\"og:type\" content=\"article\" \/>\n<meta property=\"og:title\" content=\"Siyasi m\u0259hbuslar\u0131n yeni siyah\u0131s\u0131 t\u0259qdim edildi - MEYDAN.TV\" \/>\n<meta property=\"og:description\" content=\"Haz\u0131rda Az\u0259rbaycanda siyasi m\u0259hbuslar\u0131n say\u0131 80 n\u0259f\u0259rdir\" \/>\n<meta property=\"og:url\" content=\"https:\/\/www.meydan.tv\/az\/article\/siyasi-mehbuslarin-yeni-siyahisi-teqdim-edildi\/\" \/>\n<meta property=\"og:site_name\" content=\"MEYDAN.TV\" \/>\n<meta property=\"article:published_time\" content=\"2015-05-08T11:26:34+00:00\" \/>\n<meta property=\"og:image\" content=\"https:\/\/www.meydan.tv\/wp-content\/uploads\/8700.jpg\" \/>\n\t<meta property=\"og:image:width\" content=\"768\" \/>\n\t<meta property=\"og:image:height\" content=\"315\" \/>\n\t<meta property=\"og:image:type\" content=\"image\/jpeg\" \/>\n<meta name=\"twitter:card\" content=\"summary_large_image\" \/>\n<!-- \/ Yoast SEO plugin. -->","yoast_head_json":{"title":"Siyasi m\u0259hbuslar\u0131n yeni siyah\u0131s\u0131 t\u0259qdim edildi - MEYDAN.TV","robots":{"index":"index","follow":"follow","max-snippet":"max-snippet:-1","max-image-preview":"max-image-preview:large","max-video-preview":"max-video-preview:-1"},"canonical":"https:\/\/www.meydan.tv\/az\/article\/siyasi-mehbuslarin-yeni-siyahisi-teqdim-edildi\/","og_locale":"az_AZ","og_type":"article","og_title":"Siyasi m\u0259hbuslar\u0131n yeni siyah\u0131s\u0131 t\u0259qdim edildi - MEYDAN.TV","og_description":"Haz\u0131rda Az\u0259rbaycanda siyasi m\u0259hbuslar\u0131n say\u0131 80 n\u0259f\u0259rdir","og_url":"https:\/\/www.meydan.tv\/az\/article\/siyasi-mehbuslarin-yeni-siyahisi-teqdim-edildi\/","og_site_name":"MEYDAN.TV","article_published_time":"2015-05-08T11:26:34+00:00","og_image":[{"width":768,"height":315,"url":"https:\/\/www.meydan.tv\/wp-content\/uploads\/8700.jpg","type":"image\/jpeg"}],"twitter_card":"summary_large_image","schema":{"@context":"https:\/\/schema.org","@graph":[{"@type":"Article","@id":"https:\/\/www.meydan.tv\/az\/article\/siyasi-mehbuslarin-yeni-siyahisi-teqdim-edildi\/#article","isPartOf":{"@id":"https:\/\/www.meydan.tv\/az\/article\/siyasi-mehbuslarin-yeni-siyahisi-teqdim-edildi\/"},"author":{"name":"user-manager","@id":"https:\/\/www.meydan.tv\/az\/#\/schema\/person\/10d11eccf6da3662cf5fdab9806ea91a"},"headline":"Siyasi m\u0259hbuslar\u0131n yeni siyah\u0131s\u0131 t\u0259qdim edildi","datePublished":"2015-05-08T11:26:34+00:00","mainEntityOfPage":{"@id":"https:\/\/www.meydan.tv\/az\/article\/siyasi-mehbuslarin-yeni-siyahisi-teqdim-edildi\/"},"wordCount":352,"publisher":{"@id":"https:\/\/www.meydan.tv\/az\/#organization"},"image":{"@id":"https:\/\/www.meydan.tv\/az\/article\/siyasi-mehbuslarin-yeni-siyahisi-teqdim-edildi\/#primaryimage"},"thumbnailUrl":"https:\/\/www.meydan.tv\/wp-content\/uploads\/8700.jpg","articleSection":["X\u0259b\u0259rl\u0259r"],"inLanguage":"az"},{"@type":"WebPage","@id":"https:\/\/www.meydan.tv\/az\/article\/siyasi-mehbuslarin-yeni-siyahisi-teqdim-edildi\/","url":"https:\/\/www.meydan.tv\/az\/article\/siyasi-mehbuslarin-yeni-siyahisi-teqdim-edildi\/","name":"Siyasi m\u0259hbuslar\u0131n yeni siyah\u0131s\u0131 t\u0259qdim edildi - MEYDAN.TV","isPartOf":{"@id":"https:\/\/www.meydan.tv\/az\/#website"},"primaryImageOfPage":{"@id":"https:\/\/www.meydan.tv\/az\/article\/siyasi-mehbuslarin-yeni-siyahisi-teqdim-edildi\/#primaryimage"},"image":{"@id":"https:\/\/www.meydan.tv\/az\/article\/siyasi-mehbuslarin-yeni-siyahisi-teqdim-edildi\/#primaryimage"},"thumbnailUrl":"https:\/\/www.meydan.tv\/wp-content\/uploads\/8700.jpg","datePublished":"2015-05-08T11:26:34+00:00","breadcrumb":{"@id":"https:\/\/www.meydan.tv\/az\/article\/siyasi-mehbuslarin-yeni-siyahisi-teqdim-edildi\/#breadcrumb"},"inLanguage":"az","potentialAction":[{"@type":"ReadAction","target":["https:\/\/www.meydan.tv\/az\/article\/siyasi-mehbuslarin-yeni-siyahisi-teqdim-edildi\/"]}]},{"@type":"ImageObject","inLanguage":"az","@id":"https:\/\/www.meydan.tv\/az\/article\/siyasi-mehbuslarin-yeni-siyahisi-teqdim-edildi\/#primaryimage","url":"https:\/\/www.meydan.tv\/wp-content\/uploads\/8700.jpg","contentUrl":"https:\/\/www.meydan.tv\/wp-content\/uploads\/8700.jpg","width":768,"height":315,"caption":"Source:"},{"@type":"BreadcrumbList","@id":"https:\/\/www.meydan.tv\/az\/article\/siyasi-mehbuslarin-yeni-siyahisi-teqdim-edildi\/#breadcrumb","itemListElement":[{"@type":"ListItem","position":1,"name":"Ana s\u0259hif\u0259","item":"https:\/\/www.meydan.tv\/az\/"},{"@type":"ListItem","position":2,"name":"X\u0259b\u0259rl\u0259r","item":"https:\/\/www.meydan.tv\/az\/section\/xeberler\/"},{"@type":"ListItem","position":3,"name":"Siyasi m\u0259hbuslar\u0131n yeni siyah\u0131s\u0131 t\u0259qdim edildi"}]},{"@type":"WebSite","@id":"https:\/\/www.meydan.tv\/az\/#website","url":"https:\/\/www.meydan.tv\/az\/","name":"MEYDAN.TV","description":"Meydan TV Az\u0259rbaycan\u0131n media m\u0259kan\u0131ndak\u0131 alternativ s\u0259sidir","publisher":{"@id":"https:\/\/www.meydan.tv\/az\/#organization"},"potentialAction":[{"@type":"SearchAction","target":{"@type":"EntryPoint","urlTemplate":"https:\/\/www.meydan.tv\/az\/?s={search_term_string}"},"query-input":{"@type":"PropertyValueSpecification","valueRequired":true,"valueName":"search_term_string"}}],"inLanguage":"az"},{"@type":"Organization","@id":"https:\/\/www.meydan.tv\/az\/#organization","name":"Meydan TV","url":"https:\/\/www.meydan.tv\/az\/","logo":{"@type":"ImageObject","inLanguage":"az","@id":"https:\/\/www.meydan.tv\/az\/#\/schema\/logo\/image\/","url":"https:\/\/www.meydan.tv\/wp-content\/uploads\/2021\/07\/meydan-logo.svg","contentUrl":"https:\/\/www.meydan.tv\/wp-content\/uploads\/2021\/07\/meydan-logo.svg","width":195,"height":46,"caption":"Meydan TV"},"image":{"@id":"https:\/\/www.meydan.tv\/az\/#\/schema\/logo\/image\/"}},{"@type":"Person","@id":"https:\/\/www.meydan.tv\/az\/#\/schema\/person\/10d11eccf6da3662cf5fdab9806ea91a","name":"user-manager"}]}},"_links":{"self":[{"href":"https:\/\/www.meydan.tv\/az\/wp-json\/wp\/v2\/posts\/167830","targetHints":{"allow":["GET"]}}],"collection":[{"href":"https:\/\/www.meydan.tv\/az\/wp-json\/wp\/v2\/posts"}],"about":[{"href":"https:\/\/www.meydan.tv\/az\/wp-json\/wp\/v2\/types\/post"}],"author":[{"embeddable":true,"href":"https:\/\/www.meydan.tv\/az\/wp-json\/wp\/v2\/users\/11"}],"replies":[{"embeddable":true,"href":"https:\/\/www.meydan.tv\/az\/wp-json\/wp\/v2\/comments?post=167830"}],"version-history":[{"count":0,"href":"https:\/\/www.meydan.tv\/az\/wp-json\/wp\/v2\/posts\/167830\/revisions"}],"wp:featuredmedia":[{"embeddable":true,"href":"https:\/\/www.meydan.tv\/az\/wp-json\/wp\/v2\/media\/23898"}],"wp:attachment":[{"href":"https:\/\/www.meydan.tv\/az\/wp-json\/wp\/v2\/media?parent=167830"}],"wp:term":[{"taxonomy":"category","embeddable":true,"href":"https:\/\/www.meydan.tv\/az\/wp-json\/wp\/v2\/categories?post=167830"},{"taxonomy":"post_tag","embeddable":true,"href":"https:\/\/www.meydan.tv\/az\/wp-json\/wp\/v2\/tags?post=167830"}],"curies":[{"name":"wp","href":"https:\/\/api.w.org\/{rel}","templated":true}]}}