{"id":167827,"date":"2015-05-08T11:03:41","date_gmt":"2015-05-08T11:03:41","guid":{"rendered":"https:\/\/www.meydan.tv\/article\/susanin-isgalindan-23-il-otur\/"},"modified":"2015-05-08T11:03:41","modified_gmt":"2015-05-08T11:03:41","slug":"susanin-isgalindan-23-il-otur","status":"publish","type":"post","link":"https:\/\/www.meydan.tv\/az\/article\/susanin-isgalindan-23-il-otur\/","title":{"rendered":"\u015eu\u015fan\u0131n i\u015f\u011fal\u0131ndan 23 il \u00f6t\u00fcr"},"content":{"rendered":"<figure class=\"wp-block-image size-large\">\n  <img decoding=\"async\" src=\"https:\/\/www.meydan.tv\/az\/23856\/\" alt=\"\" class=\"wp-image-23856\"\/><figcaption><\/figcaption><\/figure>\n<figure class=\"wp-block-image size-large\">\n  <img decoding=\"async\" src=\"https:\/\/www.meydan.tv\/az\/23856\/\" alt=\"\" class=\"wp-image-23856\"\/><figcaption><\/figcaption><\/figure>\n<p><div>\n    <i><br \/>\n      \u015eu\u015fada 7 m\u0259kt\u0259b\u0259q\u0259d\u0259r u\u015faq m\u00fc\u0259ssis\u0259si, 22 \u00fcmumt\u0259hsil m\u0259kt\u0259bi, m\u0259d\u0259ni-maarif, k\u0259nd t\u0259s\u0259rr\u00fcfat\u0131 texnikumlar\u0131, 8 m\u0259d\u0259niyy\u0259t evi, 14 klub, 20 kitabxana, 2 kinoteatr, 3 muzey, \u015e\u0259rq musiqi al\u0259tl\u0259ri fabriki da\u011f\u0131d\u0131l\u0131b<br \/>\n    <\/i>\n  <\/div>\n<\/p>\n<p><div><\/div>\n<\/p>\n<p><div>\n    May\u0131n 8-d\u0259 Az\u0259rbaycan\u0131n \u015eu\u015fa \u015f\u0259h\u0259rinin Erm\u0259nistan ordusu t\u0259r\u0259find\u0259n i\u015f\u011fal olunmas\u0131ndan 23 il \u00f6t\u00fcr.\n  <\/div>\n<\/p>\n<p>\n  Az\u0259rbaycan\u0131n bu q\u0259dim, z\u0259ngin tarix\u0259 v\u0259 m\u0259d\u0259niyy\u0259t\u0259 malik \u015f\u0259h\u0259rinin Erm\u0259nistan Silahl\u0131 Q\u00fcvv\u0259l\u0259ri t\u0259r\u0259find\u0259n \u0259l\u0259 ke\u00e7irilm\u0259si il\u0259 Da\u011fl\u0131q Qaraba\u011f\u0131n i\u015f\u011fal\u0131 ba\u015fa \u00e7atd\u0131r\u0131l\u0131b.\n<\/p>\n<p>\n  Bununla, Erm\u0259nistan b\u00f6lg\u0259nin Az\u0259rbaycandan faktiki qopar\u0131lmas\u0131na nail olub. \u015eu\u015fan\u0131n i\u015f\u011fal\u0131 n\u0259tic\u0259sind\u0259 480 v\u0259t\u0259nda\u015f q\u0259tl\u0259 yetirilib, 600 n\u0259f\u0259r yaralan\u0131b, 22 min n\u0259f\u0259r \u00f6z yurdundan did\u0259rgin d\u00fc\u015f\u00fcb. \u018fsir g\u00f6t\u00fcr\u00fclm\u00fc\u015f 68 n\u0259f\u0259rin taleyi bar\u0259d\u0259 bu g\u00fcn\u0259 q\u0259d\u0259r m\u0259lumat yoxdur. \u0130\u015f\u011fal n\u0259tic\u0259sind\u0259 \u015eu\u015fadak\u0131 bir s\u0131ra tarixi-m\u0259d\u0259niyy\u0259t abid\u0259l\u0259ri m\u0259hv edilib. Bu siyah\u0131ya Xan ma\u011faras\u0131, Qaxal ma\u011faras\u0131,\u00a0\u015eu\u015fa\u00a0qalas\u0131 da daxil olmaqla b\u00fct\u00f6vl\u00fckd\u0259 279 dini, tarixi v\u0259 m\u0259d\u0259ni abid\u0259 daxildir.\n<\/p>\n<p>\n  \u015eu\u015fada 7 m\u0259kt\u0259b\u0259q\u0259d\u0259r u\u015faq m\u00fc\u0259ssis\u0259si, 22 \u00fcmumt\u0259hsil m\u0259kt\u0259bi, m\u0259d\u0259ni-maarif, k\u0259nd t\u0259s\u0259rr\u00fcfat\u0131 texnikumlar\u0131, 8 m\u0259d\u0259niyy\u0259t evi, 14 klub, 20 kitabxana, 2 kinoteatr, 3 muzey, \u015e\u0259rq musiqi al\u0259tl\u0259ri fabriki da\u011f\u0131d\u0131l\u0131b.<\/p>\n<p>  \u00dcmumilikd\u0259, 1992-ci il may\u0131n 8-d\u0259 Erm\u0259nistan Silahl\u0131 Q\u00fcvv\u0259l\u0259rinin\u00a0\u015eu\u015fan\u0131 i\u015f\u011fal etm\u0259si n\u0259tic\u0259sind\u0259 Az\u0259rbaycan\u0131n 289 kvadrat kilometr \u0259razisi erm\u0259nil\u0259rin n\u0259zar\u0259tin\u0259 ke\u00e7ib. (APA)<\/p>\n","protected":false},"excerpt":{"rendered":"<p>\u015eu\u015fada 7 m\u0259kt\u0259b\u0259q\u0259d\u0259r u\u015faq m\u00fc\u0259ssis\u0259si, 22 \u00fcmumt\u0259hsil m\u0259kt\u0259bi, m\u0259d\u0259ni-maarif, k\u0259nd t\u0259s\u0259rr\u00fcfat\u0131 texnikumlar\u0131, 8 m\u0259d\u0259niyy\u0259t evi, 14 klub, 20 kitabxana, 2 kinoteatr, 3 muzey, \u015e\u0259rq musiqi al\u0259tl\u0259ri fabriki da\u011f\u0131d\u0131l\u0131b<\/p>\n","protected":false},"author":11,"featured_media":23856,"comment_status":"closed","ping_status":"open","sticky":false,"template":"","format":"standard","meta":{"_acf_changed":false,"_sitemap_exclude":false,"_sitemap_priority":"","_sitemap_frequency":"","footnotes":""},"categories":[56],"tags":[],"class_list":["post-167827","post","type-post","status-publish","format-standard","has-post-thumbnail","hentry","category-xeberler","infinite-scroll-item","generate-columns","tablet-grid-50","mobile-grid-100","grid-parent","grid-33","no-featured-image-padding"],"acf":[],"yoast_head":"<!-- This site is optimized with the Yoast SEO plugin v28.4 - https:\/\/yoast.com\/product\/yoast-seo-wordpress\/ -->\n<title>\u015eu\u015fan\u0131n i\u015f\u011fal\u0131ndan 23 il \u00f6t\u00fcr - MEYDAN.TV<\/title>\n<meta name=\"robots\" content=\"index, follow, max-snippet:-1, max-image-preview:large, max-video-preview:-1\" \/>\n<link rel=\"canonical\" href=\"https:\/\/www.meydan.tv\/az\/article\/susanin-isgalindan-23-il-otur\/\" \/>\n<meta property=\"og:locale\" content=\"az_AZ\" \/>\n<meta property=\"og:type\" content=\"article\" \/>\n<meta property=\"og:title\" content=\"\u015eu\u015fan\u0131n i\u015f\u011fal\u0131ndan 23 il \u00f6t\u00fcr - MEYDAN.TV\" \/>\n<meta property=\"og:description\" content=\"\u015eu\u015fada 7 m\u0259kt\u0259b\u0259q\u0259d\u0259r u\u015faq m\u00fc\u0259ssis\u0259si, 22 \u00fcmumt\u0259hsil m\u0259kt\u0259bi, m\u0259d\u0259ni-maarif, k\u0259nd t\u0259s\u0259rr\u00fcfat\u0131 texnikumlar\u0131, 8 m\u0259d\u0259niyy\u0259t evi, 14 klub, 20 kitabxana, 2 kinoteatr, 3 muzey, \u015e\u0259rq musiqi al\u0259tl\u0259ri fabriki da\u011f\u0131d\u0131l\u0131b\" \/>\n<meta property=\"og:url\" content=\"https:\/\/www.meydan.tv\/az\/article\/susanin-isgalindan-23-il-otur\/\" \/>\n<meta property=\"og:site_name\" content=\"MEYDAN.TV\" \/>\n<meta property=\"article:published_time\" content=\"2015-05-08T11:03:41+00:00\" \/>\n<meta property=\"og:image\" content=\"https:\/\/www.meydan.tv\/wp-content\/uploads\/8689.jpg\" \/>\n\t<meta property=\"og:image:width\" content=\"608\" \/>\n\t<meta property=\"og:image:height\" content=\"400\" \/>\n\t<meta property=\"og:image:type\" content=\"image\/jpeg\" \/>\n<meta name=\"twitter:card\" content=\"summary_large_image\" \/>\n<!-- \/ Yoast SEO plugin. -->","yoast_head_json":{"title":"\u015eu\u015fan\u0131n i\u015f\u011fal\u0131ndan 23 il \u00f6t\u00fcr - MEYDAN.TV","robots":{"index":"index","follow":"follow","max-snippet":"max-snippet:-1","max-image-preview":"max-image-preview:large","max-video-preview":"max-video-preview:-1"},"canonical":"https:\/\/www.meydan.tv\/az\/article\/susanin-isgalindan-23-il-otur\/","og_locale":"az_AZ","og_type":"article","og_title":"\u015eu\u015fan\u0131n i\u015f\u011fal\u0131ndan 23 il \u00f6t\u00fcr - MEYDAN.TV","og_description":"\u015eu\u015fada 7 m\u0259kt\u0259b\u0259q\u0259d\u0259r u\u015faq m\u00fc\u0259ssis\u0259si, 22 \u00fcmumt\u0259hsil m\u0259kt\u0259bi, m\u0259d\u0259ni-maarif, k\u0259nd t\u0259s\u0259rr\u00fcfat\u0131 texnikumlar\u0131, 8 m\u0259d\u0259niyy\u0259t evi, 14 klub, 20 kitabxana, 2 kinoteatr, 3 muzey, \u015e\u0259rq musiqi al\u0259tl\u0259ri fabriki da\u011f\u0131d\u0131l\u0131b","og_url":"https:\/\/www.meydan.tv\/az\/article\/susanin-isgalindan-23-il-otur\/","og_site_name":"MEYDAN.TV","article_published_time":"2015-05-08T11:03:41+00:00","og_image":[{"width":608,"height":400,"url":"https:\/\/www.meydan.tv\/wp-content\/uploads\/8689.jpg","type":"image\/jpeg"}],"twitter_card":"summary_large_image","schema":{"@context":"https:\/\/schema.org","@graph":[{"@type":"Article","@id":"https:\/\/www.meydan.tv\/az\/article\/susanin-isgalindan-23-il-otur\/#article","isPartOf":{"@id":"https:\/\/www.meydan.tv\/az\/article\/susanin-isgalindan-23-il-otur\/"},"author":{"name":"user-manager","@id":"https:\/\/www.meydan.tv\/az\/#\/schema\/person\/10d11eccf6da3662cf5fdab9806ea91a"},"headline":"\u015eu\u015fan\u0131n i\u015f\u011fal\u0131ndan 23 il \u00f6t\u00fcr","datePublished":"2015-05-08T11:03:41+00:00","mainEntityOfPage":{"@id":"https:\/\/www.meydan.tv\/az\/article\/susanin-isgalindan-23-il-otur\/"},"wordCount":319,"publisher":{"@id":"https:\/\/www.meydan.tv\/az\/#organization"},"image":{"@id":"https:\/\/www.meydan.tv\/az\/article\/susanin-isgalindan-23-il-otur\/#primaryimage"},"thumbnailUrl":"https:\/\/www.meydan.tv\/wp-content\/uploads\/8689.jpg","articleSection":["X\u0259b\u0259rl\u0259r"],"inLanguage":"az"},{"@type":"WebPage","@id":"https:\/\/www.meydan.tv\/az\/article\/susanin-isgalindan-23-il-otur\/","url":"https:\/\/www.meydan.tv\/az\/article\/susanin-isgalindan-23-il-otur\/","name":"\u015eu\u015fan\u0131n i\u015f\u011fal\u0131ndan 23 il \u00f6t\u00fcr - MEYDAN.TV","isPartOf":{"@id":"https:\/\/www.meydan.tv\/az\/#website"},"primaryImageOfPage":{"@id":"https:\/\/www.meydan.tv\/az\/article\/susanin-isgalindan-23-il-otur\/#primaryimage"},"image":{"@id":"https:\/\/www.meydan.tv\/az\/article\/susanin-isgalindan-23-il-otur\/#primaryimage"},"thumbnailUrl":"https:\/\/www.meydan.tv\/wp-content\/uploads\/8689.jpg","datePublished":"2015-05-08T11:03:41+00:00","breadcrumb":{"@id":"https:\/\/www.meydan.tv\/az\/article\/susanin-isgalindan-23-il-otur\/#breadcrumb"},"inLanguage":"az","potentialAction":[{"@type":"ReadAction","target":["https:\/\/www.meydan.tv\/az\/article\/susanin-isgalindan-23-il-otur\/"]}]},{"@type":"ImageObject","inLanguage":"az","@id":"https:\/\/www.meydan.tv\/az\/article\/susanin-isgalindan-23-il-otur\/#primaryimage","url":"https:\/\/www.meydan.tv\/wp-content\/uploads\/8689.jpg","contentUrl":"https:\/\/www.meydan.tv\/wp-content\/uploads\/8689.jpg","width":608,"height":400,"caption":"Source:"},{"@type":"BreadcrumbList","@id":"https:\/\/www.meydan.tv\/az\/article\/susanin-isgalindan-23-il-otur\/#breadcrumb","itemListElement":[{"@type":"ListItem","position":1,"name":"Ana s\u0259hif\u0259","item":"https:\/\/www.meydan.tv\/az\/"},{"@type":"ListItem","position":2,"name":"X\u0259b\u0259rl\u0259r","item":"https:\/\/www.meydan.tv\/az\/section\/xeberler\/"},{"@type":"ListItem","position":3,"name":"\u015eu\u015fan\u0131n i\u015f\u011fal\u0131ndan 23 il \u00f6t\u00fcr"}]},{"@type":"WebSite","@id":"https:\/\/www.meydan.tv\/az\/#website","url":"https:\/\/www.meydan.tv\/az\/","name":"MEYDAN.TV","description":"Meydan TV Az\u0259rbaycan\u0131n media m\u0259kan\u0131ndak\u0131 alternativ s\u0259sidir","publisher":{"@id":"https:\/\/www.meydan.tv\/az\/#organization"},"potentialAction":[{"@type":"SearchAction","target":{"@type":"EntryPoint","urlTemplate":"https:\/\/www.meydan.tv\/az\/?s={search_term_string}"},"query-input":{"@type":"PropertyValueSpecification","valueRequired":true,"valueName":"search_term_string"}}],"inLanguage":"az"},{"@type":"Organization","@id":"https:\/\/www.meydan.tv\/az\/#organization","name":"Meydan TV","url":"https:\/\/www.meydan.tv\/az\/","logo":{"@type":"ImageObject","inLanguage":"az","@id":"https:\/\/www.meydan.tv\/az\/#\/schema\/logo\/image\/","url":"https:\/\/www.meydan.tv\/wp-content\/uploads\/2021\/07\/meydan-logo.svg","contentUrl":"https:\/\/www.meydan.tv\/wp-content\/uploads\/2021\/07\/meydan-logo.svg","width":195,"height":46,"caption":"Meydan TV"},"image":{"@id":"https:\/\/www.meydan.tv\/az\/#\/schema\/logo\/image\/"}},{"@type":"Person","@id":"https:\/\/www.meydan.tv\/az\/#\/schema\/person\/10d11eccf6da3662cf5fdab9806ea91a","name":"user-manager"}]}},"_links":{"self":[{"href":"https:\/\/www.meydan.tv\/az\/wp-json\/wp\/v2\/posts\/167827","targetHints":{"allow":["GET"]}}],"collection":[{"href":"https:\/\/www.meydan.tv\/az\/wp-json\/wp\/v2\/posts"}],"about":[{"href":"https:\/\/www.meydan.tv\/az\/wp-json\/wp\/v2\/types\/post"}],"author":[{"embeddable":true,"href":"https:\/\/www.meydan.tv\/az\/wp-json\/wp\/v2\/users\/11"}],"replies":[{"embeddable":true,"href":"https:\/\/www.meydan.tv\/az\/wp-json\/wp\/v2\/comments?post=167827"}],"version-history":[{"count":0,"href":"https:\/\/www.meydan.tv\/az\/wp-json\/wp\/v2\/posts\/167827\/revisions"}],"wp:featuredmedia":[{"embeddable":true,"href":"https:\/\/www.meydan.tv\/az\/wp-json\/wp\/v2\/media\/23856"}],"wp:attachment":[{"href":"https:\/\/www.meydan.tv\/az\/wp-json\/wp\/v2\/media?parent=167827"}],"wp:term":[{"taxonomy":"category","embeddable":true,"href":"https:\/\/www.meydan.tv\/az\/wp-json\/wp\/v2\/categories?post=167827"},{"taxonomy":"post_tag","embeddable":true,"href":"https:\/\/www.meydan.tv\/az\/wp-json\/wp\/v2\/tags?post=167827"}],"curies":[{"name":"wp","href":"https:\/\/api.w.org\/{rel}","templated":true}]}}