{"id":167826,"date":"2015-05-08T03:40:07","date_gmt":"2015-05-08T03:40:07","guid":{"rendered":"https:\/\/www.meydan.tv\/article\/meni-avtobusa-mindiren-polyak-surucu\/"},"modified":"2015-05-08T03:40:07","modified_gmt":"2015-05-08T03:40:07","slug":"meni-avtobusa-mindiren-polyak-surucu","status":"publish","type":"post","link":"https:\/\/www.meydan.tv\/az\/article\/meni-avtobusa-mindiren-polyak-surucu\/","title":{"rendered":"M\u0259ni avtobusa mindir\u0259n polyak s\u00fcr\u00fcc\u00fc"},"content":{"rendered":"<figure class=\"wp-block-image size-large\">\n  <img decoding=\"async\" src=\"https:\/\/www.meydan.tv\/az\/18178\/\" alt=\"\" class=\"wp-image-18178\"\/><figcaption><\/figcaption><\/figure>\n<figure class=\"wp-block-image size-large\">\n  <img decoding=\"async\" src=\"https:\/\/www.meydan.tv\/az\/18184\/\" alt=\"\" class=\"wp-image-18184\"\/><figcaption><\/figcaption><\/figure>\n<p>\n  Aprel ay\u0131n\u0131n 16-17-si 2015-ci il, Pol\u015fan\u0131n paytaxt\u0131 Var\u015fava \u015f\u0259h\u0259rind\u0259 Personal Democrasy Forum-da i\u015ftirak etdim. Bak\u0131da olanda, yola \u00e7\u0131xmam\u0131\u015fdan qabaq anam soru\u015fdu ki, \u201cPol\u015fan\u0131n \u00f6z\u0259l n\u0259yi var? D\u00fcnyada n\u0259yi il\u0259 f\u0259rql\u0259nir\u201d? Dedim anama ki, \u201cG\u00f6z\u0259l QIZLARI il\u0259\u201d..\n<\/p>\n<p>\n  Hava liman\u0131ndan en\u0259n kimi m\u0259ni g\u00f6z\u0259l bir h\u0259rb\u00e7i q\u0131z qar\u015f\u0131lad\u0131 . \u0130lk pol\u015fal\u0131 q\u0131zla qar\u015f\u0131la\u015fmam oran\u0131n q\u0131zlar\u0131 bar\u0259sind\u0259 fikrimd\u0259 m\u0259ni yan\u0131ltmam\u0131\u015fd\u0131. Bir ne\u00e7\u0259 il bundan qabaq g\u00f6z\u0259llik indeksi \u00fczr\u0259 pol\u015fal\u0131 q\u0131zlar d\u00fcnyan\u0131n \u0259n g\u00f6z\u0259l q\u0131zlar\u0131 se\u00e7ilmi\u015fdir. Bu indeksd\u0259 g\u00f6z\u0259lliyin \u0259sas \u00f6z\u0259lliyi kimi t\u0259kc\u0259 fiziki g\u00f6z\u0259llik n\u0259z\u0259rd\u0259 tutulmam\u0131\u015fd\u0131. Bura xarici g\u00f6r\u00fcn\u00fc\u015fd\u0259n \u0259lav\u0259 \u0259xlaq v\u0259 sadiqlik d\u0259 \u0259lav\u0259 olunmu\u015fdu. H\u0259qiq\u0259t\u0259n, b\u0259zi \u00f6lk\u0259l\u0259rd\u0259 g\u00f6rd\u00fcy\u00fcm kimi vulqar g\u00f6r\u00fcn\u00fc\u015fl\u00fc xan\u0131mlar\u0131 dem\u0259k olar ki, g\u00f6rm\u0259dim. Bir t\u0259r\u0259fd\u0259n heyfsl\u0259ndim. Amma bir t\u0259r\u0259fd\u0259n d\u0259 sevindim ki, 2014-c\u00fc ilin pay\u0131z\u0131nda Kiyevd\u0259ki q\u0131zlar\u0131n valehedici g\u00f6z\u0259lliyi el\u0259 indi d\u0259 bu g\u00fcn\u0259 kimi m\u0259nd\u0259 ba\u015fgic\u0259ll\u0259nm\u0259, \u00fcr\u0259k a\u011fr\u0131s\u0131 simptomlar\u0131n\u0131 m\u0259n\u0259 \u201cb\u0259x\u015f\u201d edib. Y\u0259ni Ukrayna q\u0131zlar\u0131 Pol\u015fa q\u0131zlar\u0131ndan daha f\u00fcsunkard\u0131r.\n<\/p>\n<p>\n  Hava liman\u0131ndan \u00e7\u0131xan kimi, taksiy\u0259 oturub, m\u0259nim \u00fc\u00e7\u00fcn haz\u0131rlanm\u0131\u015f otel\u0259 getdim. Var\u015fava nec\u0259 g\u00f6z\u0259l \u015f\u0259h\u0259rdir! Q\u0131zlar-filan art\u0131q yad\u0131mdan \u00e7\u0131x\u0131b. \u015e\u0259h\u0259rin g\u00f6z\u0259lliyi m\u0259ni \u00f6z a\u011fu\u015funa al\u0131b. Bu g\u00f6z\u0259llik el\u0259 bil, \u00f6z\u00fc d\u00fcnya g\u00f6z\u0259llik indeksinin kompleks hal\u0131d\u0131r. \u018ftraf a\u011faclar, ya\u015f\u0131ll\u0131q v\u0259 g\u00fcl-\u00e7i\u00e7\u0259kl\u0259 doludur. Yol k\u0259nar\u0131nda s\u0259liq\u0259li binalar v\u0259 hasars\u0131z h\u0259y\u0259t evl\u0259ri adam\u0131n g\u00f6z\u00fcn\u00fc ox\u015fay\u0131r. Burda \u00e7oxlu velosiped s\u00fcr\u0259n g\u00f6rd\u00fcm. \u018fn \u00e7ox yol k\u0259nar\u0131nda diqq\u0259timi \u00e7\u0259k\u0259n m\u0259qamlardan daha biri d\u0259 bu oldu: \u00f6yr\u0259\u015fm\u0259diyim \u015f\u0259kild\u0259 b\u00fct\u00fcn s\u0259kil\u0259r, avtobus , tramvay v\u0259 troleybus dayanacaqlar\u0131, v\u0259 b\u00fct\u00fcnl\u00fckd\u0259 infrasruktur \u0259lilliyi olan insanlar\u0131n h\u0259r\u0259k\u0259t etm\u0259si v\u0259 h\u0259min nem\u0259tl\u0259rd\u0259n istifad\u0259 etm\u0259si \u00fc\u00e7\u00fcn m\u00fc\u0259ss\u0259rdir. G\u00f6zl\u0259rim doldu. \u00c7ox pis oldum. N\u0259 \u00fc\u00e7\u00fcn bizim \u00f6lk\u0259d\u0259 bizim \u00fc\u00e7\u00fcn bel\u0259 \u015f\u0259rait yoxdur? Bak\u0131da bu nem\u0259tl\u0259rd\u0259n bir d\u0259n\u0259 \u0259lil arabas\u0131 istifad\u0259\u00e7il\u0259r \u00fc\u00e7\u00fcn m\u00fc\u0259ss\u0259r olan avtobuslar g\u0259tirilib ki, onlar da yaln\u0131z \u015f\u0259h\u0259rin m\u0259rk\u0259zi hiss\u0259sind\u0259 istismara verilib.\n<\/p>\n<p>\n  Oteld\u0259ki xidm\u0259tin s\u0259viyy\u0259si o q\u0259d\u0259r d\u0259 xo\u00e7uma g\u0259lm\u0259di. Bir ne\u00e7\u0259 d\u0259f\u0259 oran\u0131n i\u015f\u00e7il\u0259rind\u0259n k\u00f6m\u0259k ist\u0259s\u0259m d\u0259, soyuqqanl\u0131 \u015f\u0259kild\u0259 r\u0259dd etmi\u015fdil\u0259r. \u00dcmumilikd\u0259, Var\u015favada \u0259n xo\u015fuma g\u0259lm\u0259y\u0259n t\u0259r\u0259f insanlar\u0131n soyuqqanl\u0131l\u0131\u011f\u0131 idi. Arzu edir\u0259m ki, t\u0259ki bizd\u0259 d\u0259 insanlar soyuqqanl\u0131 olsun, amma qanunlar i\u015fl\u0259sin, v\u0259 insanlar\u0131m\u0131z\u0131n ya\u015fay\u0131\u015f rifah\u0131 Pol\u015fadak\u0131 kimi olsun. Bu soyuqqanl\u0131l\u0131\u011f\u0131n arxas\u0131nda tipik kapitalizm idar\u0259 etm\u0259 \u00fcsulunu g\u00f6rd\u00fcm v\u0259 \u00e7ox t\u0259bii qar\u015f\u0131lad\u0131m.\n<\/p>\n<p>\n  Bizd\u0259ki kimi m\u0259n\u0259 k\u00fc\u015f\u0259d\u0259 v\u0259 ictimai yerl\u0259rd\u0259 g\u0259z\u0259rk\u0259n yaz\u0131q v\u0259 axmaq bax\u0131\u015flarla baxm\u0131rd\u0131lar. Burda m\u0259ni n\u0259 dil\u0259n\u00e7i z\u0259nn edib, pul uzatd\u0131lar n\u0259 d\u0259 qulaq \u00e7\u0259kib, \u201ck\u0131\u015f-k\u0131\u015f\u201d el\u0259dil\u0259r. \u018flilliyi olmayan insanlardan he\u00e7 bir f\u0259rqim yox idi el\u0259 bil. Q\u0259zadan sonra 6 ild\u0259n \u00e7ox idi ki metrodan qeyri m\u00fc\u0259ss\u0259rliy\u0259 g\u00f6r\u0259 istifad\u0259 ed\u0259 bilmirdim. H\u0259mi\u015f\u0259 metrodan istifad\u0259 etm\u0259yi xo\u015flam\u0131\u015fam. Bu h\u00fcququmu \u0259limd\u0259n alanlar\u0131 \u015fidd\u0259tli \u015f\u0259kild\u0259 q\u0131nay\u0131ram!\n<\/p>\n<p>\n  6 ild\u0259n sonra Var\u015favada metrodan istifad\u0259 etm\u0259yim \u00e7ox xo\u015f oldu. T\u0259s\u0259vv\u00fcr edin h\u0259r metro stansiyada \u0259li arabas\u0131 istifad\u0259\u00e7il\u0259ri v\u0259 u\u015faq arabalar\u0131 \u00fc\u00e7\u00fcn n\u0259z\u0259rd\u0259 tutulmu\u015f 4 lift m\u00f6vcuddur. He\u00e7 bir \u00e7\u0259tinlik \u00e7\u0259km\u0259d\u0259n unikal \u015f\u0259kild\u0259 qura\u015fd\u0131r\u0131lm\u0131\u015f liftl\u0259rd\u0259n s\u0259rb\u0259st \u015f\u0259kild\u0259 istifad\u0259 etdim v\u0259 metroya d\u00fc\u015fd\u00fcm. Metro sanki bir muzeydir. Y\u0259ni o d\u0259r\u0259c\u0259d\u0259 t\u0259miz v\u0259 g\u00f6z\u0259ldir. Metro stansiyalar\u0131nda, h\u0259m\u00e7inin, Var\u015favan\u0131n k\u00fc\u00e7\u0259l\u0259rind\u0259 oldu\u011fu kimi, g\u00f6rm\u0259 m\u0259hdudiyy\u0259tli \u015f\u0259xsl\u0259rin rahat h\u0259r\u0259k\u0259t etm\u0259si \u00fc\u00e7\u00fcn d\u0131\u011f\u0131rcaql\u0131 yollar m\u00f6vcuddur. \u0130\u015f\u0131qforlarda v\u0259 bir \u00e7ox ictimai yerl\u0259rd\u0259 e\u015fitm\u0259 m\u0259hdudiyy\u0259tli \u015f\u0259xsl\u0259r \u00fc\u00e7\u00fcn n\u0259z\u0259rd\u0259 tutulan mikrafon vasit\u0259si il\u0259 olan avtomatik informasiyalar \u00f6t\u00fcr\u00fcl\u00fcrd\u00fc. Avtobuslar dayanacaqdak\u0131 c\u0259dv\u0259ld\u0259 n\u0259z\u0259rd\u0259 tutulmu\u015f vaxtda g\u0259lib-gedirdil\u0259r.\n<\/p>\n<p>\n  Orda avtobus s\u00fcr\u00fcc\u00fcs\u00fc bizd\u0259ki kimi m\u0259ni avtobusa buraxmamaq \u00fc\u00e7\u00fcn bo\u015f-bo\u015f b\u0259han\u0259l\u0259r g\u0259tirm\u0259di. M\u0259ni dayanacaqda g\u00f6r\u0259n kimi \u00f6zl\u0259ri s\u00fckan\u0131n arxas\u0131ndan d\u00fc\u015f\u00fcb \u0259lil arabas\u0131 istifad\u0259\u00e7il\u0259ri \u00fc\u00e7\u00fcn n\u0259z\u0259rd\u0259 tutulan pandusu \u00f6z\u00fc a\u00e7d\u0131 v\u0259 i\u00e7\u0259ri daxil olandan sonra da t\u0259l\u00fck\u0259sizlik k\u0259m\u0259rimi ba\u011flay\u0131rd\u0131lar. Bizim b\u0259zi a\u011fz\u0131 g\u00f6y\u00e7\u0259kl\u0259r d\u0259 deyirdi ki, Avropada s\u00fcr\u00fcc\u00fc \u0259lilliyi olan insanlara xidm\u0259t etmir. Bir s\u00f6zl\u0259, bu \u00f6lk\u0259d\u0259 tam b\u0259rab\u0259r h\u00fcquqlu c\u0259miyy\u0259t g\u00f6rd\u00fcm.\n<\/p>\n<p>\n  \u018fg\u0259r ikinci d\u00fcnya m\u00fcharib\u0259sind\u0259n \u00e7\u0131xan Pol\u015fa kimi \u00f6lk\u0259 bel\u0259 b\u0259rab\u0259r h\u00fcquqlu v\u0259 sivil c\u0259miyy\u0259t yarada bilirs\u0259, bizim \u00f6lk\u0259 d\u0259 bunu ba\u015fara bil\u0259r. Bunun \u00fc\u00e7\u00fcn c\u0259hal\u0259td\u0259n qurtulub, vicdan amilini b\u0259rpa etm\u0259k laz\u0131md\u0131r. \u00dcmid edir\u0259m ki, h\u0259min m\u0259qam uzaq g\u0259l\u0259c\u0259kd\u0259 deyil. H\u0259r k\u0259s\u0259 g\u00f6z\u0259l g\u00fcnl\u0259r dil\u0259yir\u0259m\u2026\n<\/p>\n<p>\n  <b><br \/>\n    Yaz\u0131dak\u0131 fikirl\u0259r m\u00fc\u0259llif\u0259 m\u0259xsusdur v\u0259 onlara g\u00f6r\u0259 Meydan TV m\u0259suliyy\u0259t da\u015f\u0131m\u0131r.<br \/>\n  <\/b><\/p>\n","protected":false},"excerpt":{"rendered":"<p>Niy\u0259 Pol\u015fada var, amma bizd\u0259 yoxdu?<\/p>\n","protected":false},"author":11,"featured_media":18178,"comment_status":"closed","ping_status":"open","sticky":false,"template":"","format":"standard","meta":{"_acf_changed":false,"_sitemap_exclude":false,"_sitemap_priority":"","_sitemap_frequency":"","footnotes":""},"categories":[57],"tags":[],"class_list":["post-167826","post","type-post","status-publish","format-standard","has-post-thumbnail","hentry","category-menim-fikrimce","infinite-scroll-item","generate-columns","tablet-grid-50","mobile-grid-100","grid-parent","grid-33","no-featured-image-padding"],"acf":[],"yoast_head":"<!-- This site is optimized with the Yoast SEO plugin v27.5 - https:\/\/yoast.com\/product\/yoast-seo-wordpress\/ -->\n<title>M\u0259ni avtobusa mindir\u0259n polyak s\u00fcr\u00fcc\u00fc - MEYDAN.TV<\/title>\n<meta name=\"robots\" content=\"index, follow, max-snippet:-1, max-image-preview:large, max-video-preview:-1\" \/>\n<link rel=\"canonical\" href=\"https:\/\/www.meydan.tv\/az\/article\/meni-avtobusa-mindiren-polyak-surucu\/\" \/>\n<meta property=\"og:locale\" content=\"az_AZ\" \/>\n<meta property=\"og:type\" content=\"article\" \/>\n<meta property=\"og:title\" content=\"M\u0259ni avtobusa mindir\u0259n polyak s\u00fcr\u00fcc\u00fc - MEYDAN.TV\" \/>\n<meta property=\"og:description\" content=\"Niy\u0259 Pol\u015fada var, amma bizd\u0259 yoxdu?\" \/>\n<meta property=\"og:url\" content=\"https:\/\/www.meydan.tv\/az\/article\/meni-avtobusa-mindiren-polyak-surucu\/\" \/>\n<meta property=\"og:site_name\" content=\"MEYDAN.TV\" \/>\n<meta property=\"article:published_time\" content=\"2015-05-08T03:40:07+00:00\" \/>\n<meta property=\"og:image\" content=\"https:\/\/www.meydan.tv\/wp-content\/uploads\/6512.jpg\" \/>\n\t<meta property=\"og:image:width\" content=\"500\" \/>\n\t<meta property=\"og:image:height\" content=\"500\" \/>\n\t<meta property=\"og:image:type\" content=\"image\/jpeg\" \/>\n<meta name=\"author\" content=\"user-manager\" \/>\n<meta name=\"twitter:card\" content=\"summary_large_image\" \/>\n<script type=\"application\/ld+json\" class=\"yoast-schema-graph\">{\"@context\":\"https:\\\/\\\/schema.org\",\"@graph\":[{\"@type\":\"Article\",\"@id\":\"https:\\\/\\\/www.meydan.tv\\\/az\\\/article\\\/meni-avtobusa-mindiren-polyak-surucu\\\/#article\",\"isPartOf\":{\"@id\":\"https:\\\/\\\/www.meydan.tv\\\/az\\\/article\\\/meni-avtobusa-mindiren-polyak-surucu\\\/\"},\"author\":{\"name\":\"user-manager\",\"@id\":\"https:\\\/\\\/www.meydan.tv\\\/az\\\/#\\\/schema\\\/person\\\/10d11eccf6da3662cf5fdab9806ea91a\"},\"headline\":\"M\u0259ni avtobusa mindir\u0259n polyak s\u00fcr\u00fcc\u00fc\",\"datePublished\":\"2015-05-08T03:40:07+00:00\",\"mainEntityOfPage\":{\"@id\":\"https:\\\/\\\/www.meydan.tv\\\/az\\\/article\\\/meni-avtobusa-mindiren-polyak-surucu\\\/\"},\"wordCount\":1056,\"publisher\":{\"@id\":\"https:\\\/\\\/www.meydan.tv\\\/az\\\/#organization\"},\"image\":{\"@id\":\"https:\\\/\\\/www.meydan.tv\\\/az\\\/article\\\/meni-avtobusa-mindiren-polyak-surucu\\\/#primaryimage\"},\"thumbnailUrl\":\"https:\\\/\\\/www.meydan.tv\\\/wp-content\\\/uploads\\\/6512.jpg\",\"articleSection\":[\"M\u0259nim Fikrimc\u0259\"],\"inLanguage\":\"az\"},{\"@type\":\"WebPage\",\"@id\":\"https:\\\/\\\/www.meydan.tv\\\/az\\\/article\\\/meni-avtobusa-mindiren-polyak-surucu\\\/\",\"url\":\"https:\\\/\\\/www.meydan.tv\\\/az\\\/article\\\/meni-avtobusa-mindiren-polyak-surucu\\\/\",\"name\":\"M\u0259ni avtobusa mindir\u0259n polyak s\u00fcr\u00fcc\u00fc - MEYDAN.TV\",\"isPartOf\":{\"@id\":\"https:\\\/\\\/www.meydan.tv\\\/az\\\/#website\"},\"primaryImageOfPage\":{\"@id\":\"https:\\\/\\\/www.meydan.tv\\\/az\\\/article\\\/meni-avtobusa-mindiren-polyak-surucu\\\/#primaryimage\"},\"image\":{\"@id\":\"https:\\\/\\\/www.meydan.tv\\\/az\\\/article\\\/meni-avtobusa-mindiren-polyak-surucu\\\/#primaryimage\"},\"thumbnailUrl\":\"https:\\\/\\\/www.meydan.tv\\\/wp-content\\\/uploads\\\/6512.jpg\",\"datePublished\":\"2015-05-08T03:40:07+00:00\",\"breadcrumb\":{\"@id\":\"https:\\\/\\\/www.meydan.tv\\\/az\\\/article\\\/meni-avtobusa-mindiren-polyak-surucu\\\/#breadcrumb\"},\"inLanguage\":\"az\",\"potentialAction\":[{\"@type\":\"ReadAction\",\"target\":[\"https:\\\/\\\/www.meydan.tv\\\/az\\\/article\\\/meni-avtobusa-mindiren-polyak-surucu\\\/\"]}]},{\"@type\":\"ImageObject\",\"inLanguage\":\"az\",\"@id\":\"https:\\\/\\\/www.meydan.tv\\\/az\\\/article\\\/meni-avtobusa-mindiren-polyak-surucu\\\/#primaryimage\",\"url\":\"https:\\\/\\\/www.meydan.tv\\\/wp-content\\\/uploads\\\/6512.jpg\",\"contentUrl\":\"https:\\\/\\\/www.meydan.tv\\\/wp-content\\\/uploads\\\/6512.jpg\",\"width\":500,\"height\":500,\"caption\":\"Source:\"},{\"@type\":\"BreadcrumbList\",\"@id\":\"https:\\\/\\\/www.meydan.tv\\\/az\\\/article\\\/meni-avtobusa-mindiren-polyak-surucu\\\/#breadcrumb\",\"itemListElement\":[{\"@type\":\"ListItem\",\"position\":1,\"name\":\"Ana s\u0259hif\u0259\",\"item\":\"https:\\\/\\\/www.meydan.tv\\\/az\\\/\"},{\"@type\":\"ListItem\",\"position\":2,\"name\":\"M\u0259nim Fikrimc\u0259\",\"item\":\"https:\\\/\\\/www.meydan.tv\\\/az\\\/section\\\/menim-fikrimce\\\/\"},{\"@type\":\"ListItem\",\"position\":3,\"name\":\"M\u0259ni avtobusa mindir\u0259n polyak s\u00fcr\u00fcc\u00fc\"}]},{\"@type\":\"WebSite\",\"@id\":\"https:\\\/\\\/www.meydan.tv\\\/az\\\/#website\",\"url\":\"https:\\\/\\\/www.meydan.tv\\\/az\\\/\",\"name\":\"MEYDAN.TV\",\"description\":\"Meydan TV Az\u0259rbaycan\u0131n media m\u0259kan\u0131ndak\u0131 alternativ s\u0259sidir\",\"publisher\":{\"@id\":\"https:\\\/\\\/www.meydan.tv\\\/az\\\/#organization\"},\"potentialAction\":[{\"@type\":\"SearchAction\",\"target\":{\"@type\":\"EntryPoint\",\"urlTemplate\":\"https:\\\/\\\/www.meydan.tv\\\/az\\\/?s={search_term_string}\"},\"query-input\":{\"@type\":\"PropertyValueSpecification\",\"valueRequired\":true,\"valueName\":\"search_term_string\"}}],\"inLanguage\":\"az\"},{\"@type\":\"Organization\",\"@id\":\"https:\\\/\\\/www.meydan.tv\\\/az\\\/#organization\",\"name\":\"Meydan TV\",\"url\":\"https:\\\/\\\/www.meydan.tv\\\/az\\\/\",\"logo\":{\"@type\":\"ImageObject\",\"inLanguage\":\"az\",\"@id\":\"https:\\\/\\\/www.meydan.tv\\\/az\\\/#\\\/schema\\\/logo\\\/image\\\/\",\"url\":\"https:\\\/\\\/www.meydan.tv\\\/wp-content\\\/uploads\\\/2021\\\/07\\\/meydan-logo.svg\",\"contentUrl\":\"https:\\\/\\\/www.meydan.tv\\\/wp-content\\\/uploads\\\/2021\\\/07\\\/meydan-logo.svg\",\"width\":195,\"height\":46,\"caption\":\"Meydan TV\"},\"image\":{\"@id\":\"https:\\\/\\\/www.meydan.tv\\\/az\\\/#\\\/schema\\\/logo\\\/image\\\/\"}},{\"@type\":\"Person\",\"@id\":\"https:\\\/\\\/www.meydan.tv\\\/az\\\/#\\\/schema\\\/person\\\/10d11eccf6da3662cf5fdab9806ea91a\",\"name\":\"user-manager\"}]}<\/script>\n<!-- \/ Yoast SEO plugin. -->","yoast_head_json":{"title":"M\u0259ni avtobusa mindir\u0259n polyak s\u00fcr\u00fcc\u00fc - MEYDAN.TV","robots":{"index":"index","follow":"follow","max-snippet":"max-snippet:-1","max-image-preview":"max-image-preview:large","max-video-preview":"max-video-preview:-1"},"canonical":"https:\/\/www.meydan.tv\/az\/article\/meni-avtobusa-mindiren-polyak-surucu\/","og_locale":"az_AZ","og_type":"article","og_title":"M\u0259ni avtobusa mindir\u0259n polyak s\u00fcr\u00fcc\u00fc - MEYDAN.TV","og_description":"Niy\u0259 Pol\u015fada var, amma bizd\u0259 yoxdu?","og_url":"https:\/\/www.meydan.tv\/az\/article\/meni-avtobusa-mindiren-polyak-surucu\/","og_site_name":"MEYDAN.TV","article_published_time":"2015-05-08T03:40:07+00:00","og_image":[{"width":500,"height":500,"url":"https:\/\/www.meydan.tv\/wp-content\/uploads\/6512.jpg","type":"image\/jpeg"}],"author":"user-manager","twitter_card":"summary_large_image","schema":{"@context":"https:\/\/schema.org","@graph":[{"@type":"Article","@id":"https:\/\/www.meydan.tv\/az\/article\/meni-avtobusa-mindiren-polyak-surucu\/#article","isPartOf":{"@id":"https:\/\/www.meydan.tv\/az\/article\/meni-avtobusa-mindiren-polyak-surucu\/"},"author":{"name":"user-manager","@id":"https:\/\/www.meydan.tv\/az\/#\/schema\/person\/10d11eccf6da3662cf5fdab9806ea91a"},"headline":"M\u0259ni avtobusa mindir\u0259n polyak s\u00fcr\u00fcc\u00fc","datePublished":"2015-05-08T03:40:07+00:00","mainEntityOfPage":{"@id":"https:\/\/www.meydan.tv\/az\/article\/meni-avtobusa-mindiren-polyak-surucu\/"},"wordCount":1056,"publisher":{"@id":"https:\/\/www.meydan.tv\/az\/#organization"},"image":{"@id":"https:\/\/www.meydan.tv\/az\/article\/meni-avtobusa-mindiren-polyak-surucu\/#primaryimage"},"thumbnailUrl":"https:\/\/www.meydan.tv\/wp-content\/uploads\/6512.jpg","articleSection":["M\u0259nim Fikrimc\u0259"],"inLanguage":"az"},{"@type":"WebPage","@id":"https:\/\/www.meydan.tv\/az\/article\/meni-avtobusa-mindiren-polyak-surucu\/","url":"https:\/\/www.meydan.tv\/az\/article\/meni-avtobusa-mindiren-polyak-surucu\/","name":"M\u0259ni avtobusa mindir\u0259n polyak s\u00fcr\u00fcc\u00fc - MEYDAN.TV","isPartOf":{"@id":"https:\/\/www.meydan.tv\/az\/#website"},"primaryImageOfPage":{"@id":"https:\/\/www.meydan.tv\/az\/article\/meni-avtobusa-mindiren-polyak-surucu\/#primaryimage"},"image":{"@id":"https:\/\/www.meydan.tv\/az\/article\/meni-avtobusa-mindiren-polyak-surucu\/#primaryimage"},"thumbnailUrl":"https:\/\/www.meydan.tv\/wp-content\/uploads\/6512.jpg","datePublished":"2015-05-08T03:40:07+00:00","breadcrumb":{"@id":"https:\/\/www.meydan.tv\/az\/article\/meni-avtobusa-mindiren-polyak-surucu\/#breadcrumb"},"inLanguage":"az","potentialAction":[{"@type":"ReadAction","target":["https:\/\/www.meydan.tv\/az\/article\/meni-avtobusa-mindiren-polyak-surucu\/"]}]},{"@type":"ImageObject","inLanguage":"az","@id":"https:\/\/www.meydan.tv\/az\/article\/meni-avtobusa-mindiren-polyak-surucu\/#primaryimage","url":"https:\/\/www.meydan.tv\/wp-content\/uploads\/6512.jpg","contentUrl":"https:\/\/www.meydan.tv\/wp-content\/uploads\/6512.jpg","width":500,"height":500,"caption":"Source:"},{"@type":"BreadcrumbList","@id":"https:\/\/www.meydan.tv\/az\/article\/meni-avtobusa-mindiren-polyak-surucu\/#breadcrumb","itemListElement":[{"@type":"ListItem","position":1,"name":"Ana s\u0259hif\u0259","item":"https:\/\/www.meydan.tv\/az\/"},{"@type":"ListItem","position":2,"name":"M\u0259nim Fikrimc\u0259","item":"https:\/\/www.meydan.tv\/az\/section\/menim-fikrimce\/"},{"@type":"ListItem","position":3,"name":"M\u0259ni avtobusa mindir\u0259n polyak s\u00fcr\u00fcc\u00fc"}]},{"@type":"WebSite","@id":"https:\/\/www.meydan.tv\/az\/#website","url":"https:\/\/www.meydan.tv\/az\/","name":"MEYDAN.TV","description":"Meydan TV Az\u0259rbaycan\u0131n media m\u0259kan\u0131ndak\u0131 alternativ s\u0259sidir","publisher":{"@id":"https:\/\/www.meydan.tv\/az\/#organization"},"potentialAction":[{"@type":"SearchAction","target":{"@type":"EntryPoint","urlTemplate":"https:\/\/www.meydan.tv\/az\/?s={search_term_string}"},"query-input":{"@type":"PropertyValueSpecification","valueRequired":true,"valueName":"search_term_string"}}],"inLanguage":"az"},{"@type":"Organization","@id":"https:\/\/www.meydan.tv\/az\/#organization","name":"Meydan TV","url":"https:\/\/www.meydan.tv\/az\/","logo":{"@type":"ImageObject","inLanguage":"az","@id":"https:\/\/www.meydan.tv\/az\/#\/schema\/logo\/image\/","url":"https:\/\/www.meydan.tv\/wp-content\/uploads\/2021\/07\/meydan-logo.svg","contentUrl":"https:\/\/www.meydan.tv\/wp-content\/uploads\/2021\/07\/meydan-logo.svg","width":195,"height":46,"caption":"Meydan TV"},"image":{"@id":"https:\/\/www.meydan.tv\/az\/#\/schema\/logo\/image\/"}},{"@type":"Person","@id":"https:\/\/www.meydan.tv\/az\/#\/schema\/person\/10d11eccf6da3662cf5fdab9806ea91a","name":"user-manager"}]}},"_links":{"self":[{"href":"https:\/\/www.meydan.tv\/az\/wp-json\/wp\/v2\/posts\/167826","targetHints":{"allow":["GET"]}}],"collection":[{"href":"https:\/\/www.meydan.tv\/az\/wp-json\/wp\/v2\/posts"}],"about":[{"href":"https:\/\/www.meydan.tv\/az\/wp-json\/wp\/v2\/types\/post"}],"author":[{"embeddable":true,"href":"https:\/\/www.meydan.tv\/az\/wp-json\/wp\/v2\/users\/11"}],"replies":[{"embeddable":true,"href":"https:\/\/www.meydan.tv\/az\/wp-json\/wp\/v2\/comments?post=167826"}],"version-history":[{"count":0,"href":"https:\/\/www.meydan.tv\/az\/wp-json\/wp\/v2\/posts\/167826\/revisions"}],"wp:featuredmedia":[{"embeddable":true,"href":"https:\/\/www.meydan.tv\/az\/wp-json\/wp\/v2\/media\/18178"}],"wp:attachment":[{"href":"https:\/\/www.meydan.tv\/az\/wp-json\/wp\/v2\/media?parent=167826"}],"wp:term":[{"taxonomy":"category","embeddable":true,"href":"https:\/\/www.meydan.tv\/az\/wp-json\/wp\/v2\/categories?post=167826"},{"taxonomy":"post_tag","embeddable":true,"href":"https:\/\/www.meydan.tv\/az\/wp-json\/wp\/v2\/tags?post=167826"}],"curies":[{"name":"wp","href":"https:\/\/api.w.org\/{rel}","templated":true}]}}