{"id":167824,"date":"2015-05-07T23:40:19","date_gmt":"2015-05-07T23:40:19","guid":{"rendered":"https:\/\/www.meydan.tv\/article\/milli-sura-mayin-17-ne-mitinq-teyin-etdi\/"},"modified":"2015-05-07T23:40:19","modified_gmt":"2015-05-07T23:40:19","slug":"milli-sura-mayin-17-ne-mitinq-teyin-etdi","status":"publish","type":"post","link":"https:\/\/www.meydan.tv\/az\/article\/milli-sura-mayin-17-ne-mitinq-teyin-etdi\/","title":{"rendered":"Milli \u015eura may\u0131n 17- n\u0259 mitinq t\u0259yin etdi"},"content":{"rendered":"<figure class=\"wp-block-image size-large\">\n  <img decoding=\"async\" src=\"https:\/\/www.meydan.tv\/az\/23888\/\" alt=\"\" class=\"wp-image-23888\"\/><figcaption><\/figcaption><\/figure>\n<figure class=\"wp-block-image size-large\">\n  <img decoding=\"async\" src=\"https:\/\/www.meydan.tv\/az\/23888\/\" alt=\"\" class=\"wp-image-23888\"\/><figcaption><\/figcaption><\/figure>\n<p>\n  <i><br \/>\n    \u015eura siyasi m\u0259hbus problemin\u0259 dair ictimai dinl\u0259m\u0259nin ke\u00e7irilm\u0259si haqda q\u0259rar q\u0259bul edib<br \/>\n  <\/i>\n<\/p>\n<p>\n  Milli \u015euran\u0131n Koordinasiya M\u0259rk\u0259zinin n\u00f6vb\u0259ti iclas\u0131 ke\u00e7irilib. \u0130clasda \u00f6lk\u0259d\u0259ki ictimai- siyasi v\u0259ziyy\u0259t v\u0259 qar\u015f\u0131da duran v\u0259zif\u0259l\u0259r m\u00fczakir\u0259 olunub. Bu bar\u0259d\u0259 Milli \u015euradan Meydan TV-y\u0259 daxil olan m\u0259lumata g\u00f6r\u0259, m\u00fczakir\u0259l\u0259rd\u0259 may\u0131n 3-d\u0259 \u201cM\u0259hsul\u201d stadionunda mitinq ke\u00e7irm\u0259k ist\u0259yin\u0259 Bak\u0131 \u015f\u0259h\u0259r \u0130cra Hakimiyy\u0259tinin qanuna zidd \u015f\u0259kild\u0259 raz\u0131l\u0131q verm\u0259m\u0259si bir daha pisl\u0259nilib v\u0259 bununla ba\u011fl\u0131 m\u0259hk\u0259m\u0259y\u0259 m\u00fcraci\u0259t edilm\u0259si il\u0259 yana\u015f\u0131 Milli \u015eura ad\u0131ndan a\u00e7\u0131qlama yay\u0131lmas\u0131 q\u0259rara al\u0131n\u0131b.\n<\/p>\n<p>\n  \u201cMilli \u015euran\u0131n 03 may 2015- ci il saat 15 00- dan 17 00- a q\u0259d\u0259r \u201cM\u0259hsul\u201d stadionunda \u201cTalana son!\u201d t\u0259l\u0259bi il\u0259 ke\u00e7irm\u0259k ist\u0259diyi mitinq\u0259 Bak\u0131 \u015f\u0259h\u0259r \u0130cra Hakimiyy\u0259ti h\u0259min g\u00fcn eyni saatda qeyd olunan \u00fcnvanda ba\u015fqa bir \u00f6n\u0259mli t\u0259dbirin olaca\u011f\u0131n\u0131 bildir\u0259r\u0259k raz\u0131l\u0131q verm\u0259yib v\u0259 aksiyan\u0131n may\u0131n 2-d\u0259 ke\u00e7irilm\u0259sini t\u0259klif edib. Maraql\u0131d\u0131r ki, hakimiyy\u0259t mitinqin ke\u00e7irilm\u0259si il\u0259 ba\u011fl\u0131 t\u0259klif etdiyi vaxta qanunvericiliyin t\u0259l\u0259bl\u0259rin\u0259 zidd olaraq 1 i\u015f g\u00fcn\u00fc qalm\u0131\u015f cavab verib. Bu is\u0259 praktiki olaraq h\u0259min g\u00fcn\u0259 Milli \u015euran\u0131n mitinq ke\u00e7irm\u0259sini m\u00fcmk\u00fcns\u00fcz etdi. Sonrak\u0131 g\u00fcnl\u0259rd\u0259 apar\u0131lan ara\u015fd\u0131rmalar g\u00f6st\u0259rdi ki, may\u0131n 3-d\u0259 \u201cM\u0259hsul\u201d stadionunda \u00fcmumiyy\u0259tl\u0259 h\u0259r hans\u0131 t\u0259dbir ke\u00e7irilm\u0259di. Mitinq\u0259 icaz\u0259 verilm\u0259m\u0259si \u201cS\u0259rb\u0259st topla\u015fmaq azadl\u0131\u011f\u0131 haqq\u0131nda\u201d Qanunun t\u0259l\u0259bl\u0259rin\u0259 zidd olmaqla hakimiyy\u0259tin Milli \u015euraya qar\u015f\u0131 h\u0259yata ke\u00e7irdiyi m\u0259krli plan\u0131n davam\u0131 v\u0259 t\u0259rkib hiss\u0259si oldu\u011funu g\u00f6st\u0259rdi. Demokratik Q\u00fcvv\u0259l\u0259rin Milli \u015euras\u0131 bir daha v\u0259t\u0259nda\u015flar\u0131n f\u0259aliyy\u0259t imkanlar\u0131n\u0131n m\u0259hdudla\u015fd\u0131r\u0131lmas\u0131, \u201cS\u0259rb\u0259st topla\u015fmaq azadl\u0131\u011f\u0131 haqq\u0131nda\u201d Qanunun t\u0259l\u0259bl\u0259rinin pozulmas\u0131n\u0131 q\u0259tiyy\u0259tl\u0259 pisl\u0259yir, hakimiyy\u0259ti bu kimi hallar\u0131n qar\u015f\u0131s\u0131n\u0131n al\u0131nmas\u0131, ictimai- siyasi qurumlar\u0131n ifad\u0259 azadl\u0131\u011f\u0131n\u0131n t\u0259min olunmas\u0131, m\u00fcxt\u0259lif etiraz aksiyalar\u0131n\u0131n ke\u00e7irilm\u0259sin\u0259 \u015f\u0259rait yarad\u0131lmas\u0131n\u0131 t\u0259l\u0259b edir\u201d,-dey\u0259 m\u0259lumatda bildirilir.\n<\/p>\n<p>\n  \u0130clasda Milli \u015euran\u0131n may\u0131n 17-d\u0259 \u201cM\u0259hsul\u201d stadionunda \u201cTalana son!\u201d t\u0259l\u0259bi il\u0259 mitinq ke\u00e7irilm\u0259si v\u0259 bununla ba\u011fl\u0131 Bak\u0131 \u015f\u0259h\u0259r \u0130cra Hakimiyy\u0259tin\u0259 m\u00fcraci\u0259t edilm\u0259si q\u0259rara al\u0131n\u0131b.\n<\/p>\n<p>\n  Koordinasiya M\u0259rk\u0259zinin toplant\u0131s\u0131nda h\u0259m d\u0259 siyasi m\u0259hbuslar\u0131n h\u00fcquqlar\u0131n\u0131n m\u00fcdafi\u0259si i\u015finin g\u00fccl\u0259ndirilm\u0259si v\u0259 Az\u0259rbaycanda siyasi m\u0259hbus problemin\u0259 dair ictimai dinl\u0259m\u0259nin ke\u00e7irilm\u0259si q\u0259rara al\u0131n\u0131b.<br \/>\n  <\/p>\n","protected":false},"excerpt":{"rendered":"<p>\u015eura siyasi m\u0259hbus problemin\u0259 dair ictimai dinl\u0259m\u0259nin ke\u00e7irilm\u0259si haqda q\u0259rar q\u0259bul edib<\/p>\n","protected":false},"author":11,"featured_media":23888,"comment_status":"closed","ping_status":"open","sticky":false,"template":"","format":"standard","meta":{"_acf_changed":false,"_sitemap_exclude":false,"_sitemap_priority":"","_sitemap_frequency":"","footnotes":""},"categories":[56],"tags":[],"class_list":["post-167824","post","type-post","status-publish","format-standard","has-post-thumbnail","hentry","category-xeberler","infinite-scroll-item","generate-columns","tablet-grid-50","mobile-grid-100","grid-parent","grid-33","no-featured-image-padding"],"acf":[],"yoast_head":"<!-- This site is optimized with the Yoast SEO plugin v28.4 - https:\/\/yoast.com\/product\/yoast-seo-wordpress\/ -->\n<title>Milli \u015eura may\u0131n 17- n\u0259 mitinq t\u0259yin etdi - MEYDAN.TV<\/title>\n<meta name=\"robots\" content=\"index, follow, max-snippet:-1, max-image-preview:large, max-video-preview:-1\" \/>\n<link rel=\"canonical\" href=\"https:\/\/www.meydan.tv\/az\/article\/milli-sura-mayin-17-ne-mitinq-teyin-etdi\/\" \/>\n<meta property=\"og:locale\" content=\"az_AZ\" \/>\n<meta property=\"og:type\" content=\"article\" \/>\n<meta property=\"og:title\" content=\"Milli \u015eura may\u0131n 17- n\u0259 mitinq t\u0259yin etdi - MEYDAN.TV\" \/>\n<meta property=\"og:description\" content=\"\u015eura siyasi m\u0259hbus problemin\u0259 dair ictimai dinl\u0259m\u0259nin ke\u00e7irilm\u0259si haqda q\u0259rar q\u0259bul edib\" \/>\n<meta property=\"og:url\" content=\"https:\/\/www.meydan.tv\/az\/article\/milli-sura-mayin-17-ne-mitinq-teyin-etdi\/\" \/>\n<meta property=\"og:site_name\" content=\"MEYDAN.TV\" \/>\n<meta property=\"article:published_time\" content=\"2015-05-07T23:40:19+00:00\" \/>\n<meta property=\"og:image\" content=\"https:\/\/www.meydan.tv\/wp-content\/uploads\/8684.jpg\" \/>\n\t<meta property=\"og:image:width\" content=\"492\" \/>\n\t<meta property=\"og:image:height\" content=\"300\" \/>\n\t<meta property=\"og:image:type\" content=\"image\/jpeg\" \/>\n<meta name=\"twitter:card\" content=\"summary_large_image\" \/>\n<!-- \/ Yoast SEO plugin. -->","yoast_head_json":{"title":"Milli \u015eura may\u0131n 17- n\u0259 mitinq t\u0259yin etdi - MEYDAN.TV","robots":{"index":"index","follow":"follow","max-snippet":"max-snippet:-1","max-image-preview":"max-image-preview:large","max-video-preview":"max-video-preview:-1"},"canonical":"https:\/\/www.meydan.tv\/az\/article\/milli-sura-mayin-17-ne-mitinq-teyin-etdi\/","og_locale":"az_AZ","og_type":"article","og_title":"Milli \u015eura may\u0131n 17- n\u0259 mitinq t\u0259yin etdi - MEYDAN.TV","og_description":"\u015eura siyasi m\u0259hbus problemin\u0259 dair ictimai dinl\u0259m\u0259nin ke\u00e7irilm\u0259si haqda q\u0259rar q\u0259bul edib","og_url":"https:\/\/www.meydan.tv\/az\/article\/milli-sura-mayin-17-ne-mitinq-teyin-etdi\/","og_site_name":"MEYDAN.TV","article_published_time":"2015-05-07T23:40:19+00:00","og_image":[{"width":492,"height":300,"url":"https:\/\/www.meydan.tv\/wp-content\/uploads\/8684.jpg","type":"image\/jpeg"}],"twitter_card":"summary_large_image","schema":{"@context":"https:\/\/schema.org","@graph":[{"@type":"Article","@id":"https:\/\/www.meydan.tv\/az\/article\/milli-sura-mayin-17-ne-mitinq-teyin-etdi\/#article","isPartOf":{"@id":"https:\/\/www.meydan.tv\/az\/article\/milli-sura-mayin-17-ne-mitinq-teyin-etdi\/"},"author":{"name":"user-manager","@id":"https:\/\/www.meydan.tv\/az\/#\/schema\/person\/10d11eccf6da3662cf5fdab9806ea91a"},"headline":"Milli \u015eura may\u0131n 17- n\u0259 mitinq t\u0259yin etdi","datePublished":"2015-05-07T23:40:19+00:00","mainEntityOfPage":{"@id":"https:\/\/www.meydan.tv\/az\/article\/milli-sura-mayin-17-ne-mitinq-teyin-etdi\/"},"wordCount":512,"publisher":{"@id":"https:\/\/www.meydan.tv\/az\/#organization"},"image":{"@id":"https:\/\/www.meydan.tv\/az\/article\/milli-sura-mayin-17-ne-mitinq-teyin-etdi\/#primaryimage"},"thumbnailUrl":"https:\/\/www.meydan.tv\/wp-content\/uploads\/8684.jpg","articleSection":["X\u0259b\u0259rl\u0259r"],"inLanguage":"az"},{"@type":"WebPage","@id":"https:\/\/www.meydan.tv\/az\/article\/milli-sura-mayin-17-ne-mitinq-teyin-etdi\/","url":"https:\/\/www.meydan.tv\/az\/article\/milli-sura-mayin-17-ne-mitinq-teyin-etdi\/","name":"Milli \u015eura may\u0131n 17- n\u0259 mitinq t\u0259yin etdi - MEYDAN.TV","isPartOf":{"@id":"https:\/\/www.meydan.tv\/az\/#website"},"primaryImageOfPage":{"@id":"https:\/\/www.meydan.tv\/az\/article\/milli-sura-mayin-17-ne-mitinq-teyin-etdi\/#primaryimage"},"image":{"@id":"https:\/\/www.meydan.tv\/az\/article\/milli-sura-mayin-17-ne-mitinq-teyin-etdi\/#primaryimage"},"thumbnailUrl":"https:\/\/www.meydan.tv\/wp-content\/uploads\/8684.jpg","datePublished":"2015-05-07T23:40:19+00:00","breadcrumb":{"@id":"https:\/\/www.meydan.tv\/az\/article\/milli-sura-mayin-17-ne-mitinq-teyin-etdi\/#breadcrumb"},"inLanguage":"az","potentialAction":[{"@type":"ReadAction","target":["https:\/\/www.meydan.tv\/az\/article\/milli-sura-mayin-17-ne-mitinq-teyin-etdi\/"]}]},{"@type":"ImageObject","inLanguage":"az","@id":"https:\/\/www.meydan.tv\/az\/article\/milli-sura-mayin-17-ne-mitinq-teyin-etdi\/#primaryimage","url":"https:\/\/www.meydan.tv\/wp-content\/uploads\/8684.jpg","contentUrl":"https:\/\/www.meydan.tv\/wp-content\/uploads\/8684.jpg","width":492,"height":300,"caption":"Source:"},{"@type":"BreadcrumbList","@id":"https:\/\/www.meydan.tv\/az\/article\/milli-sura-mayin-17-ne-mitinq-teyin-etdi\/#breadcrumb","itemListElement":[{"@type":"ListItem","position":1,"name":"Ana s\u0259hif\u0259","item":"https:\/\/www.meydan.tv\/az\/"},{"@type":"ListItem","position":2,"name":"X\u0259b\u0259rl\u0259r","item":"https:\/\/www.meydan.tv\/az\/section\/xeberler\/"},{"@type":"ListItem","position":3,"name":"Milli \u015eura may\u0131n 17- n\u0259 mitinq t\u0259yin etdi"}]},{"@type":"WebSite","@id":"https:\/\/www.meydan.tv\/az\/#website","url":"https:\/\/www.meydan.tv\/az\/","name":"MEYDAN.TV","description":"Meydan TV Az\u0259rbaycan\u0131n media m\u0259kan\u0131ndak\u0131 alternativ s\u0259sidir","publisher":{"@id":"https:\/\/www.meydan.tv\/az\/#organization"},"potentialAction":[{"@type":"SearchAction","target":{"@type":"EntryPoint","urlTemplate":"https:\/\/www.meydan.tv\/az\/?s={search_term_string}"},"query-input":{"@type":"PropertyValueSpecification","valueRequired":true,"valueName":"search_term_string"}}],"inLanguage":"az"},{"@type":"Organization","@id":"https:\/\/www.meydan.tv\/az\/#organization","name":"Meydan TV","url":"https:\/\/www.meydan.tv\/az\/","logo":{"@type":"ImageObject","inLanguage":"az","@id":"https:\/\/www.meydan.tv\/az\/#\/schema\/logo\/image\/","url":"https:\/\/www.meydan.tv\/wp-content\/uploads\/2021\/07\/meydan-logo.svg","contentUrl":"https:\/\/www.meydan.tv\/wp-content\/uploads\/2021\/07\/meydan-logo.svg","width":195,"height":46,"caption":"Meydan TV"},"image":{"@id":"https:\/\/www.meydan.tv\/az\/#\/schema\/logo\/image\/"}},{"@type":"Person","@id":"https:\/\/www.meydan.tv\/az\/#\/schema\/person\/10d11eccf6da3662cf5fdab9806ea91a","name":"user-manager"}]}},"_links":{"self":[{"href":"https:\/\/www.meydan.tv\/az\/wp-json\/wp\/v2\/posts\/167824","targetHints":{"allow":["GET"]}}],"collection":[{"href":"https:\/\/www.meydan.tv\/az\/wp-json\/wp\/v2\/posts"}],"about":[{"href":"https:\/\/www.meydan.tv\/az\/wp-json\/wp\/v2\/types\/post"}],"author":[{"embeddable":true,"href":"https:\/\/www.meydan.tv\/az\/wp-json\/wp\/v2\/users\/11"}],"replies":[{"embeddable":true,"href":"https:\/\/www.meydan.tv\/az\/wp-json\/wp\/v2\/comments?post=167824"}],"version-history":[{"count":0,"href":"https:\/\/www.meydan.tv\/az\/wp-json\/wp\/v2\/posts\/167824\/revisions"}],"wp:featuredmedia":[{"embeddable":true,"href":"https:\/\/www.meydan.tv\/az\/wp-json\/wp\/v2\/media\/23888"}],"wp:attachment":[{"href":"https:\/\/www.meydan.tv\/az\/wp-json\/wp\/v2\/media?parent=167824"}],"wp:term":[{"taxonomy":"category","embeddable":true,"href":"https:\/\/www.meydan.tv\/az\/wp-json\/wp\/v2\/categories?post=167824"},{"taxonomy":"post_tag","embeddable":true,"href":"https:\/\/www.meydan.tv\/az\/wp-json\/wp\/v2\/tags?post=167824"}],"curies":[{"name":"wp","href":"https:\/\/api.w.org\/{rel}","templated":true}]}}