{"id":167822,"date":"2015-05-07T20:14:13","date_gmt":"2015-05-07T20:14:13","guid":{"rendered":"https:\/\/www.meydan.tv\/article\/cebheci-gencin-atasi-ogluyla-goruse-bilmeyib\/"},"modified":"2015-05-07T20:14:13","modified_gmt":"2015-05-07T20:14:13","slug":"cebheci-gencin-atasi-ogluyla-goruse-bilmeyib","status":"publish","type":"post","link":"https:\/\/www.meydan.tv\/az\/article\/cebheci-gencin-atasi-ogluyla-goruse-bilmeyib\/","title":{"rendered":"C\u0259bh\u0259\u00e7i g\u0259ncin atas\u0131 o\u011fluyla g\u00f6r\u00fc\u015f\u0259 bilm\u0259yib"},"content":{"rendered":"<figure class=\"wp-block-image size-large\">\n  <img decoding=\"async\" src=\"https:\/\/www.meydan.tv\/az\/23877\/\" alt=\"\" class=\"wp-image-23877\"\/><figcaption><\/figcaption><\/figure>\n<figure class=\"wp-block-image size-large\">\n  <img decoding=\"async\" src=\"https:\/\/www.meydan.tv\/az\/23877\/\" alt=\"\" class=\"wp-image-23877\"\/><figcaption><\/figcaption><\/figure>\n<p>\n  <i><br \/>\n    &#8220;M\u0259n\u0259 deyirl\u0259r ki, o\u011flun x\u0259ta t\u00f6r\u0259dib, amma n\u0259 x\u0259tas\u0131 t\u00f6r\u0259dib, onu a\u00e7\u0131qlam\u0131rlar&#8221;<br \/>\n  <\/i>\n<\/p>\n<p>\n  Bir h\u0259ft\u0259d\u0259n art\u0131qd\u0131r AXCP f\u0259al\u0131 Fuad \u018fhm\u0259dliin hans\u0131 s\u0259b\u0259bd\u0259n saxland\u0131\u011f\u0131 bar\u0259d\u0259 a\u00e7\u0131qlama verilmir. G\u0259ncin atas\u0131 Z\u0259f\u0259r \u018fhm\u0259dov may\u0131n 7-d\u0259 D\u0130N-in M\u00fct\u0259\u015f\u0259kkil Cinay\u0259tkarl\u0131\u011fa Qar\u015f\u0131 M\u00fcbariz\u0259 \u0130dar\u0259sind\u0259 olub.\n<\/p>\n<p>\n  Z\u0259f\u0259r \u018fhm\u0259dovu Meydan TV-y\u0259 bildirib ki, o\u011flu il\u0259 g\u00f6r\u00fc\u015f\u0259 bilm\u0259yib, yaln\u0131z yem\u0259yini q\u0259bul edibl\u0259r.\n<\/p>\n<p>\n  Z\u0259f\u0259r \u018fhm\u0259dli o\u011flu il\u0259 ba\u011fl\u0131 konkret m\u0259lumat da ala bilm\u0259yib. &#8220;Birinci sual\u0131m odur ki, o\u011flum n\u0259y\u0259 g\u00f6r\u0259 saxlan\u0131l\u0131b v\u0259 m\u0259hz bu idar\u0259y\u0259 g\u0259tirilib. M\u0259n\u0259 m\u0259hk\u0259m\u0259nin o\u011flum haqq\u0131nda 25 sutka azadl\u0131qdan m\u0259hrumetm\u0259 q\u0259rar\u0131n\u0131n oldu\u011funu deyirl\u0259r. Ancaq hans\u0131 rayon m\u0259hk\u0259m\u0259sinin v\u0259 n\u0259y\u0259 g\u00f6r\u0259 c\u0259za verildiyini demirl\u0259r. \u018fg\u0259r o\u011flumu polis saxlay\u0131bsa, patrul xidm\u0259ti aparmal\u0131yd\u0131. M\u00fct\u0259\u015f\u0259kkil Cinay\u0259tkarl\u0131\u011fa Qar\u015f\u0131 M\u00fcbariz\u0259 \u0130dar\u0259sinin bu m\u0259s\u0259l\u0259y\u0259 m\u00fcdaxil\u0259si anla\u015f\u0131lmazd\u0131r&#8221;.\n<\/p>\n<p>\n  O, o\u011flunun 3 may mitinqind\u0259n bir ne\u00e7\u0259 g\u00fcn \u0259vv\u0259l saxlan\u0131ld\u0131\u011f\u0131n\u0131, ancaq aksiyan\u0131n ke\u00e7irilm\u0259diyini d\u0259 xat\u0131rlad\u0131b: &#8220;\u018fg\u0259r mitinq\u0259 g\u00f6r\u0259 saxlan\u0131l\u0131bsa, mitinq\u0259 icaz\u0259 verilmi\u015fdi, sad\u0259c\u0259, partiya vaxt\u0131n d\u0259yi\u015fdirildiyi \u00fc\u00e7\u00fcn t\u0259xir\u0259 sald\u0131: &#8220;M\u0259n\u0259 deyirl\u0259r ki, o\u011flun x\u0259ta t\u00f6r\u0259dib, amma n\u0259 x\u0259tas\u0131 t\u00f6r\u0259dib, onu a\u00e7\u0131qlam\u0131rlar&#8221;.\n<\/p><\/p>\n","protected":false},"excerpt":{"rendered":"<p>&#8220;M\u0259n\u0259 deyirl\u0259r ki, o\u011flun x\u0259ta t\u00f6r\u0259dib, amma n\u0259 x\u0259tas\u0131 t\u00f6r\u0259dib, onu a\u00e7\u0131qlam\u0131rlar&#8221;<\/p>\n","protected":false},"author":11,"featured_media":23877,"comment_status":"closed","ping_status":"open","sticky":false,"template":"","format":"standard","meta":{"_acf_changed":false,"_sitemap_exclude":false,"_sitemap_priority":"","_sitemap_frequency":"","footnotes":""},"categories":[56],"tags":[],"class_list":["post-167822","post","type-post","status-publish","format-standard","has-post-thumbnail","hentry","category-xeberler","infinite-scroll-item","generate-columns","tablet-grid-50","mobile-grid-100","grid-parent","grid-33","no-featured-image-padding"],"acf":[],"yoast_head":"<!-- This site is optimized with the Yoast SEO plugin v28.4 - https:\/\/yoast.com\/product\/yoast-seo-wordpress\/ -->\n<title>C\u0259bh\u0259\u00e7i g\u0259ncin atas\u0131 o\u011fluyla g\u00f6r\u00fc\u015f\u0259 bilm\u0259yib - MEYDAN.TV<\/title>\n<meta name=\"robots\" content=\"index, follow, max-snippet:-1, max-image-preview:large, max-video-preview:-1\" \/>\n<link rel=\"canonical\" href=\"https:\/\/www.meydan.tv\/az\/article\/cebheci-gencin-atasi-ogluyla-goruse-bilmeyib\/\" \/>\n<meta property=\"og:locale\" content=\"az_AZ\" \/>\n<meta property=\"og:type\" content=\"article\" \/>\n<meta property=\"og:title\" content=\"C\u0259bh\u0259\u00e7i g\u0259ncin atas\u0131 o\u011fluyla g\u00f6r\u00fc\u015f\u0259 bilm\u0259yib - MEYDAN.TV\" \/>\n<meta property=\"og:description\" content=\"&quot;M\u0259n\u0259 deyirl\u0259r ki, o\u011flun x\u0259ta t\u00f6r\u0259dib, amma n\u0259 x\u0259tas\u0131 t\u00f6r\u0259dib, onu a\u00e7\u0131qlam\u0131rlar&quot;\" \/>\n<meta property=\"og:url\" content=\"https:\/\/www.meydan.tv\/az\/article\/cebheci-gencin-atasi-ogluyla-goruse-bilmeyib\/\" \/>\n<meta property=\"og:site_name\" content=\"MEYDAN.TV\" \/>\n<meta property=\"article:published_time\" content=\"2015-05-07T20:14:13+00:00\" \/>\n<meta property=\"og:image\" content=\"https:\/\/www.meydan.tv\/wp-content\/uploads\/8683.jpg\" \/>\n\t<meta property=\"og:image:width\" content=\"304\" \/>\n\t<meta property=\"og:image:height\" content=\"300\" \/>\n\t<meta property=\"og:image:type\" content=\"image\/jpeg\" \/>\n<meta name=\"twitter:card\" content=\"summary_large_image\" \/>\n<!-- \/ Yoast SEO plugin. -->","yoast_head_json":{"title":"C\u0259bh\u0259\u00e7i g\u0259ncin atas\u0131 o\u011fluyla g\u00f6r\u00fc\u015f\u0259 bilm\u0259yib - MEYDAN.TV","robots":{"index":"index","follow":"follow","max-snippet":"max-snippet:-1","max-image-preview":"max-image-preview:large","max-video-preview":"max-video-preview:-1"},"canonical":"https:\/\/www.meydan.tv\/az\/article\/cebheci-gencin-atasi-ogluyla-goruse-bilmeyib\/","og_locale":"az_AZ","og_type":"article","og_title":"C\u0259bh\u0259\u00e7i g\u0259ncin atas\u0131 o\u011fluyla g\u00f6r\u00fc\u015f\u0259 bilm\u0259yib - MEYDAN.TV","og_description":"\"M\u0259n\u0259 deyirl\u0259r ki, o\u011flun x\u0259ta t\u00f6r\u0259dib, amma n\u0259 x\u0259tas\u0131 t\u00f6r\u0259dib, onu a\u00e7\u0131qlam\u0131rlar\"","og_url":"https:\/\/www.meydan.tv\/az\/article\/cebheci-gencin-atasi-ogluyla-goruse-bilmeyib\/","og_site_name":"MEYDAN.TV","article_published_time":"2015-05-07T20:14:13+00:00","og_image":[{"width":304,"height":300,"url":"https:\/\/www.meydan.tv\/wp-content\/uploads\/8683.jpg","type":"image\/jpeg"}],"twitter_card":"summary_large_image","schema":{"@context":"https:\/\/schema.org","@graph":[{"@type":"Article","@id":"https:\/\/www.meydan.tv\/az\/article\/cebheci-gencin-atasi-ogluyla-goruse-bilmeyib\/#article","isPartOf":{"@id":"https:\/\/www.meydan.tv\/az\/article\/cebheci-gencin-atasi-ogluyla-goruse-bilmeyib\/"},"author":{"name":"user-manager","@id":"https:\/\/www.meydan.tv\/az\/#\/schema\/person\/10d11eccf6da3662cf5fdab9806ea91a"},"headline":"C\u0259bh\u0259\u00e7i g\u0259ncin atas\u0131 o\u011fluyla g\u00f6r\u00fc\u015f\u0259 bilm\u0259yib","datePublished":"2015-05-07T20:14:13+00:00","mainEntityOfPage":{"@id":"https:\/\/www.meydan.tv\/az\/article\/cebheci-gencin-atasi-ogluyla-goruse-bilmeyib\/"},"wordCount":294,"publisher":{"@id":"https:\/\/www.meydan.tv\/az\/#organization"},"image":{"@id":"https:\/\/www.meydan.tv\/az\/article\/cebheci-gencin-atasi-ogluyla-goruse-bilmeyib\/#primaryimage"},"thumbnailUrl":"https:\/\/www.meydan.tv\/wp-content\/uploads\/8683.jpg","articleSection":["X\u0259b\u0259rl\u0259r"],"inLanguage":"az"},{"@type":"WebPage","@id":"https:\/\/www.meydan.tv\/az\/article\/cebheci-gencin-atasi-ogluyla-goruse-bilmeyib\/","url":"https:\/\/www.meydan.tv\/az\/article\/cebheci-gencin-atasi-ogluyla-goruse-bilmeyib\/","name":"C\u0259bh\u0259\u00e7i g\u0259ncin atas\u0131 o\u011fluyla g\u00f6r\u00fc\u015f\u0259 bilm\u0259yib - MEYDAN.TV","isPartOf":{"@id":"https:\/\/www.meydan.tv\/az\/#website"},"primaryImageOfPage":{"@id":"https:\/\/www.meydan.tv\/az\/article\/cebheci-gencin-atasi-ogluyla-goruse-bilmeyib\/#primaryimage"},"image":{"@id":"https:\/\/www.meydan.tv\/az\/article\/cebheci-gencin-atasi-ogluyla-goruse-bilmeyib\/#primaryimage"},"thumbnailUrl":"https:\/\/www.meydan.tv\/wp-content\/uploads\/8683.jpg","datePublished":"2015-05-07T20:14:13+00:00","breadcrumb":{"@id":"https:\/\/www.meydan.tv\/az\/article\/cebheci-gencin-atasi-ogluyla-goruse-bilmeyib\/#breadcrumb"},"inLanguage":"az","potentialAction":[{"@type":"ReadAction","target":["https:\/\/www.meydan.tv\/az\/article\/cebheci-gencin-atasi-ogluyla-goruse-bilmeyib\/"]}]},{"@type":"ImageObject","inLanguage":"az","@id":"https:\/\/www.meydan.tv\/az\/article\/cebheci-gencin-atasi-ogluyla-goruse-bilmeyib\/#primaryimage","url":"https:\/\/www.meydan.tv\/wp-content\/uploads\/8683.jpg","contentUrl":"https:\/\/www.meydan.tv\/wp-content\/uploads\/8683.jpg","width":304,"height":300,"caption":"Source:"},{"@type":"BreadcrumbList","@id":"https:\/\/www.meydan.tv\/az\/article\/cebheci-gencin-atasi-ogluyla-goruse-bilmeyib\/#breadcrumb","itemListElement":[{"@type":"ListItem","position":1,"name":"Ana s\u0259hif\u0259","item":"https:\/\/www.meydan.tv\/az\/"},{"@type":"ListItem","position":2,"name":"X\u0259b\u0259rl\u0259r","item":"https:\/\/www.meydan.tv\/az\/section\/xeberler\/"},{"@type":"ListItem","position":3,"name":"C\u0259bh\u0259\u00e7i g\u0259ncin atas\u0131 o\u011fluyla g\u00f6r\u00fc\u015f\u0259 bilm\u0259yib"}]},{"@type":"WebSite","@id":"https:\/\/www.meydan.tv\/az\/#website","url":"https:\/\/www.meydan.tv\/az\/","name":"MEYDAN.TV","description":"Meydan TV Az\u0259rbaycan\u0131n media m\u0259kan\u0131ndak\u0131 alternativ s\u0259sidir","publisher":{"@id":"https:\/\/www.meydan.tv\/az\/#organization"},"potentialAction":[{"@type":"SearchAction","target":{"@type":"EntryPoint","urlTemplate":"https:\/\/www.meydan.tv\/az\/?s={search_term_string}"},"query-input":{"@type":"PropertyValueSpecification","valueRequired":true,"valueName":"search_term_string"}}],"inLanguage":"az"},{"@type":"Organization","@id":"https:\/\/www.meydan.tv\/az\/#organization","name":"Meydan TV","url":"https:\/\/www.meydan.tv\/az\/","logo":{"@type":"ImageObject","inLanguage":"az","@id":"https:\/\/www.meydan.tv\/az\/#\/schema\/logo\/image\/","url":"https:\/\/www.meydan.tv\/wp-content\/uploads\/2021\/07\/meydan-logo.svg","contentUrl":"https:\/\/www.meydan.tv\/wp-content\/uploads\/2021\/07\/meydan-logo.svg","width":195,"height":46,"caption":"Meydan TV"},"image":{"@id":"https:\/\/www.meydan.tv\/az\/#\/schema\/logo\/image\/"}},{"@type":"Person","@id":"https:\/\/www.meydan.tv\/az\/#\/schema\/person\/10d11eccf6da3662cf5fdab9806ea91a","name":"user-manager"}]}},"_links":{"self":[{"href":"https:\/\/www.meydan.tv\/az\/wp-json\/wp\/v2\/posts\/167822","targetHints":{"allow":["GET"]}}],"collection":[{"href":"https:\/\/www.meydan.tv\/az\/wp-json\/wp\/v2\/posts"}],"about":[{"href":"https:\/\/www.meydan.tv\/az\/wp-json\/wp\/v2\/types\/post"}],"author":[{"embeddable":true,"href":"https:\/\/www.meydan.tv\/az\/wp-json\/wp\/v2\/users\/11"}],"replies":[{"embeddable":true,"href":"https:\/\/www.meydan.tv\/az\/wp-json\/wp\/v2\/comments?post=167822"}],"version-history":[{"count":0,"href":"https:\/\/www.meydan.tv\/az\/wp-json\/wp\/v2\/posts\/167822\/revisions"}],"wp:featuredmedia":[{"embeddable":true,"href":"https:\/\/www.meydan.tv\/az\/wp-json\/wp\/v2\/media\/23877"}],"wp:attachment":[{"href":"https:\/\/www.meydan.tv\/az\/wp-json\/wp\/v2\/media?parent=167822"}],"wp:term":[{"taxonomy":"category","embeddable":true,"href":"https:\/\/www.meydan.tv\/az\/wp-json\/wp\/v2\/categories?post=167822"},{"taxonomy":"post_tag","embeddable":true,"href":"https:\/\/www.meydan.tv\/az\/wp-json\/wp\/v2\/tags?post=167822"}],"curies":[{"name":"wp","href":"https:\/\/api.w.org\/{rel}","templated":true}]}}