{"id":167821,"date":"2015-05-07T19:02:59","date_gmt":"2015-05-07T19:02:59","guid":{"rendered":"https:\/\/www.meydan.tv\/article\/kerri-ve-obamaya-sexsi-hucum-tehlukelidir\/"},"modified":"2015-05-07T19:02:59","modified_gmt":"2015-05-07T19:02:59","slug":"kerri-ve-obamaya-sexsi-hucum-tehlukelidir","status":"publish","type":"post","link":"https:\/\/www.meydan.tv\/az\/article\/kerri-ve-obamaya-sexsi-hucum-tehlukelidir\/","title":{"rendered":"&#8220;Kerri v\u0259 Obamaya \u015f\u0259xsi h\u00fccum t\u0259hl\u00fck\u0259lidir&#8221;"},"content":{"rendered":"<figure class=\"wp-block-image size-large\">\n  <img decoding=\"async\" src=\"https:\/\/www.meydan.tv\/az\/23874\/\" alt=\"\" class=\"wp-image-23874\"\/><figcaption><\/figcaption><\/figure>\n<figure class=\"wp-block-image size-large\">\n  <img decoding=\"async\" src=\"https:\/\/www.meydan.tv\/az\/23874\/\" alt=\"\" class=\"wp-image-23874\"\/><figcaption><\/figcaption><\/figure>\n<p>\n  <i><br \/>\n    Ri\u00e7ard Kozlari\u00e7: &#8220;Az\u0259rbaycan neftin istehsal\u0131 v\u0259 ixrac\u0131 istiqam\u0259tind\u0259 u\u011furu nec\u0259 qazand\u0131? Bu, birc\u0259 yolla m\u00fcmk\u00fcn oldu &#8211; AB\u015e-\u0131n g\u00fccl\u00fc siyasi d\u0259st\u0259yi n\u0259tic\u0259sind\u0259&#8221;<br \/>\n  <\/i>\n<\/p>\n<p>\n  AB\u015e-\u0131n Az\u0259rbaycandak\u0131 ke\u00e7mi\u015f s\u0259firi (1994-1997)<br \/>\n  <i><br \/>\n    Ri\u00e7ard Kozlari\u00e7<br \/>\n  <\/i><br \/>\n  \u00a0(<br \/>\n  <i><br \/>\n    Richard Kauzlarich<br \/>\n  <\/i><br \/>\n  ) Azadl\u0131q Radiosuna m\u00fcsahib\u0259 verib.\n<\/p>\n<p>\n  <b><br \/>\n    <i><br \/>\n      &#8211; C\u0259nab Kozlari\u00e7, bilirsiniz ki, son aylar Az\u0259rbaycan\u0131n h\u00f6kum\u0259t r\u0259smil\u0259ri AB\u015e-\u0131 k\u0259skin t\u0259nqid edir, bu \u00f6lk\u0259ni Az\u0259rbaycanda inqilab haz\u0131rlamaqda ittiham edir. Hakimiyy\u0259ty\u00f6n\u00fcml\u00fc media AB\u015e prezidenti Barack Obama v\u0259 d\u00f6vl\u0259t katibi John Kerry-ni h\u0259d\u0259f\u0259 al\u0131b. John Kerry h\u0259m d\u0259 erm\u0259nip\u0259r\u0259st olmaqda ittiham edilir. Sizin h\u0259r iki h\u00f6kum\u0259t r\u0259smil\u0259ri il\u0259 i\u015f t\u0259cr\u00fcb\u0259nizi n\u0259z\u0259r\u0259 alaraq soru\u015fmaq ist\u0259rdik ki, bu ritorika d\u00f6vl\u0259tl\u0259raras\u0131 m\u00fcnasib\u0259tl\u0259r \u00fc\u00e7\u00fcn n\u0259 d\u0259r\u0259c\u0259d\u0259 real problem yarada bil\u0259r?<br \/>\n    <\/i><br \/>\n  <\/b>\n<\/p>\n<p>\n  &#8211; M\u0259nc\u0259, bu, AB\u015e-a qar\u015f\u0131 h\u00fccumlar\u0131n davam\u0131d\u0131r. Bu h\u00fccumlar ke\u00e7\u0259n ilin dekabr\u0131nda Ramiz Mehdiyev AB\u015e \u0259leyhin\u0259 m\u0259qal\u0259sini yazanda daha ayd\u0131n bir m\u0259qama \u00e7atm\u0131\u015fd\u0131. Son t\u0259nqidl\u0259r is\u0259 daha k\u0259skindir, \u00e7\u00fcnki AB\u015e prezidenti v\u0259 x\u00fcsusil\u0259 d\u0259 d\u00f6vl\u0259t katibi Con Kerrini h\u0259d\u0259f\u0259 al\u0131b. Hans\u0131sa m\u0259s\u0259l\u0259 il\u0259 ba\u011fl\u0131 fikir ayr\u0131l\u0131qlar\u0131n\u0131n olmas\u0131 bir m\u0259s\u0259l\u0259dir, ba\u015fqa bir h\u00f6kum\u0259td\u0259 \u0259sas siyas\u0259ti m\u00fc\u0259yy\u0259n ed\u0259n adamlara \u015f\u0259xsi s\u0259viyy\u0259d\u0259 h\u00fccum etm\u0259k ba\u015fqa m\u0259s\u0259l\u0259. M\u0259nc\u0259, bu, \u00e7ox narahatedici, k\u0259d\u0259rli v\u0259 t\u0259hl\u00fck\u0259li bir inki\u015fafd\u0131r.\n<\/p>\n<p>\n  <b><br \/>\n    <i><br \/>\n      &#8211; B\u0259s sizc\u0259, b\u00fct\u00fcn bunlar iki \u00f6lk\u0259 aras\u0131nda m\u00fcnasib\u0259tl\u0259ri pisl\u0259\u015fdir\u0259 bil\u0259rmi? Bu h\u00fccumlar A\u011f evd\u0259 nec\u0259 qar\u015f\u0131lan\u0131r?<br \/>\n    <\/i><br \/>\n  <\/b>\n<\/p>\n<p>\n  &#8211; M\u0259n AB\u015e prezidentinin v\u0259 ya Con Kerrinin bu haqda n\u0259 d\u00fc\u015f\u00fcnd\u00fcy\u00fcn\u00fc dey\u0259 bilm\u0259r\u0259m. Onlar\u0131n h\u0259r ikisi m\u0259\u015f\u011ful adamlard\u0131r, \u00e7oxlu i\u015fl\u0259ri var. D\u00f6vl\u0259t Departamentini s\u00f6z\u00e7\u00fcl\u0259ri m\u0259s\u0259l\u0259 il\u0259 ba\u011fl\u0131 kifay\u0259t q\u0259d\u0259r ayd\u0131n \u015f\u0259kild\u0259 m\u00f6vqel\u0259rini a\u00e7\u0131qlay\u0131blar. Amma biz AB\u015e m\u0259tbuat\u0131nda Az\u0259rbaycan r\u0259smil\u0259rinin ad\u0131ndan \u00e7\u0131xan yaz\u0131larda iki \u00f6lk\u0259 aras\u0131nda strateji \u0259m\u0259kda\u015fl\u0131q haqq\u0131nda oxuyuruq. AB\u015e liderl\u0259rin\u0259 qar\u015f\u0131 bel\u0259 arzuolunmaz h\u00fccumlardan sonra bu yaz\u0131lar\u0131 d\u0259y\u0259rli q\u0259bul etm\u0259k \u00e7\u0259tindir. \u0130ndiki yana\u015fma m\u0259hsuldar deyil v\u0259 bel\u0259 yana\u015fma m\u00fcnasib\u0259tl\u0259rin yax\u015f\u0131la\u015fd\u0131r\u0131lmas\u0131na aparmayacaq. AB\u015e-la 20 illik diplomatik m\u00fcnasib\u0259tl\u0259rd\u0259n sonra Az\u0259rbaycan h\u00f6kum\u0259ti iki \u00f6lk\u0259nin hans\u0131 d\u0259y\u0259rl\u0259r \u0259sas\u0131nda m\u00fcnasib\u0259t quraca\u011f\u0131n\u0131 m\u00fc\u0259yy\u0259nl\u0259\u015fdirm\u0259yibs\u0259, bu, yax\u015f\u0131 bir \u015fey\u0259 i\u015far\u0259 deyil.\n<\/p>\n<p>\n  <b><br \/>\n    <i><br \/>\n      &#8211; Bir m\u00fcdd\u0259t \u0259vv\u0259l politoloq Z\u0259rd\u00fc\u015ft \u018flizad\u0259 Azadl\u0131qRadiosuna m\u00fcsahib\u0259sind\u0259 demi\u015fdi ki, AB\u015e-la Az\u0259rbaycan aras\u0131nda real siyasi m\u00fcnasib\u0259tl\u0259r \u00e7ox yax\u015f\u0131d\u0131r- neft ax\u0131r, qaz ax\u0131r. S\u00f6z h\u00fccumlar\u0131 is\u0259 yaln\u0131z Az\u0259rbaycanda daxili auditoriyaya hesablan\u0131b v\u0259 h\u00f6kum\u0259tin h\u0259tta AB\u015e-a meydan oxuyacaq q\u0259d\u0259r g\u00fccl\u00fc oldu\u011funu g\u00f6st\u0259rm\u0259k m\u0259qs\u0259di da\u015f\u0131y\u0131r.<br \/>\n    <\/i><br \/>\n  <\/b>\n<\/p>\n<p>\n  -\u018fmin\u0259m ki, m\u0259tbuatda yaz\u0131lanlar\u0131n b\u00f6y\u00fck hiss\u0259si Az\u0259rbaycan xalq\u0131na \u00fcnvanlan\u0131b. \u015e\u0259rh\u00e7i haql\u0131d\u0131r- g\u00f6st\u0259rm\u0259k ist\u0259yir ki, bax\u0131n Az\u0259rbaycan h\u00f6kum\u0259ti nec\u0259 g\u00fccl\u00fcd\u00fcr. Amma onlar anlamal\u0131d\u0131rlar ki, bu yaz\u0131lar\u0131 oxuyan yaln\u0131z Az\u0259rbaycan xalq\u0131 deyil, bu yaz\u0131lar\u0131 AB\u015e-da da oxuyurlar v\u0259 yaz\u0131lanlar AB\u015e-dan f\u0259rqli g\u00f6r\u00fcn\u00fcr. Enerjiy\u0259 g\u0259ldikd\u0259 is\u0259, burda bir az amneziya (unutqanl\u0131q) \u0259lam\u0259tl\u0259ri var. Az\u0259rbaycan neftin istehsal\u0131 v\u0259 ixrac\u0131 istiqam\u0259tind\u0259 u\u011furu nec\u0259 qazand\u0131? Bu, birc\u0259 yolla m\u00fcmk\u00fcn oldu &#8211; AB\u015e-\u0131n g\u00fccl\u00fc siyasi d\u0259st\u0259yi n\u0259tic\u0259sind\u0259. Az\u0259rbaycan \u00fc\u00e7\u00fcn bu, enerji resurslar\u0131n\u0131n inki\u015faf\u0131 idi. \u0130ndi enerji bazar\u0131 kifay\u0259t q\u0259d\u0259r d\u0259yi\u015fib. Az\u0259rbaycan\u0131n enerji resurslar\u0131 vacibdir, amma 1994-c\u00fc ild\u0259ki q\u0259d\u0259r yox. AB\u015e-da v\u0259 \u015eimali Amerikada enerji istehsal\u0131 il\u0259 ba\u011fl\u0131 ba\u015f ver\u0259nl\u0259r haqda yaz\u0131lanlar\u0131 oxumaq laz\u0131md\u0131r, d\u00fcnyan\u0131n enerji m\u0259nz\u0259r\u0259si d\u0259yi\u015fib. Burda problem var. Bu problem Va\u015finqtonda deyil, Bak\u0131dad\u0131r. Bir qrup adam \u00e7ox vacib m\u0259s\u0259l\u0259l\u0259rd\u0259n diqq\u0259ti yay\u0131nd\u0131rma\u011fa \u00e7al\u0131\u015f\u0131r. Bu probleml\u0259r Az\u0259rbaycan\u0131n iqtisadiyyat\u0131, insan haqlar\u0131n\u0131n bo\u011fulmas\u0131, s\u00f6z azadl\u0131\u011f\u0131n\u0131n v\u0259ziyy\u0259tidir. Onlar bu haqda dan\u0131\u015fmaq ist\u0259mirl\u0259r. Onlar\u0131n ist\u0259dikl\u0259ri d\u00f6vl\u0259t katibinin guya erm\u0259nip\u0259r\u0259st olmas\u0131 v\u0259 ba\u015fqa \u0259sas probleml\u0259r\u0259 aidiyy\u0259ti olmayan m\u0259s\u0259l\u0259l\u0259rd\u0259n dan\u0131\u015fmaqd\u0131r.<\/p>\n","protected":false},"excerpt":{"rendered":"<p>Ri\u00e7ard Kozlari\u00e7: &#8220;Az\u0259rbaycan neftin istehsal\u0131 v\u0259 ixrac\u0131 istiqam\u0259tind\u0259 u\u011furu nec\u0259 qazand\u0131? Bu, birc\u0259 yolla m\u00fcmk\u00fcn oldu &#8211; AB\u015e-\u0131n g\u00fccl\u00fc siyasi d\u0259st\u0259yi n\u0259tic\u0259sind\u0259&#8221;<\/p>\n","protected":false},"author":11,"featured_media":23874,"comment_status":"closed","ping_status":"open","sticky":false,"template":"","format":"standard","meta":{"_acf_changed":false,"_sitemap_exclude":false,"_sitemap_priority":"","_sitemap_frequency":"","footnotes":""},"categories":[56],"tags":[],"class_list":["post-167821","post","type-post","status-publish","format-standard","has-post-thumbnail","hentry","category-xeberler","infinite-scroll-item","generate-columns","tablet-grid-50","mobile-grid-100","grid-parent","grid-33","no-featured-image-padding"],"acf":[],"yoast_head":"<!-- This site is optimized with the Yoast SEO plugin v28.4 - https:\/\/yoast.com\/product\/yoast-seo-wordpress\/ -->\n<title>&quot;Kerri v\u0259 Obamaya \u015f\u0259xsi h\u00fccum t\u0259hl\u00fck\u0259lidir&quot; - MEYDAN.TV<\/title>\n<meta name=\"robots\" content=\"index, follow, max-snippet:-1, max-image-preview:large, max-video-preview:-1\" \/>\n<link rel=\"canonical\" href=\"https:\/\/www.meydan.tv\/az\/article\/kerri-ve-obamaya-sexsi-hucum-tehlukelidir\/\" \/>\n<meta property=\"og:locale\" content=\"az_AZ\" \/>\n<meta property=\"og:type\" content=\"article\" \/>\n<meta property=\"og:title\" content=\"&quot;Kerri v\u0259 Obamaya \u015f\u0259xsi h\u00fccum t\u0259hl\u00fck\u0259lidir&quot; - MEYDAN.TV\" \/>\n<meta property=\"og:description\" content=\"Ri\u00e7ard Kozlari\u00e7: &quot;Az\u0259rbaycan neftin istehsal\u0131 v\u0259 ixrac\u0131 istiqam\u0259tind\u0259 u\u011furu nec\u0259 qazand\u0131? Bu, birc\u0259 yolla m\u00fcmk\u00fcn oldu - AB\u015e-\u0131n g\u00fccl\u00fc siyasi d\u0259st\u0259yi n\u0259tic\u0259sind\u0259&quot;\" \/>\n<meta property=\"og:url\" content=\"https:\/\/www.meydan.tv\/az\/article\/kerri-ve-obamaya-sexsi-hucum-tehlukelidir\/\" \/>\n<meta property=\"og:site_name\" content=\"MEYDAN.TV\" \/>\n<meta property=\"article:published_time\" content=\"2015-05-07T19:02:59+00:00\" \/>\n<meta property=\"og:image\" content=\"https:\/\/www.meydan.tv\/wp-content\/uploads\/8682.jpg\" \/>\n\t<meta property=\"og:image:width\" content=\"641\" \/>\n\t<meta property=\"og:image:height\" content=\"400\" \/>\n\t<meta property=\"og:image:type\" content=\"image\/jpeg\" \/>\n<meta name=\"twitter:card\" content=\"summary_large_image\" \/>\n<!-- \/ Yoast SEO plugin. -->","yoast_head_json":{"title":"\"Kerri v\u0259 Obamaya \u015f\u0259xsi h\u00fccum t\u0259hl\u00fck\u0259lidir\" - MEYDAN.TV","robots":{"index":"index","follow":"follow","max-snippet":"max-snippet:-1","max-image-preview":"max-image-preview:large","max-video-preview":"max-video-preview:-1"},"canonical":"https:\/\/www.meydan.tv\/az\/article\/kerri-ve-obamaya-sexsi-hucum-tehlukelidir\/","og_locale":"az_AZ","og_type":"article","og_title":"\"Kerri v\u0259 Obamaya \u015f\u0259xsi h\u00fccum t\u0259hl\u00fck\u0259lidir\" - MEYDAN.TV","og_description":"Ri\u00e7ard Kozlari\u00e7: \"Az\u0259rbaycan neftin istehsal\u0131 v\u0259 ixrac\u0131 istiqam\u0259tind\u0259 u\u011furu nec\u0259 qazand\u0131? Bu, birc\u0259 yolla m\u00fcmk\u00fcn oldu - AB\u015e-\u0131n g\u00fccl\u00fc siyasi d\u0259st\u0259yi n\u0259tic\u0259sind\u0259\"","og_url":"https:\/\/www.meydan.tv\/az\/article\/kerri-ve-obamaya-sexsi-hucum-tehlukelidir\/","og_site_name":"MEYDAN.TV","article_published_time":"2015-05-07T19:02:59+00:00","og_image":[{"width":641,"height":400,"url":"https:\/\/www.meydan.tv\/wp-content\/uploads\/8682.jpg","type":"image\/jpeg"}],"twitter_card":"summary_large_image","schema":{"@context":"https:\/\/schema.org","@graph":[{"@type":"Article","@id":"https:\/\/www.meydan.tv\/az\/article\/kerri-ve-obamaya-sexsi-hucum-tehlukelidir\/#article","isPartOf":{"@id":"https:\/\/www.meydan.tv\/az\/article\/kerri-ve-obamaya-sexsi-hucum-tehlukelidir\/"},"author":{"name":"user-manager","@id":"https:\/\/www.meydan.tv\/az\/#\/schema\/person\/10d11eccf6da3662cf5fdab9806ea91a"},"headline":"&#8220;Kerri v\u0259 Obamaya \u015f\u0259xsi h\u00fccum t\u0259hl\u00fck\u0259lidir&#8221;","datePublished":"2015-05-07T19:02:59+00:00","mainEntityOfPage":{"@id":"https:\/\/www.meydan.tv\/az\/article\/kerri-ve-obamaya-sexsi-hucum-tehlukelidir\/"},"wordCount":875,"publisher":{"@id":"https:\/\/www.meydan.tv\/az\/#organization"},"image":{"@id":"https:\/\/www.meydan.tv\/az\/article\/kerri-ve-obamaya-sexsi-hucum-tehlukelidir\/#primaryimage"},"thumbnailUrl":"https:\/\/www.meydan.tv\/wp-content\/uploads\/8682.jpg","articleSection":["X\u0259b\u0259rl\u0259r"],"inLanguage":"az"},{"@type":"WebPage","@id":"https:\/\/www.meydan.tv\/az\/article\/kerri-ve-obamaya-sexsi-hucum-tehlukelidir\/","url":"https:\/\/www.meydan.tv\/az\/article\/kerri-ve-obamaya-sexsi-hucum-tehlukelidir\/","name":"\"Kerri v\u0259 Obamaya \u015f\u0259xsi h\u00fccum t\u0259hl\u00fck\u0259lidir\" - MEYDAN.TV","isPartOf":{"@id":"https:\/\/www.meydan.tv\/az\/#website"},"primaryImageOfPage":{"@id":"https:\/\/www.meydan.tv\/az\/article\/kerri-ve-obamaya-sexsi-hucum-tehlukelidir\/#primaryimage"},"image":{"@id":"https:\/\/www.meydan.tv\/az\/article\/kerri-ve-obamaya-sexsi-hucum-tehlukelidir\/#primaryimage"},"thumbnailUrl":"https:\/\/www.meydan.tv\/wp-content\/uploads\/8682.jpg","datePublished":"2015-05-07T19:02:59+00:00","breadcrumb":{"@id":"https:\/\/www.meydan.tv\/az\/article\/kerri-ve-obamaya-sexsi-hucum-tehlukelidir\/#breadcrumb"},"inLanguage":"az","potentialAction":[{"@type":"ReadAction","target":["https:\/\/www.meydan.tv\/az\/article\/kerri-ve-obamaya-sexsi-hucum-tehlukelidir\/"]}]},{"@type":"ImageObject","inLanguage":"az","@id":"https:\/\/www.meydan.tv\/az\/article\/kerri-ve-obamaya-sexsi-hucum-tehlukelidir\/#primaryimage","url":"https:\/\/www.meydan.tv\/wp-content\/uploads\/8682.jpg","contentUrl":"https:\/\/www.meydan.tv\/wp-content\/uploads\/8682.jpg","width":641,"height":400,"caption":"Source:"},{"@type":"BreadcrumbList","@id":"https:\/\/www.meydan.tv\/az\/article\/kerri-ve-obamaya-sexsi-hucum-tehlukelidir\/#breadcrumb","itemListElement":[{"@type":"ListItem","position":1,"name":"Ana s\u0259hif\u0259","item":"https:\/\/www.meydan.tv\/az\/"},{"@type":"ListItem","position":2,"name":"X\u0259b\u0259rl\u0259r","item":"https:\/\/www.meydan.tv\/az\/section\/xeberler\/"},{"@type":"ListItem","position":3,"name":"&#8220;Kerri v\u0259 Obamaya \u015f\u0259xsi h\u00fccum t\u0259hl\u00fck\u0259lidir&#8221;"}]},{"@type":"WebSite","@id":"https:\/\/www.meydan.tv\/az\/#website","url":"https:\/\/www.meydan.tv\/az\/","name":"MEYDAN.TV","description":"Meydan TV Az\u0259rbaycan\u0131n media m\u0259kan\u0131ndak\u0131 alternativ s\u0259sidir","publisher":{"@id":"https:\/\/www.meydan.tv\/az\/#organization"},"potentialAction":[{"@type":"SearchAction","target":{"@type":"EntryPoint","urlTemplate":"https:\/\/www.meydan.tv\/az\/?s={search_term_string}"},"query-input":{"@type":"PropertyValueSpecification","valueRequired":true,"valueName":"search_term_string"}}],"inLanguage":"az"},{"@type":"Organization","@id":"https:\/\/www.meydan.tv\/az\/#organization","name":"Meydan TV","url":"https:\/\/www.meydan.tv\/az\/","logo":{"@type":"ImageObject","inLanguage":"az","@id":"https:\/\/www.meydan.tv\/az\/#\/schema\/logo\/image\/","url":"https:\/\/www.meydan.tv\/wp-content\/uploads\/2021\/07\/meydan-logo.svg","contentUrl":"https:\/\/www.meydan.tv\/wp-content\/uploads\/2021\/07\/meydan-logo.svg","width":195,"height":46,"caption":"Meydan TV"},"image":{"@id":"https:\/\/www.meydan.tv\/az\/#\/schema\/logo\/image\/"}},{"@type":"Person","@id":"https:\/\/www.meydan.tv\/az\/#\/schema\/person\/10d11eccf6da3662cf5fdab9806ea91a","name":"user-manager"}]}},"_links":{"self":[{"href":"https:\/\/www.meydan.tv\/az\/wp-json\/wp\/v2\/posts\/167821","targetHints":{"allow":["GET"]}}],"collection":[{"href":"https:\/\/www.meydan.tv\/az\/wp-json\/wp\/v2\/posts"}],"about":[{"href":"https:\/\/www.meydan.tv\/az\/wp-json\/wp\/v2\/types\/post"}],"author":[{"embeddable":true,"href":"https:\/\/www.meydan.tv\/az\/wp-json\/wp\/v2\/users\/11"}],"replies":[{"embeddable":true,"href":"https:\/\/www.meydan.tv\/az\/wp-json\/wp\/v2\/comments?post=167821"}],"version-history":[{"count":0,"href":"https:\/\/www.meydan.tv\/az\/wp-json\/wp\/v2\/posts\/167821\/revisions"}],"wp:featuredmedia":[{"embeddable":true,"href":"https:\/\/www.meydan.tv\/az\/wp-json\/wp\/v2\/media\/23874"}],"wp:attachment":[{"href":"https:\/\/www.meydan.tv\/az\/wp-json\/wp\/v2\/media?parent=167821"}],"wp:term":[{"taxonomy":"category","embeddable":true,"href":"https:\/\/www.meydan.tv\/az\/wp-json\/wp\/v2\/categories?post=167821"},{"taxonomy":"post_tag","embeddable":true,"href":"https:\/\/www.meydan.tv\/az\/wp-json\/wp\/v2\/tags?post=167821"}],"curies":[{"name":"wp","href":"https:\/\/api.w.org\/{rel}","templated":true}]}}