{"id":167819,"date":"2015-05-07T16:13:32","date_gmt":"2015-05-07T16:13:32","guid":{"rendered":"https:\/\/www.meydan.tv\/article\/kredit-borclarinin-hansi-mezenne-ile-qaytarilmasina-dair-iclas-kecirilib\/"},"modified":"2015-05-07T16:13:32","modified_gmt":"2015-05-07T16:13:32","slug":"kredit-borclarinin-hansi-mezenne-ile-qaytarilmasina-dair-iclas-kecirilib","status":"publish","type":"post","link":"https:\/\/www.meydan.tv\/az\/article\/kredit-borclarinin-hansi-mezenne-ile-qaytarilmasina-dair-iclas-kecirilib\/","title":{"rendered":"Kredit borclar\u0131n\u0131n hans\u0131 m\u0259z\u0259nn\u0259 il\u0259 qaytar\u0131lmas\u0131na dair iclas ke\u00e7irilib"},"content":{"rendered":"<figure class=\"wp-block-image size-large\">\n  <img decoding=\"async\" src=\"https:\/\/www.meydan.tv\/az\/23871\/\" alt=\"\" class=\"wp-image-23871\"\/><figcaption><\/figcaption><\/figure>\n<figure class=\"wp-block-image size-large\">\n  <img decoding=\"async\" src=\"https:\/\/www.meydan.tv\/az\/23871\/\" alt=\"\" class=\"wp-image-23871\"\/><figcaption><\/figcaption><\/figure>\n<p>\n  <i><br \/>\n    \u201cKonstitusiya M\u0259hk\u0259m\u0259si dollarda olan kreditl\u0259rin k\u00f6hn\u0259 m\u0259z\u0259nn\u0259 il\u0259 \u00f6d\u0259nilm\u0259sini ehtiva ed\u0259n q\u0259rar q\u0259bul ed\u0259rs\u0259, bu, Az\u0259rbaycan\u0131n maliyy\u0259 sisteminin \u00e7\u00f6km\u0259sin\u0259 s\u0259b\u0259b ola bil\u0259r&#8221;<br \/>\n  <\/i>\n<\/p>\n<p>\n  May\u0131n 7-d\u0259 Konstitusiya M\u0259hk\u0259m\u0259si Plenumunun iclas\u0131 ke\u00e7irilib.\n<\/p>\n<p>\n  <a href=\"https:\/\/apa.az\/\"><br \/>\n    APA<br \/>\n  <\/a><br \/>\n  -n\u0131n m\u0259lumat\u0131na g\u00f6r\u0259, Konstitusiya M\u0259hk\u0259m\u0259sinin s\u0259dri F\u0259rhad Abdullayevin s\u0259drliyi il\u0259 ke\u00e7iril\u0259n iclas kredit borclar\u0131n\u0131n hans\u0131 m\u0259z\u0259nn\u0259 il\u0259 qaytar\u0131lmas\u0131 bil\u0259 ba\u011fl\u0131 Az\u0259rbaycan Respublikas\u0131n\u0131n \u0130nsan H\u00fcquqlar\u0131 \u00fczr\u0259 M\u00fcv\u0259kkili (Ombudsman) v\u0259 G\u00f6y\u00e7ay Rayon M\u0259hk\u0259m\u0259sinin m\u00fcraci\u0259tin\u0259 h\u0259sr olunub.\n<\/p>\n<p>\n  \u0130clasda Ombudsman Aparat\u0131n\u0131n n\u00fcmay\u0259nd\u0259si Mahir M\u0259mm\u0259dov, G\u00f6y\u00e7ay rayon M\u0259hk\u0259m\u0259sinin hakimi Elxan Babayev, ekspert qismind\u0259 BDU-nun dosenti Azad Tal\u0131bov, Ali M\u0259hk\u0259m\u0259nin hakimi \u0130lqar D\u0259mirov, Bak\u0131 Apellyasiya M\u0259hk\u0259m\u0259sinin hakimi Mehdi \u018fs\u0259dov, M\u0259rk\u0259zi Bank\u0131n ba\u015f direktoru R\u0259\u015fad Orucov,<br \/>\n  <a href=\"http:\/\/az.apa.az\/tag\/Milli+M%C9%99clis\"><br \/>\n    Milli M\u0259clis<br \/>\n  <\/a><br \/>\n  in \u015f\u00f6b\u0259 m\u00fcdiri R\u00f6v\u015f\u0259n Muradov i\u015ftirak edibl\u0259r.\n<\/p>\n<p><div>\n    Plenumda \u00e7\u0131x\u0131\u015f ed\u0259n M\u0259rk\u0259zi Bank\u0131n direktoru R\u0259\u015fad Orucov bildirib ki, Konstitusiya M\u0259hk\u0259m\u0259si dollarda olan kreditl\u0259rin k\u00f6hn\u0259 m\u0259z\u0259nn\u0259 il\u0259 \u00f6d\u0259nilm\u0259sini ehtiva ed\u0259n q\u0259rar q\u0259bul ed\u0259rs\u0259, bu, Az\u0259rbaycan\u0131n maliyy\u0259 sisteminin \u00e7\u00f6km\u0259sin\u0259 s\u0259b\u0259b ola bil\u0259r.\n  <\/div>\n<\/p>\n<p><div><\/div>\n<\/p>\n<p><div>\n    R\u0259\u015fad Orucov qeyd edib ki, \u201ckreditl\u0259rin verilm\u0259si\u201d \u201c\u00f6d\u0259ni\u015f vasit\u0259si\u201d anlam\u0131na g\u0259lmir. Pul da \u0259\u015fyalardan biridir. Kredit verilm\u0259si, bank\u0131n pul m\u00fclkiyy\u0259tini borcalana istifad\u0259 etm\u0259y\u0259 verm\u0259si dem\u0259kdir. \u00a0\u018f\u015fyan\u0131n valyutas\u0131n\u0131n m\u00fc\u0259yy\u0259n edilm\u0259si v\u0259 ya se\u00e7ilm\u0259si t\u0259r\u0259fl\u0259rin \u00f6z h\u00fcququdur.\n  <\/div>\n<\/p>\n<p><div><\/div>\n<\/p>\n<p><div>\n    \u201c\u018fg\u0259r kredit dollar \u0259\u015fyas\u0131nda verilibs\u0259 dollarda, manat \u0259\u015fyas\u0131nda verilibs\u0259 manatda geri qaytar\u0131lmal\u0131d\u0131r\u201d, o deyib.\n  <\/div>\n<\/p>\n<p>\n  M\u0259hk\u0259m\u0259d\u0259 t\u0259r\u0259fl\u0259r v\u0259 ekspertl\u0259r dinl\u0259nilib. Bundan sonra Konstitusiya M\u0259hk\u0259m\u0259sinin s\u0259dri F\u0259rhad Abdullayev deyib ki, m\u0259hk\u0259m\u0259 m\u0259s\u0259l\u0259 il\u0259 ba\u011fl\u0131 yax\u0131n zamanlarda q\u0259rar q\u0259bul ed\u0259c\u0259k v\u0259 q\u0259rar elan olunacaq.\n<\/p>\n<p>\n  Fevral\u0131n 21-d\u0259 M\u0259rk\u0259zi Bank manat\u0131n m\u0259z\u0259nn\u0259sinin devalvasiyas\u0131 il\u0259 ba\u011fl\u0131 m\u00fcvafiq q\u0259rar\u0131 v\u0259t\u0259nda\u015flar aras\u0131nda bir s\u0131ra suallar yarad\u0131b. Bir m\u00fcdd\u0259t \u0259vv\u0259l Az\u0259rbaycan Respublikas\u0131n\u0131n \u0130nsan H\u00fcquqlar\u0131 \u00fczr\u0259 M\u00fcv\u0259kkili (Ombudsman) v\u0259 G\u00f6y\u00e7ay Rayon M\u0259hk\u0259m\u0259si Az\u0259rbaycan Respublikas\u0131 M\u00fclki M\u0259c\u0259ll\u0259sinin b\u0259zi m\u00fcdd\u0259alar\u0131n\u0131n Az\u0259rbaycan Respublikas\u0131 Konstitusiyas\u0131na uy\u011funlu\u011funun yoxlan\u0131lmas\u0131, habel\u0259 h\u0259min M\u0259c\u0259ll\u0259nin 439.1-ci, 439.2-ci v\u0259 439.7-ci madd\u0259l\u0259rinin \u015f\u0259rh edilm\u0259si \u00fc\u00e7\u00fcn Konstitusiya M\u0259hk\u0259m\u0259sin\u0259 m\u00fcvafiq olaraq sor\u011fu v\u0259 m\u00fcraci\u0259t g\u00f6nd\u0259rib. Eyni zamanda, M\u00fclki M\u0259c\u0259ll\u0259nin b\u0259zi m\u00fcdd\u0259alar\u0131na ayd\u0131nl\u0131q g\u0259tirilm\u0259si d\u0259 soru\u015fulub.<\/p>\n","protected":false},"excerpt":{"rendered":"<p>\u201cKonstitusiya M\u0259hk\u0259m\u0259si dollarda olan kreditl\u0259rin k\u00f6hn\u0259 m\u0259z\u0259nn\u0259 il\u0259 \u00f6d\u0259nilm\u0259sini ehtiva ed\u0259n q\u0259rar q\u0259bul ed\u0259rs\u0259, bu, Az\u0259rbaycan\u0131n maliyy\u0259 sisteminin \u00e7\u00f6km\u0259sin\u0259 s\u0259b\u0259b ola bil\u0259r&#8221;<\/p>\n","protected":false},"author":11,"featured_media":23871,"comment_status":"closed","ping_status":"open","sticky":false,"template":"","format":"standard","meta":{"_acf_changed":false,"_sitemap_exclude":false,"_sitemap_priority":"","_sitemap_frequency":"","footnotes":""},"categories":[56],"tags":[],"class_list":["post-167819","post","type-post","status-publish","format-standard","has-post-thumbnail","hentry","category-xeberler","infinite-scroll-item","generate-columns","tablet-grid-50","mobile-grid-100","grid-parent","grid-33","no-featured-image-padding"],"acf":[],"yoast_head":"<!-- This site is optimized with the Yoast SEO plugin v28.4 - https:\/\/yoast.com\/product\/yoast-seo-wordpress\/ -->\n<title>Kredit borclar\u0131n\u0131n hans\u0131 m\u0259z\u0259nn\u0259 il\u0259 qaytar\u0131lmas\u0131na dair iclas ke\u00e7irilib - MEYDAN.TV<\/title>\n<meta name=\"robots\" content=\"index, follow, max-snippet:-1, max-image-preview:large, max-video-preview:-1\" \/>\n<link rel=\"canonical\" href=\"https:\/\/www.meydan.tv\/az\/article\/kredit-borclarinin-hansi-mezenne-ile-qaytarilmasina-dair-iclas-kecirilib\/\" \/>\n<meta property=\"og:locale\" content=\"az_AZ\" \/>\n<meta property=\"og:type\" content=\"article\" \/>\n<meta property=\"og:title\" content=\"Kredit borclar\u0131n\u0131n hans\u0131 m\u0259z\u0259nn\u0259 il\u0259 qaytar\u0131lmas\u0131na dair iclas ke\u00e7irilib - MEYDAN.TV\" \/>\n<meta property=\"og:description\" content=\"\u201cKonstitusiya M\u0259hk\u0259m\u0259si dollarda olan kreditl\u0259rin k\u00f6hn\u0259 m\u0259z\u0259nn\u0259 il\u0259 \u00f6d\u0259nilm\u0259sini ehtiva ed\u0259n q\u0259rar q\u0259bul ed\u0259rs\u0259, bu, Az\u0259rbaycan\u0131n maliyy\u0259 sisteminin \u00e7\u00f6km\u0259sin\u0259 s\u0259b\u0259b ola bil\u0259r&quot;\" \/>\n<meta property=\"og:url\" content=\"https:\/\/www.meydan.tv\/az\/article\/kredit-borclarinin-hansi-mezenne-ile-qaytarilmasina-dair-iclas-kecirilib\/\" \/>\n<meta property=\"og:site_name\" content=\"MEYDAN.TV\" \/>\n<meta property=\"article:published_time\" content=\"2015-05-07T16:13:32+00:00\" \/>\n<meta property=\"og:image\" content=\"https:\/\/www.meydan.tv\/wp-content\/uploads\/8680.jpg\" \/>\n\t<meta property=\"og:image:width\" content=\"500\" \/>\n\t<meta property=\"og:image:height\" content=\"332\" \/>\n\t<meta property=\"og:image:type\" content=\"image\/jpeg\" \/>\n<meta name=\"twitter:card\" content=\"summary_large_image\" \/>\n<!-- \/ Yoast SEO plugin. -->","yoast_head_json":{"title":"Kredit borclar\u0131n\u0131n hans\u0131 m\u0259z\u0259nn\u0259 il\u0259 qaytar\u0131lmas\u0131na dair iclas ke\u00e7irilib - MEYDAN.TV","robots":{"index":"index","follow":"follow","max-snippet":"max-snippet:-1","max-image-preview":"max-image-preview:large","max-video-preview":"max-video-preview:-1"},"canonical":"https:\/\/www.meydan.tv\/az\/article\/kredit-borclarinin-hansi-mezenne-ile-qaytarilmasina-dair-iclas-kecirilib\/","og_locale":"az_AZ","og_type":"article","og_title":"Kredit borclar\u0131n\u0131n hans\u0131 m\u0259z\u0259nn\u0259 il\u0259 qaytar\u0131lmas\u0131na dair iclas ke\u00e7irilib - MEYDAN.TV","og_description":"\u201cKonstitusiya M\u0259hk\u0259m\u0259si dollarda olan kreditl\u0259rin k\u00f6hn\u0259 m\u0259z\u0259nn\u0259 il\u0259 \u00f6d\u0259nilm\u0259sini ehtiva ed\u0259n q\u0259rar q\u0259bul ed\u0259rs\u0259, bu, Az\u0259rbaycan\u0131n maliyy\u0259 sisteminin \u00e7\u00f6km\u0259sin\u0259 s\u0259b\u0259b ola bil\u0259r\"","og_url":"https:\/\/www.meydan.tv\/az\/article\/kredit-borclarinin-hansi-mezenne-ile-qaytarilmasina-dair-iclas-kecirilib\/","og_site_name":"MEYDAN.TV","article_published_time":"2015-05-07T16:13:32+00:00","og_image":[{"width":500,"height":332,"url":"https:\/\/www.meydan.tv\/wp-content\/uploads\/8680.jpg","type":"image\/jpeg"}],"twitter_card":"summary_large_image","schema":{"@context":"https:\/\/schema.org","@graph":[{"@type":"Article","@id":"https:\/\/www.meydan.tv\/az\/article\/kredit-borclarinin-hansi-mezenne-ile-qaytarilmasina-dair-iclas-kecirilib\/#article","isPartOf":{"@id":"https:\/\/www.meydan.tv\/az\/article\/kredit-borclarinin-hansi-mezenne-ile-qaytarilmasina-dair-iclas-kecirilib\/"},"author":{"name":"user-manager","@id":"https:\/\/www.meydan.tv\/az\/#\/schema\/person\/10d11eccf6da3662cf5fdab9806ea91a"},"headline":"Kredit borclar\u0131n\u0131n hans\u0131 m\u0259z\u0259nn\u0259 il\u0259 qaytar\u0131lmas\u0131na dair iclas ke\u00e7irilib","datePublished":"2015-05-07T16:13:32+00:00","mainEntityOfPage":{"@id":"https:\/\/www.meydan.tv\/az\/article\/kredit-borclarinin-hansi-mezenne-ile-qaytarilmasina-dair-iclas-kecirilib\/"},"wordCount":544,"publisher":{"@id":"https:\/\/www.meydan.tv\/az\/#organization"},"image":{"@id":"https:\/\/www.meydan.tv\/az\/article\/kredit-borclarinin-hansi-mezenne-ile-qaytarilmasina-dair-iclas-kecirilib\/#primaryimage"},"thumbnailUrl":"https:\/\/www.meydan.tv\/wp-content\/uploads\/8680.jpg","articleSection":["X\u0259b\u0259rl\u0259r"],"inLanguage":"az"},{"@type":"WebPage","@id":"https:\/\/www.meydan.tv\/az\/article\/kredit-borclarinin-hansi-mezenne-ile-qaytarilmasina-dair-iclas-kecirilib\/","url":"https:\/\/www.meydan.tv\/az\/article\/kredit-borclarinin-hansi-mezenne-ile-qaytarilmasina-dair-iclas-kecirilib\/","name":"Kredit borclar\u0131n\u0131n hans\u0131 m\u0259z\u0259nn\u0259 il\u0259 qaytar\u0131lmas\u0131na dair iclas ke\u00e7irilib - MEYDAN.TV","isPartOf":{"@id":"https:\/\/www.meydan.tv\/az\/#website"},"primaryImageOfPage":{"@id":"https:\/\/www.meydan.tv\/az\/article\/kredit-borclarinin-hansi-mezenne-ile-qaytarilmasina-dair-iclas-kecirilib\/#primaryimage"},"image":{"@id":"https:\/\/www.meydan.tv\/az\/article\/kredit-borclarinin-hansi-mezenne-ile-qaytarilmasina-dair-iclas-kecirilib\/#primaryimage"},"thumbnailUrl":"https:\/\/www.meydan.tv\/wp-content\/uploads\/8680.jpg","datePublished":"2015-05-07T16:13:32+00:00","breadcrumb":{"@id":"https:\/\/www.meydan.tv\/az\/article\/kredit-borclarinin-hansi-mezenne-ile-qaytarilmasina-dair-iclas-kecirilib\/#breadcrumb"},"inLanguage":"az","potentialAction":[{"@type":"ReadAction","target":["https:\/\/www.meydan.tv\/az\/article\/kredit-borclarinin-hansi-mezenne-ile-qaytarilmasina-dair-iclas-kecirilib\/"]}]},{"@type":"ImageObject","inLanguage":"az","@id":"https:\/\/www.meydan.tv\/az\/article\/kredit-borclarinin-hansi-mezenne-ile-qaytarilmasina-dair-iclas-kecirilib\/#primaryimage","url":"https:\/\/www.meydan.tv\/wp-content\/uploads\/8680.jpg","contentUrl":"https:\/\/www.meydan.tv\/wp-content\/uploads\/8680.jpg","width":500,"height":332,"caption":"Source:"},{"@type":"BreadcrumbList","@id":"https:\/\/www.meydan.tv\/az\/article\/kredit-borclarinin-hansi-mezenne-ile-qaytarilmasina-dair-iclas-kecirilib\/#breadcrumb","itemListElement":[{"@type":"ListItem","position":1,"name":"Ana s\u0259hif\u0259","item":"https:\/\/www.meydan.tv\/az\/"},{"@type":"ListItem","position":2,"name":"X\u0259b\u0259rl\u0259r","item":"https:\/\/www.meydan.tv\/az\/section\/xeberler\/"},{"@type":"ListItem","position":3,"name":"Kredit borclar\u0131n\u0131n hans\u0131 m\u0259z\u0259nn\u0259 il\u0259 qaytar\u0131lmas\u0131na dair iclas ke\u00e7irilib"}]},{"@type":"WebSite","@id":"https:\/\/www.meydan.tv\/az\/#website","url":"https:\/\/www.meydan.tv\/az\/","name":"MEYDAN.TV","description":"Meydan TV Az\u0259rbaycan\u0131n media m\u0259kan\u0131ndak\u0131 alternativ s\u0259sidir","publisher":{"@id":"https:\/\/www.meydan.tv\/az\/#organization"},"potentialAction":[{"@type":"SearchAction","target":{"@type":"EntryPoint","urlTemplate":"https:\/\/www.meydan.tv\/az\/?s={search_term_string}"},"query-input":{"@type":"PropertyValueSpecification","valueRequired":true,"valueName":"search_term_string"}}],"inLanguage":"az"},{"@type":"Organization","@id":"https:\/\/www.meydan.tv\/az\/#organization","name":"Meydan TV","url":"https:\/\/www.meydan.tv\/az\/","logo":{"@type":"ImageObject","inLanguage":"az","@id":"https:\/\/www.meydan.tv\/az\/#\/schema\/logo\/image\/","url":"https:\/\/www.meydan.tv\/wp-content\/uploads\/2021\/07\/meydan-logo.svg","contentUrl":"https:\/\/www.meydan.tv\/wp-content\/uploads\/2021\/07\/meydan-logo.svg","width":195,"height":46,"caption":"Meydan TV"},"image":{"@id":"https:\/\/www.meydan.tv\/az\/#\/schema\/logo\/image\/"}},{"@type":"Person","@id":"https:\/\/www.meydan.tv\/az\/#\/schema\/person\/10d11eccf6da3662cf5fdab9806ea91a","name":"user-manager"}]}},"_links":{"self":[{"href":"https:\/\/www.meydan.tv\/az\/wp-json\/wp\/v2\/posts\/167819","targetHints":{"allow":["GET"]}}],"collection":[{"href":"https:\/\/www.meydan.tv\/az\/wp-json\/wp\/v2\/posts"}],"about":[{"href":"https:\/\/www.meydan.tv\/az\/wp-json\/wp\/v2\/types\/post"}],"author":[{"embeddable":true,"href":"https:\/\/www.meydan.tv\/az\/wp-json\/wp\/v2\/users\/11"}],"replies":[{"embeddable":true,"href":"https:\/\/www.meydan.tv\/az\/wp-json\/wp\/v2\/comments?post=167819"}],"version-history":[{"count":0,"href":"https:\/\/www.meydan.tv\/az\/wp-json\/wp\/v2\/posts\/167819\/revisions"}],"wp:featuredmedia":[{"embeddable":true,"href":"https:\/\/www.meydan.tv\/az\/wp-json\/wp\/v2\/media\/23871"}],"wp:attachment":[{"href":"https:\/\/www.meydan.tv\/az\/wp-json\/wp\/v2\/media?parent=167819"}],"wp:term":[{"taxonomy":"category","embeddable":true,"href":"https:\/\/www.meydan.tv\/az\/wp-json\/wp\/v2\/categories?post=167819"},{"taxonomy":"post_tag","embeddable":true,"href":"https:\/\/www.meydan.tv\/az\/wp-json\/wp\/v2\/tags?post=167819"}],"curies":[{"name":"wp","href":"https:\/\/api.w.org\/{rel}","templated":true}]}}