{"id":167818,"date":"2015-05-07T15:49:37","date_gmt":"2015-05-07T15:49:37","guid":{"rendered":"https:\/\/www.meydan.tv\/article\/isa-qember-etirazcilari-iqtidarin-adamlari-adlandirdi\/"},"modified":"2015-05-07T15:49:37","modified_gmt":"2015-05-07T15:49:37","slug":"isa-qember-etirazcilari-iqtidarin-adamlari-adlandirdi","status":"publish","type":"post","link":"https:\/\/www.meydan.tv\/az\/article\/isa-qember-etirazcilari-iqtidarin-adamlari-adlandirdi\/","title":{"rendered":"\u0130sa Q\u0259mb\u0259r etiraz\u00e7\u0131lar\u0131 \u201ciqtidar\u0131n adamlar\u0131\u201d adland\u0131rd\u0131"},"content":{"rendered":"<figure class=\"wp-block-image size-large\">\n  <img decoding=\"async\" src=\"https:\/\/www.meydan.tv\/az\/23865\/\" alt=\"\" class=\"wp-image-23865\"\/><figcaption><\/figcaption><\/figure>\n<figure class=\"wp-block-image size-large\">\n  <img decoding=\"async\" src=\"https:\/\/www.meydan.tv\/az\/23865\/\" alt=\"\" class=\"wp-image-23865\"\/><figcaption><\/figcaption><\/figure>\n<p><div>\n    <i><br \/>\n      Hakimiyy\u0259t \u00f6zl\u0259rini m\u00fcsavat\u00e7\u0131 adland\u0131ran bir qrupun partiya qar\u015f\u0131s\u0131nda \u201cpiketini\u201d t\u0259\u015fkil etdi<br \/>\n    <\/i>\n  <\/div>\n<\/p>\n<p><div><\/div>\n<\/p>\n<p><div>\n    M\u00fcsavat Partiyas\u0131n\u0131n eks-ba\u015fqan\u0131 \u0130sa Q\u0259mb\u0259r d\u00fcn\u0259n partiya q\u0259rargah\u0131 \u00f6n\u00fcnd\u0259 bir qrup m\u00fcsavat\u00e7\u0131n\u0131n etiraz aksiyas\u0131 ke\u00e7irm\u0259sin\u0259 m\u00fcnasib\u0259t bildirib.\n  <\/div>\n<\/p>\n<p><div><\/div>\n<\/p>\n<p><div>\n    \u0130. Q\u0259mb\u0259r facebook profilind\u0259 bu bar\u0259d\u0259 yaz\u0131b: \u201cZaman\u0131nda demi\u015fdim ki, problem M\u00fcsavat\u0131n daxilind\u0259 deyil, hakimiyy\u0259tl\u0259 M\u00fcsavat aras\u0131ndad\u0131r. 6 mayda bu bir daha t\u0259sdiq olundu\u201d.\n  <\/div>\n<\/p>\n<p><div><\/div>\n<\/p>\n<p><div>\n    \u0130. Q\u0259mb\u0259r aksiya i\u015ftirak\u00e7\u0131lar\u0131n\u0131 iqtidar\u0131n adam\u0131 adland\u0131r\u0131b. Onun s\u00f6zl\u0259rin\u0259 g\u00f6r\u0259,\n  <\/div>\n<\/p>\n<p><div><\/div>\n<\/p>\n<p><div>\n    \u201cPiketd\u0259 aldananlar ola bil\u0259r, amma t\u0259\u015fkilat\u00e7\u0131lar \u00f6zl\u0259rini birm\u0259nal\u0131 olaraq if\u015fa etdil\u0259r\u201d, &#8211; dey\u0259 o bildirib.\n  <\/div>\n<\/p>\n<p><div><\/div>\n<\/p>\n<p><div>\n    Qeyd ed\u0259k ki, d\u00fcn\u0259n bir qrup m\u00fcsavat\u00e7\u0131 M\u00fcsavat\u0131n q\u0259rargah\u0131 \u00f6n\u00fcnd\u0259 Arif Hac\u0131l\u0131n\u0131n istefas\u0131 \u00fc\u00e7\u00fcn aksiya ke\u00e7irib. Etiraz\u00e7\u0131lar \u201cN\u00f6vb\u0259d\u0259nk\u0259nar qurultay ke\u00e7irilsin\u201d, \u201cM\u00fcsavat ail\u0259 partiyas\u0131 deyil\u201d, \u201c\u0130stefa\u201d \u015f\u00fcarlar\u0131 s\u0259sl\u0259ndiribl\u0259r.\n  <\/div>\n<\/p>\n<p><div><\/div>\n<\/p>\n<p><div>\n    Aksiyada \u00e7\u0131x\u0131\u015f ed\u0259nl\u0259r partiyada ba\u015f ver\u0259nl\u0259r\u0259 g\u00f6r\u0259 Arif Hac\u0131l\u0131 il\u0259 yana\u015f\u0131 \u0130sa Q\u0259mb\u0259ri d\u0259 q\u0131nay\u0131blar(publika.az).\n  <\/div><\/p>\n","protected":false},"excerpt":{"rendered":"<p>Hakimiyy\u0259t \u00f6zl\u0259rini m\u00fcsavat\u00e7\u0131 adland\u0131ran bir qrupun partiya qar\u015f\u0131s\u0131nda \u201cpiketini\u201d t\u0259\u015fkil etdi<\/p>\n","protected":false},"author":11,"featured_media":23865,"comment_status":"closed","ping_status":"open","sticky":false,"template":"","format":"standard","meta":{"_acf_changed":false,"_sitemap_exclude":false,"_sitemap_priority":"","_sitemap_frequency":"","footnotes":""},"categories":[56],"tags":[],"class_list":["post-167818","post","type-post","status-publish","format-standard","has-post-thumbnail","hentry","category-xeberler","infinite-scroll-item","generate-columns","tablet-grid-50","mobile-grid-100","grid-parent","grid-33","no-featured-image-padding"],"acf":[],"yoast_head":"<!-- This site is optimized with the Yoast SEO plugin v28.4 - https:\/\/yoast.com\/product\/yoast-seo-wordpress\/ -->\n<title>\u0130sa Q\u0259mb\u0259r etiraz\u00e7\u0131lar\u0131 \u201ciqtidar\u0131n adamlar\u0131\u201d adland\u0131rd\u0131 - MEYDAN.TV<\/title>\n<meta name=\"robots\" content=\"index, follow, max-snippet:-1, max-image-preview:large, max-video-preview:-1\" \/>\n<link rel=\"canonical\" href=\"https:\/\/www.meydan.tv\/az\/article\/isa-qember-etirazcilari-iqtidarin-adamlari-adlandirdi\/\" \/>\n<meta property=\"og:locale\" content=\"az_AZ\" \/>\n<meta property=\"og:type\" content=\"article\" \/>\n<meta property=\"og:title\" content=\"\u0130sa Q\u0259mb\u0259r etiraz\u00e7\u0131lar\u0131 \u201ciqtidar\u0131n adamlar\u0131\u201d adland\u0131rd\u0131 - MEYDAN.TV\" \/>\n<meta property=\"og:description\" content=\"Hakimiyy\u0259t \u00f6zl\u0259rini m\u00fcsavat\u00e7\u0131 adland\u0131ran bir qrupun partiya qar\u015f\u0131s\u0131nda \u201cpiketini\u201d t\u0259\u015fkil etdi\" \/>\n<meta property=\"og:url\" content=\"https:\/\/www.meydan.tv\/az\/article\/isa-qember-etirazcilari-iqtidarin-adamlari-adlandirdi\/\" \/>\n<meta property=\"og:site_name\" content=\"MEYDAN.TV\" \/>\n<meta property=\"article:published_time\" content=\"2015-05-07T15:49:37+00:00\" \/>\n<meta property=\"og:image\" content=\"https:\/\/www.meydan.tv\/wp-content\/uploads\/8679.jpg\" \/>\n\t<meta property=\"og:image:width\" content=\"450\" \/>\n\t<meta property=\"og:image:height\" content=\"330\" \/>\n\t<meta property=\"og:image:type\" content=\"image\/jpeg\" \/>\n<meta name=\"twitter:card\" content=\"summary_large_image\" \/>\n<!-- \/ Yoast SEO plugin. -->","yoast_head_json":{"title":"\u0130sa Q\u0259mb\u0259r etiraz\u00e7\u0131lar\u0131 \u201ciqtidar\u0131n adamlar\u0131\u201d adland\u0131rd\u0131 - MEYDAN.TV","robots":{"index":"index","follow":"follow","max-snippet":"max-snippet:-1","max-image-preview":"max-image-preview:large","max-video-preview":"max-video-preview:-1"},"canonical":"https:\/\/www.meydan.tv\/az\/article\/isa-qember-etirazcilari-iqtidarin-adamlari-adlandirdi\/","og_locale":"az_AZ","og_type":"article","og_title":"\u0130sa Q\u0259mb\u0259r etiraz\u00e7\u0131lar\u0131 \u201ciqtidar\u0131n adamlar\u0131\u201d adland\u0131rd\u0131 - MEYDAN.TV","og_description":"Hakimiyy\u0259t \u00f6zl\u0259rini m\u00fcsavat\u00e7\u0131 adland\u0131ran bir qrupun partiya qar\u015f\u0131s\u0131nda \u201cpiketini\u201d t\u0259\u015fkil etdi","og_url":"https:\/\/www.meydan.tv\/az\/article\/isa-qember-etirazcilari-iqtidarin-adamlari-adlandirdi\/","og_site_name":"MEYDAN.TV","article_published_time":"2015-05-07T15:49:37+00:00","og_image":[{"width":450,"height":330,"url":"https:\/\/www.meydan.tv\/wp-content\/uploads\/8679.jpg","type":"image\/jpeg"}],"twitter_card":"summary_large_image","schema":{"@context":"https:\/\/schema.org","@graph":[{"@type":"Article","@id":"https:\/\/www.meydan.tv\/az\/article\/isa-qember-etirazcilari-iqtidarin-adamlari-adlandirdi\/#article","isPartOf":{"@id":"https:\/\/www.meydan.tv\/az\/article\/isa-qember-etirazcilari-iqtidarin-adamlari-adlandirdi\/"},"author":{"name":"user-manager","@id":"https:\/\/www.meydan.tv\/az\/#\/schema\/person\/10d11eccf6da3662cf5fdab9806ea91a"},"headline":"\u0130sa Q\u0259mb\u0259r etiraz\u00e7\u0131lar\u0131 \u201ciqtidar\u0131n adamlar\u0131\u201d adland\u0131rd\u0131","datePublished":"2015-05-07T15:49:37+00:00","mainEntityOfPage":{"@id":"https:\/\/www.meydan.tv\/az\/article\/isa-qember-etirazcilari-iqtidarin-adamlari-adlandirdi\/"},"wordCount":216,"publisher":{"@id":"https:\/\/www.meydan.tv\/az\/#organization"},"image":{"@id":"https:\/\/www.meydan.tv\/az\/article\/isa-qember-etirazcilari-iqtidarin-adamlari-adlandirdi\/#primaryimage"},"thumbnailUrl":"https:\/\/www.meydan.tv\/wp-content\/uploads\/8679.jpg","articleSection":["X\u0259b\u0259rl\u0259r"],"inLanguage":"az"},{"@type":"WebPage","@id":"https:\/\/www.meydan.tv\/az\/article\/isa-qember-etirazcilari-iqtidarin-adamlari-adlandirdi\/","url":"https:\/\/www.meydan.tv\/az\/article\/isa-qember-etirazcilari-iqtidarin-adamlari-adlandirdi\/","name":"\u0130sa Q\u0259mb\u0259r etiraz\u00e7\u0131lar\u0131 \u201ciqtidar\u0131n adamlar\u0131\u201d adland\u0131rd\u0131 - MEYDAN.TV","isPartOf":{"@id":"https:\/\/www.meydan.tv\/az\/#website"},"primaryImageOfPage":{"@id":"https:\/\/www.meydan.tv\/az\/article\/isa-qember-etirazcilari-iqtidarin-adamlari-adlandirdi\/#primaryimage"},"image":{"@id":"https:\/\/www.meydan.tv\/az\/article\/isa-qember-etirazcilari-iqtidarin-adamlari-adlandirdi\/#primaryimage"},"thumbnailUrl":"https:\/\/www.meydan.tv\/wp-content\/uploads\/8679.jpg","datePublished":"2015-05-07T15:49:37+00:00","breadcrumb":{"@id":"https:\/\/www.meydan.tv\/az\/article\/isa-qember-etirazcilari-iqtidarin-adamlari-adlandirdi\/#breadcrumb"},"inLanguage":"az","potentialAction":[{"@type":"ReadAction","target":["https:\/\/www.meydan.tv\/az\/article\/isa-qember-etirazcilari-iqtidarin-adamlari-adlandirdi\/"]}]},{"@type":"ImageObject","inLanguage":"az","@id":"https:\/\/www.meydan.tv\/az\/article\/isa-qember-etirazcilari-iqtidarin-adamlari-adlandirdi\/#primaryimage","url":"https:\/\/www.meydan.tv\/wp-content\/uploads\/8679.jpg","contentUrl":"https:\/\/www.meydan.tv\/wp-content\/uploads\/8679.jpg","width":450,"height":330,"caption":"Source:"},{"@type":"BreadcrumbList","@id":"https:\/\/www.meydan.tv\/az\/article\/isa-qember-etirazcilari-iqtidarin-adamlari-adlandirdi\/#breadcrumb","itemListElement":[{"@type":"ListItem","position":1,"name":"Ana s\u0259hif\u0259","item":"https:\/\/www.meydan.tv\/az\/"},{"@type":"ListItem","position":2,"name":"X\u0259b\u0259rl\u0259r","item":"https:\/\/www.meydan.tv\/az\/section\/xeberler\/"},{"@type":"ListItem","position":3,"name":"\u0130sa Q\u0259mb\u0259r etiraz\u00e7\u0131lar\u0131 \u201ciqtidar\u0131n adamlar\u0131\u201d adland\u0131rd\u0131"}]},{"@type":"WebSite","@id":"https:\/\/www.meydan.tv\/az\/#website","url":"https:\/\/www.meydan.tv\/az\/","name":"MEYDAN.TV","description":"Meydan TV Az\u0259rbaycan\u0131n media m\u0259kan\u0131ndak\u0131 alternativ s\u0259sidir","publisher":{"@id":"https:\/\/www.meydan.tv\/az\/#organization"},"potentialAction":[{"@type":"SearchAction","target":{"@type":"EntryPoint","urlTemplate":"https:\/\/www.meydan.tv\/az\/?s={search_term_string}"},"query-input":{"@type":"PropertyValueSpecification","valueRequired":true,"valueName":"search_term_string"}}],"inLanguage":"az"},{"@type":"Organization","@id":"https:\/\/www.meydan.tv\/az\/#organization","name":"Meydan TV","url":"https:\/\/www.meydan.tv\/az\/","logo":{"@type":"ImageObject","inLanguage":"az","@id":"https:\/\/www.meydan.tv\/az\/#\/schema\/logo\/image\/","url":"https:\/\/www.meydan.tv\/wp-content\/uploads\/2021\/07\/meydan-logo.svg","contentUrl":"https:\/\/www.meydan.tv\/wp-content\/uploads\/2021\/07\/meydan-logo.svg","width":195,"height":46,"caption":"Meydan TV"},"image":{"@id":"https:\/\/www.meydan.tv\/az\/#\/schema\/logo\/image\/"}},{"@type":"Person","@id":"https:\/\/www.meydan.tv\/az\/#\/schema\/person\/10d11eccf6da3662cf5fdab9806ea91a","name":"user-manager"}]}},"_links":{"self":[{"href":"https:\/\/www.meydan.tv\/az\/wp-json\/wp\/v2\/posts\/167818","targetHints":{"allow":["GET"]}}],"collection":[{"href":"https:\/\/www.meydan.tv\/az\/wp-json\/wp\/v2\/posts"}],"about":[{"href":"https:\/\/www.meydan.tv\/az\/wp-json\/wp\/v2\/types\/post"}],"author":[{"embeddable":true,"href":"https:\/\/www.meydan.tv\/az\/wp-json\/wp\/v2\/users\/11"}],"replies":[{"embeddable":true,"href":"https:\/\/www.meydan.tv\/az\/wp-json\/wp\/v2\/comments?post=167818"}],"version-history":[{"count":0,"href":"https:\/\/www.meydan.tv\/az\/wp-json\/wp\/v2\/posts\/167818\/revisions"}],"wp:featuredmedia":[{"embeddable":true,"href":"https:\/\/www.meydan.tv\/az\/wp-json\/wp\/v2\/media\/23865"}],"wp:attachment":[{"href":"https:\/\/www.meydan.tv\/az\/wp-json\/wp\/v2\/media?parent=167818"}],"wp:term":[{"taxonomy":"category","embeddable":true,"href":"https:\/\/www.meydan.tv\/az\/wp-json\/wp\/v2\/categories?post=167818"},{"taxonomy":"post_tag","embeddable":true,"href":"https:\/\/www.meydan.tv\/az\/wp-json\/wp\/v2\/tags?post=167818"}],"curies":[{"name":"wp","href":"https:\/\/api.w.org\/{rel}","templated":true}]}}