{"id":167817,"date":"2015-05-07T15:04:54","date_gmt":"2015-05-07T15:04:54","guid":{"rendered":"https:\/\/www.meydan.tv\/article\/ziyafet-esgerov-hansisa-olkenin-daxili-islerine-qarismaq-yolverilmezdir\/"},"modified":"2015-05-07T15:04:54","modified_gmt":"2015-05-07T15:04:54","slug":"ziyafet-esgerov-hansisa-olkenin-daxili-islerine-qarismaq-yolverilmezdir","status":"publish","type":"post","link":"https:\/\/www.meydan.tv\/az\/article\/ziyafet-esgerov-hansisa-olkenin-daxili-islerine-qarismaq-yolverilmezdir\/","title":{"rendered":"Ziyaf\u0259t \u018fsg\u0259rov: &#8220;Hans\u0131sa \u00f6lk\u0259nin daxili i\u015fl\u0259rin\u0259 qar\u0131\u015fmaq yolverilm\u0259zdir\u201d"},"content":{"rendered":"<figure class=\"wp-block-image size-large\">\n  <img decoding=\"async\" src=\"https:\/\/www.meydan.tv\/az\/23862\/\" alt=\"\" class=\"wp-image-23862\"\/><figcaption><\/figcaption><\/figure>\n<figure class=\"wp-block-image size-large\">\n  <img decoding=\"async\" src=\"https:\/\/www.meydan.tv\/az\/23862\/\" alt=\"\" class=\"wp-image-23862\"\/><figcaption><\/figcaption><\/figure>\n<p><div>\n    <i><br \/>\n      &#8220;\u018fslind\u0259 bu beyn\u0259lxalq t\u0259\u015fkilatlar v\u0259 QHT Avropa Oyunlar\u0131n\u0131 ke\u00e7irm\u0259k m\u0259suliyy\u0259tini \u00fcz\u0259rin\u0259 g\u00f6t\u00fcrd\u00fcy\u00fcn\u0259 g\u00f6r\u0259 Az\u0259rbaycana t\u0259\u015f\u0259kk\u00fcr etm\u0259lidir&#8221;<br \/>\n    <\/i>\n  <\/div>\n<\/p>\n<p><div><\/div>\n<\/p>\n<p><div>\n    \u201cAB\u015e Az\u0259rbaycan\u0131n strateji t\u0259r\u0259fda\u015f\u0131d\u0131r\u201d.\u00a0APA-n\u0131n m\u0259lumat\u0131na g\u00f6r\u0259, bunu Az\u0259rbaycan\u00a0Milli M\u0259clisinin s\u0259drinin birinci m\u00fcavini\u00a0Ziyaf\u0259t \u018fsg\u0259rov\u00a0deyib.\n  <\/div>\n<\/p>\n<p>\n  Ziyaf\u0259t \u018fsg\u0259rov\u00a0bildirib ki, bir d\u00f6vl\u0259ti t\u0259nqid etm\u0259k olar: \u201cBiz d\u0259 hans\u0131sa d\u00f6vl\u0259ti t\u0259nqid ed\u0259 bil\u0259rik. Ancaq insan h\u00fcquqlar\u0131n\u0131 alver predmetin\u0259 \u00e7evirib, hans\u0131sa \u00f6lk\u0259nin daxili i\u015fl\u0259rin\u0259 qar\u0131\u015fmaq yolverilm\u0259zdir\u201d.\n<\/p>\n<p>\n  Z. \u018fsg\u0259rov qeyd edib ki, bu g\u00fcn beyn\u0259lxalq h\u00fcquqda b\u00f6hran ya\u015fan\u0131r: \u201cD\u00f6vl\u0259tl\u0259r beyn\u0259lxalq h\u00fcququn b\u0259rab\u0259rh\u00fcquqlu subyektidirs\u0259, bir-birin\u0259 qar\u015f\u0131 s\u0259mimi olmal\u0131d\u0131r\u201d.\n<\/p>\n<p><div>\n    Ziyaf\u0259t \u018fsg\u0259rov Az\u0259rbaycana qar\u015f\u0131 qarayaxma kampaniyas\u0131n\u0131n apar\u0131ld\u0131\u011f\u0131n\u0131 da deyib: \u201c\u00c7ox t\u0259\u0259ss\u00fcf ki, b\u0259zi beyn\u0259lxalq t\u0259\u015fkilatlar v\u0259 Az\u0259rbaycanda f\u0259aliyy\u0259t g\u00f6st\u0259r\u0259n QHT Avropa Oyunlar\u0131 il\u0259 ba\u011fl\u0131 Az\u0259rbaycana qarayaxma kampaniyas\u0131na qo\u015fulub. H\u0259min t\u0259\u015fkilatlar Az\u0259rbaycan\u0131 g\u00f6zd\u0259n salma\u011fa \u00e7al\u0131\u015f\u0131r\u201d.\n  <\/div>\n<\/p>\n<p>\n  Onun s\u00f6zl\u0259rin\u0259 g\u00f6r\u0259,\u00a0\u0259slind\u0259 bu beyn\u0259lxalq t\u0259\u015fkilatlar v\u0259 QHT Avropa Oyunlar\u0131n\u0131 ke\u00e7irm\u0259k m\u0259suliyy\u0259tini \u00fcz\u0259rin\u0259 g\u00f6t\u00fcrd\u00fcy\u00fcn\u0259 g\u00f6r\u0259 Az\u0259rbaycana t\u0259\u015f\u0259kk\u00fcr etm\u0259lidir: \u201cAz\u0259rbaycan Avropa Oyunlar\u0131n\u0131 y\u00fcks\u0259k s\u0259viyy\u0259d\u0259 t\u0259\u015fkil ed\u0259c\u0259k v\u0259 bu qarayaxma c\u0259hdl\u0259r\u0259 tutarl\u0131 cavab olacaq. Avropa Oyunlar\u0131n\u0131n y\u00fcks\u0259k s\u0259viyy\u0259d\u0259 t\u0259\u015fkili Az\u0259rbaycan xalq\u0131n\u0131n \u00f6z\u00fcn\u0259 v\u0259 d\u00f6vl\u0259tin\u0259 inam\u0131n\u0131 art\u0131racaq\u201d.<\/p>\n","protected":false},"excerpt":{"rendered":"<p>&#8220;\u018fslind\u0259 bu beyn\u0259lxalq t\u0259\u015fkilatlar v\u0259 QHT Avropa Oyunlar\u0131n\u0131 ke\u00e7irm\u0259k m\u0259suliyy\u0259tini \u00fcz\u0259rin\u0259 g\u00f6t\u00fcrd\u00fcy\u00fcn\u0259 g\u00f6r\u0259 Az\u0259rbaycana t\u0259\u015f\u0259kk\u00fcr etm\u0259lidir&#8221;<\/p>\n","protected":false},"author":11,"featured_media":23862,"comment_status":"closed","ping_status":"open","sticky":false,"template":"","format":"standard","meta":{"_acf_changed":false,"_sitemap_exclude":false,"_sitemap_priority":"","_sitemap_frequency":"","footnotes":""},"categories":[56],"tags":[],"class_list":["post-167817","post","type-post","status-publish","format-standard","has-post-thumbnail","hentry","category-xeberler","infinite-scroll-item","generate-columns","tablet-grid-50","mobile-grid-100","grid-parent","grid-33","no-featured-image-padding"],"acf":[],"yoast_head":"<!-- This site is optimized with the Yoast SEO plugin v28.4 - https:\/\/yoast.com\/product\/yoast-seo-wordpress\/ -->\n<title>Ziyaf\u0259t \u018fsg\u0259rov: &quot;Hans\u0131sa \u00f6lk\u0259nin daxili i\u015fl\u0259rin\u0259 qar\u0131\u015fmaq yolverilm\u0259zdir\u201d - MEYDAN.TV<\/title>\n<meta name=\"robots\" content=\"index, follow, max-snippet:-1, max-image-preview:large, max-video-preview:-1\" \/>\n<link rel=\"canonical\" href=\"https:\/\/www.meydan.tv\/az\/article\/ziyafet-esgerov-hansisa-olkenin-daxili-islerine-qarismaq-yolverilmezdir\/\" \/>\n<meta property=\"og:locale\" content=\"az_AZ\" \/>\n<meta property=\"og:type\" content=\"article\" \/>\n<meta property=\"og:title\" content=\"Ziyaf\u0259t \u018fsg\u0259rov: &quot;Hans\u0131sa \u00f6lk\u0259nin daxili i\u015fl\u0259rin\u0259 qar\u0131\u015fmaq yolverilm\u0259zdir\u201d - MEYDAN.TV\" \/>\n<meta property=\"og:description\" content=\"&quot;\u018fslind\u0259 bu beyn\u0259lxalq t\u0259\u015fkilatlar v\u0259 QHT Avropa Oyunlar\u0131n\u0131 ke\u00e7irm\u0259k m\u0259suliyy\u0259tini \u00fcz\u0259rin\u0259 g\u00f6t\u00fcrd\u00fcy\u00fcn\u0259 g\u00f6r\u0259 Az\u0259rbaycana t\u0259\u015f\u0259kk\u00fcr etm\u0259lidir&quot;\" \/>\n<meta property=\"og:url\" content=\"https:\/\/www.meydan.tv\/az\/article\/ziyafet-esgerov-hansisa-olkenin-daxili-islerine-qarismaq-yolverilmezdir\/\" \/>\n<meta property=\"og:site_name\" content=\"MEYDAN.TV\" \/>\n<meta property=\"article:published_time\" content=\"2015-05-07T15:04:54+00:00\" \/>\n<meta property=\"og:image\" content=\"https:\/\/www.meydan.tv\/wp-content\/uploads\/8678.jpg\" \/>\n\t<meta property=\"og:image:width\" content=\"367\" \/>\n\t<meta property=\"og:image:height\" content=\"275\" \/>\n\t<meta property=\"og:image:type\" content=\"image\/jpeg\" \/>\n<meta name=\"twitter:card\" content=\"summary_large_image\" \/>\n<!-- \/ Yoast SEO plugin. -->","yoast_head_json":{"title":"Ziyaf\u0259t \u018fsg\u0259rov: \"Hans\u0131sa \u00f6lk\u0259nin daxili i\u015fl\u0259rin\u0259 qar\u0131\u015fmaq yolverilm\u0259zdir\u201d - MEYDAN.TV","robots":{"index":"index","follow":"follow","max-snippet":"max-snippet:-1","max-image-preview":"max-image-preview:large","max-video-preview":"max-video-preview:-1"},"canonical":"https:\/\/www.meydan.tv\/az\/article\/ziyafet-esgerov-hansisa-olkenin-daxili-islerine-qarismaq-yolverilmezdir\/","og_locale":"az_AZ","og_type":"article","og_title":"Ziyaf\u0259t \u018fsg\u0259rov: \"Hans\u0131sa \u00f6lk\u0259nin daxili i\u015fl\u0259rin\u0259 qar\u0131\u015fmaq yolverilm\u0259zdir\u201d - MEYDAN.TV","og_description":"\"\u018fslind\u0259 bu beyn\u0259lxalq t\u0259\u015fkilatlar v\u0259 QHT Avropa Oyunlar\u0131n\u0131 ke\u00e7irm\u0259k m\u0259suliyy\u0259tini \u00fcz\u0259rin\u0259 g\u00f6t\u00fcrd\u00fcy\u00fcn\u0259 g\u00f6r\u0259 Az\u0259rbaycana t\u0259\u015f\u0259kk\u00fcr etm\u0259lidir\"","og_url":"https:\/\/www.meydan.tv\/az\/article\/ziyafet-esgerov-hansisa-olkenin-daxili-islerine-qarismaq-yolverilmezdir\/","og_site_name":"MEYDAN.TV","article_published_time":"2015-05-07T15:04:54+00:00","og_image":[{"width":367,"height":275,"url":"https:\/\/www.meydan.tv\/wp-content\/uploads\/8678.jpg","type":"image\/jpeg"}],"twitter_card":"summary_large_image","schema":{"@context":"https:\/\/schema.org","@graph":[{"@type":"Article","@id":"https:\/\/www.meydan.tv\/az\/article\/ziyafet-esgerov-hansisa-olkenin-daxili-islerine-qarismaq-yolverilmezdir\/#article","isPartOf":{"@id":"https:\/\/www.meydan.tv\/az\/article\/ziyafet-esgerov-hansisa-olkenin-daxili-islerine-qarismaq-yolverilmezdir\/"},"author":{"name":"user-manager","@id":"https:\/\/www.meydan.tv\/az\/#\/schema\/person\/10d11eccf6da3662cf5fdab9806ea91a"},"headline":"Ziyaf\u0259t \u018fsg\u0259rov: &#8220;Hans\u0131sa \u00f6lk\u0259nin daxili i\u015fl\u0259rin\u0259 qar\u0131\u015fmaq yolverilm\u0259zdir\u201d","datePublished":"2015-05-07T15:04:54+00:00","mainEntityOfPage":{"@id":"https:\/\/www.meydan.tv\/az\/article\/ziyafet-esgerov-hansisa-olkenin-daxili-islerine-qarismaq-yolverilmezdir\/"},"wordCount":321,"publisher":{"@id":"https:\/\/www.meydan.tv\/az\/#organization"},"image":{"@id":"https:\/\/www.meydan.tv\/az\/article\/ziyafet-esgerov-hansisa-olkenin-daxili-islerine-qarismaq-yolverilmezdir\/#primaryimage"},"thumbnailUrl":"https:\/\/www.meydan.tv\/wp-content\/uploads\/8678.jpg","articleSection":["X\u0259b\u0259rl\u0259r"],"inLanguage":"az"},{"@type":"WebPage","@id":"https:\/\/www.meydan.tv\/az\/article\/ziyafet-esgerov-hansisa-olkenin-daxili-islerine-qarismaq-yolverilmezdir\/","url":"https:\/\/www.meydan.tv\/az\/article\/ziyafet-esgerov-hansisa-olkenin-daxili-islerine-qarismaq-yolverilmezdir\/","name":"Ziyaf\u0259t \u018fsg\u0259rov: \"Hans\u0131sa \u00f6lk\u0259nin daxili i\u015fl\u0259rin\u0259 qar\u0131\u015fmaq yolverilm\u0259zdir\u201d - MEYDAN.TV","isPartOf":{"@id":"https:\/\/www.meydan.tv\/az\/#website"},"primaryImageOfPage":{"@id":"https:\/\/www.meydan.tv\/az\/article\/ziyafet-esgerov-hansisa-olkenin-daxili-islerine-qarismaq-yolverilmezdir\/#primaryimage"},"image":{"@id":"https:\/\/www.meydan.tv\/az\/article\/ziyafet-esgerov-hansisa-olkenin-daxili-islerine-qarismaq-yolverilmezdir\/#primaryimage"},"thumbnailUrl":"https:\/\/www.meydan.tv\/wp-content\/uploads\/8678.jpg","datePublished":"2015-05-07T15:04:54+00:00","breadcrumb":{"@id":"https:\/\/www.meydan.tv\/az\/article\/ziyafet-esgerov-hansisa-olkenin-daxili-islerine-qarismaq-yolverilmezdir\/#breadcrumb"},"inLanguage":"az","potentialAction":[{"@type":"ReadAction","target":["https:\/\/www.meydan.tv\/az\/article\/ziyafet-esgerov-hansisa-olkenin-daxili-islerine-qarismaq-yolverilmezdir\/"]}]},{"@type":"ImageObject","inLanguage":"az","@id":"https:\/\/www.meydan.tv\/az\/article\/ziyafet-esgerov-hansisa-olkenin-daxili-islerine-qarismaq-yolverilmezdir\/#primaryimage","url":"https:\/\/www.meydan.tv\/wp-content\/uploads\/8678.jpg","contentUrl":"https:\/\/www.meydan.tv\/wp-content\/uploads\/8678.jpg","width":367,"height":275,"caption":"Source:"},{"@type":"BreadcrumbList","@id":"https:\/\/www.meydan.tv\/az\/article\/ziyafet-esgerov-hansisa-olkenin-daxili-islerine-qarismaq-yolverilmezdir\/#breadcrumb","itemListElement":[{"@type":"ListItem","position":1,"name":"Ana s\u0259hif\u0259","item":"https:\/\/www.meydan.tv\/az\/"},{"@type":"ListItem","position":2,"name":"X\u0259b\u0259rl\u0259r","item":"https:\/\/www.meydan.tv\/az\/section\/xeberler\/"},{"@type":"ListItem","position":3,"name":"Ziyaf\u0259t \u018fsg\u0259rov: &#8220;Hans\u0131sa \u00f6lk\u0259nin daxili i\u015fl\u0259rin\u0259 qar\u0131\u015fmaq yolverilm\u0259zdir\u201d"}]},{"@type":"WebSite","@id":"https:\/\/www.meydan.tv\/az\/#website","url":"https:\/\/www.meydan.tv\/az\/","name":"MEYDAN.TV","description":"Meydan TV Az\u0259rbaycan\u0131n media m\u0259kan\u0131ndak\u0131 alternativ s\u0259sidir","publisher":{"@id":"https:\/\/www.meydan.tv\/az\/#organization"},"potentialAction":[{"@type":"SearchAction","target":{"@type":"EntryPoint","urlTemplate":"https:\/\/www.meydan.tv\/az\/?s={search_term_string}"},"query-input":{"@type":"PropertyValueSpecification","valueRequired":true,"valueName":"search_term_string"}}],"inLanguage":"az"},{"@type":"Organization","@id":"https:\/\/www.meydan.tv\/az\/#organization","name":"Meydan TV","url":"https:\/\/www.meydan.tv\/az\/","logo":{"@type":"ImageObject","inLanguage":"az","@id":"https:\/\/www.meydan.tv\/az\/#\/schema\/logo\/image\/","url":"https:\/\/www.meydan.tv\/wp-content\/uploads\/2021\/07\/meydan-logo.svg","contentUrl":"https:\/\/www.meydan.tv\/wp-content\/uploads\/2021\/07\/meydan-logo.svg","width":195,"height":46,"caption":"Meydan TV"},"image":{"@id":"https:\/\/www.meydan.tv\/az\/#\/schema\/logo\/image\/"}},{"@type":"Person","@id":"https:\/\/www.meydan.tv\/az\/#\/schema\/person\/10d11eccf6da3662cf5fdab9806ea91a","name":"user-manager"}]}},"_links":{"self":[{"href":"https:\/\/www.meydan.tv\/az\/wp-json\/wp\/v2\/posts\/167817","targetHints":{"allow":["GET"]}}],"collection":[{"href":"https:\/\/www.meydan.tv\/az\/wp-json\/wp\/v2\/posts"}],"about":[{"href":"https:\/\/www.meydan.tv\/az\/wp-json\/wp\/v2\/types\/post"}],"author":[{"embeddable":true,"href":"https:\/\/www.meydan.tv\/az\/wp-json\/wp\/v2\/users\/11"}],"replies":[{"embeddable":true,"href":"https:\/\/www.meydan.tv\/az\/wp-json\/wp\/v2\/comments?post=167817"}],"version-history":[{"count":0,"href":"https:\/\/www.meydan.tv\/az\/wp-json\/wp\/v2\/posts\/167817\/revisions"}],"wp:featuredmedia":[{"embeddable":true,"href":"https:\/\/www.meydan.tv\/az\/wp-json\/wp\/v2\/media\/23862"}],"wp:attachment":[{"href":"https:\/\/www.meydan.tv\/az\/wp-json\/wp\/v2\/media?parent=167817"}],"wp:term":[{"taxonomy":"category","embeddable":true,"href":"https:\/\/www.meydan.tv\/az\/wp-json\/wp\/v2\/categories?post=167817"},{"taxonomy":"post_tag","embeddable":true,"href":"https:\/\/www.meydan.tv\/az\/wp-json\/wp\/v2\/tags?post=167817"}],"curies":[{"name":"wp","href":"https:\/\/api.w.org\/{rel}","templated":true}]}}