{"id":167815,"date":"2015-05-07T02:48:55","date_gmt":"2015-05-07T02:48:55","guid":{"rendered":"https:\/\/www.meydan.tv\/article\/analari-tehqir-edilen-ovladlar\/"},"modified":"2015-05-07T02:48:55","modified_gmt":"2015-05-07T02:48:55","slug":"analari-tehqir-edilen-ovladlar","status":"publish","type":"post","link":"https:\/\/www.meydan.tv\/az\/article\/analari-tehqir-edilen-ovladlar\/","title":{"rendered":"Analar\u0131 t\u0259hqir edil\u0259n \u00f6vladlar&#8230;"},"content":{"rendered":"<figure class=\"wp-block-image size-large\">\n  <img decoding=\"async\" src=\"https:\/\/www.meydan.tv\/az\/23294\/\" alt=\"\" class=\"wp-image-23294\"\/><figcaption><\/figcaption><\/figure>\n<figure class=\"wp-block-image size-large\">\n  <img decoding=\"async\" src=\"https:\/\/www.meydan.tv\/az\/23297\/\" alt=\"\" class=\"wp-image-23297\"\/><figcaption><\/figcaption><\/figure>\n<p>\n  Az\u0259rbaycanda xadim\u0259 &#8211; insan deyil ki? Onun ixtiyar\u0131 n\u0259dir haqqdan- \u0259dal\u0259td\u0259n dan\u0131\u015fs\u0131n, \u00f6z h\u00fcquqlar\u0131n\u0131 m\u00fcdafi\u0259 etsin. Onun haqq\u0131- h\u00fcququ ola bilm\u0259z ax\u0131.\u00a0 O, \u0259zilm\u0259y\u0259, ayaqlar alt\u0131nda ya\u015fama\u011fa m\u0259hkumdur. Onun balalar\u0131 da he\u00e7 kimdir.\u00a0 Onun balalar\u0131n\u0131 m\u0259n\u0259vi c\u0259h\u0259td\u0259n, psixoloji c\u0259h\u0259td\u0259n m\u0259hv etm\u0259k laz\u0131md\u0131r ki, \u00f6mr\u00fc boyu\u00a0 anas\u0131n\u0131n m\u0259mur t\u0259r\u0259find\u0259n nec\u0259 a\u015fa\u011f\u0131land\u0131\u011f\u0131n\u0131 xat\u0131rlay\u0131b, \u201cm\u0259nim valideynim xadim\u0259dir, biz he\u00e7 kimik\u201d fikri il\u0259 c\u0259miyy\u0259td\u0259 g\u00f6z\u00fck\u00f6lg\u0259li ya\u015fas\u0131n.\n<\/p>\n<p>\n  Meydan TV-nin videoreportaj\u0131ndan (<br \/>\n  <a href=\"\/az\/article\/nazirliye-muraciet-xadimeye-baha-basa-geldi-video\/\" target=\"_blank\" rel=\"noopener\"><br \/>\n    Nazirliy\u0259 m\u00fcraci\u0259t xadim\u0259y\u0259 baha ba\u015fa g\u0259ldi<br \/>\n  <\/a><br \/>\n  ) g\u0259ldiyim n\u0259tic\u0259 budur.\u00a0 Baxmaq ist\u0259m\u0259y\u0259nl\u0259r\u0259 v\u0259 ya h\u0259v\u0259si olmayanlara 1-2 c\u00fcml\u0259. M\u0259kt\u0259bd\u0259 yar\u0131m\u015ftat \u00e7al\u0131\u015fan xadim\u0259ni m\u0259kt\u0259b direktoru i\u015fd\u0259n \u00e7\u0131xrar\u0131r. Balalar\u0131n\u0131 doland\u0131rmaq \u00fc\u00e7\u00fcn yegan\u0259 \u00fcmid yeri olan i\u015f yerind\u0259n \u00e7\u0131xar\u0131lan xan\u0131m yenid\u0259n i\u015f\u0259 qay\u0131tmaq \u00fc\u00e7\u00fcn T\u0259hsil Nazirliyin\u0259 m\u00fcracit edir\u00a0 v\u0259 h\u0259ngam\u0259 d\u0259 bundan sonra ba\u015flay\u0131r.\u00a0 Direktor \u201cs\u0259n kims\u0259n ki, m\u0259nd\u0259n \u015fikay\u0259t edirs\u0259n?\u201d deyib, qad\u0131n\u0131 psixi x\u0259st\u0259xanaya sald\u0131r\u0131r, \u0259rin\u0259 d\u00f6yd\u00fcr\u00fcr, \u00fcst\u00fcn\u0259 polis g\u00f6nd\u0259rir.\u00a0 Son olaraq yerli icra hakimiyy\u0259ti z\u0259ng edib deyir ki, \u0259g\u0259r \u015fikay\u0259ti geri g\u00f6t\u00fcrm\u0259s\u0259n yar\u0131m\u00e7\u0131q evini buldozer alt\u0131na ver\u0259c\u0259yik. Bax bel\u0259&#8230;\n<\/p>\n<p>\n  Bu yax\u0131nlarda v\u0259kil kimi \u00e7al\u0131\u015fan bir dostumla s\u00f6hb\u0259t edirdik.\u00a0 Son g\u00f6t\u00fcrd\u00fcy\u00fc i\u015fl\u0259r haqda dan\u0131\u015fark\u0259n birini x\u00fcsusi vur\u011fulad\u0131. Dem\u0259li,\u00a0 iki dost \u015f\u0259h\u0259rd\u0259 g\u0259zirmi\u015f, qar\u015f\u0131lar\u0131na 4-5 n\u0259f\u0259r idman\u00e7\u0131 g\u00f6rk\u0259mli \u015f\u0259xsl\u0259r \u00e7\u0131x\u0131b. Bu 2 dosta s\u00f6z at\u0131blar. Dostlar cavab qaytaranda is\u0259 h\u0259min 4-5 idman\u00e7\u0131 t\u00f6k\u00fcl\u00fc\u015f\u00fcb bu 2 dostu n\u0259yi var \u00e7\u0131rp\u0131blar. Hadis\u0259 yerin\u0259 polis g\u0259lib, ham\u0131s\u0131n\u0131 y\u0131\u011f\u0131\u015fd\u0131r\u0131b apar\u0131b \u015f\u00f6b\u0259y\u0259. Nec\u0259 olubsa, s\u00f6z atan v\u0259 davaya ba\u015flayan, bu 2 n\u0259f\u0259ri d\u00f6y\u0259n h\u0259min o idman\u00e7\u0131lar azad edilib. Bu iki dosta is\u0259 xuliqanl\u0131q madd\u0259si il\u0259 i\u015f a\u00e7\u0131l\u0131b. V\u0259kil dostum deyir ki, h\u0259min o \u015f\u0259xsl\u0259ri ara\u015fd\u0131r\u0131b\u00a0 v\u0259 m\u0259lum olub ki, h\u0259min o idman\u00e7\u0131lardan biri hans\u0131sa a\u015fa\u011f\u0131 r\u00fctb\u0259li m\u0259murun qarda\u015f\u0131 o\u011flu imi\u015f. Bir s\u00f6zl\u0259, \u0259misinin g\u00fcl balas\u0131&#8230;\n<\/p>\n<p>\n  Daha bir n\u00fcmun\u0259. Bu d\u0259f\u0259 \u00f6z sah\u0259mizd\u0259n. Bilirsiniz ki, jurnalistl\u0259r s\u00f6z saxlam\u0131r. Jurnalistl\u0259rl\u0259 ba\u011fl\u0131 hadis\u0259l\u0259r is\u0259 p\u0259rd\u0259arxas\u0131 daha tez yay\u0131l\u0131r. Dem\u0259li, hakimiyy\u0259tin hans\u0131sa qolundan maliyy\u0259l\u0259\u015f\u0259n saytlar\u0131n birind\u0259 reportyor kimi \u00e7al\u0131\u015fan bir jurnalist JEK s\u0259viyy\u0259sind\u0259 olan bir d\u00f6vl\u0259t qurumunun f\u0259aliyy\u0259tini t\u0259nqid ed\u0259n bir reportaj haz\u0131rlay\u0131r. Faktlar yerli yerind\u0259, h\u0259tta h\u0259min d\u00f6vl\u0259t qurumunun m\u00f6vqeyi, filan\u0131 ham\u0131s\u0131 qaydas\u0131nda. Material h\u0259min sayta burax\u0131landan he\u00e7 yar\u0131m saat ke\u00e7m\u0259mi\u015f,\u00a0 z\u0259ngl\u0259r ba\u015flay\u0131r. \u018fvv\u0259lc\u0259 h\u0259min JEK s\u0259viyy\u0259sind\u0259ki d\u00f6vl\u0259t qurumunun m\u0259tbuat xidm\u0259ti, sonra is\u0259 s\u0259dri. \u018fn sonda is\u0259 h\u0259min sayt\u0131 maliyy\u0259l\u0259\u015fdir\u0259n hakimiyy\u0259tin h\u0259min qanad\u0131n\u0131n pul buraxan\u0131.\u00a0 N\u0259tic\u0259d\u0259 material saytdan y\u0131\u011f\u0131\u015fd\u0131r\u0131l\u0131r. H\u0259tta bununla yetinm\u0259yib, jurnalistin i\u015fd\u0259n qovulmas\u0131n\u0131 t\u0259l\u0259b edirl\u0259r v\u0259 ist\u0259dikl\u0259rin\u0259 d\u0259 nail olurlar&#8230;\n<\/p>\n<p>\n  Ayr\u0131-ayr\u0131l\u0131qda 3 n\u00fcmun\u0259 yazd\u0131m. Bu g\u00fcn\u00fcm\u00fcz\u0259 dair. Bura Az\u0259rbaycand\u0131r. AzTV-nin dili il\u0259 des\u0259k, \u201cdemokratiya v\u0259 inki\u015faf yolunda add\u0131mlayan Az\u0259rbaycan\u201d.\u00a0 Bax biz bel\u0259 inki\u015faf edirik. 10 il \u0259vv\u0259l v\u0259ziyy\u0259t tam olaraq \u00fcr\u0259ka\u00e7an olmasa da, bundan f\u0259rqli\u00a0 idi. B\u0259zi nazirl\u0259r \u00f6zl\u0259ri TV-l\u0259ri, q\u0259zetl\u0259ri t\u0259dbirl\u0259rin\u0259 d\u0259v\u0259t ed\u0259rdil\u0259r, saatlarca ayaq \u00fcst\u0259 durub onlar\u0131n suallar\u0131na cavab verm\u0259kd\u0259n \u00e7\u0259kinm\u0259zdil\u0259r. H\u0259tta hans\u0131sa TV-d\u0259 onun sah\u0259sin\u0259 aid material ged\u0259nd\u0259 narahat olar, s\u0259h\u0259r d\u0259rhal bu m\u0259s\u0259l\u0259ni ara\u015fd\u0131rar v\u0259 ayd\u0131nl\u0131q g\u0259tir\u0259rdil\u0259r. \u0130nsanlar\u0131n haqq\u0131 tapdalananda haqq\u0131n\u0131 m\u0259hk\u0259m\u0259d\u0259 axtarar. M\u0259hk\u0259m\u0259 d\u0259 t\u0259min etm\u0259dikd\u0259 say\u0131 az olan azad mediaya \u00e7\u0131xard\u0131lar.\n<\/p>\n<p>\n  5\u00a0 il \u0259vv\u0259l. Nazirl\u0259rin s\u0259sl\u0259rini dem\u0259k olar ki, unuduruq, \u00fczl\u0259rini is\u0259 ancaq t\u0259dbirl\u0259rd\u0259 g\u00f6r\u00fcr\u00fck.\u00a0 Art\u0131q nazirl\u0259rin \u00f6zl\u0259rinin medias\u0131 yaranma\u011fa ba\u015flay\u0131r. M\u0259hk\u0259m\u0259l\u0259r insanlarin \u015fikay\u0259tini t\u0259min etm\u0259dikd\u0259 haqq\u0131 pozulanlar h\u00fcquq m\u00fcdafi\u0259\u00e7il\u0259rin\u0259\u00a0 v\u0259 say\u0131 tamamil\u0259 azalm\u0131\u015f mediaya \u00fcmid edirl\u0259r.\n<\/p>\n<p>\n  Bu g\u00fcn. Insan tapdalan\u0131r, t\u0259hqir olunur, \u0259zilir, haqq\u0131 pozulur. Cavab qaytar\u0131r, haqq\u0131n\u0131 m\u00fcdafi\u0259 etm\u0259k ist\u0259yir, \u015fikay\u0259t edir, n\u0259tic\u0259d\u0259 d\u00f6y\u00fcl\u00fcr,\u00a0 t\u0259hdid olunur, psixi x\u0259st\u0259xanaya, h\u0259bsxanaya sal\u0131n\u0131r, d\u0259rdini dem\u0259y\u0259 he\u00e7 kimi tapm\u0131r. Median\u0131n adi JEK m\u00fcdirin\u0259 g\u00fcc\u00fc \u00e7atm\u0131r. T\u0259nqid s\u00f6z\u00fc m\u0259tbuatdan, leksikondan \u00e7\u0131xar\u0131l\u0131r.\u00a0 Jek m\u00fcdirl\u0259ri, m\u0259kt\u0259b direktorlar\u0131, icra n\u00fcmay\u0259nd\u0259l\u0259ri \u00f6zl\u0259rini ki\u00e7ik pad\u015fahlar say\u0131rlar v\u0259 s\u00f6zl\u0259rini ist\u0259dikl\u0259ri yerd\u0259 ke\u00e7ir\u0259 bilirl\u0259r.\n<\/p>\n<p>\n  B\u0259li. Biz bu g\u00fcnd\u0259 ya\u015fay\u0131r\u0131q. Bura Az\u0259rbaycand\u0131r. Ki\u00e7ik pad\u015fahlar\u0131n- m\u0259murlar\u0131n h\u0259r \u015fey\u0259 nail ola bildiyi, ist\u0259diyini ed\u0259 bildiyi \u00f6lk\u0259. Burda xadim\u0259, f\u0259hl\u0259 v\u0259 ya m\u0259mur qohumu olmayan he\u00e7 kim insan hesab olunmur. Onlara he\u00e7 bir haqq-h\u00fcquq tan\u0131nm\u0131r. Bunu 5- 10 il \u0259vv\u0259l dey\u0259nl\u0259r, proqnoz ed\u0259nl\u0259r vard\u0131. Indi dem\u0259k olar ki, onlar da yoxdur.\n<\/p>\n<p>\n  <b><br \/>\n    Yaz\u0131dak\u0131 fikirl\u0259r m\u00fc\u0259llif\u0259 m\u0259xsusdur v\u0259 onlara g\u00f6r\u0259 Meydan TV m\u0259suliyy\u0259t da\u015f\u0131m\u0131r.<br \/>\n  <\/b><\/p>\n","protected":false},"excerpt":{"rendered":"<p>Ki\u00e7ik pad\u015fahlar \u00f6lk\u0259sind\u0259 insan ola bilm\u0259k<\/p>\n","protected":false},"author":11,"featured_media":23294,"comment_status":"closed","ping_status":"open","sticky":false,"template":"","format":"standard","meta":{"_acf_changed":false,"_sitemap_exclude":false,"_sitemap_priority":"","_sitemap_frequency":"","footnotes":""},"categories":[57],"tags":[],"class_list":["post-167815","post","type-post","status-publish","format-standard","has-post-thumbnail","hentry","category-menim-fikrimce","infinite-scroll-item","generate-columns","tablet-grid-50","mobile-grid-100","grid-parent","grid-33","no-featured-image-padding"],"acf":[],"yoast_head":"<!-- This site is optimized with the Yoast SEO plugin v27.5 - https:\/\/yoast.com\/product\/yoast-seo-wordpress\/ -->\n<title>Analar\u0131 t\u0259hqir edil\u0259n \u00f6vladlar... - MEYDAN.TV<\/title>\n<meta name=\"robots\" content=\"index, follow, max-snippet:-1, max-image-preview:large, max-video-preview:-1\" \/>\n<link rel=\"canonical\" href=\"https:\/\/www.meydan.tv\/az\/article\/analari-tehqir-edilen-ovladlar\/\" \/>\n<meta property=\"og:locale\" content=\"az_AZ\" \/>\n<meta property=\"og:type\" content=\"article\" \/>\n<meta property=\"og:title\" content=\"Analar\u0131 t\u0259hqir edil\u0259n \u00f6vladlar... - MEYDAN.TV\" \/>\n<meta property=\"og:description\" content=\"Ki\u00e7ik pad\u015fahlar \u00f6lk\u0259sind\u0259 insan ola bilm\u0259k\" \/>\n<meta property=\"og:url\" content=\"https:\/\/www.meydan.tv\/az\/article\/analari-tehqir-edilen-ovladlar\/\" \/>\n<meta property=\"og:site_name\" content=\"MEYDAN.TV\" \/>\n<meta property=\"article:published_time\" content=\"2015-05-07T02:48:55+00:00\" \/>\n<meta property=\"og:image\" content=\"https:\/\/www.meydan.tv\/wp-content\/uploads\/8457.jpg\" \/>\n\t<meta property=\"og:image:width\" content=\"500\" \/>\n\t<meta property=\"og:image:height\" content=\"500\" \/>\n\t<meta property=\"og:image:type\" content=\"image\/jpeg\" \/>\n<meta name=\"author\" content=\"user-manager\" \/>\n<meta name=\"twitter:card\" content=\"summary_large_image\" \/>\n<script type=\"application\/ld+json\" class=\"yoast-schema-graph\">{\"@context\":\"https:\\\/\\\/schema.org\",\"@graph\":[{\"@type\":\"Article\",\"@id\":\"https:\\\/\\\/www.meydan.tv\\\/az\\\/article\\\/analari-tehqir-edilen-ovladlar\\\/#article\",\"isPartOf\":{\"@id\":\"https:\\\/\\\/www.meydan.tv\\\/az\\\/article\\\/analari-tehqir-edilen-ovladlar\\\/\"},\"author\":{\"name\":\"user-manager\",\"@id\":\"https:\\\/\\\/www.meydan.tv\\\/az\\\/#\\\/schema\\\/person\\\/10d11eccf6da3662cf5fdab9806ea91a\"},\"headline\":\"Analar\u0131 t\u0259hqir edil\u0259n \u00f6vladlar&#8230;\",\"datePublished\":\"2015-05-07T02:48:55+00:00\",\"mainEntityOfPage\":{\"@id\":\"https:\\\/\\\/www.meydan.tv\\\/az\\\/article\\\/analari-tehqir-edilen-ovladlar\\\/\"},\"wordCount\":1058,\"publisher\":{\"@id\":\"https:\\\/\\\/www.meydan.tv\\\/az\\\/#organization\"},\"image\":{\"@id\":\"https:\\\/\\\/www.meydan.tv\\\/az\\\/article\\\/analari-tehqir-edilen-ovladlar\\\/#primaryimage\"},\"thumbnailUrl\":\"https:\\\/\\\/www.meydan.tv\\\/wp-content\\\/uploads\\\/8457.jpg\",\"articleSection\":[\"M\u0259nim Fikrimc\u0259\"],\"inLanguage\":\"az\"},{\"@type\":\"WebPage\",\"@id\":\"https:\\\/\\\/www.meydan.tv\\\/az\\\/article\\\/analari-tehqir-edilen-ovladlar\\\/\",\"url\":\"https:\\\/\\\/www.meydan.tv\\\/az\\\/article\\\/analari-tehqir-edilen-ovladlar\\\/\",\"name\":\"Analar\u0131 t\u0259hqir edil\u0259n \u00f6vladlar... - MEYDAN.TV\",\"isPartOf\":{\"@id\":\"https:\\\/\\\/www.meydan.tv\\\/az\\\/#website\"},\"primaryImageOfPage\":{\"@id\":\"https:\\\/\\\/www.meydan.tv\\\/az\\\/article\\\/analari-tehqir-edilen-ovladlar\\\/#primaryimage\"},\"image\":{\"@id\":\"https:\\\/\\\/www.meydan.tv\\\/az\\\/article\\\/analari-tehqir-edilen-ovladlar\\\/#primaryimage\"},\"thumbnailUrl\":\"https:\\\/\\\/www.meydan.tv\\\/wp-content\\\/uploads\\\/8457.jpg\",\"datePublished\":\"2015-05-07T02:48:55+00:00\",\"breadcrumb\":{\"@id\":\"https:\\\/\\\/www.meydan.tv\\\/az\\\/article\\\/analari-tehqir-edilen-ovladlar\\\/#breadcrumb\"},\"inLanguage\":\"az\",\"potentialAction\":[{\"@type\":\"ReadAction\",\"target\":[\"https:\\\/\\\/www.meydan.tv\\\/az\\\/article\\\/analari-tehqir-edilen-ovladlar\\\/\"]}]},{\"@type\":\"ImageObject\",\"inLanguage\":\"az\",\"@id\":\"https:\\\/\\\/www.meydan.tv\\\/az\\\/article\\\/analari-tehqir-edilen-ovladlar\\\/#primaryimage\",\"url\":\"https:\\\/\\\/www.meydan.tv\\\/wp-content\\\/uploads\\\/8457.jpg\",\"contentUrl\":\"https:\\\/\\\/www.meydan.tv\\\/wp-content\\\/uploads\\\/8457.jpg\",\"width\":500,\"height\":500,\"caption\":\"Source:\"},{\"@type\":\"BreadcrumbList\",\"@id\":\"https:\\\/\\\/www.meydan.tv\\\/az\\\/article\\\/analari-tehqir-edilen-ovladlar\\\/#breadcrumb\",\"itemListElement\":[{\"@type\":\"ListItem\",\"position\":1,\"name\":\"Ana s\u0259hif\u0259\",\"item\":\"https:\\\/\\\/www.meydan.tv\\\/az\\\/\"},{\"@type\":\"ListItem\",\"position\":2,\"name\":\"M\u0259nim Fikrimc\u0259\",\"item\":\"https:\\\/\\\/www.meydan.tv\\\/az\\\/section\\\/menim-fikrimce\\\/\"},{\"@type\":\"ListItem\",\"position\":3,\"name\":\"Analar\u0131 t\u0259hqir edil\u0259n \u00f6vladlar&#8230;\"}]},{\"@type\":\"WebSite\",\"@id\":\"https:\\\/\\\/www.meydan.tv\\\/az\\\/#website\",\"url\":\"https:\\\/\\\/www.meydan.tv\\\/az\\\/\",\"name\":\"MEYDAN.TV\",\"description\":\"Meydan TV Az\u0259rbaycan\u0131n media m\u0259kan\u0131ndak\u0131 alternativ s\u0259sidir\",\"publisher\":{\"@id\":\"https:\\\/\\\/www.meydan.tv\\\/az\\\/#organization\"},\"potentialAction\":[{\"@type\":\"SearchAction\",\"target\":{\"@type\":\"EntryPoint\",\"urlTemplate\":\"https:\\\/\\\/www.meydan.tv\\\/az\\\/?s={search_term_string}\"},\"query-input\":{\"@type\":\"PropertyValueSpecification\",\"valueRequired\":true,\"valueName\":\"search_term_string\"}}],\"inLanguage\":\"az\"},{\"@type\":\"Organization\",\"@id\":\"https:\\\/\\\/www.meydan.tv\\\/az\\\/#organization\",\"name\":\"Meydan TV\",\"url\":\"https:\\\/\\\/www.meydan.tv\\\/az\\\/\",\"logo\":{\"@type\":\"ImageObject\",\"inLanguage\":\"az\",\"@id\":\"https:\\\/\\\/www.meydan.tv\\\/az\\\/#\\\/schema\\\/logo\\\/image\\\/\",\"url\":\"https:\\\/\\\/www.meydan.tv\\\/wp-content\\\/uploads\\\/2021\\\/07\\\/meydan-logo.svg\",\"contentUrl\":\"https:\\\/\\\/www.meydan.tv\\\/wp-content\\\/uploads\\\/2021\\\/07\\\/meydan-logo.svg\",\"width\":195,\"height\":46,\"caption\":\"Meydan TV\"},\"image\":{\"@id\":\"https:\\\/\\\/www.meydan.tv\\\/az\\\/#\\\/schema\\\/logo\\\/image\\\/\"}},{\"@type\":\"Person\",\"@id\":\"https:\\\/\\\/www.meydan.tv\\\/az\\\/#\\\/schema\\\/person\\\/10d11eccf6da3662cf5fdab9806ea91a\",\"name\":\"user-manager\"}]}<\/script>\n<!-- \/ Yoast SEO plugin. -->","yoast_head_json":{"title":"Analar\u0131 t\u0259hqir edil\u0259n \u00f6vladlar... - MEYDAN.TV","robots":{"index":"index","follow":"follow","max-snippet":"max-snippet:-1","max-image-preview":"max-image-preview:large","max-video-preview":"max-video-preview:-1"},"canonical":"https:\/\/www.meydan.tv\/az\/article\/analari-tehqir-edilen-ovladlar\/","og_locale":"az_AZ","og_type":"article","og_title":"Analar\u0131 t\u0259hqir edil\u0259n \u00f6vladlar... - MEYDAN.TV","og_description":"Ki\u00e7ik pad\u015fahlar \u00f6lk\u0259sind\u0259 insan ola bilm\u0259k","og_url":"https:\/\/www.meydan.tv\/az\/article\/analari-tehqir-edilen-ovladlar\/","og_site_name":"MEYDAN.TV","article_published_time":"2015-05-07T02:48:55+00:00","og_image":[{"width":500,"height":500,"url":"https:\/\/www.meydan.tv\/wp-content\/uploads\/8457.jpg","type":"image\/jpeg"}],"author":"user-manager","twitter_card":"summary_large_image","schema":{"@context":"https:\/\/schema.org","@graph":[{"@type":"Article","@id":"https:\/\/www.meydan.tv\/az\/article\/analari-tehqir-edilen-ovladlar\/#article","isPartOf":{"@id":"https:\/\/www.meydan.tv\/az\/article\/analari-tehqir-edilen-ovladlar\/"},"author":{"name":"user-manager","@id":"https:\/\/www.meydan.tv\/az\/#\/schema\/person\/10d11eccf6da3662cf5fdab9806ea91a"},"headline":"Analar\u0131 t\u0259hqir edil\u0259n \u00f6vladlar&#8230;","datePublished":"2015-05-07T02:48:55+00:00","mainEntityOfPage":{"@id":"https:\/\/www.meydan.tv\/az\/article\/analari-tehqir-edilen-ovladlar\/"},"wordCount":1058,"publisher":{"@id":"https:\/\/www.meydan.tv\/az\/#organization"},"image":{"@id":"https:\/\/www.meydan.tv\/az\/article\/analari-tehqir-edilen-ovladlar\/#primaryimage"},"thumbnailUrl":"https:\/\/www.meydan.tv\/wp-content\/uploads\/8457.jpg","articleSection":["M\u0259nim Fikrimc\u0259"],"inLanguage":"az"},{"@type":"WebPage","@id":"https:\/\/www.meydan.tv\/az\/article\/analari-tehqir-edilen-ovladlar\/","url":"https:\/\/www.meydan.tv\/az\/article\/analari-tehqir-edilen-ovladlar\/","name":"Analar\u0131 t\u0259hqir edil\u0259n \u00f6vladlar... - MEYDAN.TV","isPartOf":{"@id":"https:\/\/www.meydan.tv\/az\/#website"},"primaryImageOfPage":{"@id":"https:\/\/www.meydan.tv\/az\/article\/analari-tehqir-edilen-ovladlar\/#primaryimage"},"image":{"@id":"https:\/\/www.meydan.tv\/az\/article\/analari-tehqir-edilen-ovladlar\/#primaryimage"},"thumbnailUrl":"https:\/\/www.meydan.tv\/wp-content\/uploads\/8457.jpg","datePublished":"2015-05-07T02:48:55+00:00","breadcrumb":{"@id":"https:\/\/www.meydan.tv\/az\/article\/analari-tehqir-edilen-ovladlar\/#breadcrumb"},"inLanguage":"az","potentialAction":[{"@type":"ReadAction","target":["https:\/\/www.meydan.tv\/az\/article\/analari-tehqir-edilen-ovladlar\/"]}]},{"@type":"ImageObject","inLanguage":"az","@id":"https:\/\/www.meydan.tv\/az\/article\/analari-tehqir-edilen-ovladlar\/#primaryimage","url":"https:\/\/www.meydan.tv\/wp-content\/uploads\/8457.jpg","contentUrl":"https:\/\/www.meydan.tv\/wp-content\/uploads\/8457.jpg","width":500,"height":500,"caption":"Source:"},{"@type":"BreadcrumbList","@id":"https:\/\/www.meydan.tv\/az\/article\/analari-tehqir-edilen-ovladlar\/#breadcrumb","itemListElement":[{"@type":"ListItem","position":1,"name":"Ana s\u0259hif\u0259","item":"https:\/\/www.meydan.tv\/az\/"},{"@type":"ListItem","position":2,"name":"M\u0259nim Fikrimc\u0259","item":"https:\/\/www.meydan.tv\/az\/section\/menim-fikrimce\/"},{"@type":"ListItem","position":3,"name":"Analar\u0131 t\u0259hqir edil\u0259n \u00f6vladlar&#8230;"}]},{"@type":"WebSite","@id":"https:\/\/www.meydan.tv\/az\/#website","url":"https:\/\/www.meydan.tv\/az\/","name":"MEYDAN.TV","description":"Meydan TV Az\u0259rbaycan\u0131n media m\u0259kan\u0131ndak\u0131 alternativ s\u0259sidir","publisher":{"@id":"https:\/\/www.meydan.tv\/az\/#organization"},"potentialAction":[{"@type":"SearchAction","target":{"@type":"EntryPoint","urlTemplate":"https:\/\/www.meydan.tv\/az\/?s={search_term_string}"},"query-input":{"@type":"PropertyValueSpecification","valueRequired":true,"valueName":"search_term_string"}}],"inLanguage":"az"},{"@type":"Organization","@id":"https:\/\/www.meydan.tv\/az\/#organization","name":"Meydan TV","url":"https:\/\/www.meydan.tv\/az\/","logo":{"@type":"ImageObject","inLanguage":"az","@id":"https:\/\/www.meydan.tv\/az\/#\/schema\/logo\/image\/","url":"https:\/\/www.meydan.tv\/wp-content\/uploads\/2021\/07\/meydan-logo.svg","contentUrl":"https:\/\/www.meydan.tv\/wp-content\/uploads\/2021\/07\/meydan-logo.svg","width":195,"height":46,"caption":"Meydan TV"},"image":{"@id":"https:\/\/www.meydan.tv\/az\/#\/schema\/logo\/image\/"}},{"@type":"Person","@id":"https:\/\/www.meydan.tv\/az\/#\/schema\/person\/10d11eccf6da3662cf5fdab9806ea91a","name":"user-manager"}]}},"_links":{"self":[{"href":"https:\/\/www.meydan.tv\/az\/wp-json\/wp\/v2\/posts\/167815","targetHints":{"allow":["GET"]}}],"collection":[{"href":"https:\/\/www.meydan.tv\/az\/wp-json\/wp\/v2\/posts"}],"about":[{"href":"https:\/\/www.meydan.tv\/az\/wp-json\/wp\/v2\/types\/post"}],"author":[{"embeddable":true,"href":"https:\/\/www.meydan.tv\/az\/wp-json\/wp\/v2\/users\/11"}],"replies":[{"embeddable":true,"href":"https:\/\/www.meydan.tv\/az\/wp-json\/wp\/v2\/comments?post=167815"}],"version-history":[{"count":0,"href":"https:\/\/www.meydan.tv\/az\/wp-json\/wp\/v2\/posts\/167815\/revisions"}],"wp:featuredmedia":[{"embeddable":true,"href":"https:\/\/www.meydan.tv\/az\/wp-json\/wp\/v2\/media\/23294"}],"wp:attachment":[{"href":"https:\/\/www.meydan.tv\/az\/wp-json\/wp\/v2\/media?parent=167815"}],"wp:term":[{"taxonomy":"category","embeddable":true,"href":"https:\/\/www.meydan.tv\/az\/wp-json\/wp\/v2\/categories?post=167815"},{"taxonomy":"post_tag","embeddable":true,"href":"https:\/\/www.meydan.tv\/az\/wp-json\/wp\/v2\/tags?post=167815"}],"curies":[{"name":"wp","href":"https:\/\/api.w.org\/{rel}","templated":true}]}}