{"id":167812,"date":"2015-05-06T21:46:09","date_gmt":"2015-05-06T21:46:09","guid":{"rendered":"https:\/\/www.meydan.tv\/article\/turkiyece-turkce-deyil\/"},"modified":"2015-05-06T21:46:09","modified_gmt":"2015-05-06T21:46:09","slug":"turkiyece-turkce-deyil","status":"publish","type":"post","link":"https:\/\/www.meydan.tv\/az\/article\/turkiyece-turkce-deyil\/","title":{"rendered":"T\u00fcrkiy\u0259c\u0259 t\u00fcrkc\u0259 deyil"},"content":{"rendered":"<figure class=\"wp-block-image size-large\">\n  <img decoding=\"async\" src=\"https:\/\/www.meydan.tv\/az\/23642\/\" alt=\"\" class=\"wp-image-23642\"\/><figcaption><\/figcaption><\/figure>\n<figure class=\"wp-block-image size-large\">\n  <img decoding=\"async\" src=\"https:\/\/www.meydan.tv\/az\/23645\/\" alt=\"\" class=\"wp-image-23645\"\/><figcaption><\/figcaption><\/figure>\n<p>\n  <b><br \/>\n    1<br \/>\n  <\/b>\n<\/p>\n<p>\n  T\u00fcrkiy\u0259li dil m\u0259murlar\u0131 \u0259ski t\u00fcrkc\u0259 yaz\u0131l\u0131 abid\u0259l\u0259rd\u0259n s\u00f6zl\u0259r g\u00f6t\u00fcr\u0259rk\u0259n o s\u00f6zl\u0259rin m\u0259nalar\u0131n\u0131 ya yanl\u0131\u015f ba\u015fa d\u00fc\u015f\u00fcbl\u0259r, ya da kefl\u0259ri ist\u0259y\u0259n m\u0259nan\u0131 veribl\u0259r dey\u0259, bu da onlar\u0131 \u0259ski t\u00fcrkdilli tarixd\u0259n v\u0259 xalqlardan uzaq salm\u0131\u015fd\u0131r. Onlara qo\u015fulanlar da eyni b\u0259laya tu\u015f g\u0259lir. G\u0259lin, y\u00fczl\u0259rl\u0259 bel\u0259 s\u00f6zl\u0259rd\u0259n bir ne\u00e7\u0259sini tan\u0131yaq:\n<\/p>\n<p>\n  TARTI\u015eMAQ\n<\/p>\n<p>\n  \u018fr\u0259bc\u0259 \u201cm\u00fcbahis\u0259 etm\u0259k\u201d qar\u015f\u0131l\u0131\u011f\u0131nda \u201ctart\u0131\u015fmaq\u201d s\u00f6z\u00fcn\u00fc q\u0259bul edibl\u0259r. D\u0259d\u0259 Qorqud dastan\u0131nda \u201cB\u0259kil o\u011fl\u0131 \u018fmran\u0131\u014b boy\u0131\u201dnda oxuyuruq: \u201cQar\u011fu dal\u0131 s\u00fcg\u00fcl\u0259r il\u0259 q\u0131r\u0131\u015fd\u0131lar, meydanda bu\u011fa kibi s\u00fcs\u0259\u015fdil\u0259r; k\u00f6ksl\u0259ri d\u0259lindi, s\u00fcg\u00fcl\u0259ri s\u0131nd\u0131, bir-birin al\u0131mad\u0131lar. At \u00fcz\u0259rind\u0259n ikisi qarva\u015fd\u0131lar, dart\u0131\u015fd\u0131lar.\u201d Sizin d\u0259 anlad\u0131\u011f\u0131n\u0131z kimi, bu adamlar meydanda m\u00fcbahis\u0259 etmirl\u0259r, b\u0259rk sava\u015f\u0131rlar. \u018fr\u0259bc\u0259nin \u201cm\u00fcbahis\u0259\u201d s\u00f6z\u00fc \u201cb\u0259hs\u201d k\u00f6k\u00fcnd\u0259ndir, bir-biriyl\u0259 dan\u0131\u015fmaq, deyi\u015fm\u0259k dem\u0259kdir. Dart\u0131\u015fmaq is\u0259 \u00e7\u0259ki\u015fm\u0259k kimi bir s\u00f6z olub, qar\u015f\u0131l\u0131ql\u0131 olaraq bir-birind\u0259n, yaxas\u0131ndan, saqqal\u0131ndan, belind\u0259n yap\u0131\u015f\u0131b dartmaq, \u00e7\u0259km\u0259k dem\u0259kdir. \u0130ndi hans\u0131sa bir t\u00fcrkiy\u0259li dil m\u0259muru \u201cdart\u0131\u015fmaq\u201d s\u00f6z\u00fcn\u0259 bil\u0259r\u0259kd\u0259n, ya bilm\u0259y\u0259r\u0259kd\u0259n \u201cm\u00fcbahis\u0259 etm\u0259k\u201d m\u0259nas\u0131 vermi\u015fdir dey\u0259, bizimkil\u0259r s\u00f6z\u00fc o m\u0259nada e\u015fidib i\u015fl\u0259dirl\u0259r. Sonra da utanmadan deyirl\u0259r: \u201cBunun n\u0259yi pisdir?\u201d B\u0259s, az\u0259rbaycanl\u0131 k\u0259ndlinin, izahl\u0131 l\u00fc\u011f\u0259timizin, D\u0259d\u0259 Qorqut dastan\u0131n\u0131n s\u00f6z\u0259 verdiyi m\u0259na hara getsin? \u0130ndi noldu, D\u0259d\u0259 Qorqutun dili yanl\u0131\u015f oldu, t\u00fcrkiy\u0259li dil m\u0259murlar\u0131n\u0131nk\u0131 do\u011fru?!\n<\/p>\n<p>\n  DURUM\n<\/p>\n<p>\n  Bir b\u00f6l\u00fck az\u0259rbaycanl\u0131n\u0131n \u00e7ox bay\u0131ld\u0131\u011f\u0131 s\u00f6zl\u0259rd\u0259n biri d\u0259 \u201cdurum\u201d s\u00f6z\u00fcd\u00fcr. M. Ka\u015f\u011fari 1074-c\u00fc ild\u0259, ba\u015fqa s\u00f6zl\u0259rl\u0259 des\u0259k, h\u0259l\u0259 ayr\u0131-ayr\u0131 t\u00fcrk dill\u0259rinin v\u0259 dialektl\u0259rinin yaranmad\u0131\u011f\u0131 bir \u00e7a\u011fda yaz\u0131b qurtard\u0131\u011f\u0131, t\u00fcrk dilinin \u0259n \u0259ski s\u00f6zl\u00fcy\u00fc say\u0131lan \u201cDivani l\u00fcqatit-t\u00fcrk\u201dd\u0259 \u201cdurum\u201d (\u201cturum\u201d formas\u0131nda yazaraq) s\u00f6z\u00fcn\u00fcn m\u0259nas\u0131n\u0131 bel\u0259 g\u00f6st\u0259rmi\u015fdir: \u201cBirisi aya\u011fa duranda, ayaq \u00fcst\u0259 dayananda onun boyunun uzunlu\u011fu q\u0259d\u0259r uzunluq\u201d. Ka\u015f\u011fari bel\u0259 bir misal g\u00f6st\u0259rmi\u015fdir: \u201cBir \u0259r turum\u0131 suw\u201d \u2013 (Bir adam boyu [d\u0259rinliyind\u0259] su). G\u00f6r\u00fcnd\u00fcy\u00fc kimi, \u201cdurum\u201d \u2013 bizim indiki qulac (qola\u00e7), qar\u0131\u015f s\u00f6zl\u0259rimiz kimi, g\u00f6vd\u0259mizl\u0259 yaratd\u0131\u011f\u0131m\u0131z b\u0259lli bir uzunlu\u011fu bildirir, indi d\u0259 bir \u00e7ox t\u00fcrk dialektind\u0259 \u201cdurum\u201d s\u00f6z\u00fc bu m\u0259nada i\u015fl\u0259nilm\u0259kd\u0259dir. T\u00fcrkiy\u0259 dil idar\u0259sinin i\u015f\u00e7il\u0259ri is\u0259 n\u0259 tarixi ke\u00e7mi\u015f\u0259, n\u0259 d\u0259 ya\u015fayan m\u0259naya fikir verm\u0259d\u0259n \u201cdurum\u201d s\u00f6z\u00fcn\u0259 hal, v\u0259ziyy\u0259t m\u0259nas\u0131 vermi\u015fl\u0259r. Siz Ka\u015f\u011fari-nin g\u00f6st\u0259rdiyi m\u0259na il\u0259 s\u00f6z\u0259 calanan bu m\u0259na aras\u0131nda hans\u0131sa \u0259laq\u0259 qura bilirsinizmi?\n<\/p>\n<p>\n  DO\u011eA\n<\/p>\n<p>\n  \u018fr\u0259bc\u0259nin \u201ct\u0259bi\u0259t\u201d s\u00f6z\u00fcn\u0259 \u201cdo\u011fa\u201d deyibl\u0259r. T\u0259bi\u0259td\u0259 h\u0259r \u015fey do\u011furmu? Bitkil\u0259r, bakteriyalar v\u0259 s. do\u011furlarm\u0131? \u018flb\u0259tt\u0259, yox! Bu, birinci yanl\u0131\u015f. \u0130kinci yanl\u0131\u015f: \u0259ski t\u00fcrkl\u0259r \u0259r\u0259bl\u0259rin \u201ct\u0259bi\u0259t\u201d dedikl\u0259ri fenomeni he\u00e7 tan\u0131m\u0131rd\u0131lar v\u0259 ona he\u00e7 bir ad ver\u0259 bilm\u0259mi\u015fdil\u0259r. Halbuki, \u0259ski t\u00fcrkl\u0259r t\u0259bi\u0259ti tan\u0131y\u0131rd\u0131lar, ona ad da vermi\u015fdil\u0259r, \u0259r\u0259bc\u0259 \u201ct\u0259bi\u0259t\u201d s\u00f6z\u00fcn\u00fcn qar\u015f\u0131l\u0131\u011f\u0131 \u0259ski t\u00fcrkc\u0259 m\u0259tnl\u0259rd\u0259 vard\u0131r, tez-tez d\u0259 i\u015fl\u0259nilmi\u015fdir (o s\u00f6z\u00fc burada yazmaq ist\u0259mir\u0259m), sad\u0259c\u0259, t\u00fcrkiy\u0259lil\u0259r o s\u00f6z\u00fc anlamay\u0131blar. \u00dc\u00e7\u00fcnc\u00fc yanl\u0131\u015f: \u018fski t\u00fcrkdilli m\u0259tnl\u0259rd\u0259 \u0259r\u0259bc\u0259nin \u201ct\u0259bi\u0259t\u201d s\u00f6z\u00fc qar\u015f\u0131l\u0131\u011f\u0131nda i\u015fl\u0259nil\u0259n h\u0259min s\u00f6z\u00fc anlamad\u0131qlar\u0131 \u00fc\u00e7\u00fcn, ona da yanl\u0131\u015f v\u0259 bel\u0259likl\u0259 yen\u0259 k\u00f6kd\u0259n qopar\u0131c\u0131 m\u0259na vermi\u015fl\u0259r.\n<\/p>\n<p>\n  SONUC\n<\/p>\n<p>\n  D\u0259d\u0259 Qorqut dastan\u0131nda tez-tez oxuyuruq: \u201cG\u0259limli-gedimli d\u00fcnya, Son ucu \u00f6l\u00fcml\u00fc d\u00fcnya\u201d. B\u0259y\u0259m, bu, \u201cn\u0259tic\u0259si \u00f6l\u00fcml\u00fc d\u00fcnya\u201d dem\u0259kdir?! Son ucu \u2013 ax\u0131r\u0131 dem\u0259kdir. D\u0259d\u0259 Qorqut dastan\u0131n\u0131 birc\u0259 d\u0259f\u0259 a\u00e7\u0131b oxumam\u0131\u015f, amma t\u00fcrk(iy\u0259li)l\u0259\u015fm\u0259k ist\u0259y\u0259n klaviatura d\u00f6y\u0259cl\u0259y\u0259nl\u0259rimiz D\u0259d\u0259 Qorqut-un dilind\u0259 \u201cax\u0131r\u201d m\u0259nas\u0131n\u0131 bildir\u0259n \u201cson uc\u201d s\u00f6z\u00fcn\u00fc t\u00fcrkiy\u0259c\u0259d\u0259ki kimi \u201cn\u0259tic\u0259\u201d m\u0259nas\u0131nda i\u015fl\u0259tm\u0259kl\u0259 dil yadda\u015f\u0131m\u0131z\u0131 korlad\u0131lar; bel\u0259c\u0259, bizim bu s\u00f6z\u00fc ha\u00e7aqsa \u00f6z\u00fcn\u00fcn d\u00fczg\u00fcn m\u0259nas\u0131nda \u2013 \u201cax\u0131r\u201d m\u0259nas\u0131nda \u2013 diriltm\u0259yimiz\u0259 v\u0259 bununla da dilimizd\u0259n \u0259r\u0259bc\u0259 \u201cax\u0131r\u201d s\u00f6z\u00fcn\u00fc uzaqla\u015fd\u0131rma\u011f\u0131m\u0131za \u0259ng\u0259l oldular, g\u00f6z\u0259l bir s\u00f6z\u00fcm\u00fcz\u00fcn bu imkan\u0131 z\u0259d\u0259l\u0259ndi. T\u00fcrkiy\u0259c\u0259 epidemiyas\u0131na qar\u015f\u0131 indi ay\u0131lmasaq, bir az sonra \u00e7ox s\u00f6zl\u0259rimiz bel\u0259 z\u0259d\u0259l\u0259n\u0259c\u0259kl\u0259r.\n<\/p>\n<p>\n  <b><br \/>\n    2<br \/>\n  <\/b>\n<\/p>\n<p>\n  G\u00f6rd\u00fcy\u00fcn\u00fcz kimi, \u201cnec\u0259g\u0259ldi\u201d qaydas\u0131yla i\u015fl\u0259yibl\u0259r. Bunun a\u011f\u0131r n\u0259tic\u0259l\u0259ri olmu\u015fdur.\n<\/p>\n<p>\n  \u018fn birinci z\u0259rb\u0259 \u00f6zl\u0259rin\u0259 d\u0259ymi\u015fdir: \u018fski t\u00fcrk abid\u0259l\u0259rind\u0259ki t\u00fcrkc\u0259 s\u00f6zl\u0259ri onlara yanl\u0131\u015f m\u0259nalar ver\u0259r\u0259k diriltdikl\u0259ri \u00fc\u00e7\u00fcn, bu g\u00fcnk\u00fc dill\u0259ri \u0259ski t\u00fcrkc\u0259 abid\u0259l\u0259ri oxuyub anlamaqda onlara k\u00f6m\u0259k etm\u0259k \u0259v\u0259zin\u0259, \u0259ksin\u0259, azd\u0131r\u0131c\u0131, \u00e7a\u015fd\u0131r\u0131c\u0131 rol oynay\u0131r. Durum, tart\u0131\u015fmaq, son uc v\u0259 s.\n<\/p>\n<p>\n  O biri yandan is\u0259 bir s\u0131ra t\u00fcrk intellektuallar\u0131 \u00f6zl\u0259ri d\u0259 bunu etiraf edirl\u0259r: \u201cK\u00f6ks\u00fcz v\u0259 yanl\u0131\u015f s\u00f6zl\u0259rin yarad\u0131lmas\u0131 n\u0259tic\u0259sind\u0259 dan\u0131\u015fd\u0131\u011f\u0131m\u0131z dil n\u0259 mifoloji, n\u0259 psixoloji, n\u0259 tarixi, n\u0259 etnoloji, n\u0259 f\u0259ls\u0259fi, q\u0131sas\u0131, he\u00e7 bir sosio-humanitar ara\u015fd\u0131rmada biz\u0259 i\u015f\u0131q ola bilmir, k\u00fclt\u00fcr\u00fcm\u00fcz\u00fc ke\u00e7mi\u015f\u0259 ba\u011flaya bilmir.\u201d\n<\/p>\n<p>\n  \u00dcst\u0259lik, t\u00fcrk dill\u0259ri ail\u0259si i\u00e7ind\u0259 t\u0259kl\u0259nibl\u0259r, bizd\u0259n ba\u015fqa he\u00e7 kimi ba\u015fa d\u00fc\u015fm\u00fcrl\u0259r. Ancaq bu yanl\u0131\u015flar\u0131n\u0131 aradan qald\u0131rmaq \u00fc\u00e7\u00fcn, \u00e7ox pis m\u00f6vqe tutublar: \u201cSiz bizim s\u00f6zl\u0259rimizi \u00f6yr\u0259nin, D\u0259d\u0259 Qorqut-un, M. Ka\u015f\u011fari-nin s\u00f6zl\u0259rini i\u015fl\u0259ts\u0259niz bel\u0259, o s\u00f6zl\u0259ri bizim verdiyimiz m\u0259nalarda i\u015fl\u0259din, biz sizi ba\u015fa d\u00fc\u015fm\u0259s\u0259k d\u0259 olar, siz bizi ba\u015fa d\u00fc\u015f\u00fcn, sonra da siz bizim dilimizd\u0259 dan\u0131\u015f\u0131n. Ortaq t\u00fcrkc\u0259 d\u0259 bizim t\u00fcrkiy\u0259c\u0259miz olsun.\u201d\n<\/p>\n<p>\n  X\u0259st\u0259liyini ba\u015fqalar\u0131na x\u0259b\u0259r verib, onlar\u0131 \u00f6z\u00fcn\u00fc qoruma\u011fa \u00e7a\u011f\u0131rmaq \u0259v\u0259zin\u0259 x\u0259st\u0259liyini ba\u015fqalar\u0131na bil\u0259r\u0259kd\u0259n yoluxdurma\u011f\u0131n ad\u0131 n\u0259dir?!\n<\/p>\n<p>\n  <b><br \/>\n    3<br \/>\n  <\/b>\n<\/p>\n<p>\n  Az\u0259rbaycan dilind\u0259 ist\u0259r sumerc\u0259d\u0259n, ist\u0259r Altay hunlar\u0131n\u0131n dilind\u0259n qalan v\u0259 bu g\u00fcn d\u0259 i\u015fl\u0259nil\u0259n s\u00f6zl\u0259rin say\u0131 t\u00fcrkiy\u0259c\u0259d\u0259kind\u0259n qat-qat \u00e7oxdur. M\u0259s\u0259l\u0259n, sumerc\u0259 \u201cqaba-qi\u201d \u2013 Az\u0259rbaycan dilind\u0259 \u201cqabaq\u201d, sumerc\u0259 opponent, oppozisiya dem\u0259kdir; sumerc\u0259 \u201c\u00e7ibin\u201d \u2013 Az\u0259rbaycan dilind\u0259 d\u0259 \u00e7ibin, mil\u00e7\u0259k ad\u0131d\u0131r; Altay hunlar\u0131n\u0131n dilind\u0259 \u201c\u0259nk\u0259\u201d m\u0259n\u015f\u0259 dem\u0259kdir \u2013 Az\u0259rbaycan dilind\u0259 d\u0259 \u0259nk\u0259 eyni m\u0259nadad\u0131r (t\u00fcrkiy\u0259lil\u0259r \u201ck\u00f6k\u0259n\u201d s\u00f6z\u00fcn\u00fc uydurublar); sumerc\u0259 \u201cqarava\u015f\u201d \u2013 Az\u0259rbaycan dilind\u0259 d\u0259 eyni m\u0259nada; adlar\u0131n\u0131 burada verm\u0259k ist\u0259m\u0259diyim \u0259ski t\u00fcrkdilli m\u0259tnl\u0259rd\u0259 \u201cdo\u011fma, do\u011fmal\u0131q\u201d; b\u0259nz\u0259m\u0259k m\u0259nas\u0131nda \u201cox\u015famaq\u201d; \u201cyoluxmaq\u201d; \u201ct\u00fcl\u0259m\u0259k\u201d v\u0259 s. bu kimi y\u00fczl\u0259rl\u0259 s\u00f6zl\u0259rimiz Az\u0259rbaycan dilind\u0259 eyni m\u0259nada indi d\u0259 i\u015fl\u0259nilm\u0259kd\u0259dirl\u0259r. Bizi q\u0259dim t\u00fcrkl\u00fcy\u0259, tarixin lap qaranl\u0131qlar\u0131na ba\u011flayan y\u00fczl\u0259rl\u0259 bel\u0259 s\u00f6zl\u0259rimizin he\u00e7 biri t\u00fcrkiy\u0259c\u0259nin ikicildlik s\u00f6zl\u00fcy\u00fcnd\u0259 yoxdur, bilmirl\u0259r! Bizim s\u00f6zl\u00fckl\u0259rimiz\u0259 bax\u0131b s\u00f6z \u00f6yr\u0259nm\u0259yi d\u0259 \u00f6zl\u0259rin\u0259 ay\u0131b say\u0131rlar. \u0130ndi kabinetl\u0259rd\u0259 yaratd\u0131qlar\u0131 heroqlifl\u0259rini g\u0259tirib bizim s\u00f6zl\u0259rd\u0259n \u00fcst\u00fcn tuturlar. Biz d\u0259 bamb\u0131l\u0131 kimi d\u00fc\u015fm\u00fc\u015f\u00fck onlar\u0131n dal\u0131na.\n<\/p>\n<p>\n  G\u0259lin, \u0259r\u0259bc\u0259 v\u0259 farsca il\u0259 h\u0259l\u0259 murdarlanmam\u0131\u015fdan qabaq yaz\u0131lm\u0131\u015f \u0259ski t\u00fcrkc\u0259 m\u0259tnl\u0259ri t\u0259hsilsiz bir az\u0259rbaycandilli g\u0259nc\u0259 d\u0259 oxudaq, t\u00fcrkiy\u0259c\u0259 dan\u0131\u015fan t\u0259hsilsiz bir g\u0259nc\u0259 d\u0259: az\u0259rbaycanl\u0131 daha \u00e7ox s\u00f6z anlayacaqd\u0131r.\n<\/p>\n<p>\n  Bir s\u00f6z \u2013 \u0259ski oldu\u011fu q\u0259d\u0259r d\u0259y\u0259rlidir. Bir dil \u2013 onu ke\u00e7mi\u015fin d\u0259rinlikl\u0259rin\u0259 ba\u011flayan do\u011fma s\u00f6zl\u0259rinin say\u0131 q\u0259d\u0259r k\u00f6kl\u00fcd\u00fcr.\n<\/p>\n<p>\n  <b><br \/>\n    4<br \/>\n  <\/b>\n<\/p>\n<p>\n  \u0130ndi d\u0259 t\u00fcrk dil idar\u0259si inzibat\u00e7\u0131lar\u0131n\u0131n yaratd\u0131qlar\u0131 minl\u0259rl\u0259 yanl\u0131\u015f k\u0259lm\u0259l\u0259r haqq\u0131nda da b\u0259lli bir t\u0259s\u0259vv\u00fcr yaratmaq \u00fc\u00e7\u00fcn, g\u0259lin, onlardan bir ne\u00e7\u0259sini tan\u0131yaq:\n<\/p>\n<p>\n  \u00d6ZG\u00dcR\n<\/p>\n<p>\n  Farsca \u201cazad\u201d s\u00f6z\u00fc qar\u015f\u0131l\u0131\u011f\u0131nda \u201c\u00f6zg\u00fcr\u201d s\u00f6z\u00fc d\u00fcz\u0259ldibl\u0259r. Ancaq t\u00fcrk dill\u0259ri v\u0259 dialektl\u0259ri ail\u0259sind\u0259 \u201c-g\u00fcr\u201d dey\u0259 bir sonluq yoxdur! -g\u00fcr sonlu\u011funun havadan g\u00f6t\u00fcr\u00fcld\u00fcy\u00fcn\u00fc \u00f6z dil professorlar\u0131 da boyunlar\u0131na al\u0131rlar (almay\u0131b, neyl\u0259y\u0259sidirl\u0259r). Dil\u00e7il\u0259ri deyirl\u0259r \u201cs\u0259rb\u0259st ilham\u201d (?) alt\u0131nda yarad\u0131l\u0131b bu s\u00f6z. \u00d6z\u00fcnd\u0259n sonluq uydurmaq n\u0259 dem\u0259kdir?!\n<\/p>\n<p>\n  UYQAR, UYQARLIQ\n<\/p>\n<p>\n  \u018fr\u0259bl\u0259rin M\u0259din\u0259 \u015f\u0259h\u0259rinin ad\u0131ndan yaranm\u0131\u015f \u201cm\u0259d\u0259niyy\u0259t\u201d s\u00f6z\u00fcn\u00fc, guya \u201ct\u00fcrkc\u0259\u201dl\u0259\u015fdirm\u0259k \u00fc\u00e7\u00fcn, g\u00f6r\u00fcn, n\u0259 hoqqa \u00e7\u0131xar\u0131blar. Deyibl\u0259r, bu uyqur t\u00fcrkl\u0259ri bilin\u0259n b\u00fct\u00fcn t\u00fcrk tarixind\u0259 b\u00f6y\u00fck m\u0259d\u0259niyy\u0259t yarad\u0131blar. Onda, g\u0259lin, \u201cuyqur\u201d s\u00f6z\u00fcn\u00fcn sonundak\u0131 \u201c-qur\u201d hiss\u0259ciyini d\u0259yi\u015fdirib, ed\u0259k \u201c-qar\u201d, onu yenid\u0259n birl\u0259\u015fdir\u0259k \u201cuy\u201da, olsun \u201cuyqar\u201d. Bel\u0259c\u0259, \u201cm\u0259d\u0259ni\u201d s\u00f6z\u00fc qar\u015f\u0131l\u0131\u011f\u0131nda \u201cuyqar\u201d, \u201cm\u0259d\u0259niyy\u0259t\u201d qar\u015f\u0131l\u0131\u011f\u0131nda da \u201cuyqarl\u0131q\u201d dey\u0259k. \u0130ndi bu, n\u0259dir sizc\u0259, t\u00fcrkl\u0259\u015fm\u0259kdir, m\u0259z\u0259l\u0259nm\u0259kdir n\u0259dir bu? Bir s\u00f6zl\u0259, bu da \u201co s\u00f6z\u201d, y\u0259ni \u201cs\u0259rb\u0259st ilham\u201d.\n<\/p>\n<p>\n  K\u0130M\u0130\n<\/p>\n<p>\n  Bildiyiniz kimi, t\u00fcrk dill\u0259rind\u0259 \u201ckim\u201d, \u201ckimlik\u201d ancaq v\u0259 ancaq insan\u0131, \u015f\u0259xsi bildirir. Buna g\u00f6r\u0259 d\u0259, m\u0259s\u0259l\u0259n, bel\u0259 deyirik: \u201cKimisi yatm\u0131\u015fd\u0131, kimisi oyaq idi.\u201d Bel\u0259 bir c\u00fcml\u0259 il\u0259 s\u00f6hb\u0259tin \u00f6k\u00fczl\u0259rd\u0259n yox, insanlardan getdiyi b\u0259llidir. T\u00fcrkiy\u0259li dil m\u0259murlar\u0131 is\u0259 \u0259r\u0259bc\u0259nin \u201cb\u0259zi\u201d i\u015far\u0259 \u0259v\u0259zliyini \u201ckimi\u201d \u0259v\u0259zliyiyl\u0259 \u0259v\u0259zl\u0259mi\u015fl\u0259r. \u0130ndi t\u00fcrkiy\u0259c\u0259d\u0259 bel\u0259 c\u00fcml\u0259l\u0259r qururlar: \u201cElbisenin kimi yerini kal\u0131n, kimi yerini ince dokudu.\u201d \u2013 (Paltar\u0131n bir s\u0131ra yerl\u0259rini qal\u0131n, bir s\u0131ra yerl\u0259rini inc\u0259 toxudu). Paltar\u0131n hans\u0131sa yeri \u201ckim?\u201d sor\u011fusuna cavab ver\u0259 bil\u0259rmi? T\u00fcrkiy\u0259c\u0259d\u0259 verir.\n<\/p>\n<p>\n  M\u0259s\u0259l\u0259n, az\u0259rbaycan dilind\u0259 \u201cB\u0259zi pi\u015fikl\u0259r \u00e7ox d\u0259c\u0259l olur, b\u0259zil\u0259ri d\u0259 t\u0259mb\u0259l\u201d c\u00fcml\u0259sini t\u00fcrkiy\u0259c\u0259d\u0259 bel\u0259 deyirl\u0259r: \u201cKedil\u0259rin kimisi \u00e7ok yaramaz, kimisi de tembeldir.\u201d H\u0259tta bel\u0259: \u201cKimi kedil\u0259r yaramaz, kimileri tembel\u201d. \u201cB\u0259z\u0259n\u201d \u0259v\u0259zin\u0259 d\u0259 \u201ckimi zaman\u201d deyirl\u0259r. \u018flinizi qoyun \u00fcr\u0259yinizin \u00fcst\u00fcn\u0259, deyin, paltar, pi\u015fik, zaman \u201ckim\u201d \u0259v\u0259zliyi il\u0259 i\u015far\u0259l\u0259n\u0259 bil\u0259rl\u0259rmi, \u0259\u015fyan\u0131n da kimliyi olarm\u0131?! T\u00fcrkiy\u0259c\u0259d\u0259 n\u0259 des\u0259n olar.<br \/>\n  <br \/>\n  \u201cB\u0259zi\u201d i\u015far\u0259 \u0259v\u0259zliyini \u0259v\u0259zl\u0259m\u0259k \u00fc\u00e7\u00fcn, g\u00f6r\u00fcn, Az\u0259rbaycan dilinin ne\u00e7\u0259 c\u00fcr imkan\u0131 vard\u0131r: \u201cBir s\u0131ra\u201d, \u201cbir b\u00f6l\u00fck\u201d, \u201cbir taq\u0131m!\u201d\n<\/p>\n<p>\n  \u0130LG\u0130NC\n<\/p>\n<p>\n  Feil k\u00f6kl\u0259rin\u0259 birl\u0259\u015fib s\u0259rgi, sevgi, \u00e7al\u011f\u0131 kimi isiml\u0259r yaradan -gi (\u011f\u0131) sonlu\u011funu, ili\u015fm\u0259k, ilm\u0259k kimi feill\u0259rd\u0259n tan\u0131d\u0131\u011f\u0131m\u0131z \u201cil-\u201d feil k\u00f6k\u00fcn\u0259 birl\u0259\u015fdirib \u201cilgi\u201d s\u00f6z\u00fcn\u00fc d\u00fcz\u0259ldib v\u0259 s\u00f6z\u0259 yen\u0259 kefl\u0259ri ist\u0259y\u0259n, t\u0259sad\u00fcfi, ya da ehtiyaclar\u0131 olan m\u0259nan\u0131 veribl\u0259r, \u201c\u0259laq\u0259\u201d m\u0259nas\u0131n\u0131.\n<\/p>\n<p>\n  Dilimizd\u0259 qay\u0131d\u0131\u015f n\u00f6v\u00fcnd\u0259 feill\u0259rin \u0259sas\u0131na birl\u0259\u015fib qax\u0131n-c, g\u00fcl\u00fcn-c, sevin-c kimi adlar yaradan -c sonlu\u011funu ada birl\u0259\u015fib yeni ad yaradacaq -nc (-n\u00e7) sonlu\u011fu san\u0131blar. Halbuki, qax\u0131nc, g\u00fcl\u00fcnc, sevinc kimi adlarda n-l\u0259r qay\u0131d\u0131\u015fl\u0131 feilin son s\u0259sidir, sonluq \u00f6z\u00fc is\u0259 -c-dir, -nc yox. \u00dcmumiyy\u0259tl\u0259, t\u00fcrk dill\u0259ri ail\u0259sind\u0259 addan ad d\u00fcz\u0259ld\u0259n -nc (-n\u00e7) dey\u0259 bir sonluq yoxdur. Bunlar is\u0259 el\u0259 bilibl\u0259r sonluq -nc-dir v\u0259 \u201cilgi\u201d s\u00f6z\u00fcn\u0259 -nc sonlu\u011fu yap\u0131\u015fd\u0131r\u0131b, \u201cilginc\u201d s\u00f6z\u00fc d\u00fcz\u0259ldibl\u0259r. Dilimizd\u0259 s\u0259rginc, sevginc, \u00e7al\u011f\u0131nc kimi s\u00f6zl\u0259r yarana bilm\u0259diyi kimi, ilginc s\u00f6z\u00fc d\u0259 yarana bilmir. Bir s\u00f6zl\u0259, \u201cilginc\u201d s\u00f6z\u00fc d\u0259 t\u00fcrkc\u0259 yox, t\u00fcrkiy\u0259c\u0259dir.\n<\/p>\n<p>\n  <b><br \/>\n    5<br \/>\n  <\/b>\n<\/p>\n<p>\n  Son zamanlar \u201cba\u011fl\u0131l\u0131q\u201d s\u00f6z\u00fcm\u00fcz\u00fcn \u0259v\u0259zin\u0259 \u201cilgi\u201d; \u201cqabaq\u201d \u0259v\u0259zin\u0259 \u201c\u00f6n\u201d; \u201cqabaqca\u201d \u0259v\u0259zin\u0259 \u201c\u00f6nc\u0259\u201d; \u201cqabaqlamaq\u201d \u0259v\u0259zin\u0259 \u201c\u00f6nl\u0259m\u0259k\u201d; \u201cumsuq\u201d \u0259v\u0259zin\u0259 \u201c\u00fcz\u00fcnt\u00fcl\u00fc, \u00fczg\u00fcn\u201d; \u201cumsunmaq\u201d \u0259v\u0259zin\u0259 \u201c\u00fczg\u00fcn olmaq\u201d; \u201cdabanlamaq\u201d \u0259v\u0259zin\u0259 \u0259r\u0259bc\u0259-t\u00fcrkiy\u0259c\u0259 \u201ct\u0259qib etm\u0259k\u201d; \u201csor\u011fu\u201d \u0259v\u0259zin\u0259 \u201csoru\u201d; \u201cb\u00f6l\u00fc\u015fm\u0259k\u201d \u0259v\u0259zin\u0259 \u201cpayla\u015fmaq\u201d; \u201cbucaq\u201d \u0259v\u0259zin\u0259 farsca-t\u00fcrkiy\u0259c\u0259 \u201ck\u00f6\u015f\u0259\u201d v\u0259 s. yazmaqla guya bununla ba\u015fqalar\u0131ndan f\u0259rqli, savadl\u0131, modern v\u0259 t\u00fcrk g\u00f6r\u00fcnm\u0259k ist\u0259y\u0259nl\u0259rin saylar\u0131 \u00e7oxal\u0131b. Ancaq bel\u0259 yazmaqlar\u0131yla \u00f6z d\u00fcnyag\u00f6r\u00fc\u015fl\u0259rini, d\u00fc\u015f\u00fcnc\u0259 v\u0259 bilik s\u0259viyy\u0259l\u0259rini v\u0259 daha n\u0259l\u0259rini if\u015fa etm\u0259kl\u0259rind\u0259n, heyf, x\u0259b\u0259rl\u0259ri yoxdur&#8230;\n<\/p>\n<p>\n  Yoxsa, Az\u0259rbaycan t\u00fcrkc\u0259si ikinci sort t\u00fcrkc\u0259dir?!<\/p>\n<p>  (Ard\u0131 yen\u0259 olacaq)\n<\/p>\n<p>\n  <b><br \/>\n    Yaz\u0131dak\u0131 fikirl\u0259r m\u00fc\u0259llif\u0259 m\u0259xsusdur v\u0259 onlara g\u00f6r\u0259 Meydan TV m\u0259suliyy\u0259t da\u015f\u0131m\u0131r.<br \/>\n  <\/b><\/p>\n","protected":false},"excerpt":{"rendered":"<p>Bir s\u00f6z \u2013 \u0259ski oldu\u011fu q\u0259d\u0259r d\u0259y\u0259rlidir.<\/p>\n","protected":false},"author":11,"featured_media":23642,"comment_status":"closed","ping_status":"open","sticky":false,"template":"","format":"standard","meta":{"_acf_changed":false,"_sitemap_exclude":false,"_sitemap_priority":"","_sitemap_frequency":"","footnotes":""},"categories":[57],"tags":[],"class_list":["post-167812","post","type-post","status-publish","format-standard","has-post-thumbnail","hentry","category-menim-fikrimce","infinite-scroll-item","generate-columns","tablet-grid-50","mobile-grid-100","grid-parent","grid-33","no-featured-image-padding"],"acf":[],"yoast_head":"<!-- This site is optimized with the Yoast SEO plugin v27.5 - https:\/\/yoast.com\/product\/yoast-seo-wordpress\/ -->\n<title>T\u00fcrkiy\u0259c\u0259 t\u00fcrkc\u0259 deyil - MEYDAN.TV<\/title>\n<meta name=\"robots\" content=\"index, follow, max-snippet:-1, max-image-preview:large, max-video-preview:-1\" \/>\n<link rel=\"canonical\" href=\"https:\/\/www.meydan.tv\/az\/article\/turkiyece-turkce-deyil\/\" \/>\n<meta property=\"og:locale\" content=\"az_AZ\" \/>\n<meta property=\"og:type\" content=\"article\" \/>\n<meta property=\"og:title\" content=\"T\u00fcrkiy\u0259c\u0259 t\u00fcrkc\u0259 deyil - MEYDAN.TV\" \/>\n<meta property=\"og:description\" content=\"Bir s\u00f6z \u2013 \u0259ski oldu\u011fu q\u0259d\u0259r d\u0259y\u0259rlidir.\" \/>\n<meta property=\"og:url\" content=\"https:\/\/www.meydan.tv\/az\/article\/turkiyece-turkce-deyil\/\" \/>\n<meta property=\"og:site_name\" content=\"MEYDAN.TV\" \/>\n<meta property=\"article:published_time\" content=\"2015-05-06T21:46:09+00:00\" \/>\n<meta property=\"og:image\" content=\"https:\/\/www.meydan.tv\/wp-content\/uploads\/8595.jpg\" \/>\n\t<meta property=\"og:image:width\" content=\"500\" \/>\n\t<meta property=\"og:image:height\" content=\"500\" \/>\n\t<meta property=\"og:image:type\" content=\"image\/jpeg\" \/>\n<meta name=\"author\" content=\"user-manager\" \/>\n<meta name=\"twitter:card\" content=\"summary_large_image\" \/>\n<script type=\"application\/ld+json\" class=\"yoast-schema-graph\">{\"@context\":\"https:\\\/\\\/schema.org\",\"@graph\":[{\"@type\":\"Article\",\"@id\":\"https:\\\/\\\/www.meydan.tv\\\/az\\\/article\\\/turkiyece-turkce-deyil\\\/#article\",\"isPartOf\":{\"@id\":\"https:\\\/\\\/www.meydan.tv\\\/az\\\/article\\\/turkiyece-turkce-deyil\\\/\"},\"author\":{\"name\":\"user-manager\",\"@id\":\"https:\\\/\\\/www.meydan.tv\\\/az\\\/#\\\/schema\\\/person\\\/10d11eccf6da3662cf5fdab9806ea91a\"},\"headline\":\"T\u00fcrkiy\u0259c\u0259 t\u00fcrkc\u0259 deyil\",\"datePublished\":\"2015-05-06T21:46:09+00:00\",\"mainEntityOfPage\":{\"@id\":\"https:\\\/\\\/www.meydan.tv\\\/az\\\/article\\\/turkiyece-turkce-deyil\\\/\"},\"wordCount\":2446,\"publisher\":{\"@id\":\"https:\\\/\\\/www.meydan.tv\\\/az\\\/#organization\"},\"image\":{\"@id\":\"https:\\\/\\\/www.meydan.tv\\\/az\\\/article\\\/turkiyece-turkce-deyil\\\/#primaryimage\"},\"thumbnailUrl\":\"https:\\\/\\\/www.meydan.tv\\\/wp-content\\\/uploads\\\/8595.jpg\",\"articleSection\":[\"M\u0259nim Fikrimc\u0259\"],\"inLanguage\":\"az\"},{\"@type\":\"WebPage\",\"@id\":\"https:\\\/\\\/www.meydan.tv\\\/az\\\/article\\\/turkiyece-turkce-deyil\\\/\",\"url\":\"https:\\\/\\\/www.meydan.tv\\\/az\\\/article\\\/turkiyece-turkce-deyil\\\/\",\"name\":\"T\u00fcrkiy\u0259c\u0259 t\u00fcrkc\u0259 deyil - MEYDAN.TV\",\"isPartOf\":{\"@id\":\"https:\\\/\\\/www.meydan.tv\\\/az\\\/#website\"},\"primaryImageOfPage\":{\"@id\":\"https:\\\/\\\/www.meydan.tv\\\/az\\\/article\\\/turkiyece-turkce-deyil\\\/#primaryimage\"},\"image\":{\"@id\":\"https:\\\/\\\/www.meydan.tv\\\/az\\\/article\\\/turkiyece-turkce-deyil\\\/#primaryimage\"},\"thumbnailUrl\":\"https:\\\/\\\/www.meydan.tv\\\/wp-content\\\/uploads\\\/8595.jpg\",\"datePublished\":\"2015-05-06T21:46:09+00:00\",\"breadcrumb\":{\"@id\":\"https:\\\/\\\/www.meydan.tv\\\/az\\\/article\\\/turkiyece-turkce-deyil\\\/#breadcrumb\"},\"inLanguage\":\"az\",\"potentialAction\":[{\"@type\":\"ReadAction\",\"target\":[\"https:\\\/\\\/www.meydan.tv\\\/az\\\/article\\\/turkiyece-turkce-deyil\\\/\"]}]},{\"@type\":\"ImageObject\",\"inLanguage\":\"az\",\"@id\":\"https:\\\/\\\/www.meydan.tv\\\/az\\\/article\\\/turkiyece-turkce-deyil\\\/#primaryimage\",\"url\":\"https:\\\/\\\/www.meydan.tv\\\/wp-content\\\/uploads\\\/8595.jpg\",\"contentUrl\":\"https:\\\/\\\/www.meydan.tv\\\/wp-content\\\/uploads\\\/8595.jpg\",\"width\":500,\"height\":500,\"caption\":\"Source:\"},{\"@type\":\"BreadcrumbList\",\"@id\":\"https:\\\/\\\/www.meydan.tv\\\/az\\\/article\\\/turkiyece-turkce-deyil\\\/#breadcrumb\",\"itemListElement\":[{\"@type\":\"ListItem\",\"position\":1,\"name\":\"Ana s\u0259hif\u0259\",\"item\":\"https:\\\/\\\/www.meydan.tv\\\/az\\\/\"},{\"@type\":\"ListItem\",\"position\":2,\"name\":\"M\u0259nim Fikrimc\u0259\",\"item\":\"https:\\\/\\\/www.meydan.tv\\\/az\\\/section\\\/menim-fikrimce\\\/\"},{\"@type\":\"ListItem\",\"position\":3,\"name\":\"T\u00fcrkiy\u0259c\u0259 t\u00fcrkc\u0259 deyil\"}]},{\"@type\":\"WebSite\",\"@id\":\"https:\\\/\\\/www.meydan.tv\\\/az\\\/#website\",\"url\":\"https:\\\/\\\/www.meydan.tv\\\/az\\\/\",\"name\":\"MEYDAN.TV\",\"description\":\"Meydan TV Az\u0259rbaycan\u0131n media m\u0259kan\u0131ndak\u0131 alternativ s\u0259sidir\",\"publisher\":{\"@id\":\"https:\\\/\\\/www.meydan.tv\\\/az\\\/#organization\"},\"potentialAction\":[{\"@type\":\"SearchAction\",\"target\":{\"@type\":\"EntryPoint\",\"urlTemplate\":\"https:\\\/\\\/www.meydan.tv\\\/az\\\/?s={search_term_string}\"},\"query-input\":{\"@type\":\"PropertyValueSpecification\",\"valueRequired\":true,\"valueName\":\"search_term_string\"}}],\"inLanguage\":\"az\"},{\"@type\":\"Organization\",\"@id\":\"https:\\\/\\\/www.meydan.tv\\\/az\\\/#organization\",\"name\":\"Meydan TV\",\"url\":\"https:\\\/\\\/www.meydan.tv\\\/az\\\/\",\"logo\":{\"@type\":\"ImageObject\",\"inLanguage\":\"az\",\"@id\":\"https:\\\/\\\/www.meydan.tv\\\/az\\\/#\\\/schema\\\/logo\\\/image\\\/\",\"url\":\"https:\\\/\\\/www.meydan.tv\\\/wp-content\\\/uploads\\\/2021\\\/07\\\/meydan-logo.svg\",\"contentUrl\":\"https:\\\/\\\/www.meydan.tv\\\/wp-content\\\/uploads\\\/2021\\\/07\\\/meydan-logo.svg\",\"width\":195,\"height\":46,\"caption\":\"Meydan TV\"},\"image\":{\"@id\":\"https:\\\/\\\/www.meydan.tv\\\/az\\\/#\\\/schema\\\/logo\\\/image\\\/\"}},{\"@type\":\"Person\",\"@id\":\"https:\\\/\\\/www.meydan.tv\\\/az\\\/#\\\/schema\\\/person\\\/10d11eccf6da3662cf5fdab9806ea91a\",\"name\":\"user-manager\"}]}<\/script>\n<!-- \/ Yoast SEO plugin. -->","yoast_head_json":{"title":"T\u00fcrkiy\u0259c\u0259 t\u00fcrkc\u0259 deyil - MEYDAN.TV","robots":{"index":"index","follow":"follow","max-snippet":"max-snippet:-1","max-image-preview":"max-image-preview:large","max-video-preview":"max-video-preview:-1"},"canonical":"https:\/\/www.meydan.tv\/az\/article\/turkiyece-turkce-deyil\/","og_locale":"az_AZ","og_type":"article","og_title":"T\u00fcrkiy\u0259c\u0259 t\u00fcrkc\u0259 deyil - MEYDAN.TV","og_description":"Bir s\u00f6z \u2013 \u0259ski oldu\u011fu q\u0259d\u0259r d\u0259y\u0259rlidir.","og_url":"https:\/\/www.meydan.tv\/az\/article\/turkiyece-turkce-deyil\/","og_site_name":"MEYDAN.TV","article_published_time":"2015-05-06T21:46:09+00:00","og_image":[{"width":500,"height":500,"url":"https:\/\/www.meydan.tv\/wp-content\/uploads\/8595.jpg","type":"image\/jpeg"}],"author":"user-manager","twitter_card":"summary_large_image","schema":{"@context":"https:\/\/schema.org","@graph":[{"@type":"Article","@id":"https:\/\/www.meydan.tv\/az\/article\/turkiyece-turkce-deyil\/#article","isPartOf":{"@id":"https:\/\/www.meydan.tv\/az\/article\/turkiyece-turkce-deyil\/"},"author":{"name":"user-manager","@id":"https:\/\/www.meydan.tv\/az\/#\/schema\/person\/10d11eccf6da3662cf5fdab9806ea91a"},"headline":"T\u00fcrkiy\u0259c\u0259 t\u00fcrkc\u0259 deyil","datePublished":"2015-05-06T21:46:09+00:00","mainEntityOfPage":{"@id":"https:\/\/www.meydan.tv\/az\/article\/turkiyece-turkce-deyil\/"},"wordCount":2446,"publisher":{"@id":"https:\/\/www.meydan.tv\/az\/#organization"},"image":{"@id":"https:\/\/www.meydan.tv\/az\/article\/turkiyece-turkce-deyil\/#primaryimage"},"thumbnailUrl":"https:\/\/www.meydan.tv\/wp-content\/uploads\/8595.jpg","articleSection":["M\u0259nim Fikrimc\u0259"],"inLanguage":"az"},{"@type":"WebPage","@id":"https:\/\/www.meydan.tv\/az\/article\/turkiyece-turkce-deyil\/","url":"https:\/\/www.meydan.tv\/az\/article\/turkiyece-turkce-deyil\/","name":"T\u00fcrkiy\u0259c\u0259 t\u00fcrkc\u0259 deyil - MEYDAN.TV","isPartOf":{"@id":"https:\/\/www.meydan.tv\/az\/#website"},"primaryImageOfPage":{"@id":"https:\/\/www.meydan.tv\/az\/article\/turkiyece-turkce-deyil\/#primaryimage"},"image":{"@id":"https:\/\/www.meydan.tv\/az\/article\/turkiyece-turkce-deyil\/#primaryimage"},"thumbnailUrl":"https:\/\/www.meydan.tv\/wp-content\/uploads\/8595.jpg","datePublished":"2015-05-06T21:46:09+00:00","breadcrumb":{"@id":"https:\/\/www.meydan.tv\/az\/article\/turkiyece-turkce-deyil\/#breadcrumb"},"inLanguage":"az","potentialAction":[{"@type":"ReadAction","target":["https:\/\/www.meydan.tv\/az\/article\/turkiyece-turkce-deyil\/"]}]},{"@type":"ImageObject","inLanguage":"az","@id":"https:\/\/www.meydan.tv\/az\/article\/turkiyece-turkce-deyil\/#primaryimage","url":"https:\/\/www.meydan.tv\/wp-content\/uploads\/8595.jpg","contentUrl":"https:\/\/www.meydan.tv\/wp-content\/uploads\/8595.jpg","width":500,"height":500,"caption":"Source:"},{"@type":"BreadcrumbList","@id":"https:\/\/www.meydan.tv\/az\/article\/turkiyece-turkce-deyil\/#breadcrumb","itemListElement":[{"@type":"ListItem","position":1,"name":"Ana s\u0259hif\u0259","item":"https:\/\/www.meydan.tv\/az\/"},{"@type":"ListItem","position":2,"name":"M\u0259nim Fikrimc\u0259","item":"https:\/\/www.meydan.tv\/az\/section\/menim-fikrimce\/"},{"@type":"ListItem","position":3,"name":"T\u00fcrkiy\u0259c\u0259 t\u00fcrkc\u0259 deyil"}]},{"@type":"WebSite","@id":"https:\/\/www.meydan.tv\/az\/#website","url":"https:\/\/www.meydan.tv\/az\/","name":"MEYDAN.TV","description":"Meydan TV Az\u0259rbaycan\u0131n media m\u0259kan\u0131ndak\u0131 alternativ s\u0259sidir","publisher":{"@id":"https:\/\/www.meydan.tv\/az\/#organization"},"potentialAction":[{"@type":"SearchAction","target":{"@type":"EntryPoint","urlTemplate":"https:\/\/www.meydan.tv\/az\/?s={search_term_string}"},"query-input":{"@type":"PropertyValueSpecification","valueRequired":true,"valueName":"search_term_string"}}],"inLanguage":"az"},{"@type":"Organization","@id":"https:\/\/www.meydan.tv\/az\/#organization","name":"Meydan TV","url":"https:\/\/www.meydan.tv\/az\/","logo":{"@type":"ImageObject","inLanguage":"az","@id":"https:\/\/www.meydan.tv\/az\/#\/schema\/logo\/image\/","url":"https:\/\/www.meydan.tv\/wp-content\/uploads\/2021\/07\/meydan-logo.svg","contentUrl":"https:\/\/www.meydan.tv\/wp-content\/uploads\/2021\/07\/meydan-logo.svg","width":195,"height":46,"caption":"Meydan TV"},"image":{"@id":"https:\/\/www.meydan.tv\/az\/#\/schema\/logo\/image\/"}},{"@type":"Person","@id":"https:\/\/www.meydan.tv\/az\/#\/schema\/person\/10d11eccf6da3662cf5fdab9806ea91a","name":"user-manager"}]}},"_links":{"self":[{"href":"https:\/\/www.meydan.tv\/az\/wp-json\/wp\/v2\/posts\/167812","targetHints":{"allow":["GET"]}}],"collection":[{"href":"https:\/\/www.meydan.tv\/az\/wp-json\/wp\/v2\/posts"}],"about":[{"href":"https:\/\/www.meydan.tv\/az\/wp-json\/wp\/v2\/types\/post"}],"author":[{"embeddable":true,"href":"https:\/\/www.meydan.tv\/az\/wp-json\/wp\/v2\/users\/11"}],"replies":[{"embeddable":true,"href":"https:\/\/www.meydan.tv\/az\/wp-json\/wp\/v2\/comments?post=167812"}],"version-history":[{"count":0,"href":"https:\/\/www.meydan.tv\/az\/wp-json\/wp\/v2\/posts\/167812\/revisions"}],"wp:featuredmedia":[{"embeddable":true,"href":"https:\/\/www.meydan.tv\/az\/wp-json\/wp\/v2\/media\/23642"}],"wp:attachment":[{"href":"https:\/\/www.meydan.tv\/az\/wp-json\/wp\/v2\/media?parent=167812"}],"wp:term":[{"taxonomy":"category","embeddable":true,"href":"https:\/\/www.meydan.tv\/az\/wp-json\/wp\/v2\/categories?post=167812"},{"taxonomy":"post_tag","embeddable":true,"href":"https:\/\/www.meydan.tv\/az\/wp-json\/wp\/v2\/tags?post=167812"}],"curies":[{"name":"wp","href":"https:\/\/api.w.org\/{rel}","templated":true}]}}