{"id":167811,"date":"2015-05-06T20:18:11","date_gmt":"2015-05-06T20:18:11","guid":{"rendered":"https:\/\/www.meydan.tv\/article\/intiqam-eliyevle-bagli-hokme-yeniden-baxilmalidir\/"},"modified":"2015-05-06T20:18:11","modified_gmt":"2015-05-06T20:18:11","slug":"intiqam-eliyevle-bagli-hokme-yeniden-baxilmalidir","status":"publish","type":"post","link":"https:\/\/www.meydan.tv\/az\/article\/intiqam-eliyevle-bagli-hokme-yeniden-baxilmalidir\/","title":{"rendered":"&#8220;\u0130ntiqam \u018fliyevl\u0259 ba\u011fl\u0131 h\u00f6km\u0259 yenid\u0259n bax\u0131lmal\u0131d\u0131r&#8221;"},"content":{"rendered":"<figure class=\"wp-block-image size-large\">\n  <img decoding=\"async\" src=\"https:\/\/www.meydan.tv\/az\/23853\/\" alt=\"\" class=\"wp-image-23853\"\/><figcaption><\/figcaption><\/figure>\n<figure class=\"wp-block-image size-large\">\n  <img decoding=\"async\" src=\"https:\/\/www.meydan.tv\/az\/23853\/\" alt=\"\" class=\"wp-image-23853\"\/><figcaption><\/figcaption><\/figure>\n<p>\n  <i><br \/>\n    Beyn\u0259lxalq H\u00fcquq\u015f\u00fcnaslar Assosiasiyas\u0131: &#8220;Bu m\u00fchakim\u0259 g\u00f6st\u0259rir ki, ifad\u0259 azadl\u0131\u011f\u0131 h\u00fcququnu h\u0259yata ke\u00e7ir\u0259nl\u0259r\u0259 \u00a0qar\u015f\u0131 siyasi motivli t\u0259qib modeli m\u00f6vcuddur&#8221;<br \/>\n  <\/i>\n<\/p>\n<p>\n  Beyn\u0259lxalq H\u00fcquq\u015f\u00fcnaslar Assosiasiyas\u0131 \u00a0(IBAHRI) \u00a0az\u0259rbaycanl\u0131 h\u00fcquq m\u00fcdafi\u0259\u00e7isi \u0130ntiqam \u018fliyevin bar\u0259sind\u0259 \u00e7\u0131xar\u0131lan h\u00f6km\u00fc pisl\u0259yir v\u0259 Az\u0259rbaycan h\u00f6kum\u0259tini ona yenid\u0259n baxma\u011fa \u00e7a\u011f\u0131r\u0131r. Bu bar\u0259d\u0259 IBAHRI-nin &#8220;Turan \u0130A&#8221;-a daxil olan m\u0259lumat\u0131nda deyilir.\n<\/p>\n<p>\n  \u0130.\u018fliyev Avropa \u0130nsan H\u00fcquqlar\u0131 M\u0259hk\u0259m\u0259sind\u0259\u00a0 insan h\u00fcquqlar\u0131 pozuntusunun qurban\u0131 olan 100-d\u0259n \u00e7ox insan\u0131n h\u00fcquqlar\u0131n\u0131 m\u00fcdafi\u0259 edib. O, 2014-c\u00fc il avqustun 8-d\u0259 vergi \u00f6d\u0259ni\u015find\u0259n yay\u0131nma, qanunsuz sahibkarl\u0131q v\u0259 v\u0259zif\u0259 s\u0259lahiyy\u0259tind\u0259n sui-istifad\u0259 ittiham\u0131 il\u0259 h\u0259bs olunub.\n<\/p>\n<p>\n  2014-c\u00fc il dekabr\u0131n 15-d\u0259 ona qar\u015f\u0131 \u0259lav\u0259 olaraq m\u0259nims\u0259m\u0259 v\u0259 v\u0259zif\u0259 saxtakarl\u0131\u011f\u0131 ittihamlar\u0131 ir\u0259li s\u00fcr\u00fcl\u00fcb.\n<\/p>\n<p>\n  2015-ci il aprelin 15-d\u0259 7,5 il m\u00fcdd\u0259tin\u0259 m\u00fchakim\u0259 olunub.\n<\/p>\n<p>\n  IBAHRI-nin h\u0259ms\u0259dri baronessa Helena Kennedi bununla \u0259laq\u0259dar bildirib: \u201c\u0130ntiqam \u018fliyevin m\u00fchakim\u0259 olunmas\u0131 g\u00f6st\u0259rir ki, Az\u0259rbaycanda v\u0259t\u0259nda\u015f c\u0259miyy\u0259ti f\u0259allar\u0131na v\u0259 h\u00fcquq m\u00fcdaf\u0259\u00e7il\u0259rin\u0259, \u0259sas\u0259n ifad\u0259 azadl\u0131\u011f\u0131 h\u00fcququnu h\u0259yata ke\u00e7ir\u0259nl\u0259r\u0259 \u00a0qar\u015f\u0131 siyasi motivli t\u0259qib modeli m\u00f6vcuddur.\n<\/p>\n<p>\n  IBAHRI Az\u0259rbaycan h\u00f6kum\u0259tini \u0130ntiqam \u018fliyevin bar\u0259sind\u0259 h\u00f6km\u0259 yenid\u0259n baxma\u011fa \u00e7a\u011f\u0131r\u0131r. \u00c7\u00fcnki Az\u0259rbaycan\u0131n b\u00fct\u00fcn v\u0259t\u0259nda\u015flar\u0131 \u00f6lk\u0259nin d\u0259 qo\u015fuldu\u011fu milli v\u0259 siyasi h\u00fcquqlar haqq\u0131nda Beyn\u0259lxalq Pakt\u0131n 14-c\u00fc madd\u0259sind\u0259 z\u0259man\u0259t verilmi\u015f \u0259dal\u0259tli m\u0259hk\u0259m\u0259 \u00e7\u0259ki\u015fm\u0259 h\u00fcququna malikdir.\n<\/p>\n<p>\n  IBAHRI Az\u0259rbaycan\u0131 Avropa \u0130nsan H\u00fcquqlar\u0131 Konvensiyas\u0131n\u0131n 6 v\u0259 10-cu madd\u0259sin\u0259 uy\u011fun olaraq \u00f6z \u00f6hd\u0259likl\u0259rin\u0259 sadiq olma\u011fa \u00e7a\u011f\u0131r\u0131r.\n<\/p>\n<p>\n  \u201cTezlikl\u0259 Az\u0259rbaycan paytaxt\u0131 Avropa Oyunlar\u0131n\u0131 q\u0259bul ed\u0259c\u0259k v\u0259 d\u00fcnyan\u0131n diqq\u0259ti Bak\u0131ya y\u00f6n\u0259l\u0259c\u0259k. \u00a0\u00a0IBAHRI\u00a0 Az\u0259rbaycan h\u00f6kum\u0259tini beyn\u0259lxalq v\u0259 Avropa qanunvericiliyin\u0259 uy\u011fun olaraq, o c\u00fcml\u0259d\u0259n \u00f6z v\u0259t\u0259nda\u015flar\u0131n\u0131n h\u00fcquq v\u0259 azadl\u0131qlar\u0131n\u0131n m\u00fcdafi\u0259si il\u0259 ba\u011fl\u0131 \u00f6hd\u0259likl\u0259rini xat\u0131rlad\u0131r\u201d, &#8211; Helena Kennedi vur\u011fulay\u0131b.<\/p>\n","protected":false},"excerpt":{"rendered":"<p>Beyn\u0259lxalq H\u00fcquq\u015f\u00fcnaslar Assosiasiyas\u0131: &#8220;Bu m\u00fchakim\u0259 g\u00f6st\u0259rir ki, ifad\u0259 azadl\u0131\u011f\u0131 h\u00fcququnu h\u0259yata ke\u00e7ir\u0259nl\u0259r\u0259  qar\u015f\u0131 siyasi motivli t\u0259qib modeli m\u00f6vcuddur&#8221;<\/p>\n","protected":false},"author":11,"featured_media":23853,"comment_status":"closed","ping_status":"open","sticky":false,"template":"","format":"standard","meta":{"_acf_changed":false,"_sitemap_exclude":false,"_sitemap_priority":"","_sitemap_frequency":"","footnotes":""},"categories":[56],"tags":[],"class_list":["post-167811","post","type-post","status-publish","format-standard","has-post-thumbnail","hentry","category-xeberler","infinite-scroll-item","generate-columns","tablet-grid-50","mobile-grid-100","grid-parent","grid-33","no-featured-image-padding"],"acf":[],"yoast_head":"<!-- This site is optimized with the Yoast SEO plugin v28.4 - https:\/\/yoast.com\/product\/yoast-seo-wordpress\/ -->\n<title>&quot;\u0130ntiqam \u018fliyevl\u0259 ba\u011fl\u0131 h\u00f6km\u0259 yenid\u0259n bax\u0131lmal\u0131d\u0131r&quot; - MEYDAN.TV<\/title>\n<meta name=\"robots\" content=\"index, follow, max-snippet:-1, max-image-preview:large, max-video-preview:-1\" \/>\n<link rel=\"canonical\" href=\"https:\/\/www.meydan.tv\/az\/article\/intiqam-eliyevle-bagli-hokme-yeniden-baxilmalidir\/\" \/>\n<meta property=\"og:locale\" content=\"az_AZ\" \/>\n<meta property=\"og:type\" content=\"article\" \/>\n<meta property=\"og:title\" content=\"&quot;\u0130ntiqam \u018fliyevl\u0259 ba\u011fl\u0131 h\u00f6km\u0259 yenid\u0259n bax\u0131lmal\u0131d\u0131r&quot; - MEYDAN.TV\" \/>\n<meta property=\"og:description\" content=\"Beyn\u0259lxalq H\u00fcquq\u015f\u00fcnaslar Assosiasiyas\u0131: &quot;Bu m\u00fchakim\u0259 g\u00f6st\u0259rir ki, ifad\u0259 azadl\u0131\u011f\u0131 h\u00fcququnu h\u0259yata ke\u00e7ir\u0259nl\u0259r\u0259 qar\u015f\u0131 siyasi motivli t\u0259qib modeli m\u00f6vcuddur&quot;\" \/>\n<meta property=\"og:url\" content=\"https:\/\/www.meydan.tv\/az\/article\/intiqam-eliyevle-bagli-hokme-yeniden-baxilmalidir\/\" \/>\n<meta property=\"og:site_name\" content=\"MEYDAN.TV\" \/>\n<meta property=\"article:published_time\" content=\"2015-05-06T20:18:11+00:00\" \/>\n<meta property=\"og:image\" content=\"https:\/\/www.meydan.tv\/wp-content\/uploads\/8673.jpg\" \/>\n\t<meta property=\"og:image:width\" content=\"637\" \/>\n\t<meta property=\"og:image:height\" content=\"400\" \/>\n\t<meta property=\"og:image:type\" content=\"image\/jpeg\" \/>\n<meta name=\"twitter:card\" content=\"summary_large_image\" \/>\n<!-- \/ Yoast SEO plugin. -->","yoast_head_json":{"title":"\"\u0130ntiqam \u018fliyevl\u0259 ba\u011fl\u0131 h\u00f6km\u0259 yenid\u0259n bax\u0131lmal\u0131d\u0131r\" - MEYDAN.TV","robots":{"index":"index","follow":"follow","max-snippet":"max-snippet:-1","max-image-preview":"max-image-preview:large","max-video-preview":"max-video-preview:-1"},"canonical":"https:\/\/www.meydan.tv\/az\/article\/intiqam-eliyevle-bagli-hokme-yeniden-baxilmalidir\/","og_locale":"az_AZ","og_type":"article","og_title":"\"\u0130ntiqam \u018fliyevl\u0259 ba\u011fl\u0131 h\u00f6km\u0259 yenid\u0259n bax\u0131lmal\u0131d\u0131r\" - MEYDAN.TV","og_description":"Beyn\u0259lxalq H\u00fcquq\u015f\u00fcnaslar Assosiasiyas\u0131: \"Bu m\u00fchakim\u0259 g\u00f6st\u0259rir ki, ifad\u0259 azadl\u0131\u011f\u0131 h\u00fcququnu h\u0259yata ke\u00e7ir\u0259nl\u0259r\u0259 qar\u015f\u0131 siyasi motivli t\u0259qib modeli m\u00f6vcuddur\"","og_url":"https:\/\/www.meydan.tv\/az\/article\/intiqam-eliyevle-bagli-hokme-yeniden-baxilmalidir\/","og_site_name":"MEYDAN.TV","article_published_time":"2015-05-06T20:18:11+00:00","og_image":[{"width":637,"height":400,"url":"https:\/\/www.meydan.tv\/wp-content\/uploads\/8673.jpg","type":"image\/jpeg"}],"twitter_card":"summary_large_image","schema":{"@context":"https:\/\/schema.org","@graph":[{"@type":"Article","@id":"https:\/\/www.meydan.tv\/az\/article\/intiqam-eliyevle-bagli-hokme-yeniden-baxilmalidir\/#article","isPartOf":{"@id":"https:\/\/www.meydan.tv\/az\/article\/intiqam-eliyevle-bagli-hokme-yeniden-baxilmalidir\/"},"author":{"name":"user-manager","@id":"https:\/\/www.meydan.tv\/az\/#\/schema\/person\/10d11eccf6da3662cf5fdab9806ea91a"},"headline":"&#8220;\u0130ntiqam \u018fliyevl\u0259 ba\u011fl\u0131 h\u00f6km\u0259 yenid\u0259n bax\u0131lmal\u0131d\u0131r&#8221;","datePublished":"2015-05-06T20:18:11+00:00","mainEntityOfPage":{"@id":"https:\/\/www.meydan.tv\/az\/article\/intiqam-eliyevle-bagli-hokme-yeniden-baxilmalidir\/"},"wordCount":407,"publisher":{"@id":"https:\/\/www.meydan.tv\/az\/#organization"},"image":{"@id":"https:\/\/www.meydan.tv\/az\/article\/intiqam-eliyevle-bagli-hokme-yeniden-baxilmalidir\/#primaryimage"},"thumbnailUrl":"https:\/\/www.meydan.tv\/wp-content\/uploads\/8673.jpg","articleSection":["X\u0259b\u0259rl\u0259r"],"inLanguage":"az"},{"@type":"WebPage","@id":"https:\/\/www.meydan.tv\/az\/article\/intiqam-eliyevle-bagli-hokme-yeniden-baxilmalidir\/","url":"https:\/\/www.meydan.tv\/az\/article\/intiqam-eliyevle-bagli-hokme-yeniden-baxilmalidir\/","name":"\"\u0130ntiqam \u018fliyevl\u0259 ba\u011fl\u0131 h\u00f6km\u0259 yenid\u0259n bax\u0131lmal\u0131d\u0131r\" - MEYDAN.TV","isPartOf":{"@id":"https:\/\/www.meydan.tv\/az\/#website"},"primaryImageOfPage":{"@id":"https:\/\/www.meydan.tv\/az\/article\/intiqam-eliyevle-bagli-hokme-yeniden-baxilmalidir\/#primaryimage"},"image":{"@id":"https:\/\/www.meydan.tv\/az\/article\/intiqam-eliyevle-bagli-hokme-yeniden-baxilmalidir\/#primaryimage"},"thumbnailUrl":"https:\/\/www.meydan.tv\/wp-content\/uploads\/8673.jpg","datePublished":"2015-05-06T20:18:11+00:00","breadcrumb":{"@id":"https:\/\/www.meydan.tv\/az\/article\/intiqam-eliyevle-bagli-hokme-yeniden-baxilmalidir\/#breadcrumb"},"inLanguage":"az","potentialAction":[{"@type":"ReadAction","target":["https:\/\/www.meydan.tv\/az\/article\/intiqam-eliyevle-bagli-hokme-yeniden-baxilmalidir\/"]}]},{"@type":"ImageObject","inLanguage":"az","@id":"https:\/\/www.meydan.tv\/az\/article\/intiqam-eliyevle-bagli-hokme-yeniden-baxilmalidir\/#primaryimage","url":"https:\/\/www.meydan.tv\/wp-content\/uploads\/8673.jpg","contentUrl":"https:\/\/www.meydan.tv\/wp-content\/uploads\/8673.jpg","width":637,"height":400,"caption":"Source:"},{"@type":"BreadcrumbList","@id":"https:\/\/www.meydan.tv\/az\/article\/intiqam-eliyevle-bagli-hokme-yeniden-baxilmalidir\/#breadcrumb","itemListElement":[{"@type":"ListItem","position":1,"name":"Ana s\u0259hif\u0259","item":"https:\/\/www.meydan.tv\/az\/"},{"@type":"ListItem","position":2,"name":"X\u0259b\u0259rl\u0259r","item":"https:\/\/www.meydan.tv\/az\/section\/xeberler\/"},{"@type":"ListItem","position":3,"name":"&#8220;\u0130ntiqam \u018fliyevl\u0259 ba\u011fl\u0131 h\u00f6km\u0259 yenid\u0259n bax\u0131lmal\u0131d\u0131r&#8221;"}]},{"@type":"WebSite","@id":"https:\/\/www.meydan.tv\/az\/#website","url":"https:\/\/www.meydan.tv\/az\/","name":"MEYDAN.TV","description":"Meydan TV Az\u0259rbaycan\u0131n media m\u0259kan\u0131ndak\u0131 alternativ s\u0259sidir","publisher":{"@id":"https:\/\/www.meydan.tv\/az\/#organization"},"potentialAction":[{"@type":"SearchAction","target":{"@type":"EntryPoint","urlTemplate":"https:\/\/www.meydan.tv\/az\/?s={search_term_string}"},"query-input":{"@type":"PropertyValueSpecification","valueRequired":true,"valueName":"search_term_string"}}],"inLanguage":"az"},{"@type":"Organization","@id":"https:\/\/www.meydan.tv\/az\/#organization","name":"Meydan TV","url":"https:\/\/www.meydan.tv\/az\/","logo":{"@type":"ImageObject","inLanguage":"az","@id":"https:\/\/www.meydan.tv\/az\/#\/schema\/logo\/image\/","url":"https:\/\/www.meydan.tv\/wp-content\/uploads\/2021\/07\/meydan-logo.svg","contentUrl":"https:\/\/www.meydan.tv\/wp-content\/uploads\/2021\/07\/meydan-logo.svg","width":195,"height":46,"caption":"Meydan TV"},"image":{"@id":"https:\/\/www.meydan.tv\/az\/#\/schema\/logo\/image\/"}},{"@type":"Person","@id":"https:\/\/www.meydan.tv\/az\/#\/schema\/person\/10d11eccf6da3662cf5fdab9806ea91a","name":"user-manager"}]}},"_links":{"self":[{"href":"https:\/\/www.meydan.tv\/az\/wp-json\/wp\/v2\/posts\/167811","targetHints":{"allow":["GET"]}}],"collection":[{"href":"https:\/\/www.meydan.tv\/az\/wp-json\/wp\/v2\/posts"}],"about":[{"href":"https:\/\/www.meydan.tv\/az\/wp-json\/wp\/v2\/types\/post"}],"author":[{"embeddable":true,"href":"https:\/\/www.meydan.tv\/az\/wp-json\/wp\/v2\/users\/11"}],"replies":[{"embeddable":true,"href":"https:\/\/www.meydan.tv\/az\/wp-json\/wp\/v2\/comments?post=167811"}],"version-history":[{"count":0,"href":"https:\/\/www.meydan.tv\/az\/wp-json\/wp\/v2\/posts\/167811\/revisions"}],"wp:featuredmedia":[{"embeddable":true,"href":"https:\/\/www.meydan.tv\/az\/wp-json\/wp\/v2\/media\/23853"}],"wp:attachment":[{"href":"https:\/\/www.meydan.tv\/az\/wp-json\/wp\/v2\/media?parent=167811"}],"wp:term":[{"taxonomy":"category","embeddable":true,"href":"https:\/\/www.meydan.tv\/az\/wp-json\/wp\/v2\/categories?post=167811"},{"taxonomy":"post_tag","embeddable":true,"href":"https:\/\/www.meydan.tv\/az\/wp-json\/wp\/v2\/tags?post=167811"}],"curies":[{"name":"wp","href":"https:\/\/api.w.org\/{rel}","templated":true}]}}