{"id":167810,"date":"2015-05-06T20:08:54","date_gmt":"2015-05-06T20:08:54","guid":{"rendered":"https:\/\/www.meydan.tv\/article\/muveqqeti-meskenlerde-yaxalayan-olum\/"},"modified":"2015-05-06T20:08:54","modified_gmt":"2015-05-06T20:08:54","slug":"muveqqeti-meskenlerde-yaxalayan-olum","status":"publish","type":"post","link":"https:\/\/www.meydan.tv\/az\/article\/muveqqeti-meskenlerde-yaxalayan-olum\/","title":{"rendered":"M\u00fcv\u0259qq\u0259ti m\u0259sk\u0259nl\u0259rd\u0259 yaxalayan \u00f6l\u00fcm"},"content":{"rendered":"<figure class=\"wp-block-image size-large\">\n  <img decoding=\"async\" src=\"https:\/\/www.meydan.tv\/az\/23835\/\" alt=\"\" class=\"wp-image-23835\"\/><figcaption><\/figcaption><\/figure>\n<figure class=\"wp-block-image size-large\">\n  <img decoding=\"async\" src=\"https:\/\/www.meydan.tv\/az\/23838\/\" alt=\"\" class=\"wp-image-23838\"\/><figcaption><\/figcaption><\/figure>\n<p>\n  H\u0259r \u015feyin q\u0131tla\u015fd\u0131\u011f\u0131 \u00f6lk\u0259d\u0259 m\u00f6vzudan bol he\u00e7 n\u0259 olmasa da, bu tribunadan on be\u015f il \u0259vv\u0259lki t\u0259\u0259ss\u00fcrat\u0131m\u0131 payla\u015fmaq ist\u0259dim. Bizi bitir\u0259-bitir\u0259 davam ed\u0259n h\u0259yat \u00fc\u00e7\u00fcn bu m\u00fcdd\u0259t t\u0259qvim yarpaqlar\u0131ndan ba\u015fqa bir \u015fey deyil. M\u0259nim yadda\u015f\u0131mda is\u0259 h\u0259min m\u00fcdd\u0259t \u00fc\u00e7 parlament be\u015filliyin\u0259 b\u00f6l\u00fcn\u00fcb.\u00a0 Bir hiss\u0259sinin sad\u0259l\u00f6vh i\u015ftirak\u00e7\u0131s\u0131 oldu\u011fum saxta be\u015fillikl\u0259r\u0259&#8230;\n<\/p>\n<p>\n  Bu g\u00fcn, bu yaz\u0131da h\u0259min qanuni saxta oyunlar\u0131 xat\u0131rlamaq niyy\u0259tind\u0259 deyil\u0259m. Sad\u0259c\u0259 \u00fcr\u0259yimd\u0259 \u00f6z\u00fcn\u0259 h\u0259mi\u015f\u0259lik yer el\u0259mi\u015f \u0259ziz xatir\u0259l\u0259r h\u0259min d\u00f6vr\u0259 d\u00fc\u015f\u00fcr.\u00a0 Y\u0259ni, iki ard\u0131c\u0131l parlament se\u00e7kil\u0259rind\u0259n yadda\u015f\u0131mda qalan t\u0259k ger\u00e7\u0259kl\u0259r, \u0259sil insan hekay\u0259tl\u0259ri&#8230;<\/p>\n<p>  &#8230;M\u0259n adam\u0131 b\u00fct\u00fcn hallarda q\u0259fil yaxalayan \u00f6l\u00fcm adl\u0131 b\u0259lan\u0131 yax\u015f\u0131 tan\u0131y\u0131ram. Bu, \u00f6z \u0259sirin\u0259 adam\u0131n g\u00f6z\u00fcn\u00fcn qar\u015f\u0131s\u0131nda i\u015fg\u0259nc\u0259 ver\u0259r\u0259k s\u0259nin \u00e7ar\u0259sizliyind\u0259n h\u0259zz alan, h\u0259yat\u0131n\u0131 c\u0259h\u0259nn\u0259m\u0259 d\u00f6nd\u0259r\u0259n kabusdur. M\u0259n h\u0259min kabusla d\u00fcz \u00fc\u00e7 ay n\u0259f\u0259s-n\u0259f\u0259s\u0259, h\u0259m d\u0259 anam\u0131 \u0259limd\u0259n almas\u0131n dey\u0259 onun ayaqlar\u0131na d\u00fc\u015f\u0259r\u0259k \u201cya\u015fam\u0131\u015fam\u201d.\n<\/p>\n<p>\n  \u00c7iskinli bir pay\u0131z g\u00fcn\u00fc h\u0259min kabus dostum Feruzun qa\u00e7q\u0131nl\u0131qdan b\u0259ri ne\u00e7\u0259 d\u0259f\u0259\u00a0 d\u0259yi\u015fmi\u015f qap\u0131s\u0131n\u0131 k\u0259sdirmi\u015fdi\u2026\n<\/p>\n<p>\n  2005-ci ilin parlament se\u00e7kil\u0259rind\u0259 \u201cdemokratiyan\u0131n q\u0259l\u0259b\u0259si\u201d \u00fc\u00e7\u00fcn \u0259slind\u0259 d\u0259xli olmayan adamlar \u2013 ke\u00e7mi\u015f h\u0259r\u0259kat\u00e7\u0131 olan bizl\u0259r t\u0259m\u0259nnas\u0131z \u00e7al\u0131\u015f\u0131rd\u0131q. O c\u00fcml\u0259d\u0259n \u00f6zf\u0259aliyy\u0259timizin vacib qismi olaraq Q\u0259b\u0259l\u0259d\u0259n m\u00fcxalif\u0259tin namiz\u0259di professor \u0425alid \u018flimirz\u0259yevl\u0259 rayondak\u0131 evind\u0259\u00a0 g\u00f6r\u00fc\u015f\u00fcb, onunla m\u0259tbuat \u00fc\u00e7\u00fcn geni\u015f s\u00f6hb\u0259t apard\u0131q.\n<\/p>\n<p>\n  T\u0259bli\u011fat m\u00fcdd\u0259ti bitirdi dey\u0259, \u0259limizd\u0259 c\u0259mi iki g\u00fcn\u00fcm\u00fcz vard\u0131. Di g\u0259l ki, ax\u015fam s\u00f6hb\u0259ti yazma\u011fa ba\u015flayanda i\u015f\u0131qlar s\u00f6nd\u00fc, \u00fcst\u0259lik qaranl\u0131qda aya\u011f\u0131m\u0131 eyn\u0259yimin \u00fcst\u00fcn\u0259 basd\u0131m. Amma \u201cyenilm\u0259z demokrat\u201d olaraq b\u00fct\u00fcn mani\u0259l\u0259rd\u0259n ke\u00e7ib\u00a0 n\u00f6y\u00fct lampas\u0131yla s\u0259h\u0259r\u0259 q\u0259d\u0259r eyn\u0259ksiz bir topa ka\u011f\u0131zda m\u00fcsahib\u0259nin eskizini d\u00fcz\u0259ltdim. \u0415rt\u0259si ax\u015fam haz\u0131r disk Bak\u0131ya \u00e7apa g\u00f6nd\u0259rilm\u0259liydi.\n<\/p>\n<p>\n  \u0130\u015fin i\u00e7ind\u0259 Feruz da vard\u0131. M\u0259skunla\u015fd\u0131qlar\u0131 \u201cTuristbaza\u201dda i\u015f\u0131qlar\u00a0 \u015f\u0259h\u0259r x\u0259ttin\u0259 nisb\u0259t\u0259n az s\u00f6nd\u00fcy\u00fcnd\u0259n s\u0259h\u0259r g\u0259lib m\u0259ni \u201cevl\u0259rin\u0259\u201d apard\u0131. Onlara veril\u0259n otaqlar\u0131n aras\u0131ndak\u0131 dar bir gu\u015f\u0259 Feruzun \u201credaksiyas\u0131\u201d idi. \u0130btidai \u015f\u0259raitd\u0259 yaz\u0131lm\u0131\u015f bir qucaq ka\u011f\u0131z\u0131 onun komp\u00fcterind\u0259 \u0259ritm\u0259y\u0259 ba\u015flam\u0131\u015fd\u0131q ki, evd\u0259 q\u0259rib\u0259 bir ab-hava oldu\u011funu duydum.<br \/>\n  <br \/>\n  Yan otaqdan g\u0259l\u0259n yava\u015f dan\u0131\u015f\u0131qlar, x\u0259fif ayaq s\u0259sl\u0259ri el\u0259 bil m\u0259ni silk\u0259l\u0259di. Feruza baxd\u0131m: \u2013 \u201cN\u0259 ba\u015f verir?\u201d<br \/>\n  <br \/>\n  Yor\u011fun, \u00fczg\u00fcn s\u0259sl\u0259 p\u0131\u00e7\u0131ldad\u0131:<br \/>\n  <br \/>\n  \u2013 Ki\u015fi\u2026 gedir.\n<\/p>\n<p>\n  Feruzun atas\u0131 qa\u00e7q\u0131nl\u0131\u011f\u0131n\u0131 yataqda s\u00fcrd\u00fcr\u00fcrd\u00fc. \u201cTuristbaza\u201d k\u00f6\u015f\u0259sind\u0259 \u00e7uxura d\u00fc\u015fm\u00fc\u015f g\u00f6zl\u0259rini tavana zill\u0259yib sanki yuxar\u0131dan a\u00e7\u0131qlama g\u00f6zl\u0259y\u0259n a\u011fsaqqal\u0131 bir-iki d\u0259f\u0259 g\u00f6rm\u00fc\u015fd\u00fcm. M\u0259ni e\u015fitm\u0259y\u0259c\u0259yini bil\u0259-bil\u0259 quru, k\u00f6vr\u0259k\u00a0 buda\u011fa d\u00f6n\u0259n \u0259ll\u0259rini ox\u015fay\u0131b guya \u00fcr\u0259k-dir\u0259k vermi\u015fdim ona.\n<\/p>\n<p>\n  Bu a\u011f\u0131r v\u0259 a\u011fr\u0131l\u0131 m\u0259nz\u0259r\u0259y\u0259 d\u00f6z\u0259 bilm\u0259y\u0259c\u0259yimi anlay\u0131b qalxd\u0131m. Taxta arak\u0259sm\u0259nin\u00a0 o t\u0259r\u0259find\u0259 can \u00e7\u0259ki\u015f\u0259n ixtiyar\u0131n \u0259vv\u0259lki d\u0259f\u0259l\u0259rd\u0259 yadda\u015f\u0131ma h\u0259kk olunmu\u015f q\u00fcss\u0259li bax\u0131\u015flar\u0131ndan, ba\u015f verm\u0259kd\u0259 olan \u00f6l\u00fcmd\u0259n qa\u00e7maq \u00fc\u00e7\u00fcn\u2026 Feruzun anas\u0131 Niyar xala yan\u0131m\u0131za g\u0259l\u0259nd\u0259 q\u0259h\u0259rd\u0259n v\u0259 bel\u0259 bir vaxtda \u00e7ox yersiz s\u0259b\u0259bd\u0259n burada oldu\u011fuma g\u00f6r\u0259 x\u0259cal\u0259td\u0259n ba\u015fqa s\u00f6z tapa bilm\u0259dim. Sad\u0259c\u0259 getm\u0259y\u0259 icaz\u0259 ist\u0259dim. Niyar xala \u00f6tk\u0259m s\u0259sl\u0259 etiraz etdi:<br \/>\n  <br \/>\n  \u2013 Olmaz, siz q\u0259zetinizi yaz\u0131n. S\u0259n d\u0259 m\u0259nim balam deyils\u0259nmi? \u0130\u015finizi bitirin, sonra g\u0259lib a\u011flayarsan q\u0259riban day\u0131na.\n<\/p>\n<p>\n  \u00d6z\u00fc d\u0259 sonra a\u011flayacaqd\u0131. H\u0259l\u0259lik h\u0259r k\u0259si yola verm\u0259k, h\u0259r \u015fey\u0259 n\u0259zar\u0259t etm\u0259k, yar\u0131m \u0259srlik \u00f6m\u00fcr yolda\u015f\u0131na q\u0259rib yerd\u0259 urvatl\u0131 m\u0259clis d\u00fcz\u0259ltm\u0259k ona d\u00fc\u015f\u00fcrd\u00fc. Bu arada biz\u0259 d\u0259 ba\u015f \u00e7\u0259km\u0259yi unutmayan Niyar xala \u00e7oxdan ham\u0131m\u0131z \u00fc\u00e7\u00fcn \u0259sil anaya \u00e7evrilmi\u015fdi. Ona \u0259lav\u0259 qay\u011f\u0131\u00a0 olmas\u0131n dey\u0259 yenid\u0259n davam etm\u0259k \u00fc\u00e7\u00fcn \u00e7ar\u0259sizc\u0259 Feruzun yan\u0131nda oturdum.<br \/>\n  <br \/>\n  Biz davam etdiyimiz zaman iki add\u0131m o tayda\u00a0 add\u0131m s\u0259sl\u0259ri, t\u0259\u015fvi\u015f, h\u0259y\u0259can \u00e7oxal\u0131rd\u0131. Biz davam etdikc\u0259 Feruzun m\u0259nim tutqun dikt\u0259ml\u0259 klaviaturada h\u0259r\u0259k\u0259t ed\u0259n barmaqlar\u0131 el\u0259 bil \u00f6l\u00fcm mar\u015f\u0131 \u00e7al\u0131rd\u0131. Biz davam etdikc\u0259 bunun biz oldu\u011funa inanm\u0131rd\u0131m.\n<\/p>\n<p>\n  Qa\u015f qaralanda \u00e7oxalma\u011fa ba\u015flayan adamlar\u0131n aras\u0131ndan Feruz m\u0259ni evimiz\u0259 \u00f6t\u00fcrd\u00fc. T\u0259xmin\u0259n bir saatdan sonra ora qay\u0131danda bayaq biz\u0259 yaz\u0131 yazd\u0131ran \u201ct\u0259l\u0259bkar\u201d Niyar xalan\u0131n ta uzaqlardan g\u0259l\u0259n k\u00f6vr\u0259k, yan\u011f\u0131l\u0131, nisgil dolu a\u011fla\u015f\u0131\u00a0 adam\u0131n i\u00e7ini titr\u0259dirdi.\n<\/p>\n<p>\n  V\u0259 m\u0259n onda anlad\u0131m ki, bizim m\u00fcsahib\u0259miz d\u0259 daxil, m\u0259kt\u0259bd\u0259 sinif n\u00fcmay\u0259nd\u0259sind\u0259n tutmu\u015f \u00f6lk\u0259d\u0259 prezident se\u00e7kil\u0259rin\u0259 q\u0259d\u0259r b\u00fct\u00fcn se\u00e7ki hoqqalar\u0131\u00a0 nisgilli, h\u0259sr\u0259tli analar\u0131n birc\u0259 nal\u0259sin\u0259 d\u0259 d\u0259ym\u0259z.\n<\/p>\n<p>\n  2010-cu ilin parlament se\u00e7kil\u0259ri \u0259r\u0259f\u0259sind\u0259 qa\u00e7q\u0131n \u0259halini q\u0131rm\u0131z\u0131 lent k\u0259s\u0259r\u0259k \u015f\u0259h\u0259r k\u0259nar\u0131nda tikil\u0259n be\u015fm\u0259rt\u0259b\u0259li binalara k\u00f6\u00e7\u00fcr\u00fcb \u201cTuristbaza\u201dn\u0131 \u015fumlad\u0131lar. Feruzgil\u0259 t\u0259z\u0259 m\u0259nzilin m\u00fcbar\u0259kin\u0259 ged\u0259c\u0259yimiz bir vaxtda Niyar xalan\u0131n a\u011f\u0131r x\u0259st\u0259 oldu\u011funu e\u015fitdim. \u00d6z\u00fcm\u00fc onlara yetir\u0259nd\u0259 t\u0259dbirli, qo\u00e7aq Niyar xaladan \u0259s\u0259r-\u0259lam\u0259t qalmasa da, \u0259vv\u0259lki sevgisi, m\u0259rh\u0259m\u0259ti, h\u0259sr\u0259ti avaz\u0131m\u0131\u015f simas\u0131nda daha k\u00f6vr\u0259k nura b\u0259l\u0259nmi\u015fdi. Bunun n\u0259 dem\u0259k oldu\u011funu art\u0131q yax\u015f\u0131 bildiyim\u0259 g\u00f6r\u0259 o g\u00fcn Niyar xalan\u0131 doyunca \u0259zizl\u0259dim. H\u0259l\u0259 qabar\u0131 getm\u0259mi\u015f heysiz \u0259ll\u0259rini aln\u0131mda, sa\u00e7lar\u0131mda hiss etdikc\u0259 bo\u011faz\u0131mdak\u0131 q\u0259h\u0259ri birt\u0259h\u0259r bo\u011fdum ki, m\u0259nim a\u011flama\u011f\u0131m\u0131 da \u00f6z\u00fcn\u0259 d\u0259rd el\u0259m\u0259sin.<br \/>\n  <br \/>\n  Bir h\u0259ft\u0259 sonra o b\u00f6y\u00fck, c\u0259fake\u015f anan\u0131n \u00f6l\u00fcm x\u0259b\u0259rini ald\u0131q. Niyar xala uzun-uzad\u0131 m\u00fcv\u0259qq\u0259ti m\u0259skunla\u015fmalardan o q\u0259d\u0259r yorulmu\u015fdu ki, r\u0259smi \u00fcnvanl\u0131 yeni m\u0259nzild\u0259 ya\u015fama\u011fa g\u00fcc\u00fc qalmad\u0131\u2026\n<\/p>\n<p>\n  H\u0259min o \u00f6t\u0259n parlament se\u00e7kil\u0259rind\u0259 ondan \u00f6t\u0259n d\u0259f\u0259kil\u0259r kimi \u00e7oxillik \u00f6t\u0259n deputat mandat ald\u0131, dedil\u0259r.\n<\/p>\n<p>\n  P.s. V\u0259 o g\u00fcnl\u0259ri \u00e7ay\u00e7\u0131da e\u015fitdim ki, dey\u0259s\u0259n 2015-ci ilin parlament se\u00e7kil\u0259ri bu ilin pay\u0131z\u0131na d\u00fc\u015f\u00fcr\u2026\n<\/p>\n<p>\n  <b><br \/>\n    Yaz\u0131dak\u0131 fikirl\u0259r m\u00fc\u0259llif\u0259 m\u0259xsusdur v\u0259 onlara g\u00f6r\u0259 Meydan TV m\u0259suliyy\u0259t da\u015f\u0131m\u0131r.<br \/>\n  <\/b><\/p>\n","protected":false},"excerpt":{"rendered":"<p>Saxta be\u015fillikl\u0259rin t\u0259bii qurbanlar\u0131&#8230;<\/p>\n","protected":false},"author":11,"featured_media":23835,"comment_status":"closed","ping_status":"open","sticky":false,"template":"","format":"standard","meta":{"_acf_changed":false,"_sitemap_exclude":false,"_sitemap_priority":"","_sitemap_frequency":"","footnotes":""},"categories":[57],"tags":[],"class_list":["post-167810","post","type-post","status-publish","format-standard","has-post-thumbnail","hentry","category-menim-fikrimce","infinite-scroll-item","generate-columns","tablet-grid-50","mobile-grid-100","grid-parent","grid-33","no-featured-image-padding"],"acf":[],"yoast_head":"<!-- This site is optimized with the Yoast SEO plugin v27.5 - https:\/\/yoast.com\/product\/yoast-seo-wordpress\/ -->\n<title>M\u00fcv\u0259qq\u0259ti m\u0259sk\u0259nl\u0259rd\u0259 yaxalayan \u00f6l\u00fcm - MEYDAN.TV<\/title>\n<meta name=\"robots\" content=\"index, follow, max-snippet:-1, max-image-preview:large, max-video-preview:-1\" \/>\n<link rel=\"canonical\" href=\"https:\/\/www.meydan.tv\/az\/article\/muveqqeti-meskenlerde-yaxalayan-olum\/\" \/>\n<meta property=\"og:locale\" content=\"az_AZ\" \/>\n<meta property=\"og:type\" content=\"article\" \/>\n<meta property=\"og:title\" content=\"M\u00fcv\u0259qq\u0259ti m\u0259sk\u0259nl\u0259rd\u0259 yaxalayan \u00f6l\u00fcm - MEYDAN.TV\" \/>\n<meta property=\"og:description\" content=\"Saxta be\u015fillikl\u0259rin t\u0259bii qurbanlar\u0131...\" \/>\n<meta property=\"og:url\" content=\"https:\/\/www.meydan.tv\/az\/article\/muveqqeti-meskenlerde-yaxalayan-olum\/\" \/>\n<meta property=\"og:site_name\" content=\"MEYDAN.TV\" \/>\n<meta property=\"article:published_time\" content=\"2015-05-06T20:08:54+00:00\" \/>\n<meta property=\"og:image\" content=\"https:\/\/www.meydan.tv\/wp-content\/uploads\/8671.jpg\" \/>\n\t<meta property=\"og:image:width\" content=\"500\" \/>\n\t<meta property=\"og:image:height\" content=\"500\" \/>\n\t<meta property=\"og:image:type\" content=\"image\/jpeg\" \/>\n<meta name=\"author\" content=\"user-manager\" \/>\n<meta name=\"twitter:card\" content=\"summary_large_image\" \/>\n<script type=\"application\/ld+json\" class=\"yoast-schema-graph\">{\"@context\":\"https:\\\/\\\/schema.org\",\"@graph\":[{\"@type\":\"Article\",\"@id\":\"https:\\\/\\\/www.meydan.tv\\\/az\\\/article\\\/muveqqeti-meskenlerde-yaxalayan-olum\\\/#article\",\"isPartOf\":{\"@id\":\"https:\\\/\\\/www.meydan.tv\\\/az\\\/article\\\/muveqqeti-meskenlerde-yaxalayan-olum\\\/\"},\"author\":{\"name\":\"user-manager\",\"@id\":\"https:\\\/\\\/www.meydan.tv\\\/az\\\/#\\\/schema\\\/person\\\/10d11eccf6da3662cf5fdab9806ea91a\"},\"headline\":\"M\u00fcv\u0259qq\u0259ti m\u0259sk\u0259nl\u0259rd\u0259 yaxalayan \u00f6l\u00fcm\",\"datePublished\":\"2015-05-06T20:08:54+00:00\",\"mainEntityOfPage\":{\"@id\":\"https:\\\/\\\/www.meydan.tv\\\/az\\\/article\\\/muveqqeti-meskenlerde-yaxalayan-olum\\\/\"},\"wordCount\":1517,\"publisher\":{\"@id\":\"https:\\\/\\\/www.meydan.tv\\\/az\\\/#organization\"},\"image\":{\"@id\":\"https:\\\/\\\/www.meydan.tv\\\/az\\\/article\\\/muveqqeti-meskenlerde-yaxalayan-olum\\\/#primaryimage\"},\"thumbnailUrl\":\"https:\\\/\\\/www.meydan.tv\\\/wp-content\\\/uploads\\\/8671.jpg\",\"articleSection\":[\"M\u0259nim Fikrimc\u0259\"],\"inLanguage\":\"az\"},{\"@type\":\"WebPage\",\"@id\":\"https:\\\/\\\/www.meydan.tv\\\/az\\\/article\\\/muveqqeti-meskenlerde-yaxalayan-olum\\\/\",\"url\":\"https:\\\/\\\/www.meydan.tv\\\/az\\\/article\\\/muveqqeti-meskenlerde-yaxalayan-olum\\\/\",\"name\":\"M\u00fcv\u0259qq\u0259ti m\u0259sk\u0259nl\u0259rd\u0259 yaxalayan \u00f6l\u00fcm - MEYDAN.TV\",\"isPartOf\":{\"@id\":\"https:\\\/\\\/www.meydan.tv\\\/az\\\/#website\"},\"primaryImageOfPage\":{\"@id\":\"https:\\\/\\\/www.meydan.tv\\\/az\\\/article\\\/muveqqeti-meskenlerde-yaxalayan-olum\\\/#primaryimage\"},\"image\":{\"@id\":\"https:\\\/\\\/www.meydan.tv\\\/az\\\/article\\\/muveqqeti-meskenlerde-yaxalayan-olum\\\/#primaryimage\"},\"thumbnailUrl\":\"https:\\\/\\\/www.meydan.tv\\\/wp-content\\\/uploads\\\/8671.jpg\",\"datePublished\":\"2015-05-06T20:08:54+00:00\",\"breadcrumb\":{\"@id\":\"https:\\\/\\\/www.meydan.tv\\\/az\\\/article\\\/muveqqeti-meskenlerde-yaxalayan-olum\\\/#breadcrumb\"},\"inLanguage\":\"az\",\"potentialAction\":[{\"@type\":\"ReadAction\",\"target\":[\"https:\\\/\\\/www.meydan.tv\\\/az\\\/article\\\/muveqqeti-meskenlerde-yaxalayan-olum\\\/\"]}]},{\"@type\":\"ImageObject\",\"inLanguage\":\"az\",\"@id\":\"https:\\\/\\\/www.meydan.tv\\\/az\\\/article\\\/muveqqeti-meskenlerde-yaxalayan-olum\\\/#primaryimage\",\"url\":\"https:\\\/\\\/www.meydan.tv\\\/wp-content\\\/uploads\\\/8671.jpg\",\"contentUrl\":\"https:\\\/\\\/www.meydan.tv\\\/wp-content\\\/uploads\\\/8671.jpg\",\"width\":500,\"height\":500,\"caption\":\"Source:\"},{\"@type\":\"BreadcrumbList\",\"@id\":\"https:\\\/\\\/www.meydan.tv\\\/az\\\/article\\\/muveqqeti-meskenlerde-yaxalayan-olum\\\/#breadcrumb\",\"itemListElement\":[{\"@type\":\"ListItem\",\"position\":1,\"name\":\"Ana s\u0259hif\u0259\",\"item\":\"https:\\\/\\\/www.meydan.tv\\\/az\\\/\"},{\"@type\":\"ListItem\",\"position\":2,\"name\":\"M\u0259nim Fikrimc\u0259\",\"item\":\"https:\\\/\\\/www.meydan.tv\\\/az\\\/section\\\/menim-fikrimce\\\/\"},{\"@type\":\"ListItem\",\"position\":3,\"name\":\"M\u00fcv\u0259qq\u0259ti m\u0259sk\u0259nl\u0259rd\u0259 yaxalayan \u00f6l\u00fcm\"}]},{\"@type\":\"WebSite\",\"@id\":\"https:\\\/\\\/www.meydan.tv\\\/az\\\/#website\",\"url\":\"https:\\\/\\\/www.meydan.tv\\\/az\\\/\",\"name\":\"MEYDAN.TV\",\"description\":\"Meydan TV Az\u0259rbaycan\u0131n media m\u0259kan\u0131ndak\u0131 alternativ s\u0259sidir\",\"publisher\":{\"@id\":\"https:\\\/\\\/www.meydan.tv\\\/az\\\/#organization\"},\"potentialAction\":[{\"@type\":\"SearchAction\",\"target\":{\"@type\":\"EntryPoint\",\"urlTemplate\":\"https:\\\/\\\/www.meydan.tv\\\/az\\\/?s={search_term_string}\"},\"query-input\":{\"@type\":\"PropertyValueSpecification\",\"valueRequired\":true,\"valueName\":\"search_term_string\"}}],\"inLanguage\":\"az\"},{\"@type\":\"Organization\",\"@id\":\"https:\\\/\\\/www.meydan.tv\\\/az\\\/#organization\",\"name\":\"Meydan TV\",\"url\":\"https:\\\/\\\/www.meydan.tv\\\/az\\\/\",\"logo\":{\"@type\":\"ImageObject\",\"inLanguage\":\"az\",\"@id\":\"https:\\\/\\\/www.meydan.tv\\\/az\\\/#\\\/schema\\\/logo\\\/image\\\/\",\"url\":\"https:\\\/\\\/www.meydan.tv\\\/wp-content\\\/uploads\\\/2021\\\/07\\\/meydan-logo.svg\",\"contentUrl\":\"https:\\\/\\\/www.meydan.tv\\\/wp-content\\\/uploads\\\/2021\\\/07\\\/meydan-logo.svg\",\"width\":195,\"height\":46,\"caption\":\"Meydan TV\"},\"image\":{\"@id\":\"https:\\\/\\\/www.meydan.tv\\\/az\\\/#\\\/schema\\\/logo\\\/image\\\/\"}},{\"@type\":\"Person\",\"@id\":\"https:\\\/\\\/www.meydan.tv\\\/az\\\/#\\\/schema\\\/person\\\/10d11eccf6da3662cf5fdab9806ea91a\",\"name\":\"user-manager\"}]}<\/script>\n<!-- \/ Yoast SEO plugin. -->","yoast_head_json":{"title":"M\u00fcv\u0259qq\u0259ti m\u0259sk\u0259nl\u0259rd\u0259 yaxalayan \u00f6l\u00fcm - MEYDAN.TV","robots":{"index":"index","follow":"follow","max-snippet":"max-snippet:-1","max-image-preview":"max-image-preview:large","max-video-preview":"max-video-preview:-1"},"canonical":"https:\/\/www.meydan.tv\/az\/article\/muveqqeti-meskenlerde-yaxalayan-olum\/","og_locale":"az_AZ","og_type":"article","og_title":"M\u00fcv\u0259qq\u0259ti m\u0259sk\u0259nl\u0259rd\u0259 yaxalayan \u00f6l\u00fcm - MEYDAN.TV","og_description":"Saxta be\u015fillikl\u0259rin t\u0259bii qurbanlar\u0131...","og_url":"https:\/\/www.meydan.tv\/az\/article\/muveqqeti-meskenlerde-yaxalayan-olum\/","og_site_name":"MEYDAN.TV","article_published_time":"2015-05-06T20:08:54+00:00","og_image":[{"width":500,"height":500,"url":"https:\/\/www.meydan.tv\/wp-content\/uploads\/8671.jpg","type":"image\/jpeg"}],"author":"user-manager","twitter_card":"summary_large_image","schema":{"@context":"https:\/\/schema.org","@graph":[{"@type":"Article","@id":"https:\/\/www.meydan.tv\/az\/article\/muveqqeti-meskenlerde-yaxalayan-olum\/#article","isPartOf":{"@id":"https:\/\/www.meydan.tv\/az\/article\/muveqqeti-meskenlerde-yaxalayan-olum\/"},"author":{"name":"user-manager","@id":"https:\/\/www.meydan.tv\/az\/#\/schema\/person\/10d11eccf6da3662cf5fdab9806ea91a"},"headline":"M\u00fcv\u0259qq\u0259ti m\u0259sk\u0259nl\u0259rd\u0259 yaxalayan \u00f6l\u00fcm","datePublished":"2015-05-06T20:08:54+00:00","mainEntityOfPage":{"@id":"https:\/\/www.meydan.tv\/az\/article\/muveqqeti-meskenlerde-yaxalayan-olum\/"},"wordCount":1517,"publisher":{"@id":"https:\/\/www.meydan.tv\/az\/#organization"},"image":{"@id":"https:\/\/www.meydan.tv\/az\/article\/muveqqeti-meskenlerde-yaxalayan-olum\/#primaryimage"},"thumbnailUrl":"https:\/\/www.meydan.tv\/wp-content\/uploads\/8671.jpg","articleSection":["M\u0259nim Fikrimc\u0259"],"inLanguage":"az"},{"@type":"WebPage","@id":"https:\/\/www.meydan.tv\/az\/article\/muveqqeti-meskenlerde-yaxalayan-olum\/","url":"https:\/\/www.meydan.tv\/az\/article\/muveqqeti-meskenlerde-yaxalayan-olum\/","name":"M\u00fcv\u0259qq\u0259ti m\u0259sk\u0259nl\u0259rd\u0259 yaxalayan \u00f6l\u00fcm - MEYDAN.TV","isPartOf":{"@id":"https:\/\/www.meydan.tv\/az\/#website"},"primaryImageOfPage":{"@id":"https:\/\/www.meydan.tv\/az\/article\/muveqqeti-meskenlerde-yaxalayan-olum\/#primaryimage"},"image":{"@id":"https:\/\/www.meydan.tv\/az\/article\/muveqqeti-meskenlerde-yaxalayan-olum\/#primaryimage"},"thumbnailUrl":"https:\/\/www.meydan.tv\/wp-content\/uploads\/8671.jpg","datePublished":"2015-05-06T20:08:54+00:00","breadcrumb":{"@id":"https:\/\/www.meydan.tv\/az\/article\/muveqqeti-meskenlerde-yaxalayan-olum\/#breadcrumb"},"inLanguage":"az","potentialAction":[{"@type":"ReadAction","target":["https:\/\/www.meydan.tv\/az\/article\/muveqqeti-meskenlerde-yaxalayan-olum\/"]}]},{"@type":"ImageObject","inLanguage":"az","@id":"https:\/\/www.meydan.tv\/az\/article\/muveqqeti-meskenlerde-yaxalayan-olum\/#primaryimage","url":"https:\/\/www.meydan.tv\/wp-content\/uploads\/8671.jpg","contentUrl":"https:\/\/www.meydan.tv\/wp-content\/uploads\/8671.jpg","width":500,"height":500,"caption":"Source:"},{"@type":"BreadcrumbList","@id":"https:\/\/www.meydan.tv\/az\/article\/muveqqeti-meskenlerde-yaxalayan-olum\/#breadcrumb","itemListElement":[{"@type":"ListItem","position":1,"name":"Ana s\u0259hif\u0259","item":"https:\/\/www.meydan.tv\/az\/"},{"@type":"ListItem","position":2,"name":"M\u0259nim Fikrimc\u0259","item":"https:\/\/www.meydan.tv\/az\/section\/menim-fikrimce\/"},{"@type":"ListItem","position":3,"name":"M\u00fcv\u0259qq\u0259ti m\u0259sk\u0259nl\u0259rd\u0259 yaxalayan \u00f6l\u00fcm"}]},{"@type":"WebSite","@id":"https:\/\/www.meydan.tv\/az\/#website","url":"https:\/\/www.meydan.tv\/az\/","name":"MEYDAN.TV","description":"Meydan TV Az\u0259rbaycan\u0131n media m\u0259kan\u0131ndak\u0131 alternativ s\u0259sidir","publisher":{"@id":"https:\/\/www.meydan.tv\/az\/#organization"},"potentialAction":[{"@type":"SearchAction","target":{"@type":"EntryPoint","urlTemplate":"https:\/\/www.meydan.tv\/az\/?s={search_term_string}"},"query-input":{"@type":"PropertyValueSpecification","valueRequired":true,"valueName":"search_term_string"}}],"inLanguage":"az"},{"@type":"Organization","@id":"https:\/\/www.meydan.tv\/az\/#organization","name":"Meydan TV","url":"https:\/\/www.meydan.tv\/az\/","logo":{"@type":"ImageObject","inLanguage":"az","@id":"https:\/\/www.meydan.tv\/az\/#\/schema\/logo\/image\/","url":"https:\/\/www.meydan.tv\/wp-content\/uploads\/2021\/07\/meydan-logo.svg","contentUrl":"https:\/\/www.meydan.tv\/wp-content\/uploads\/2021\/07\/meydan-logo.svg","width":195,"height":46,"caption":"Meydan TV"},"image":{"@id":"https:\/\/www.meydan.tv\/az\/#\/schema\/logo\/image\/"}},{"@type":"Person","@id":"https:\/\/www.meydan.tv\/az\/#\/schema\/person\/10d11eccf6da3662cf5fdab9806ea91a","name":"user-manager"}]}},"_links":{"self":[{"href":"https:\/\/www.meydan.tv\/az\/wp-json\/wp\/v2\/posts\/167810","targetHints":{"allow":["GET"]}}],"collection":[{"href":"https:\/\/www.meydan.tv\/az\/wp-json\/wp\/v2\/posts"}],"about":[{"href":"https:\/\/www.meydan.tv\/az\/wp-json\/wp\/v2\/types\/post"}],"author":[{"embeddable":true,"href":"https:\/\/www.meydan.tv\/az\/wp-json\/wp\/v2\/users\/11"}],"replies":[{"embeddable":true,"href":"https:\/\/www.meydan.tv\/az\/wp-json\/wp\/v2\/comments?post=167810"}],"version-history":[{"count":0,"href":"https:\/\/www.meydan.tv\/az\/wp-json\/wp\/v2\/posts\/167810\/revisions"}],"wp:featuredmedia":[{"embeddable":true,"href":"https:\/\/www.meydan.tv\/az\/wp-json\/wp\/v2\/media\/23835"}],"wp:attachment":[{"href":"https:\/\/www.meydan.tv\/az\/wp-json\/wp\/v2\/media?parent=167810"}],"wp:term":[{"taxonomy":"category","embeddable":true,"href":"https:\/\/www.meydan.tv\/az\/wp-json\/wp\/v2\/categories?post=167810"},{"taxonomy":"post_tag","embeddable":true,"href":"https:\/\/www.meydan.tv\/az\/wp-json\/wp\/v2\/tags?post=167810"}],"curies":[{"name":"wp","href":"https:\/\/api.w.org\/{rel}","templated":true}]}}