{"id":167808,"date":"2015-05-06T19:58:20","date_gmt":"2015-05-06T19:58:20","guid":{"rendered":"https:\/\/www.meydan.tv\/article\/avropa-oyunlarini-isiqlandiracaq-jurnalistler-ucun-telimat-hazirlanib\/"},"modified":"2015-05-06T19:58:20","modified_gmt":"2015-05-06T19:58:20","slug":"avropa-oyunlarini-isiqlandiracaq-jurnalistler-ucun-telimat-hazirlanib","status":"publish","type":"post","link":"https:\/\/www.meydan.tv\/az\/article\/avropa-oyunlarini-isiqlandiracaq-jurnalistler-ucun-telimat-hazirlanib\/","title":{"rendered":"Avropa Oyunlar\u0131n\u0131 i\u015f\u0131qland\u0131racaq jurnalistl\u0259r \u00fc\u00e7\u00fcn t\u0259limat haz\u0131rlan\u0131b"},"content":{"rendered":"<figure class=\"wp-block-image size-large\">\n  <img decoding=\"async\" src=\"https:\/\/www.meydan.tv\/az\/23841\/\" alt=\"\" class=\"wp-image-23841\"\/><figcaption><\/figcaption><\/figure>\n<figure class=\"wp-block-image size-large\">\n  <img decoding=\"async\" src=\"https:\/\/www.meydan.tv\/az\/23841\/\" alt=\"\" class=\"wp-image-23841\"\/><figcaption><\/figcaption><\/figure>\n<p>\n  <i><br \/>\n    &#8220;Human Rights Watch&#8221;: &#8220;Az\u0259rbaycan h\u00f6kum\u0259tinin \u0259m\u0259ll\u0259ri Olimpiya Xartiyas\u0131na ziddir&#8221;<br \/>\n  <\/i>\n<\/p>\n<p>\n  &#8220;Human Rights Watch&#8221; Bak\u0131da Avropa Oyunlar\u0131n\u0131 i\u015f\u0131qland\u0131racaq jurnalistl\u0259r \u00fc\u00e7\u00fcn t\u0259limat d\u0259rc edib. Bu s\u0259n\u0259dd\u0259 \u0259sas insan h\u00fcquqlar\u0131 probleml\u0259ri, k\u0259skin \u015f\u0259kild\u0259 pisl\u0259\u015f\u0259n v\u0259ziyy\u0259t v\u0259 Az\u0259rbaycan h\u00f6kum\u0259tinin b\u00fct\u00fcn bu \u0259m\u0259ll\u0259rinin Olimpiya Xartiyas\u0131na nec\u0259 zidd oldu\u011fu \u0259ksini tap\u0131r.\n<\/p>\n<p>\n  \u201cH\u00f6kum\u0259t repressiyalar\u0131 bu oyunlar\u0131 qeyri-d\u00fczg\u00fcn edir v\u0259 jurnalistl\u0259r bunu bilm\u0259lidirl\u0259r. T\u0259limatda hakimiyy\u0259tin f\u0259rqli d\u00fc\u015f\u00fcnc\u0259nin bo\u011fulmas\u0131 \u00fczr\u0259 misli g\u00f6r\u00fcnm\u0259mi\u015f kampaniyas\u0131 t\u0259svir edilib\u201d, dey\u0259 Ceyn Byukenen bildirib.\n<\/p>\n<p>\n  \u201cB\u00fct\u00fcn bunlar 35-d\u0259n \u00e7ox jurnalist, h\u00fcquq m\u00fcdafi\u0259\u00e7isi v\u0259 f\u0259allar\u0131n h\u0259bsxanaya d\u00fc\u015fm\u0259sin\u0259, \u00e7oxunun is\u0259 \u00f6lk\u0259ni t\u0259rk etm\u0259k m\u0259cburiyy\u0259tind\u0259 qalmas\u0131na g\u0259tirib \u00e7\u0131xar\u0131b\u201d, dey\u0259 o qeyd edib.\n<\/p>\n<p>\n  K\u0130V azadl\u0131\u011f\u0131n\u0131n m\u0259hdudla\u015fd\u0131r\u0131lmas\u0131 v\u0259 yerli jurnalistl\u0259rin h\u0259bsi xarici m\u0259tbuat\u0131n Avropa Oyunlar\u0131n\u0131 i\u015f\u0131qland\u0131rmaq qabiliyy\u0259tini v\u0259 \u00f6lk\u0259d\u0259 \u00fcmumi v\u0259ziyy\u0259ti pisl\u0259\u015fdirir, HRW bel\u0259 hesab edir.\n<\/p>\n<p>\n  \u201cBak\u0131 oyunlar\u0131 Olimpiya Xartiyas\u0131n\u0131n himay\u0259si alt\u0131nda t\u0259\u015fkil edilib. Bu xartiyada insan l\u0259yaq\u0259tin\u0259 h\u00f6rm\u0259t prinsipi v\u0259 onun t\u0259\u015fviqind\u0259 idman\u0131n rolu t\u0259sbit edilib. Hakimiyy\u0259tin siyas\u0259ti bu prinsip\u0259 ziddir\u201d, dey\u0259 Byukenen bildirib.\n<\/p>\n<p>\n  Jurnalistl\u0259r \u00fc\u00e7\u00fcn Avropa Oyunlar\u0131n\u0131n i\u015f\u0131qland\u0131r\u0131lmas\u0131 \u00fczr\u0259 T\u0259limat\u0131 a\u015fa\u011f\u0131dak\u0131 linkd\u0259 oxumaq olar:\n<\/p>\n<p>\n  <a href=\"http:\/\/www.hrw.org\/news\/2015\/05\/05\/reporters-guide-covering-2015-european-games-baku-azerbaijan\" target=\"_blank\" rel=\"noopener\"><br \/>\n    http:\/\/www.hrw.org\/news\/2015\/05\/05\/reporters-guide-covering-2015-european-games-baku-azerbaijan<br \/>\n  <\/a><\/p>\n","protected":false},"excerpt":{"rendered":"<p>&#8220;Human Rights Watch&#8221;: &#8220;Az\u0259rbaycan h\u00f6kum\u0259tinin \u0259m\u0259ll\u0259ri Olimpiya Xartiyas\u0131na ziddir&#8221;<\/p>\n","protected":false},"author":11,"featured_media":23841,"comment_status":"closed","ping_status":"open","sticky":false,"template":"","format":"standard","meta":{"_acf_changed":false,"_sitemap_exclude":false,"_sitemap_priority":"","_sitemap_frequency":"","footnotes":""},"categories":[56],"tags":[],"class_list":["post-167808","post","type-post","status-publish","format-standard","has-post-thumbnail","hentry","category-xeberler","infinite-scroll-item","generate-columns","tablet-grid-50","mobile-grid-100","grid-parent","grid-33","no-featured-image-padding"],"acf":[],"yoast_head":"<!-- This site is optimized with the Yoast SEO plugin v28.4 - https:\/\/yoast.com\/product\/yoast-seo-wordpress\/ -->\n<title>Avropa Oyunlar\u0131n\u0131 i\u015f\u0131qland\u0131racaq jurnalistl\u0259r \u00fc\u00e7\u00fcn t\u0259limat haz\u0131rlan\u0131b - MEYDAN.TV<\/title>\n<meta name=\"robots\" content=\"index, follow, max-snippet:-1, max-image-preview:large, max-video-preview:-1\" \/>\n<link rel=\"canonical\" href=\"https:\/\/www.meydan.tv\/az\/article\/avropa-oyunlarini-isiqlandiracaq-jurnalistler-ucun-telimat-hazirlanib\/\" \/>\n<meta property=\"og:locale\" content=\"az_AZ\" \/>\n<meta property=\"og:type\" content=\"article\" \/>\n<meta property=\"og:title\" content=\"Avropa Oyunlar\u0131n\u0131 i\u015f\u0131qland\u0131racaq jurnalistl\u0259r \u00fc\u00e7\u00fcn t\u0259limat haz\u0131rlan\u0131b - MEYDAN.TV\" \/>\n<meta property=\"og:description\" content=\"&quot;Human Rights Watch&quot;: &quot;Az\u0259rbaycan h\u00f6kum\u0259tinin \u0259m\u0259ll\u0259ri Olimpiya Xartiyas\u0131na ziddir&quot;\" \/>\n<meta property=\"og:url\" content=\"https:\/\/www.meydan.tv\/az\/article\/avropa-oyunlarini-isiqlandiracaq-jurnalistler-ucun-telimat-hazirlanib\/\" \/>\n<meta property=\"og:site_name\" content=\"MEYDAN.TV\" \/>\n<meta property=\"article:published_time\" content=\"2015-05-06T19:58:20+00:00\" \/>\n<meta property=\"og:image\" content=\"https:\/\/www.meydan.tv\/wp-content\/uploads\/8668.jpg\" \/>\n\t<meta property=\"og:image:width\" content=\"640\" \/>\n\t<meta property=\"og:image:height\" content=\"360\" \/>\n\t<meta property=\"og:image:type\" content=\"image\/jpeg\" \/>\n<meta name=\"twitter:card\" content=\"summary_large_image\" \/>\n<!-- \/ Yoast SEO plugin. -->","yoast_head_json":{"title":"Avropa Oyunlar\u0131n\u0131 i\u015f\u0131qland\u0131racaq jurnalistl\u0259r \u00fc\u00e7\u00fcn t\u0259limat haz\u0131rlan\u0131b - MEYDAN.TV","robots":{"index":"index","follow":"follow","max-snippet":"max-snippet:-1","max-image-preview":"max-image-preview:large","max-video-preview":"max-video-preview:-1"},"canonical":"https:\/\/www.meydan.tv\/az\/article\/avropa-oyunlarini-isiqlandiracaq-jurnalistler-ucun-telimat-hazirlanib\/","og_locale":"az_AZ","og_type":"article","og_title":"Avropa Oyunlar\u0131n\u0131 i\u015f\u0131qland\u0131racaq jurnalistl\u0259r \u00fc\u00e7\u00fcn t\u0259limat haz\u0131rlan\u0131b - MEYDAN.TV","og_description":"\"Human Rights Watch\": \"Az\u0259rbaycan h\u00f6kum\u0259tinin \u0259m\u0259ll\u0259ri Olimpiya Xartiyas\u0131na ziddir\"","og_url":"https:\/\/www.meydan.tv\/az\/article\/avropa-oyunlarini-isiqlandiracaq-jurnalistler-ucun-telimat-hazirlanib\/","og_site_name":"MEYDAN.TV","article_published_time":"2015-05-06T19:58:20+00:00","og_image":[{"width":640,"height":360,"url":"https:\/\/www.meydan.tv\/wp-content\/uploads\/8668.jpg","type":"image\/jpeg"}],"twitter_card":"summary_large_image","schema":{"@context":"https:\/\/schema.org","@graph":[{"@type":"Article","@id":"https:\/\/www.meydan.tv\/az\/article\/avropa-oyunlarini-isiqlandiracaq-jurnalistler-ucun-telimat-hazirlanib\/#article","isPartOf":{"@id":"https:\/\/www.meydan.tv\/az\/article\/avropa-oyunlarini-isiqlandiracaq-jurnalistler-ucun-telimat-hazirlanib\/"},"author":{"name":"user-manager","@id":"https:\/\/www.meydan.tv\/az\/#\/schema\/person\/10d11eccf6da3662cf5fdab9806ea91a"},"headline":"Avropa Oyunlar\u0131n\u0131 i\u015f\u0131qland\u0131racaq jurnalistl\u0259r \u00fc\u00e7\u00fcn t\u0259limat haz\u0131rlan\u0131b","datePublished":"2015-05-06T19:58:20+00:00","mainEntityOfPage":{"@id":"https:\/\/www.meydan.tv\/az\/article\/avropa-oyunlarini-isiqlandiracaq-jurnalistler-ucun-telimat-hazirlanib\/"},"wordCount":285,"publisher":{"@id":"https:\/\/www.meydan.tv\/az\/#organization"},"image":{"@id":"https:\/\/www.meydan.tv\/az\/article\/avropa-oyunlarini-isiqlandiracaq-jurnalistler-ucun-telimat-hazirlanib\/#primaryimage"},"thumbnailUrl":"https:\/\/www.meydan.tv\/wp-content\/uploads\/8668.jpg","articleSection":["X\u0259b\u0259rl\u0259r"],"inLanguage":"az"},{"@type":"WebPage","@id":"https:\/\/www.meydan.tv\/az\/article\/avropa-oyunlarini-isiqlandiracaq-jurnalistler-ucun-telimat-hazirlanib\/","url":"https:\/\/www.meydan.tv\/az\/article\/avropa-oyunlarini-isiqlandiracaq-jurnalistler-ucun-telimat-hazirlanib\/","name":"Avropa Oyunlar\u0131n\u0131 i\u015f\u0131qland\u0131racaq jurnalistl\u0259r \u00fc\u00e7\u00fcn t\u0259limat haz\u0131rlan\u0131b - MEYDAN.TV","isPartOf":{"@id":"https:\/\/www.meydan.tv\/az\/#website"},"primaryImageOfPage":{"@id":"https:\/\/www.meydan.tv\/az\/article\/avropa-oyunlarini-isiqlandiracaq-jurnalistler-ucun-telimat-hazirlanib\/#primaryimage"},"image":{"@id":"https:\/\/www.meydan.tv\/az\/article\/avropa-oyunlarini-isiqlandiracaq-jurnalistler-ucun-telimat-hazirlanib\/#primaryimage"},"thumbnailUrl":"https:\/\/www.meydan.tv\/wp-content\/uploads\/8668.jpg","datePublished":"2015-05-06T19:58:20+00:00","breadcrumb":{"@id":"https:\/\/www.meydan.tv\/az\/article\/avropa-oyunlarini-isiqlandiracaq-jurnalistler-ucun-telimat-hazirlanib\/#breadcrumb"},"inLanguage":"az","potentialAction":[{"@type":"ReadAction","target":["https:\/\/www.meydan.tv\/az\/article\/avropa-oyunlarini-isiqlandiracaq-jurnalistler-ucun-telimat-hazirlanib\/"]}]},{"@type":"ImageObject","inLanguage":"az","@id":"https:\/\/www.meydan.tv\/az\/article\/avropa-oyunlarini-isiqlandiracaq-jurnalistler-ucun-telimat-hazirlanib\/#primaryimage","url":"https:\/\/www.meydan.tv\/wp-content\/uploads\/8668.jpg","contentUrl":"https:\/\/www.meydan.tv\/wp-content\/uploads\/8668.jpg","width":640,"height":360,"caption":"Source:"},{"@type":"BreadcrumbList","@id":"https:\/\/www.meydan.tv\/az\/article\/avropa-oyunlarini-isiqlandiracaq-jurnalistler-ucun-telimat-hazirlanib\/#breadcrumb","itemListElement":[{"@type":"ListItem","position":1,"name":"Ana s\u0259hif\u0259","item":"https:\/\/www.meydan.tv\/az\/"},{"@type":"ListItem","position":2,"name":"X\u0259b\u0259rl\u0259r","item":"https:\/\/www.meydan.tv\/az\/section\/xeberler\/"},{"@type":"ListItem","position":3,"name":"Avropa Oyunlar\u0131n\u0131 i\u015f\u0131qland\u0131racaq jurnalistl\u0259r \u00fc\u00e7\u00fcn t\u0259limat haz\u0131rlan\u0131b"}]},{"@type":"WebSite","@id":"https:\/\/www.meydan.tv\/az\/#website","url":"https:\/\/www.meydan.tv\/az\/","name":"MEYDAN.TV","description":"Meydan TV Az\u0259rbaycan\u0131n media m\u0259kan\u0131ndak\u0131 alternativ s\u0259sidir","publisher":{"@id":"https:\/\/www.meydan.tv\/az\/#organization"},"potentialAction":[{"@type":"SearchAction","target":{"@type":"EntryPoint","urlTemplate":"https:\/\/www.meydan.tv\/az\/?s={search_term_string}"},"query-input":{"@type":"PropertyValueSpecification","valueRequired":true,"valueName":"search_term_string"}}],"inLanguage":"az"},{"@type":"Organization","@id":"https:\/\/www.meydan.tv\/az\/#organization","name":"Meydan TV","url":"https:\/\/www.meydan.tv\/az\/","logo":{"@type":"ImageObject","inLanguage":"az","@id":"https:\/\/www.meydan.tv\/az\/#\/schema\/logo\/image\/","url":"https:\/\/www.meydan.tv\/wp-content\/uploads\/2021\/07\/meydan-logo.svg","contentUrl":"https:\/\/www.meydan.tv\/wp-content\/uploads\/2021\/07\/meydan-logo.svg","width":195,"height":46,"caption":"Meydan TV"},"image":{"@id":"https:\/\/www.meydan.tv\/az\/#\/schema\/logo\/image\/"}},{"@type":"Person","@id":"https:\/\/www.meydan.tv\/az\/#\/schema\/person\/10d11eccf6da3662cf5fdab9806ea91a","name":"user-manager"}]}},"_links":{"self":[{"href":"https:\/\/www.meydan.tv\/az\/wp-json\/wp\/v2\/posts\/167808","targetHints":{"allow":["GET"]}}],"collection":[{"href":"https:\/\/www.meydan.tv\/az\/wp-json\/wp\/v2\/posts"}],"about":[{"href":"https:\/\/www.meydan.tv\/az\/wp-json\/wp\/v2\/types\/post"}],"author":[{"embeddable":true,"href":"https:\/\/www.meydan.tv\/az\/wp-json\/wp\/v2\/users\/11"}],"replies":[{"embeddable":true,"href":"https:\/\/www.meydan.tv\/az\/wp-json\/wp\/v2\/comments?post=167808"}],"version-history":[{"count":0,"href":"https:\/\/www.meydan.tv\/az\/wp-json\/wp\/v2\/posts\/167808\/revisions"}],"wp:featuredmedia":[{"embeddable":true,"href":"https:\/\/www.meydan.tv\/az\/wp-json\/wp\/v2\/media\/23841"}],"wp:attachment":[{"href":"https:\/\/www.meydan.tv\/az\/wp-json\/wp\/v2\/media?parent=167808"}],"wp:term":[{"taxonomy":"category","embeddable":true,"href":"https:\/\/www.meydan.tv\/az\/wp-json\/wp\/v2\/categories?post=167808"},{"taxonomy":"post_tag","embeddable":true,"href":"https:\/\/www.meydan.tv\/az\/wp-json\/wp\/v2\/tags?post=167808"}],"curies":[{"name":"wp","href":"https:\/\/api.w.org\/{rel}","templated":true}]}}