{"id":167807,"date":"2015-05-06T19:26:13","date_gmt":"2015-05-06T19:26:13","guid":{"rendered":"https:\/\/www.meydan.tv\/article\/tehsil-nazirliyi-arzu-rustemovanin-sikayetini-arasdirir\/"},"modified":"2015-05-06T19:26:13","modified_gmt":"2015-05-06T19:26:13","slug":"tehsil-nazirliyi-arzu-rustemovanin-sikayetini-arasdirir","status":"publish","type":"post","link":"https:\/\/www.meydan.tv\/az\/article\/tehsil-nazirliyi-arzu-rustemovanin-sikayetini-arasdirir\/","title":{"rendered":"T\u0259hsil Nazirliyi Arzu R\u00fcst\u0259movan\u0131n \u015fikay\u0259tini ara\u015fd\u0131r\u0131r"},"content":{"rendered":"<figure class=\"wp-block-image size-large\">\n  <img decoding=\"async\" src=\"https:\/\/www.meydan.tv\/az\/23832\/\" alt=\"\" class=\"wp-image-23832\"\/><figcaption><\/figcaption><\/figure>\n<figure class=\"wp-block-image size-large\">\n  <img decoding=\"async\" src=\"https:\/\/www.meydan.tv\/az\/23832\/\" alt=\"\" class=\"wp-image-23832\"\/><figcaption><\/figcaption><\/figure>\n<p><div>\n    <i><br \/>\n      Xadim\u0259nin \u00f6vladlar\u0131 arzu etdiyi liseyd\u0259 oxuyacaq, \u00f6z\u00fcn\u00fcn i\u015f m\u0259s\u0259l\u0259si is\u0259 h\u0259l\u0259 h\u0259llini tapmay\u0131b<br \/>\n    <\/i>\n  <\/div>\n<\/p>\n<p><div>\n    T\u0259hsil Nazirliyi Meydan TV-nin \u201cNazirliy\u0259 m\u00fcraci\u0259t xadim\u0259y\u0259 baha ba\u015fa g\u0259ldi\u201d ba\u015fl\u0131ql\u0131 material\u0131 il\u0259 ba\u011fl\u0131 sor\u011fusuna cavab verib. Sor\u011fuda deyilir: \u201cCavab olaraq bildirik ki, son bir ne\u00e7\u0259 g\u00fcnd\u0259 Ab\u015feron rayonu \u00c7ayl\u0131 k\u0259nd sakini Arzu R\u00fcst\u0259movan\u0131n \u015fikay\u0259ti il\u0259 \u0259laq\u0259dar t\u0259hsil nazirinin g\u00f6st\u0259ri\u015fin\u0259 \u0259sas\u0259n, nazirliyin \u0259m\u0259kda\u015flar\u0131 Ab\u015feron Rayon T\u0259hsil \u015e\u00f6b\u0259sind\u0259 olublar. \u015e\u00f6b\u0259 m\u00fcdirinin, \u00c7ayl\u0131 k\u0259nd m\u0259kt\u0259bi direktorunun v\u0259 A.R\u00fcst\u0259movan\u0131n i\u015ftirak\u0131 il\u0259 g\u00f6r\u00fc\u015f ke\u00e7irilib. G\u00f6r\u00fc\u015fd\u0259 A.R\u00fcst\u0259movan\u0131n i\u015fd\u0259n \u00e7\u0131xar\u0131lmas\u0131 s\u0259b\u0259bl\u0259ri v\u0259 onun \u00f6z xahi\u015fin\u0259 g\u00f6r\u0259 \u00f6vlad\u0131n\u0131n lisey\u0259 q\u0259buluna k\u00f6m\u0259klik g\u00f6st\u0259rilm\u0259si m\u0259s\u0259l\u0259l\u0259ri m\u00fczakir\u0259 olunub. A.R\u00fcst\u0259movaya \u00f6vlad\u0131n\u0131n arzu etdiyi lisey\u0259 q\u0259buluna yard\u0131m olunaca\u011f\u0131 bildirilib. G\u00f6r\u00fc\u015fd\u0259 A.R\u00fcst\u0259movan\u0131n tutdu\u011fu v\u0259zif\u0259d\u0259n azad olunmas\u0131 \u0259traf\u0131nda s\u00f6hb\u0259t apar\u0131l\u0131b v\u0259 onun \u015fikay\u0259tin\u0259 birt\u0259r\u0259fli m\u00f6vqeden yana\u015f\u0131lmamas\u0131 \u00fc\u00e7\u00fcn m\u00fc\u0259yy\u0259n ara\u015fd\u0131rmalar\u0131n apar\u0131laca\u011f\u0131 qeyd olunub. Ara\u015fd\u0131r\u0131lma yekunla\u015fd\u0131qdan sonra ictimaiyy\u0259t\u0259 bu bar\u0259d\u0259 m\u0259lumat veril\u0259c\u0259kdir\u201d.\n  <\/div>\n<\/p>\n<p><div><\/div>\n<\/p>\n<p><div>\n    Arzu R\u00fcst\u0259mova m\u0259vacibinin art\u0131r\u0131lmas\u0131 \u00fc\u00e7\u00fcn T\u0259hsil Nazirliyin\u0259 \u0259riz\u0259 il\u0259 m\u00fcraci\u0259t edib. Onun s\u00f6zl\u0259rin\u0259 g\u00f6r\u0259, m\u0259hz bu m\u00fcraci\u0259tind\u0259n sonra \u00c7ayl\u0131 k\u0259nd orta m\u0259kt\u0259binin direktoru t\u0259r\u0259find\u0259n i\u015fd\u0259n \u00e7\u0131xar\u0131l\u0131b v\u0259 t\u0259hqir olunub. Meydan TV ba\u015f ver\u0259nl\u0259ri i\u015f\u0131qland\u0131r\u0131b (<br \/>\n    <a href=\"\/az\/article\/nazirliye-muraciet-xadimeye-baha-basa-geldi-video\/\"><br \/>\n      V\u0130DEO<br \/>\n    <\/a><br \/>\n    )\n  <\/div><\/p>\n","protected":false},"excerpt":{"rendered":"<p>Xadim\u0259nin \u00f6vladlar\u0131 arzu etdiyi liseyd\u0259 oxuyacaq, \u00f6z\u00fcn\u00fcn i\u015f m\u0259s\u0259l\u0259si is\u0259 h\u0259l\u0259 h\u0259llini tapmay\u0131b<\/p>\n","protected":false},"author":11,"featured_media":23832,"comment_status":"closed","ping_status":"open","sticky":false,"template":"","format":"standard","meta":{"_acf_changed":false,"_sitemap_exclude":false,"_sitemap_priority":"","_sitemap_frequency":"","footnotes":""},"categories":[56],"tags":[],"class_list":["post-167807","post","type-post","status-publish","format-standard","has-post-thumbnail","hentry","category-xeberler","infinite-scroll-item","generate-columns","tablet-grid-50","mobile-grid-100","grid-parent","grid-33","no-featured-image-padding"],"acf":[],"yoast_head":"<!-- This site is optimized with the Yoast SEO plugin v28.4 - https:\/\/yoast.com\/product\/yoast-seo-wordpress\/ -->\n<title>T\u0259hsil Nazirliyi Arzu R\u00fcst\u0259movan\u0131n \u015fikay\u0259tini ara\u015fd\u0131r\u0131r - MEYDAN.TV<\/title>\n<meta name=\"robots\" content=\"index, follow, max-snippet:-1, max-image-preview:large, max-video-preview:-1\" \/>\n<link rel=\"canonical\" href=\"https:\/\/www.meydan.tv\/az\/article\/tehsil-nazirliyi-arzu-rustemovanin-sikayetini-arasdirir\/\" \/>\n<meta property=\"og:locale\" content=\"az_AZ\" \/>\n<meta property=\"og:type\" content=\"article\" \/>\n<meta property=\"og:title\" content=\"T\u0259hsil Nazirliyi Arzu R\u00fcst\u0259movan\u0131n \u015fikay\u0259tini ara\u015fd\u0131r\u0131r - MEYDAN.TV\" \/>\n<meta property=\"og:description\" content=\"Xadim\u0259nin \u00f6vladlar\u0131 arzu etdiyi liseyd\u0259 oxuyacaq, \u00f6z\u00fcn\u00fcn i\u015f m\u0259s\u0259l\u0259si is\u0259 h\u0259l\u0259 h\u0259llini tapmay\u0131b\" \/>\n<meta property=\"og:url\" content=\"https:\/\/www.meydan.tv\/az\/article\/tehsil-nazirliyi-arzu-rustemovanin-sikayetini-arasdirir\/\" \/>\n<meta property=\"og:site_name\" content=\"MEYDAN.TV\" \/>\n<meta property=\"article:published_time\" content=\"2015-05-06T19:26:13+00:00\" \/>\n<meta property=\"og:image\" content=\"https:\/\/www.meydan.tv\/wp-content\/uploads\/8667.jpg\" \/>\n\t<meta property=\"og:image:width\" content=\"410\" \/>\n\t<meta property=\"og:image:height\" content=\"307\" \/>\n\t<meta property=\"og:image:type\" content=\"image\/jpeg\" \/>\n<meta name=\"twitter:card\" content=\"summary_large_image\" \/>\n<!-- \/ Yoast SEO plugin. -->","yoast_head_json":{"title":"T\u0259hsil Nazirliyi Arzu R\u00fcst\u0259movan\u0131n \u015fikay\u0259tini ara\u015fd\u0131r\u0131r - MEYDAN.TV","robots":{"index":"index","follow":"follow","max-snippet":"max-snippet:-1","max-image-preview":"max-image-preview:large","max-video-preview":"max-video-preview:-1"},"canonical":"https:\/\/www.meydan.tv\/az\/article\/tehsil-nazirliyi-arzu-rustemovanin-sikayetini-arasdirir\/","og_locale":"az_AZ","og_type":"article","og_title":"T\u0259hsil Nazirliyi Arzu R\u00fcst\u0259movan\u0131n \u015fikay\u0259tini ara\u015fd\u0131r\u0131r - MEYDAN.TV","og_description":"Xadim\u0259nin \u00f6vladlar\u0131 arzu etdiyi liseyd\u0259 oxuyacaq, \u00f6z\u00fcn\u00fcn i\u015f m\u0259s\u0259l\u0259si is\u0259 h\u0259l\u0259 h\u0259llini tapmay\u0131b","og_url":"https:\/\/www.meydan.tv\/az\/article\/tehsil-nazirliyi-arzu-rustemovanin-sikayetini-arasdirir\/","og_site_name":"MEYDAN.TV","article_published_time":"2015-05-06T19:26:13+00:00","og_image":[{"width":410,"height":307,"url":"https:\/\/www.meydan.tv\/wp-content\/uploads\/8667.jpg","type":"image\/jpeg"}],"twitter_card":"summary_large_image","schema":{"@context":"https:\/\/schema.org","@graph":[{"@type":"Article","@id":"https:\/\/www.meydan.tv\/az\/article\/tehsil-nazirliyi-arzu-rustemovanin-sikayetini-arasdirir\/#article","isPartOf":{"@id":"https:\/\/www.meydan.tv\/az\/article\/tehsil-nazirliyi-arzu-rustemovanin-sikayetini-arasdirir\/"},"author":{"name":"user-manager","@id":"https:\/\/www.meydan.tv\/az\/#\/schema\/person\/10d11eccf6da3662cf5fdab9806ea91a"},"headline":"T\u0259hsil Nazirliyi Arzu R\u00fcst\u0259movan\u0131n \u015fikay\u0259tini ara\u015fd\u0131r\u0131r","datePublished":"2015-05-06T19:26:13+00:00","mainEntityOfPage":{"@id":"https:\/\/www.meydan.tv\/az\/article\/tehsil-nazirliyi-arzu-rustemovanin-sikayetini-arasdirir\/"},"wordCount":329,"publisher":{"@id":"https:\/\/www.meydan.tv\/az\/#organization"},"image":{"@id":"https:\/\/www.meydan.tv\/az\/article\/tehsil-nazirliyi-arzu-rustemovanin-sikayetini-arasdirir\/#primaryimage"},"thumbnailUrl":"https:\/\/www.meydan.tv\/wp-content\/uploads\/8667.jpg","articleSection":["X\u0259b\u0259rl\u0259r"],"inLanguage":"az"},{"@type":"WebPage","@id":"https:\/\/www.meydan.tv\/az\/article\/tehsil-nazirliyi-arzu-rustemovanin-sikayetini-arasdirir\/","url":"https:\/\/www.meydan.tv\/az\/article\/tehsil-nazirliyi-arzu-rustemovanin-sikayetini-arasdirir\/","name":"T\u0259hsil Nazirliyi Arzu R\u00fcst\u0259movan\u0131n \u015fikay\u0259tini ara\u015fd\u0131r\u0131r - MEYDAN.TV","isPartOf":{"@id":"https:\/\/www.meydan.tv\/az\/#website"},"primaryImageOfPage":{"@id":"https:\/\/www.meydan.tv\/az\/article\/tehsil-nazirliyi-arzu-rustemovanin-sikayetini-arasdirir\/#primaryimage"},"image":{"@id":"https:\/\/www.meydan.tv\/az\/article\/tehsil-nazirliyi-arzu-rustemovanin-sikayetini-arasdirir\/#primaryimage"},"thumbnailUrl":"https:\/\/www.meydan.tv\/wp-content\/uploads\/8667.jpg","datePublished":"2015-05-06T19:26:13+00:00","breadcrumb":{"@id":"https:\/\/www.meydan.tv\/az\/article\/tehsil-nazirliyi-arzu-rustemovanin-sikayetini-arasdirir\/#breadcrumb"},"inLanguage":"az","potentialAction":[{"@type":"ReadAction","target":["https:\/\/www.meydan.tv\/az\/article\/tehsil-nazirliyi-arzu-rustemovanin-sikayetini-arasdirir\/"]}]},{"@type":"ImageObject","inLanguage":"az","@id":"https:\/\/www.meydan.tv\/az\/article\/tehsil-nazirliyi-arzu-rustemovanin-sikayetini-arasdirir\/#primaryimage","url":"https:\/\/www.meydan.tv\/wp-content\/uploads\/8667.jpg","contentUrl":"https:\/\/www.meydan.tv\/wp-content\/uploads\/8667.jpg","width":410,"height":307,"caption":"Source:"},{"@type":"BreadcrumbList","@id":"https:\/\/www.meydan.tv\/az\/article\/tehsil-nazirliyi-arzu-rustemovanin-sikayetini-arasdirir\/#breadcrumb","itemListElement":[{"@type":"ListItem","position":1,"name":"Ana s\u0259hif\u0259","item":"https:\/\/www.meydan.tv\/az\/"},{"@type":"ListItem","position":2,"name":"X\u0259b\u0259rl\u0259r","item":"https:\/\/www.meydan.tv\/az\/section\/xeberler\/"},{"@type":"ListItem","position":3,"name":"T\u0259hsil Nazirliyi Arzu R\u00fcst\u0259movan\u0131n \u015fikay\u0259tini ara\u015fd\u0131r\u0131r"}]},{"@type":"WebSite","@id":"https:\/\/www.meydan.tv\/az\/#website","url":"https:\/\/www.meydan.tv\/az\/","name":"MEYDAN.TV","description":"Meydan TV Az\u0259rbaycan\u0131n media m\u0259kan\u0131ndak\u0131 alternativ s\u0259sidir","publisher":{"@id":"https:\/\/www.meydan.tv\/az\/#organization"},"potentialAction":[{"@type":"SearchAction","target":{"@type":"EntryPoint","urlTemplate":"https:\/\/www.meydan.tv\/az\/?s={search_term_string}"},"query-input":{"@type":"PropertyValueSpecification","valueRequired":true,"valueName":"search_term_string"}}],"inLanguage":"az"},{"@type":"Organization","@id":"https:\/\/www.meydan.tv\/az\/#organization","name":"Meydan TV","url":"https:\/\/www.meydan.tv\/az\/","logo":{"@type":"ImageObject","inLanguage":"az","@id":"https:\/\/www.meydan.tv\/az\/#\/schema\/logo\/image\/","url":"https:\/\/www.meydan.tv\/wp-content\/uploads\/2021\/07\/meydan-logo.svg","contentUrl":"https:\/\/www.meydan.tv\/wp-content\/uploads\/2021\/07\/meydan-logo.svg","width":195,"height":46,"caption":"Meydan TV"},"image":{"@id":"https:\/\/www.meydan.tv\/az\/#\/schema\/logo\/image\/"}},{"@type":"Person","@id":"https:\/\/www.meydan.tv\/az\/#\/schema\/person\/10d11eccf6da3662cf5fdab9806ea91a","name":"user-manager"}]}},"_links":{"self":[{"href":"https:\/\/www.meydan.tv\/az\/wp-json\/wp\/v2\/posts\/167807","targetHints":{"allow":["GET"]}}],"collection":[{"href":"https:\/\/www.meydan.tv\/az\/wp-json\/wp\/v2\/posts"}],"about":[{"href":"https:\/\/www.meydan.tv\/az\/wp-json\/wp\/v2\/types\/post"}],"author":[{"embeddable":true,"href":"https:\/\/www.meydan.tv\/az\/wp-json\/wp\/v2\/users\/11"}],"replies":[{"embeddable":true,"href":"https:\/\/www.meydan.tv\/az\/wp-json\/wp\/v2\/comments?post=167807"}],"version-history":[{"count":0,"href":"https:\/\/www.meydan.tv\/az\/wp-json\/wp\/v2\/posts\/167807\/revisions"}],"wp:featuredmedia":[{"embeddable":true,"href":"https:\/\/www.meydan.tv\/az\/wp-json\/wp\/v2\/media\/23832"}],"wp:attachment":[{"href":"https:\/\/www.meydan.tv\/az\/wp-json\/wp\/v2\/media?parent=167807"}],"wp:term":[{"taxonomy":"category","embeddable":true,"href":"https:\/\/www.meydan.tv\/az\/wp-json\/wp\/v2\/categories?post=167807"},{"taxonomy":"post_tag","embeddable":true,"href":"https:\/\/www.meydan.tv\/az\/wp-json\/wp\/v2\/tags?post=167807"}],"curies":[{"name":"wp","href":"https:\/\/api.w.org\/{rel}","templated":true}]}}