{"id":167806,"date":"2015-05-06T18:46:58","date_gmt":"2015-05-06T18:46:58","guid":{"rendered":"https:\/\/www.meydan.tv\/article\/azadliq-radiosunun-baki-burosunun-mohuru-acildi\/"},"modified":"2015-05-06T18:46:58","modified_gmt":"2015-05-06T18:46:58","slug":"azadliq-radiosunun-baki-burosunun-mohuru-acildi","status":"publish","type":"post","link":"https:\/\/www.meydan.tv\/az\/article\/azadliq-radiosunun-baki-burosunun-mohuru-acildi\/","title":{"rendered":"Azadl\u0131q Radiosunun Bak\u0131 B\u00fcrosunun m\u00f6h\u00fcr\u00fc a\u00e7\u0131ld\u0131"},"content":{"rendered":"<figure class=\"wp-block-image size-large\">\n  <img decoding=\"async\" src=\"https:\/\/www.meydan.tv\/az\/23829\/\" alt=\"\" class=\"wp-image-23829\"\/><figcaption><\/figcaption><\/figure>\n<figure class=\"wp-block-image size-large\">\n  <img decoding=\"async\" src=\"https:\/\/www.meydan.tv\/az\/23829\/\" alt=\"\" class=\"wp-image-23829\"\/><figcaption><\/figcaption><\/figure>\n<p>\n  <i><br \/>\n    &#8220;Caspian Plaza&#8221;n\u0131n r\u0259hb\u0259rliyi aprelin 30-da icar\u0259 m\u00fcqavil\u0259sin\u0259 xitam verildiyini bildirib v\u0259 ofisd\u0259n\u00a0\u0259\u015fyalar\u0131n \u00e7\u0131xar\u0131lmas\u0131n\u0131 xahi\u015f edib<br \/>\n  <\/i>\n<\/p>\n<p>\n  May\u0131n 6-da Ba\u015f Prokurorlu\u011fun A\u011f\u0131r Cinay\u0259tl\u0259r\u0259 dair \u0130\u015fl\u0259r \u00fczr\u0259 istintaq idar\u0259sinin m\u00fcst\u0259ntiqi<br \/>\n  <i><br \/>\n    <b><br \/>\n      S\u0259nan Pa\u015fayev<br \/>\n    <\/b><br \/>\n  <\/i><br \/>\n  \u00a0Azadl\u0131q Radiosunun Bak\u0131 b\u00fcrosunun qap\u0131s\u0131na vurulan m\u00f6h\u00fcr\u00fc a\u00e7\u0131b.\n<\/p>\n<p>\n  T\u0259hvil-t\u0259slimd\u0259 Azadl\u0131qRadiosunun Bak\u0131 b\u00fcrosunun ba\u015f redaktoru<br \/>\n  <i><br \/>\n    <b><br \/>\n      Zeynal M\u0259mm\u0259dli<br \/>\n    <\/b><br \/>\n  <\/i><br \/>\n  \u00a0i\u015ftirak edir.\n<\/p>\n<p>\n  Prokurorluq \u0259m\u0259kda\u015flar\u0131 \u00f6t\u0259n il dekabr\u0131n 26-da Azadl\u0131q Radiosunun Bak\u0131 ofisind\u0259 axtar\u0131\u015f apar\u0131b, el\u0259 h\u0259min g\u00fcn d\u0259 ofisi m\u00f6h\u00fcrl\u0259mi\u015fdil\u0259r.\n<\/p>\n<p>\n  H\u0259min axtar\u0131\u015f zaman\u0131 g\u00f6t\u00fcr\u00fcl\u0259n s\u0259n\u0259d, avadanl\u0131q v\u0259 radionun r\u0259smi m\u00f6h\u00fcr\u00fc h\u0259l\u0259 ki qaytar\u0131lmay\u0131b.\n<\/p>\n<p>\n  Azadl\u0131q Radiosunun Bak\u0131 b\u00fcrosu son 10 il\u0259 yax\u0131n m\u00fcdd\u0259td\u0259 C.Cabbarl\u0131, 44 \u00fcnvan\u0131nda \u2013 &#8220;Caspian Plaza&#8221;da yerl\u0259\u015firdi.\n<\/p>\n<p>\n  &#8220;Caspian Plaza&#8221;n\u0131n r\u0259hb\u0259rliyi aprelin 30-da icar\u0259 m\u00fcqavil\u0259sin\u0259 xitam verildiyini bildirib v\u0259 ofisd\u0259n\u00a0\u0259\u015fyalar\u0131n \u00e7\u0131xar\u0131lmas\u0131n\u0131 xahi\u015f edib (azadliq.org).<\/p>\n","protected":false},"excerpt":{"rendered":"<p>&#8220;Caspian Plaza&#8221;n\u0131n r\u0259hb\u0259rliyi aprelin 30-da icar\u0259 m\u00fcqavil\u0259sin\u0259 xitam verildiyini bildirib v\u0259 ofisd\u0259n \u0259\u015fyalar\u0131n \u00e7\u0131xar\u0131lmas\u0131n\u0131 xahi\u015f edib<\/p>\n","protected":false},"author":11,"featured_media":23829,"comment_status":"closed","ping_status":"open","sticky":false,"template":"","format":"standard","meta":{"_acf_changed":false,"_sitemap_exclude":false,"_sitemap_priority":"","_sitemap_frequency":"","footnotes":""},"categories":[56],"tags":[],"class_list":["post-167806","post","type-post","status-publish","format-standard","has-post-thumbnail","hentry","category-xeberler","infinite-scroll-item","generate-columns","tablet-grid-50","mobile-grid-100","grid-parent","grid-33","no-featured-image-padding"],"acf":[],"yoast_head":"<!-- This site is optimized with the Yoast SEO plugin v28.4 - https:\/\/yoast.com\/product\/yoast-seo-wordpress\/ -->\n<title>Azadl\u0131q Radiosunun Bak\u0131 B\u00fcrosunun m\u00f6h\u00fcr\u00fc a\u00e7\u0131ld\u0131 - MEYDAN.TV<\/title>\n<meta name=\"robots\" content=\"index, follow, max-snippet:-1, max-image-preview:large, max-video-preview:-1\" \/>\n<link rel=\"canonical\" href=\"https:\/\/www.meydan.tv\/az\/article\/azadliq-radiosunun-baki-burosunun-mohuru-acildi\/\" \/>\n<meta property=\"og:locale\" content=\"az_AZ\" \/>\n<meta property=\"og:type\" content=\"article\" \/>\n<meta property=\"og:title\" content=\"Azadl\u0131q Radiosunun Bak\u0131 B\u00fcrosunun m\u00f6h\u00fcr\u00fc a\u00e7\u0131ld\u0131 - MEYDAN.TV\" \/>\n<meta property=\"og:description\" content=\"&quot;Caspian Plaza&quot;n\u0131n r\u0259hb\u0259rliyi aprelin 30-da icar\u0259 m\u00fcqavil\u0259sin\u0259 xitam verildiyini bildirib v\u0259 ofisd\u0259n \u0259\u015fyalar\u0131n \u00e7\u0131xar\u0131lmas\u0131n\u0131 xahi\u015f edib\" \/>\n<meta property=\"og:url\" content=\"https:\/\/www.meydan.tv\/az\/article\/azadliq-radiosunun-baki-burosunun-mohuru-acildi\/\" \/>\n<meta property=\"og:site_name\" content=\"MEYDAN.TV\" \/>\n<meta property=\"article:published_time\" content=\"2015-05-06T18:46:58+00:00\" \/>\n<meta property=\"og:image\" content=\"https:\/\/www.meydan.tv\/wp-content\/uploads\/8666.jpg\" \/>\n\t<meta property=\"og:image:width\" content=\"427\" \/>\n\t<meta property=\"og:image:height\" content=\"300\" \/>\n\t<meta property=\"og:image:type\" content=\"image\/jpeg\" \/>\n<meta name=\"twitter:card\" content=\"summary_large_image\" \/>\n<!-- \/ Yoast SEO plugin. -->","yoast_head_json":{"title":"Azadl\u0131q Radiosunun Bak\u0131 B\u00fcrosunun m\u00f6h\u00fcr\u00fc a\u00e7\u0131ld\u0131 - MEYDAN.TV","robots":{"index":"index","follow":"follow","max-snippet":"max-snippet:-1","max-image-preview":"max-image-preview:large","max-video-preview":"max-video-preview:-1"},"canonical":"https:\/\/www.meydan.tv\/az\/article\/azadliq-radiosunun-baki-burosunun-mohuru-acildi\/","og_locale":"az_AZ","og_type":"article","og_title":"Azadl\u0131q Radiosunun Bak\u0131 B\u00fcrosunun m\u00f6h\u00fcr\u00fc a\u00e7\u0131ld\u0131 - MEYDAN.TV","og_description":"\"Caspian Plaza\"n\u0131n r\u0259hb\u0259rliyi aprelin 30-da icar\u0259 m\u00fcqavil\u0259sin\u0259 xitam verildiyini bildirib v\u0259 ofisd\u0259n \u0259\u015fyalar\u0131n \u00e7\u0131xar\u0131lmas\u0131n\u0131 xahi\u015f edib","og_url":"https:\/\/www.meydan.tv\/az\/article\/azadliq-radiosunun-baki-burosunun-mohuru-acildi\/","og_site_name":"MEYDAN.TV","article_published_time":"2015-05-06T18:46:58+00:00","og_image":[{"width":427,"height":300,"url":"https:\/\/www.meydan.tv\/wp-content\/uploads\/8666.jpg","type":"image\/jpeg"}],"twitter_card":"summary_large_image","schema":{"@context":"https:\/\/schema.org","@graph":[{"@type":"Article","@id":"https:\/\/www.meydan.tv\/az\/article\/azadliq-radiosunun-baki-burosunun-mohuru-acildi\/#article","isPartOf":{"@id":"https:\/\/www.meydan.tv\/az\/article\/azadliq-radiosunun-baki-burosunun-mohuru-acildi\/"},"author":{"name":"user-manager","@id":"https:\/\/www.meydan.tv\/az\/#\/schema\/person\/10d11eccf6da3662cf5fdab9806ea91a"},"headline":"Azadl\u0131q Radiosunun Bak\u0131 B\u00fcrosunun m\u00f6h\u00fcr\u00fc a\u00e7\u0131ld\u0131","datePublished":"2015-05-06T18:46:58+00:00","mainEntityOfPage":{"@id":"https:\/\/www.meydan.tv\/az\/article\/azadliq-radiosunun-baki-burosunun-mohuru-acildi\/"},"wordCount":202,"publisher":{"@id":"https:\/\/www.meydan.tv\/az\/#organization"},"image":{"@id":"https:\/\/www.meydan.tv\/az\/article\/azadliq-radiosunun-baki-burosunun-mohuru-acildi\/#primaryimage"},"thumbnailUrl":"https:\/\/www.meydan.tv\/wp-content\/uploads\/8666.jpg","articleSection":["X\u0259b\u0259rl\u0259r"],"inLanguage":"az"},{"@type":"WebPage","@id":"https:\/\/www.meydan.tv\/az\/article\/azadliq-radiosunun-baki-burosunun-mohuru-acildi\/","url":"https:\/\/www.meydan.tv\/az\/article\/azadliq-radiosunun-baki-burosunun-mohuru-acildi\/","name":"Azadl\u0131q Radiosunun Bak\u0131 B\u00fcrosunun m\u00f6h\u00fcr\u00fc a\u00e7\u0131ld\u0131 - MEYDAN.TV","isPartOf":{"@id":"https:\/\/www.meydan.tv\/az\/#website"},"primaryImageOfPage":{"@id":"https:\/\/www.meydan.tv\/az\/article\/azadliq-radiosunun-baki-burosunun-mohuru-acildi\/#primaryimage"},"image":{"@id":"https:\/\/www.meydan.tv\/az\/article\/azadliq-radiosunun-baki-burosunun-mohuru-acildi\/#primaryimage"},"thumbnailUrl":"https:\/\/www.meydan.tv\/wp-content\/uploads\/8666.jpg","datePublished":"2015-05-06T18:46:58+00:00","breadcrumb":{"@id":"https:\/\/www.meydan.tv\/az\/article\/azadliq-radiosunun-baki-burosunun-mohuru-acildi\/#breadcrumb"},"inLanguage":"az","potentialAction":[{"@type":"ReadAction","target":["https:\/\/www.meydan.tv\/az\/article\/azadliq-radiosunun-baki-burosunun-mohuru-acildi\/"]}]},{"@type":"ImageObject","inLanguage":"az","@id":"https:\/\/www.meydan.tv\/az\/article\/azadliq-radiosunun-baki-burosunun-mohuru-acildi\/#primaryimage","url":"https:\/\/www.meydan.tv\/wp-content\/uploads\/8666.jpg","contentUrl":"https:\/\/www.meydan.tv\/wp-content\/uploads\/8666.jpg","width":427,"height":300,"caption":"Source:"},{"@type":"BreadcrumbList","@id":"https:\/\/www.meydan.tv\/az\/article\/azadliq-radiosunun-baki-burosunun-mohuru-acildi\/#breadcrumb","itemListElement":[{"@type":"ListItem","position":1,"name":"Ana s\u0259hif\u0259","item":"https:\/\/www.meydan.tv\/az\/"},{"@type":"ListItem","position":2,"name":"X\u0259b\u0259rl\u0259r","item":"https:\/\/www.meydan.tv\/az\/section\/xeberler\/"},{"@type":"ListItem","position":3,"name":"Azadl\u0131q Radiosunun Bak\u0131 B\u00fcrosunun m\u00f6h\u00fcr\u00fc a\u00e7\u0131ld\u0131"}]},{"@type":"WebSite","@id":"https:\/\/www.meydan.tv\/az\/#website","url":"https:\/\/www.meydan.tv\/az\/","name":"MEYDAN.TV","description":"Meydan TV Az\u0259rbaycan\u0131n media m\u0259kan\u0131ndak\u0131 alternativ s\u0259sidir","publisher":{"@id":"https:\/\/www.meydan.tv\/az\/#organization"},"potentialAction":[{"@type":"SearchAction","target":{"@type":"EntryPoint","urlTemplate":"https:\/\/www.meydan.tv\/az\/?s={search_term_string}"},"query-input":{"@type":"PropertyValueSpecification","valueRequired":true,"valueName":"search_term_string"}}],"inLanguage":"az"},{"@type":"Organization","@id":"https:\/\/www.meydan.tv\/az\/#organization","name":"Meydan TV","url":"https:\/\/www.meydan.tv\/az\/","logo":{"@type":"ImageObject","inLanguage":"az","@id":"https:\/\/www.meydan.tv\/az\/#\/schema\/logo\/image\/","url":"https:\/\/www.meydan.tv\/wp-content\/uploads\/2021\/07\/meydan-logo.svg","contentUrl":"https:\/\/www.meydan.tv\/wp-content\/uploads\/2021\/07\/meydan-logo.svg","width":195,"height":46,"caption":"Meydan TV"},"image":{"@id":"https:\/\/www.meydan.tv\/az\/#\/schema\/logo\/image\/"}},{"@type":"Person","@id":"https:\/\/www.meydan.tv\/az\/#\/schema\/person\/10d11eccf6da3662cf5fdab9806ea91a","name":"user-manager"}]}},"_links":{"self":[{"href":"https:\/\/www.meydan.tv\/az\/wp-json\/wp\/v2\/posts\/167806","targetHints":{"allow":["GET"]}}],"collection":[{"href":"https:\/\/www.meydan.tv\/az\/wp-json\/wp\/v2\/posts"}],"about":[{"href":"https:\/\/www.meydan.tv\/az\/wp-json\/wp\/v2\/types\/post"}],"author":[{"embeddable":true,"href":"https:\/\/www.meydan.tv\/az\/wp-json\/wp\/v2\/users\/11"}],"replies":[{"embeddable":true,"href":"https:\/\/www.meydan.tv\/az\/wp-json\/wp\/v2\/comments?post=167806"}],"version-history":[{"count":0,"href":"https:\/\/www.meydan.tv\/az\/wp-json\/wp\/v2\/posts\/167806\/revisions"}],"wp:featuredmedia":[{"embeddable":true,"href":"https:\/\/www.meydan.tv\/az\/wp-json\/wp\/v2\/media\/23829"}],"wp:attachment":[{"href":"https:\/\/www.meydan.tv\/az\/wp-json\/wp\/v2\/media?parent=167806"}],"wp:term":[{"taxonomy":"category","embeddable":true,"href":"https:\/\/www.meydan.tv\/az\/wp-json\/wp\/v2\/categories?post=167806"},{"taxonomy":"post_tag","embeddable":true,"href":"https:\/\/www.meydan.tv\/az\/wp-json\/wp\/v2\/tags?post=167806"}],"curies":[{"name":"wp","href":"https:\/\/api.w.org\/{rel}","templated":true}]}}