{"id":167805,"date":"2015-05-06T18:28:02","date_gmt":"2015-05-06T18:28:02","guid":{"rendered":"https:\/\/www.meydan.tv\/article\/azerbaycan-rusiyanin-koleliyine-suruklenir\/"},"modified":"2015-05-06T18:28:02","modified_gmt":"2015-05-06T18:28:02","slug":"azerbaycan-rusiyanin-koleliyine-suruklenir","status":"publish","type":"post","link":"https:\/\/www.meydan.tv\/az\/article\/azerbaycan-rusiyanin-koleliyine-suruklenir\/","title":{"rendered":"&#8220;Az\u0259rbaycan Rusiyan\u0131n k\u00f6l\u0259liyin\u0259 s\u00fcr\u00fckl\u0259nir&#8221;"},"content":{"rendered":"<figure class=\"wp-block-image size-large\">\n  <img decoding=\"async\" src=\"https:\/\/www.meydan.tv\/az\/23826\/\" alt=\"\" class=\"wp-image-23826\"\/><figcaption><\/figcaption><\/figure>\n<figure class=\"wp-block-image size-large\">\n  <img decoding=\"async\" src=\"https:\/\/www.meydan.tv\/az\/23826\/\" alt=\"\" class=\"wp-image-23826\"\/><figcaption><\/figcaption><\/figure>\n<p><div>\n    <i><br \/>\n      Arif Hac\u0131l\u0131: &#8220;Bunun \u00fc\u00e7\u00fcn is\u0259 b\u00fct\u00fcn m\u00fcqavim\u0259t m\u0259rk\u0259zl\u0259rini \u0259l\u0259 almaq v\u0259 ya m\u0259hv etm\u0259k x\u0259tti g\u00f6t\u00fcr\u00fcl\u00fcb&#8221;<br \/>\n    <\/i>\n  <\/div>\n<\/p>\n<p><div><\/div>\n<\/p>\n<p><div>\n    &#8220;Az\u0259rbaycanda m\u00fcxalif\u0259t\u00e7i kimi f\u0259aliyy\u0259t g\u00f6st\u0259rm\u0259k 1988-ci ild\u0259n bu yana he\u00e7 vaxt indiki q\u0259d\u0259r \u00e7\u0259tin olmam\u0131\u015fd\u0131.\n  <\/div>\n<\/p>\n<p>\n  Bel\u0259 g\u00f6r\u00fcn\u00fcr ki, iqtidar 1993 -c\u00fc ild\u0259n yerin\u0259 yetirm\u0259s\u0259 d\u0259, b\u0259yan etdiyi xarici v\u0259 daxili siyasi kursundan, avrointeqrasiya v\u0259 demokratikl\u0259\u015fm\u0259 x\u0259ttind\u0259n t\u0259mamil\u0259 imtina etm\u0259y\u0259 haz\u0131rla\u015f\u0131r&#8221;.\n<\/p>\n<p><div>\n    Bu s\u00f6zl\u0259ri \u00f6z\u00fcn\u00fcn Facebook s\u0259hif\u0259sind\u0259 M\u00fcsavat Partiyas\u0131n\u0131n ba\u015fqan\u0131 Arif Hac\u0131l\u0131 yaz\u0131b. Onun fikrinc\u0259,\u00a0Az\u0259rbaycan Rusiyan\u0131n k\u00f6l\u0259liyin\u0259 s\u00fcr\u00fckl\u0259nir: &#8220;Bunun \u00fc\u00e7\u00fcn is\u0259 b\u00fct\u00fcn m\u00fcqavim\u0259t m\u0259rk\u0259zl\u0259rini \u0259l\u0259 almaq v\u0259 ya m\u0259hv etm\u0259k x\u0259tti g\u00f6t\u00fcr\u00fcl\u00fcb. M\u0259hk\u0259m\u0259,qanunvericilik,t\u0259hsil. s\u0259hiyy\u0259, yerli \u00f6z\u00fcn\u00fcn\u00fcidar\u0259,se\u00e7ki sisteml\u0259ri s\u0131radan \u00e7\u0131xar\u0131laraq hakimiyy\u0259tin yolsuzluq f\u0259aliyy\u0259tin\u0259 yard\u0131m\u00e7\u0131 al\u0259tl\u0259r\u0259 \u00e7evrilib. QHT sektoru, azad m\u0259tbuat m\u0259hv edilib v\u0259 ya \u0259l\u0259 al\u0131n\u0131b.\n  <\/div>\n<\/p>\n<p><div><\/div>\n<\/p>\n<p><div>\n    Hakimiyy\u0259t m\u00fcqavim\u0259t g\u00f6st\u0259rm\u0259kd\u0259 davam ed\u0259n t\u0259k- t\u0259k siyasi xadiml\u0259ri, jurnalistl\u0259ri,bir-iki sayt\u0131, s\u0131radan \u00e7\u0131xara bilm\u0259diyi bir- iki partiyan\u0131, bir- iki ictimai t\u0259\u015fkilat\u0131 daha b\u00f6y\u00fck nifr\u0259tl\u0259 v\u0259 aqressivlikl\u0259 t\u0259qib edir.\n  <\/div>\n<\/p>\n<p><div><\/div>\n<\/p>\n<p><div>\n    D\u00f6vl\u0259t resurslar\u0131 il\u0259 yana\u015f\u0131 milyardlarla maliy\u0259 v\u0259saiti hesab\u0131na t\u0259\u015fkil edilmi\u015f \u0259lav\u0259 q\u00fcvv\u0259l\u0259r: t\u0259bli\u011fat-t\u0259\u015fviqat ma\u015f\u0131n\u0131,n\u0259zar\u0259t alt\u0131nda olan K\u0130V-l\u0259r, televiziyalar, y\u00fczl\u0259rl\u0259 qeyri-h\u00f6kum\u0259t t\u0259\u015fkilatlar\u0131, r\u0259smi v\u0259 qeyri-formal g\u00fcc strukturlar\u0131, hakimiyy\u0259tin n\u0259zar\u0259ti alt\u0131nda f\u0259aliyy\u0259t g\u00f6st\u0259r\u0259n siyasi partiyalar, h\u0259r yer\u0259, o c\u00fcml\u0259d\u0259n t\u0259\u015fkilatlar\u0131m\u0131za yeridilmi\u015f agentura seti, daha n\u0259l\u0259r, n\u0259l\u0259r \u00fcz\u0259rimiz\u0259\u00a0g\u0259lir&#8221;.\n  <\/div>\n<\/p>\n<p><div><\/div>\n<\/p>\n<p><div>\n    Arif Hac\u0131l\u0131 ke\u00e7mi\u015f silahda\u015flar\u0131n\u0131 da q\u0131nay\u0131b: &#8220;B\u0259zi ke\u00e7mi\u015f silahda\u015flar\u0131m\u0131z da TV-l\u0259rd\u0259n \u00fcz\u0259rimiz\u0259 od p\u00fcsk\u00fcr\u00fcr, b\u0259zil\u0259ri m\u00fcxt\u0259lif b\u0259han\u0259l\u0259rl\u0259 aradan \u00e7\u0131x\u0131r.\u00a0\u0130ndi duru\u015f g\u0259tirm\u0259k h\u0259mi\u015f\u0259kind\u0259n daha \u00e7\u0259tin oldu\u011fu kimi daha vacib v\u0259 \u015f\u0259r\u0259flidir.\n  <\/div>\n<\/p>\n<div>\n<div>\n<div><\/div>\n<\/p><\/div>\n<div>\n      <br \/>\n      \u0130ndi duru\u015f g\u0259tir\u0259nl\u0259rin ad\u0131 daim h\u00f6rm\u0259tl\u0259 an\u0131lacaq!&#8221;\n    <\/div>\n<\/p><\/div><\/p>\n","protected":false},"excerpt":{"rendered":"<p>Arif Hac\u0131l\u0131: &#8220;Bunun \u00fc\u00e7\u00fcn is\u0259 b\u00fct\u00fcn m\u00fcqavim\u0259t m\u0259rk\u0259zl\u0259rini \u0259l\u0259 almaq v\u0259 ya m\u0259hv etm\u0259k x\u0259tti g\u00f6t\u00fcr\u00fcl\u00fcb&#8221;<\/p>\n","protected":false},"author":11,"featured_media":23826,"comment_status":"closed","ping_status":"open","sticky":false,"template":"","format":"standard","meta":{"_acf_changed":false,"_sitemap_exclude":false,"_sitemap_priority":"","_sitemap_frequency":"","footnotes":""},"categories":[56],"tags":[],"class_list":["post-167805","post","type-post","status-publish","format-standard","has-post-thumbnail","hentry","category-xeberler","infinite-scroll-item","generate-columns","tablet-grid-50","mobile-grid-100","grid-parent","grid-33","no-featured-image-padding"],"acf":[],"yoast_head":"<!-- This site is optimized with the Yoast SEO plugin v28.4 - https:\/\/yoast.com\/product\/yoast-seo-wordpress\/ -->\n<title>&quot;Az\u0259rbaycan Rusiyan\u0131n k\u00f6l\u0259liyin\u0259 s\u00fcr\u00fckl\u0259nir&quot; - MEYDAN.TV<\/title>\n<meta name=\"robots\" content=\"index, follow, max-snippet:-1, max-image-preview:large, max-video-preview:-1\" \/>\n<link rel=\"canonical\" href=\"https:\/\/www.meydan.tv\/az\/article\/azerbaycan-rusiyanin-koleliyine-suruklenir\/\" \/>\n<meta property=\"og:locale\" content=\"az_AZ\" \/>\n<meta property=\"og:type\" content=\"article\" \/>\n<meta property=\"og:title\" content=\"&quot;Az\u0259rbaycan Rusiyan\u0131n k\u00f6l\u0259liyin\u0259 s\u00fcr\u00fckl\u0259nir&quot; - MEYDAN.TV\" \/>\n<meta property=\"og:description\" content=\"Arif Hac\u0131l\u0131: &quot;Bunun \u00fc\u00e7\u00fcn is\u0259 b\u00fct\u00fcn m\u00fcqavim\u0259t m\u0259rk\u0259zl\u0259rini \u0259l\u0259 almaq v\u0259 ya m\u0259hv etm\u0259k x\u0259tti g\u00f6t\u00fcr\u00fcl\u00fcb&quot;\" \/>\n<meta property=\"og:url\" content=\"https:\/\/www.meydan.tv\/az\/article\/azerbaycan-rusiyanin-koleliyine-suruklenir\/\" \/>\n<meta property=\"og:site_name\" content=\"MEYDAN.TV\" \/>\n<meta property=\"article:published_time\" content=\"2015-05-06T18:28:02+00:00\" \/>\n<meta property=\"og:image\" content=\"https:\/\/www.meydan.tv\/wp-content\/uploads\/8665.jpg\" \/>\n\t<meta property=\"og:image:width\" content=\"335\" \/>\n\t<meta property=\"og:image:height\" content=\"270\" \/>\n\t<meta property=\"og:image:type\" content=\"image\/jpeg\" \/>\n<meta name=\"twitter:card\" content=\"summary_large_image\" \/>\n<!-- \/ Yoast SEO plugin. -->","yoast_head_json":{"title":"\"Az\u0259rbaycan Rusiyan\u0131n k\u00f6l\u0259liyin\u0259 s\u00fcr\u00fckl\u0259nir\" - MEYDAN.TV","robots":{"index":"index","follow":"follow","max-snippet":"max-snippet:-1","max-image-preview":"max-image-preview:large","max-video-preview":"max-video-preview:-1"},"canonical":"https:\/\/www.meydan.tv\/az\/article\/azerbaycan-rusiyanin-koleliyine-suruklenir\/","og_locale":"az_AZ","og_type":"article","og_title":"\"Az\u0259rbaycan Rusiyan\u0131n k\u00f6l\u0259liyin\u0259 s\u00fcr\u00fckl\u0259nir\" - MEYDAN.TV","og_description":"Arif Hac\u0131l\u0131: \"Bunun \u00fc\u00e7\u00fcn is\u0259 b\u00fct\u00fcn m\u00fcqavim\u0259t m\u0259rk\u0259zl\u0259rini \u0259l\u0259 almaq v\u0259 ya m\u0259hv etm\u0259k x\u0259tti g\u00f6t\u00fcr\u00fcl\u00fcb\"","og_url":"https:\/\/www.meydan.tv\/az\/article\/azerbaycan-rusiyanin-koleliyine-suruklenir\/","og_site_name":"MEYDAN.TV","article_published_time":"2015-05-06T18:28:02+00:00","og_image":[{"width":335,"height":270,"url":"https:\/\/www.meydan.tv\/wp-content\/uploads\/8665.jpg","type":"image\/jpeg"}],"twitter_card":"summary_large_image","schema":{"@context":"https:\/\/schema.org","@graph":[{"@type":"Article","@id":"https:\/\/www.meydan.tv\/az\/article\/azerbaycan-rusiyanin-koleliyine-suruklenir\/#article","isPartOf":{"@id":"https:\/\/www.meydan.tv\/az\/article\/azerbaycan-rusiyanin-koleliyine-suruklenir\/"},"author":{"name":"user-manager","@id":"https:\/\/www.meydan.tv\/az\/#\/schema\/person\/10d11eccf6da3662cf5fdab9806ea91a"},"headline":"&#8220;Az\u0259rbaycan Rusiyan\u0131n k\u00f6l\u0259liyin\u0259 s\u00fcr\u00fckl\u0259nir&#8221;","datePublished":"2015-05-06T18:28:02+00:00","mainEntityOfPage":{"@id":"https:\/\/www.meydan.tv\/az\/article\/azerbaycan-rusiyanin-koleliyine-suruklenir\/"},"wordCount":434,"publisher":{"@id":"https:\/\/www.meydan.tv\/az\/#organization"},"image":{"@id":"https:\/\/www.meydan.tv\/az\/article\/azerbaycan-rusiyanin-koleliyine-suruklenir\/#primaryimage"},"thumbnailUrl":"https:\/\/www.meydan.tv\/wp-content\/uploads\/8665.jpg","articleSection":["X\u0259b\u0259rl\u0259r"],"inLanguage":"az"},{"@type":"WebPage","@id":"https:\/\/www.meydan.tv\/az\/article\/azerbaycan-rusiyanin-koleliyine-suruklenir\/","url":"https:\/\/www.meydan.tv\/az\/article\/azerbaycan-rusiyanin-koleliyine-suruklenir\/","name":"\"Az\u0259rbaycan Rusiyan\u0131n k\u00f6l\u0259liyin\u0259 s\u00fcr\u00fckl\u0259nir\" - MEYDAN.TV","isPartOf":{"@id":"https:\/\/www.meydan.tv\/az\/#website"},"primaryImageOfPage":{"@id":"https:\/\/www.meydan.tv\/az\/article\/azerbaycan-rusiyanin-koleliyine-suruklenir\/#primaryimage"},"image":{"@id":"https:\/\/www.meydan.tv\/az\/article\/azerbaycan-rusiyanin-koleliyine-suruklenir\/#primaryimage"},"thumbnailUrl":"https:\/\/www.meydan.tv\/wp-content\/uploads\/8665.jpg","datePublished":"2015-05-06T18:28:02+00:00","breadcrumb":{"@id":"https:\/\/www.meydan.tv\/az\/article\/azerbaycan-rusiyanin-koleliyine-suruklenir\/#breadcrumb"},"inLanguage":"az","potentialAction":[{"@type":"ReadAction","target":["https:\/\/www.meydan.tv\/az\/article\/azerbaycan-rusiyanin-koleliyine-suruklenir\/"]}]},{"@type":"ImageObject","inLanguage":"az","@id":"https:\/\/www.meydan.tv\/az\/article\/azerbaycan-rusiyanin-koleliyine-suruklenir\/#primaryimage","url":"https:\/\/www.meydan.tv\/wp-content\/uploads\/8665.jpg","contentUrl":"https:\/\/www.meydan.tv\/wp-content\/uploads\/8665.jpg","width":335,"height":270,"caption":"Source:"},{"@type":"BreadcrumbList","@id":"https:\/\/www.meydan.tv\/az\/article\/azerbaycan-rusiyanin-koleliyine-suruklenir\/#breadcrumb","itemListElement":[{"@type":"ListItem","position":1,"name":"Ana s\u0259hif\u0259","item":"https:\/\/www.meydan.tv\/az\/"},{"@type":"ListItem","position":2,"name":"X\u0259b\u0259rl\u0259r","item":"https:\/\/www.meydan.tv\/az\/section\/xeberler\/"},{"@type":"ListItem","position":3,"name":"&#8220;Az\u0259rbaycan Rusiyan\u0131n k\u00f6l\u0259liyin\u0259 s\u00fcr\u00fckl\u0259nir&#8221;"}]},{"@type":"WebSite","@id":"https:\/\/www.meydan.tv\/az\/#website","url":"https:\/\/www.meydan.tv\/az\/","name":"MEYDAN.TV","description":"Meydan TV Az\u0259rbaycan\u0131n media m\u0259kan\u0131ndak\u0131 alternativ s\u0259sidir","publisher":{"@id":"https:\/\/www.meydan.tv\/az\/#organization"},"potentialAction":[{"@type":"SearchAction","target":{"@type":"EntryPoint","urlTemplate":"https:\/\/www.meydan.tv\/az\/?s={search_term_string}"},"query-input":{"@type":"PropertyValueSpecification","valueRequired":true,"valueName":"search_term_string"}}],"inLanguage":"az"},{"@type":"Organization","@id":"https:\/\/www.meydan.tv\/az\/#organization","name":"Meydan TV","url":"https:\/\/www.meydan.tv\/az\/","logo":{"@type":"ImageObject","inLanguage":"az","@id":"https:\/\/www.meydan.tv\/az\/#\/schema\/logo\/image\/","url":"https:\/\/www.meydan.tv\/wp-content\/uploads\/2021\/07\/meydan-logo.svg","contentUrl":"https:\/\/www.meydan.tv\/wp-content\/uploads\/2021\/07\/meydan-logo.svg","width":195,"height":46,"caption":"Meydan TV"},"image":{"@id":"https:\/\/www.meydan.tv\/az\/#\/schema\/logo\/image\/"}},{"@type":"Person","@id":"https:\/\/www.meydan.tv\/az\/#\/schema\/person\/10d11eccf6da3662cf5fdab9806ea91a","name":"user-manager"}]}},"_links":{"self":[{"href":"https:\/\/www.meydan.tv\/az\/wp-json\/wp\/v2\/posts\/167805","targetHints":{"allow":["GET"]}}],"collection":[{"href":"https:\/\/www.meydan.tv\/az\/wp-json\/wp\/v2\/posts"}],"about":[{"href":"https:\/\/www.meydan.tv\/az\/wp-json\/wp\/v2\/types\/post"}],"author":[{"embeddable":true,"href":"https:\/\/www.meydan.tv\/az\/wp-json\/wp\/v2\/users\/11"}],"replies":[{"embeddable":true,"href":"https:\/\/www.meydan.tv\/az\/wp-json\/wp\/v2\/comments?post=167805"}],"version-history":[{"count":0,"href":"https:\/\/www.meydan.tv\/az\/wp-json\/wp\/v2\/posts\/167805\/revisions"}],"wp:featuredmedia":[{"embeddable":true,"href":"https:\/\/www.meydan.tv\/az\/wp-json\/wp\/v2\/media\/23826"}],"wp:attachment":[{"href":"https:\/\/www.meydan.tv\/az\/wp-json\/wp\/v2\/media?parent=167805"}],"wp:term":[{"taxonomy":"category","embeddable":true,"href":"https:\/\/www.meydan.tv\/az\/wp-json\/wp\/v2\/categories?post=167805"},{"taxonomy":"post_tag","embeddable":true,"href":"https:\/\/www.meydan.tv\/az\/wp-json\/wp\/v2\/tags?post=167805"}],"curies":[{"name":"wp","href":"https:\/\/api.w.org\/{rel}","templated":true}]}}