{"id":167804,"date":"2015-05-06T18:04:46","date_gmt":"2015-05-06T18:04:46","guid":{"rendered":"https:\/\/www.meydan.tv\/article\/axcp-fealinin-saxlanma-sebebi-bilinmir\/"},"modified":"2015-05-06T18:04:46","modified_gmt":"2015-05-06T18:04:46","slug":"axcp-fealinin-saxlanma-sebebi-bilinmir","status":"publish","type":"post","link":"https:\/\/www.meydan.tv\/az\/article\/axcp-fealinin-saxlanma-sebebi-bilinmir\/","title":{"rendered":"AXCP f\u0259al\u0131n\u0131n saxlanma s\u0259b\u0259bi bilinmir"},"content":{"rendered":"<figure class=\"wp-block-image size-large\">\n  <img decoding=\"async\" src=\"https:\/\/www.meydan.tv\/az\/23820\/\" alt=\"\" class=\"wp-image-23820\"\/><figcaption><\/figcaption><\/figure>\n<figure class=\"wp-block-image size-large\">\n  <img decoding=\"async\" src=\"https:\/\/www.meydan.tv\/az\/23820\/\" alt=\"\" class=\"wp-image-23820\"\/><figcaption><\/figcaption><\/figure>\n<p>\n  Fuad \u018fhm\u0259dlinin v\u0259kili il\u0259 g\u00f6r\u00fc\u015f\u00fcn\u0259 icaz\u0259 verilmir\n<\/p>\n<p>\n  AXCP G\u0259ncl\u0259r Komit\u0259sinin f\u0259al\u0131 Fuad \u018fhm\u0259dli aprelin 28-d\u0259 evinin qar\u015f\u0131s\u0131nda iki m\u00fclki geyimli \u015f\u0259xs t\u0259r\u0259find\u0259n saxlan\u0131l\u0131b.\n<\/p>\n<p>\n  F. \u018fhm\u0259dlinin atas\u0131 Z\u0259f\u0259r \u018fhm\u0259dli &#8220;Turan&#8221;-a bildirib ki, axtar\u0131\u015flardan sonra o\u011flunun Daxili \u0130\u015fl\u0259r Nazirliyinin Ba\u015f M\u00fct\u0259\u015f\u0259kkil Cinay\u0259tkarl\u0131qla M\u00fcbariz\u0259 Idar\u0259sinin \u0259m\u0259kda\u015flar\u0131 t\u0259r\u0259find\u0259n saxland\u0131\u011f\u0131n\u0131 m\u00fc\u0259yy\u0259n edib.\n<\/p>\n<p>\n  \u201cAprelin 28-d\u0259n 29-na ke\u00e7\u0259n gec\u0259 Fuad i\u015fd\u0259n ev\u0259 qay\u0131dark\u0259n &#8220;10-PK-473&#8243; d\u00f6vl\u0259t n\u00f6mr\u0259 ni\u015fanl\u0131 \u201cNissan Sunny&#8221; markal\u0131 avtomobil onu ya\u015fad\u0131\u011f\u0131 \u00fcnvana kimi t\u0259qib edib. Evimizin qar\u015f\u0131s\u0131nda zorla ma\u015f\u0131na mindir\u0259r\u0259k, nam\u0259lum istiqam\u0259t\u0259 apar\u0131blar. H\u0259min g\u00fcn s\u0259h\u0259r\u0259 q\u0259d\u0259r o\u011flumun kiml\u0259r t\u0259r\u0259find\u0259n o\u011furland\u0131\u011f\u0131ndan x\u0259b\u0259r tuta bilm\u0259dim. Daxili \u0130\u015fl\u0259r Nazirliyinin \u201c102&#8243; xidm\u0259til\u0259, prokurorluqla, X\u0259tai Rayon Polis \u0130dar\u0259si il\u0259 \u0259laq\u0259 yaratd\u0131qdan sonra m\u0259lum oldu ki, o\u011flum \u201dbandotdel&#8221;\u0259 (Ba\u015f M\u00fct\u0259\u015f\u0259kkil Cinay\u0259tkarl\u0131qla M\u00fcbariz\u0259 \u0130dar\u0259si) apar\u0131l\u0131b\u201d, &#8211; ata bildirib.\n<\/p>\n<p>\n  Aprelin 29-da Z.\u018fhm\u0259dli Ba\u015f M\u00fct\u0259\u015f\u0259kkil Cinay\u0259tkarl\u0131qla M\u00fcbariz\u0259 \u0130dar\u0259si \u0259laq\u0259 saxlay\u0131b. Orada bildiribl\u0259r ki, F. \u018fhm\u0259dlinin bar\u0259sind\u0259 25 sutkal\u0131q inzibati h\u0259bs q\u0259rar\u0131 \u00e7\u0131xar\u0131l\u0131b.\n<\/p>\n<p>\n  \u201cFuad\u0131n yan\u0131na v\u0259kil g\u00f6nd\u0259rm\u0259k ist\u0259dik, biz\u0259 bildirdil\u0259r ki, guya, o, v\u0259kild\u0259n imtina edib. \u00c7ox \u00e7al\u0131\u015fd\u0131q ki, Fuad\u0131n \u00f6z\u00fc il\u0259 g\u00f6r\u00fc\u015f\u00fcb m\u0259s\u0259l\u0259ni d\u0259qiql\u0259\u015fdir\u0259k, t\u0259\u0259ss\u00fcf ki, buna \u015f\u0259rait yaratmad\u0131lar. Aprelin 30-da Fuad\u0131n saxlan\u0131ld\u0131\u011f\u0131 idar\u0259y\u0259 getdim. M\u00fclki geyimli Elman adl\u0131 \u015f\u0259xs m\u0259n\u0259 yax\u0131nla\u015faraq dedi ki, Fuad oradad\u0131r, ona 25 sutka inzibati h\u0259bs c\u0259zas\u0131 veribl\u0259r. C\u0259zan\u0131 hans\u0131 s\u0259b\u0259bd\u0259n verdikl\u0259rini soru\u015fdum, dedil\u0259r ki, Fuad x\u0131rda xuliqanl\u0131q el\u0259yib. Amma bu \u201dx\u0131rda xuliqanl\u0131\u011f\u0131n&#8221; n\u0259d\u0259n ibar\u0259t oldu\u011funu dem\u0259dil\u0259r. Elman m\u00fc\u0259llim dedi ki, \u201cola bilsin, k\u00fc\u00e7\u0259d\u0259 ged\u0259rk\u0259n s\u00f6y\u00fc\u015f s\u00f6y\u00fcb, ona g\u00f6r\u0259 d\u0259 polisl\u0259r saxlay\u0131b\u201d. Onda m\u0259n soru\u015fdum ki, m\u0259g\u0259r polis v\u0259t\u0259nda\u015f\u0131 s\u00f6y\u00fc\u015f s\u00f6yd\u00fcy\u00fcn\u0259 g\u00f6r\u0259 saxlayanda M\u00fct\u0259\u015f\u0259kkil Cinay\u0259tkarl\u0131qla M\u00fcbariz\u0259 \u0130dar\u0259sin\u0259 g\u0259tirir? Elman m\u00fc\u0259llim cavab\u0131nda dedi ki, onun he\u00e7 n\u0259d\u0259n x\u0259b\u0259ri yoxdur. Bundan sonra soru\u015fdum ki, Fuad\u0131n h\u0259bsil\u0259 ba\u011fl\u0131 m\u0259hk\u0259m\u0259 q\u0259rar\u0131 varm\u0131? Varsa, h\u0259min q\u0259rar\u0131 g\u00f6rm\u0259k ist\u0259dim. Onu da g\u00f6st\u0259rm\u0259dil\u0259r. Bir s\u00f6zl\u0259, idar\u0259d\u0259 he\u00e7 bir sual\u0131ma cavab ala bilm\u0259dim. N\u0259 Fuad\u0131 g\u00f6r\u0259 bildim, n\u0259 d\u0259 m\u0259hk\u0259m\u0259 q\u0259rar\u0131n\u0131&#8230;&#8221;, &#8211; \u00a0Z\u0259f\u0259r \u018fhm\u0259dli bildirib.\n<\/p>\n<p>\n  V\u0259kil V\u00fcqar M\u0259mm\u0259dov da deyib ki, order t\u0259qdim etm\u0259sin\u0259 baxmayaraq, onu Fuadla g\u00f6r\u00fc\u015f\u0259 buraxmay\u0131blar.\n<\/p>\n<p>\n  \u201cBa\u015f M\u00fct\u0259\u015f\u0259kkil Cinay\u0259tkarl\u0131qla M\u00fcbariz\u0259 \u0130dar\u0259sind\u0259 Fuad \u018fhm\u0259dlinin tutulmas\u0131n\u0131n s\u0259b\u0259bl\u0259ri\u00a0 bar\u0259d\u0259 d\u0259 m\u0259lumat vermirl\u0259r. \u018fg\u0259r Fuad\u0131 inzibati qaydada saxlay\u0131blarsa, n\u0259 sb\u0259b\u0259bd\u0259n Ba\u015f M\u00fct\u0259\u015f\u0259kkil Cinay\u0259tkarl\u0131qla M\u00fcbariz\u0259 \u0130dar\u0259sind\u0259 saxlay\u0131rlar? M\u0259hk\u0259m\u0259 q\u0259rar\u0131 varsa, niy\u0259 g\u00f6st\u0259rmirl\u0259r? G\u00fcman edir\u0259m ki, ona i\u015fg\u0259nc\u0259 verilib\u201d, &#8211; v\u0259kil qeyd edib.\n<\/p>\n<p>\n  V.M\u0259mm\u0259dov h\u0259m\u00e7inin Fuad\u0131n siyasi v\u0259 Facebook f\u0259al\u0131 oldu\u011funu bildirib. \u201cOnun h\u0259bsinin s\u0259b\u0259bini bunda axtarmaq laz\u0131md\u0131r. Fuad\u0131 qanunsuz olaraq saxlay\u0131rlar. Bu h\u0259r\u0259k\u0259td\u0259n prokurora, m\u0259hk\u0259m\u0259y\u0259 v\u0259 ombudsmana \u015fikay\u0259t ed\u0259c\u0259m\u201d, &#8211; v\u0259kil qeyd edib.\n<\/p>\n<p>\n  AXCP s\u0259dri \u018fli K\u0259rimli bildirib ki, Fuad \u018fhm\u0259dli c\u0259rrahiyy\u0259 \u0259m\u0259liyyat\u0131ndan yeni \u00e7\u0131x\u0131b v\u0259 onun s\u0259hh\u0259tin\u0259 g\u00f6r\u0259 hakimiyy\u0259t m\u0259suliyy\u0259t da\u015f\u0131y\u0131r.\n<\/p>\n<p>\n  \u018f.K\u0259rimli facebook s\u0259hif\u0259sind\u0259 yaz\u0131b:\n<\/p>\n<p>\n  \u201cAXCP G\u0259ncl\u0259r Komit\u0259sinin f\u0259al\u0131 Fuad \u018fhm\u0259dli art\u0131q d\u00f6rd\u00fcnc\u00fc g\u00fcnd\u00fcr ki, \u201cbanditizm\u201d idar\u0259si t\u0259r\u0259find\u0259n o\u011furlan\u0131b. Haqq\u0131nda formal da olsa, m\u0259hk\u0259m\u0259 q\u0259rar\u0131 yoxdur. Tam qanunsuz, girov kimi saxlan\u0131l\u0131r. V\u0259kili il\u0259 bel\u0259 g\u00f6r\u00fc\u015f\u00fcn\u0259 imkan verilmir. N\u0259d\u0259 ittiham olundu\u011fu bar\u0259d\u0259 he\u00e7 ail\u0259 \u00fczvl\u0259rin\u0259 d\u0259 m\u0259lumat verilmir\u201d, &#8211; o qeyd edib.\n<\/p>\n<p>\n  Fuad \u018fhm\u0259dlinin saxlanmas\u0131 il\u0259 ba\u011fl\u0131 h\u0259l\u0259 r\u0259smi orqanlar m\u0259lumat yaymay\u0131b.<\/p>\n","protected":false},"excerpt":{"rendered":"<p>Fuad \u018fhm\u0259dlinin v\u0259kili il\u0259 g\u00f6r\u00fc\u015f\u00fcn\u0259 icaz\u0259 verilmir<\/p>\n","protected":false},"author":11,"featured_media":23820,"comment_status":"closed","ping_status":"open","sticky":false,"template":"","format":"standard","meta":{"_acf_changed":false,"_sitemap_exclude":false,"_sitemap_priority":"","_sitemap_frequency":"","footnotes":""},"categories":[56],"tags":[],"class_list":["post-167804","post","type-post","status-publish","format-standard","has-post-thumbnail","hentry","category-xeberler","infinite-scroll-item","generate-columns","tablet-grid-50","mobile-grid-100","grid-parent","grid-33","no-featured-image-padding"],"acf":[],"yoast_head":"<!-- This site is optimized with the Yoast SEO plugin v28.4 - https:\/\/yoast.com\/product\/yoast-seo-wordpress\/ -->\n<title>AXCP f\u0259al\u0131n\u0131n saxlanma s\u0259b\u0259bi bilinmir - MEYDAN.TV<\/title>\n<meta name=\"robots\" content=\"index, follow, max-snippet:-1, max-image-preview:large, max-video-preview:-1\" \/>\n<link rel=\"canonical\" href=\"https:\/\/www.meydan.tv\/az\/article\/axcp-fealinin-saxlanma-sebebi-bilinmir\/\" \/>\n<meta property=\"og:locale\" content=\"az_AZ\" \/>\n<meta property=\"og:type\" content=\"article\" \/>\n<meta property=\"og:title\" content=\"AXCP f\u0259al\u0131n\u0131n saxlanma s\u0259b\u0259bi bilinmir - MEYDAN.TV\" \/>\n<meta property=\"og:description\" content=\"Fuad \u018fhm\u0259dlinin v\u0259kili il\u0259 g\u00f6r\u00fc\u015f\u00fcn\u0259 icaz\u0259 verilmir\" \/>\n<meta property=\"og:url\" content=\"https:\/\/www.meydan.tv\/az\/article\/axcp-fealinin-saxlanma-sebebi-bilinmir\/\" \/>\n<meta property=\"og:site_name\" content=\"MEYDAN.TV\" \/>\n<meta property=\"article:published_time\" content=\"2015-05-06T18:04:46+00:00\" \/>\n<meta property=\"og:image\" content=\"https:\/\/www.meydan.tv\/wp-content\/uploads\/8670.jpg\" \/>\n\t<meta property=\"og:image:width\" content=\"400\" \/>\n\t<meta property=\"og:image:height\" content=\"522\" \/>\n\t<meta property=\"og:image:type\" content=\"image\/jpeg\" \/>\n<meta name=\"twitter:card\" content=\"summary_large_image\" \/>\n<!-- \/ Yoast SEO plugin. -->","yoast_head_json":{"title":"AXCP f\u0259al\u0131n\u0131n saxlanma s\u0259b\u0259bi bilinmir - MEYDAN.TV","robots":{"index":"index","follow":"follow","max-snippet":"max-snippet:-1","max-image-preview":"max-image-preview:large","max-video-preview":"max-video-preview:-1"},"canonical":"https:\/\/www.meydan.tv\/az\/article\/axcp-fealinin-saxlanma-sebebi-bilinmir\/","og_locale":"az_AZ","og_type":"article","og_title":"AXCP f\u0259al\u0131n\u0131n saxlanma s\u0259b\u0259bi bilinmir - MEYDAN.TV","og_description":"Fuad \u018fhm\u0259dlinin v\u0259kili il\u0259 g\u00f6r\u00fc\u015f\u00fcn\u0259 icaz\u0259 verilmir","og_url":"https:\/\/www.meydan.tv\/az\/article\/axcp-fealinin-saxlanma-sebebi-bilinmir\/","og_site_name":"MEYDAN.TV","article_published_time":"2015-05-06T18:04:46+00:00","og_image":[{"width":400,"height":522,"url":"https:\/\/www.meydan.tv\/wp-content\/uploads\/8670.jpg","type":"image\/jpeg"}],"twitter_card":"summary_large_image","schema":{"@context":"https:\/\/schema.org","@graph":[{"@type":"Article","@id":"https:\/\/www.meydan.tv\/az\/article\/axcp-fealinin-saxlanma-sebebi-bilinmir\/#article","isPartOf":{"@id":"https:\/\/www.meydan.tv\/az\/article\/axcp-fealinin-saxlanma-sebebi-bilinmir\/"},"author":{"name":"user-manager","@id":"https:\/\/www.meydan.tv\/az\/#\/schema\/person\/10d11eccf6da3662cf5fdab9806ea91a"},"headline":"AXCP f\u0259al\u0131n\u0131n saxlanma s\u0259b\u0259bi bilinmir","datePublished":"2015-05-06T18:04:46+00:00","mainEntityOfPage":{"@id":"https:\/\/www.meydan.tv\/az\/article\/axcp-fealinin-saxlanma-sebebi-bilinmir\/"},"wordCount":809,"publisher":{"@id":"https:\/\/www.meydan.tv\/az\/#organization"},"image":{"@id":"https:\/\/www.meydan.tv\/az\/article\/axcp-fealinin-saxlanma-sebebi-bilinmir\/#primaryimage"},"thumbnailUrl":"https:\/\/www.meydan.tv\/wp-content\/uploads\/8670.jpg","articleSection":["X\u0259b\u0259rl\u0259r"],"inLanguage":"az"},{"@type":"WebPage","@id":"https:\/\/www.meydan.tv\/az\/article\/axcp-fealinin-saxlanma-sebebi-bilinmir\/","url":"https:\/\/www.meydan.tv\/az\/article\/axcp-fealinin-saxlanma-sebebi-bilinmir\/","name":"AXCP f\u0259al\u0131n\u0131n saxlanma s\u0259b\u0259bi bilinmir - MEYDAN.TV","isPartOf":{"@id":"https:\/\/www.meydan.tv\/az\/#website"},"primaryImageOfPage":{"@id":"https:\/\/www.meydan.tv\/az\/article\/axcp-fealinin-saxlanma-sebebi-bilinmir\/#primaryimage"},"image":{"@id":"https:\/\/www.meydan.tv\/az\/article\/axcp-fealinin-saxlanma-sebebi-bilinmir\/#primaryimage"},"thumbnailUrl":"https:\/\/www.meydan.tv\/wp-content\/uploads\/8670.jpg","datePublished":"2015-05-06T18:04:46+00:00","breadcrumb":{"@id":"https:\/\/www.meydan.tv\/az\/article\/axcp-fealinin-saxlanma-sebebi-bilinmir\/#breadcrumb"},"inLanguage":"az","potentialAction":[{"@type":"ReadAction","target":["https:\/\/www.meydan.tv\/az\/article\/axcp-fealinin-saxlanma-sebebi-bilinmir\/"]}]},{"@type":"ImageObject","inLanguage":"az","@id":"https:\/\/www.meydan.tv\/az\/article\/axcp-fealinin-saxlanma-sebebi-bilinmir\/#primaryimage","url":"https:\/\/www.meydan.tv\/wp-content\/uploads\/8670.jpg","contentUrl":"https:\/\/www.meydan.tv\/wp-content\/uploads\/8670.jpg","width":400,"height":522,"caption":"Source:"},{"@type":"BreadcrumbList","@id":"https:\/\/www.meydan.tv\/az\/article\/axcp-fealinin-saxlanma-sebebi-bilinmir\/#breadcrumb","itemListElement":[{"@type":"ListItem","position":1,"name":"Ana s\u0259hif\u0259","item":"https:\/\/www.meydan.tv\/az\/"},{"@type":"ListItem","position":2,"name":"X\u0259b\u0259rl\u0259r","item":"https:\/\/www.meydan.tv\/az\/section\/xeberler\/"},{"@type":"ListItem","position":3,"name":"AXCP f\u0259al\u0131n\u0131n saxlanma s\u0259b\u0259bi bilinmir"}]},{"@type":"WebSite","@id":"https:\/\/www.meydan.tv\/az\/#website","url":"https:\/\/www.meydan.tv\/az\/","name":"MEYDAN.TV","description":"Meydan TV Az\u0259rbaycan\u0131n media m\u0259kan\u0131ndak\u0131 alternativ s\u0259sidir","publisher":{"@id":"https:\/\/www.meydan.tv\/az\/#organization"},"potentialAction":[{"@type":"SearchAction","target":{"@type":"EntryPoint","urlTemplate":"https:\/\/www.meydan.tv\/az\/?s={search_term_string}"},"query-input":{"@type":"PropertyValueSpecification","valueRequired":true,"valueName":"search_term_string"}}],"inLanguage":"az"},{"@type":"Organization","@id":"https:\/\/www.meydan.tv\/az\/#organization","name":"Meydan TV","url":"https:\/\/www.meydan.tv\/az\/","logo":{"@type":"ImageObject","inLanguage":"az","@id":"https:\/\/www.meydan.tv\/az\/#\/schema\/logo\/image\/","url":"https:\/\/www.meydan.tv\/wp-content\/uploads\/2021\/07\/meydan-logo.svg","contentUrl":"https:\/\/www.meydan.tv\/wp-content\/uploads\/2021\/07\/meydan-logo.svg","width":195,"height":46,"caption":"Meydan TV"},"image":{"@id":"https:\/\/www.meydan.tv\/az\/#\/schema\/logo\/image\/"}},{"@type":"Person","@id":"https:\/\/www.meydan.tv\/az\/#\/schema\/person\/10d11eccf6da3662cf5fdab9806ea91a","name":"user-manager"}]}},"_links":{"self":[{"href":"https:\/\/www.meydan.tv\/az\/wp-json\/wp\/v2\/posts\/167804","targetHints":{"allow":["GET"]}}],"collection":[{"href":"https:\/\/www.meydan.tv\/az\/wp-json\/wp\/v2\/posts"}],"about":[{"href":"https:\/\/www.meydan.tv\/az\/wp-json\/wp\/v2\/types\/post"}],"author":[{"embeddable":true,"href":"https:\/\/www.meydan.tv\/az\/wp-json\/wp\/v2\/users\/11"}],"replies":[{"embeddable":true,"href":"https:\/\/www.meydan.tv\/az\/wp-json\/wp\/v2\/comments?post=167804"}],"version-history":[{"count":0,"href":"https:\/\/www.meydan.tv\/az\/wp-json\/wp\/v2\/posts\/167804\/revisions"}],"wp:featuredmedia":[{"embeddable":true,"href":"https:\/\/www.meydan.tv\/az\/wp-json\/wp\/v2\/media\/23820"}],"wp:attachment":[{"href":"https:\/\/www.meydan.tv\/az\/wp-json\/wp\/v2\/media?parent=167804"}],"wp:term":[{"taxonomy":"category","embeddable":true,"href":"https:\/\/www.meydan.tv\/az\/wp-json\/wp\/v2\/categories?post=167804"},{"taxonomy":"post_tag","embeddable":true,"href":"https:\/\/www.meydan.tv\/az\/wp-json\/wp\/v2\/tags?post=167804"}],"curies":[{"name":"wp","href":"https:\/\/api.w.org\/{rel}","templated":true}]}}