{"id":167803,"date":"2015-05-06T18:20:08","date_gmt":"2015-05-06T18:20:08","guid":{"rendered":"https:\/\/www.meydan.tv\/article\/ferec-kerimli-66-ay-azadliqdan-mehrum-edildi\/"},"modified":"2015-05-06T18:20:08","modified_gmt":"2015-05-06T18:20:08","slug":"ferec-kerimli-66-ay-azadliqdan-mehrum-edildi","status":"publish","type":"post","link":"https:\/\/www.meydan.tv\/az\/article\/ferec-kerimli-66-ay-azadliqdan-mehrum-edildi\/","title":{"rendered":"F\u0259r\u0259c K\u0259rimli 6,6 ay azadl\u0131qdan m\u0259hrum edildi"},"content":{"rendered":"<figure class=\"wp-block-image size-large\">\n  <img decoding=\"async\" src=\"https:\/\/www.meydan.tv\/az\/23823\/\" alt=\"\" class=\"wp-image-23823\"\/><figcaption><\/figcaption><\/figure>\n<figure class=\"wp-block-image size-large\">\n  <img decoding=\"async\" src=\"https:\/\/www.meydan.tv\/az\/23823\/\" alt=\"\" class=\"wp-image-23823\"\/><figcaption><\/figcaption><\/figure>\n<p><div>\n    <i><br \/>\n      &#8220;Qanunu ayaqlar alt\u0131na alan m\u0259hk\u0259m\u0259d\u0259 son s\u00f6z dem\u0259yim bu h\u0259bsi sifari\u015f ver\u0259nl\u0259r\u0259 \u015f\u0259r\u0259f olar&#8221;<br \/>\n    <\/i><\/p><\/div>\n<\/p>\n<p><div>\n    May\u0131n 6-da Bak\u0131 A\u011f\u0131r Cinay\u0259tl\u0259r M\u0259hk\u0259m\u0259sind\u0259 M\u00fcsavat Partiyas\u0131n\u0131n G\u0259ncl\u0259r T\u0259\u015fkilat\u0131n\u0131n s\u0259dr m\u00fcavini F\u0259r\u0259c K\u0259rimliy\u0259 h\u00f6km oxunub.\u00a0Hakim \u015e\u0259k\u0259r M\u0259mm\u0259dova siyasi f\u0259al\u0131 6,6 ay azadl\u0131qdan m\u0259hrum edib.\n  <\/div>\n<\/p>\n<p><div><\/div>\n<\/p>\n<p><div>\n    H\u00f6kmd\u0259n \u0259vv\u0259l F\u0259r\u0259c K\u0259rimli \u00e7\u0131x\u0131\u015f edib. H\u0259bsinin siyasi sifari\u015f oldu\u011funu dey\u0259n m\u00fcsavat\u00e7\u0131 fikirl\u0259rini bu s\u00f6zl\u0259rl\u0259 yekunla\u015fd\u0131r\u0131b: &#8220;M\u0259n avtoritar rejim\u0259 qar\u015f\u0131 m\u00fcbariz\u0259m\u0259 g\u00f6r\u0259 h\u0259bs olunmu\u015fam. Qanunu ayaqlar alt\u0131na alan m\u0259hk\u0259m\u0259d\u0259 son s\u00f6z dem\u0259yim bu h\u0259bsi sifari\u015f ver\u0259nl\u0259r\u0259 \u015f\u0259r\u0259f olar&#8221;.\n  <\/div>\n<\/p>\n<div>\n<p>\n      F\u0259r\u0259c K\u0259rimli h\u0259m d\u0259 Facebook f\u0259al\u0131d\u0131r. O, \u00f6t\u0259n il, iyulun 23-d\u0259 saxlan\u0131l\u0131b. Ona qar\u015f\u0131 Cinay\u0259t M\u0259c\u0259ll\u0259sinin 234.4.3-c\u00fc (qanunsuz olaraq sat\u0131\u015f m\u0259qs\u0259dil\u0259 b\u00f6y\u00fck \u00f6l\u00e7\u00fcd\u0259 narkotik madd\u0259 \u0259ld\u0259 etm\u0259k v\u0259 ya saxlamaq) madd\u0259si il\u0259 ittiham ir\u0259li s\u00fcr\u00fcl\u00fcb.\u201cAmnesty \u0130nternational\u201d t\u0259\u015fkilat\u0131 onu vicdan m\u0259hbusu kimi tan\u0131y\u0131b.\n    <\/p>\n<\/p><\/div><\/p>\n","protected":false},"excerpt":{"rendered":"<p>&#8220;Qanunu ayaqlar alt\u0131na alan m\u0259hk\u0259m\u0259d\u0259 son s\u00f6z dem\u0259yim bu h\u0259bsi sifari\u015f ver\u0259nl\u0259r\u0259 \u015f\u0259r\u0259f olar&#8221;<\/p>\n","protected":false},"author":11,"featured_media":23823,"comment_status":"closed","ping_status":"open","sticky":false,"template":"","format":"standard","meta":{"_acf_changed":false,"_sitemap_exclude":false,"_sitemap_priority":"","_sitemap_frequency":"","footnotes":""},"categories":[56],"tags":[],"class_list":["post-167803","post","type-post","status-publish","format-standard","has-post-thumbnail","hentry","category-xeberler","infinite-scroll-item","generate-columns","tablet-grid-50","mobile-grid-100","grid-parent","grid-33","no-featured-image-padding"],"acf":[],"yoast_head":"<!-- This site is optimized with the Yoast SEO plugin v28.4 - https:\/\/yoast.com\/product\/yoast-seo-wordpress\/ -->\n<title>F\u0259r\u0259c K\u0259rimli 6,6 ay azadl\u0131qdan m\u0259hrum edildi - MEYDAN.TV<\/title>\n<meta name=\"robots\" content=\"index, follow, max-snippet:-1, max-image-preview:large, max-video-preview:-1\" \/>\n<link rel=\"canonical\" href=\"https:\/\/www.meydan.tv\/az\/article\/ferec-kerimli-66-ay-azadliqdan-mehrum-edildi\/\" \/>\n<meta property=\"og:locale\" content=\"az_AZ\" \/>\n<meta property=\"og:type\" content=\"article\" \/>\n<meta property=\"og:title\" content=\"F\u0259r\u0259c K\u0259rimli 6,6 ay azadl\u0131qdan m\u0259hrum edildi - MEYDAN.TV\" \/>\n<meta property=\"og:description\" content=\"&quot;Qanunu ayaqlar alt\u0131na alan m\u0259hk\u0259m\u0259d\u0259 son s\u00f6z dem\u0259yim bu h\u0259bsi sifari\u015f ver\u0259nl\u0259r\u0259 \u015f\u0259r\u0259f olar&quot;\" \/>\n<meta property=\"og:url\" content=\"https:\/\/www.meydan.tv\/az\/article\/ferec-kerimli-66-ay-azadliqdan-mehrum-edildi\/\" \/>\n<meta property=\"og:site_name\" content=\"MEYDAN.TV\" \/>\n<meta property=\"article:published_time\" content=\"2015-05-06T18:20:08+00:00\" \/>\n<meta property=\"og:image\" content=\"https:\/\/www.meydan.tv\/wp-content\/uploads\/8664.jpg\" \/>\n\t<meta property=\"og:image:width\" content=\"400\" \/>\n\t<meta property=\"og:image:height\" content=\"300\" \/>\n\t<meta property=\"og:image:type\" content=\"image\/jpeg\" \/>\n<meta name=\"twitter:card\" content=\"summary_large_image\" \/>\n<!-- \/ Yoast SEO plugin. -->","yoast_head_json":{"title":"F\u0259r\u0259c K\u0259rimli 6,6 ay azadl\u0131qdan m\u0259hrum edildi - MEYDAN.TV","robots":{"index":"index","follow":"follow","max-snippet":"max-snippet:-1","max-image-preview":"max-image-preview:large","max-video-preview":"max-video-preview:-1"},"canonical":"https:\/\/www.meydan.tv\/az\/article\/ferec-kerimli-66-ay-azadliqdan-mehrum-edildi\/","og_locale":"az_AZ","og_type":"article","og_title":"F\u0259r\u0259c K\u0259rimli 6,6 ay azadl\u0131qdan m\u0259hrum edildi - MEYDAN.TV","og_description":"\"Qanunu ayaqlar alt\u0131na alan m\u0259hk\u0259m\u0259d\u0259 son s\u00f6z dem\u0259yim bu h\u0259bsi sifari\u015f ver\u0259nl\u0259r\u0259 \u015f\u0259r\u0259f olar\"","og_url":"https:\/\/www.meydan.tv\/az\/article\/ferec-kerimli-66-ay-azadliqdan-mehrum-edildi\/","og_site_name":"MEYDAN.TV","article_published_time":"2015-05-06T18:20:08+00:00","og_image":[{"width":400,"height":300,"url":"https:\/\/www.meydan.tv\/wp-content\/uploads\/8664.jpg","type":"image\/jpeg"}],"twitter_card":"summary_large_image","schema":{"@context":"https:\/\/schema.org","@graph":[{"@type":"Article","@id":"https:\/\/www.meydan.tv\/az\/article\/ferec-kerimli-66-ay-azadliqdan-mehrum-edildi\/#article","isPartOf":{"@id":"https:\/\/www.meydan.tv\/az\/article\/ferec-kerimli-66-ay-azadliqdan-mehrum-edildi\/"},"author":{"name":"user-manager","@id":"https:\/\/www.meydan.tv\/az\/#\/schema\/person\/10d11eccf6da3662cf5fdab9806ea91a"},"headline":"F\u0259r\u0259c K\u0259rimli 6,6 ay azadl\u0131qdan m\u0259hrum edildi","datePublished":"2015-05-06T18:20:08+00:00","mainEntityOfPage":{"@id":"https:\/\/www.meydan.tv\/az\/article\/ferec-kerimli-66-ay-azadliqdan-mehrum-edildi\/"},"wordCount":229,"publisher":{"@id":"https:\/\/www.meydan.tv\/az\/#organization"},"image":{"@id":"https:\/\/www.meydan.tv\/az\/article\/ferec-kerimli-66-ay-azadliqdan-mehrum-edildi\/#primaryimage"},"thumbnailUrl":"https:\/\/www.meydan.tv\/wp-content\/uploads\/8664.jpg","articleSection":["X\u0259b\u0259rl\u0259r"],"inLanguage":"az"},{"@type":"WebPage","@id":"https:\/\/www.meydan.tv\/az\/article\/ferec-kerimli-66-ay-azadliqdan-mehrum-edildi\/","url":"https:\/\/www.meydan.tv\/az\/article\/ferec-kerimli-66-ay-azadliqdan-mehrum-edildi\/","name":"F\u0259r\u0259c K\u0259rimli 6,6 ay azadl\u0131qdan m\u0259hrum edildi - MEYDAN.TV","isPartOf":{"@id":"https:\/\/www.meydan.tv\/az\/#website"},"primaryImageOfPage":{"@id":"https:\/\/www.meydan.tv\/az\/article\/ferec-kerimli-66-ay-azadliqdan-mehrum-edildi\/#primaryimage"},"image":{"@id":"https:\/\/www.meydan.tv\/az\/article\/ferec-kerimli-66-ay-azadliqdan-mehrum-edildi\/#primaryimage"},"thumbnailUrl":"https:\/\/www.meydan.tv\/wp-content\/uploads\/8664.jpg","datePublished":"2015-05-06T18:20:08+00:00","breadcrumb":{"@id":"https:\/\/www.meydan.tv\/az\/article\/ferec-kerimli-66-ay-azadliqdan-mehrum-edildi\/#breadcrumb"},"inLanguage":"az","potentialAction":[{"@type":"ReadAction","target":["https:\/\/www.meydan.tv\/az\/article\/ferec-kerimli-66-ay-azadliqdan-mehrum-edildi\/"]}]},{"@type":"ImageObject","inLanguage":"az","@id":"https:\/\/www.meydan.tv\/az\/article\/ferec-kerimli-66-ay-azadliqdan-mehrum-edildi\/#primaryimage","url":"https:\/\/www.meydan.tv\/wp-content\/uploads\/8664.jpg","contentUrl":"https:\/\/www.meydan.tv\/wp-content\/uploads\/8664.jpg","width":400,"height":300,"caption":"Source:"},{"@type":"BreadcrumbList","@id":"https:\/\/www.meydan.tv\/az\/article\/ferec-kerimli-66-ay-azadliqdan-mehrum-edildi\/#breadcrumb","itemListElement":[{"@type":"ListItem","position":1,"name":"Ana s\u0259hif\u0259","item":"https:\/\/www.meydan.tv\/az\/"},{"@type":"ListItem","position":2,"name":"X\u0259b\u0259rl\u0259r","item":"https:\/\/www.meydan.tv\/az\/section\/xeberler\/"},{"@type":"ListItem","position":3,"name":"F\u0259r\u0259c K\u0259rimli 6,6 ay azadl\u0131qdan m\u0259hrum edildi"}]},{"@type":"WebSite","@id":"https:\/\/www.meydan.tv\/az\/#website","url":"https:\/\/www.meydan.tv\/az\/","name":"MEYDAN.TV","description":"Meydan TV Az\u0259rbaycan\u0131n media m\u0259kan\u0131ndak\u0131 alternativ s\u0259sidir","publisher":{"@id":"https:\/\/www.meydan.tv\/az\/#organization"},"potentialAction":[{"@type":"SearchAction","target":{"@type":"EntryPoint","urlTemplate":"https:\/\/www.meydan.tv\/az\/?s={search_term_string}"},"query-input":{"@type":"PropertyValueSpecification","valueRequired":true,"valueName":"search_term_string"}}],"inLanguage":"az"},{"@type":"Organization","@id":"https:\/\/www.meydan.tv\/az\/#organization","name":"Meydan TV","url":"https:\/\/www.meydan.tv\/az\/","logo":{"@type":"ImageObject","inLanguage":"az","@id":"https:\/\/www.meydan.tv\/az\/#\/schema\/logo\/image\/","url":"https:\/\/www.meydan.tv\/wp-content\/uploads\/2021\/07\/meydan-logo.svg","contentUrl":"https:\/\/www.meydan.tv\/wp-content\/uploads\/2021\/07\/meydan-logo.svg","width":195,"height":46,"caption":"Meydan TV"},"image":{"@id":"https:\/\/www.meydan.tv\/az\/#\/schema\/logo\/image\/"}},{"@type":"Person","@id":"https:\/\/www.meydan.tv\/az\/#\/schema\/person\/10d11eccf6da3662cf5fdab9806ea91a","name":"user-manager"}]}},"_links":{"self":[{"href":"https:\/\/www.meydan.tv\/az\/wp-json\/wp\/v2\/posts\/167803","targetHints":{"allow":["GET"]}}],"collection":[{"href":"https:\/\/www.meydan.tv\/az\/wp-json\/wp\/v2\/posts"}],"about":[{"href":"https:\/\/www.meydan.tv\/az\/wp-json\/wp\/v2\/types\/post"}],"author":[{"embeddable":true,"href":"https:\/\/www.meydan.tv\/az\/wp-json\/wp\/v2\/users\/11"}],"replies":[{"embeddable":true,"href":"https:\/\/www.meydan.tv\/az\/wp-json\/wp\/v2\/comments?post=167803"}],"version-history":[{"count":0,"href":"https:\/\/www.meydan.tv\/az\/wp-json\/wp\/v2\/posts\/167803\/revisions"}],"wp:featuredmedia":[{"embeddable":true,"href":"https:\/\/www.meydan.tv\/az\/wp-json\/wp\/v2\/media\/23823"}],"wp:attachment":[{"href":"https:\/\/www.meydan.tv\/az\/wp-json\/wp\/v2\/media?parent=167803"}],"wp:term":[{"taxonomy":"category","embeddable":true,"href":"https:\/\/www.meydan.tv\/az\/wp-json\/wp\/v2\/categories?post=167803"},{"taxonomy":"post_tag","embeddable":true,"href":"https:\/\/www.meydan.tv\/az\/wp-json\/wp\/v2\/tags?post=167803"}],"curies":[{"name":"wp","href":"https:\/\/api.w.org\/{rel}","templated":true}]}}