{"id":167801,"date":"2015-05-06T15:32:12","date_gmt":"2015-05-06T15:32:12","guid":{"rendered":"https:\/\/www.meydan.tv\/article\/ermenistandaki-rejimin-movcudlugunda-rusiyanin-boyuk-rolu-var\/"},"modified":"2015-05-06T15:32:12","modified_gmt":"2015-05-06T15:32:12","slug":"ermenistandaki-rejimin-movcudlugunda-rusiyanin-boyuk-rolu-var","status":"publish","type":"post","link":"https:\/\/www.meydan.tv\/az\/article\/ermenistandaki-rejimin-movcudlugunda-rusiyanin-boyuk-rolu-var\/","title":{"rendered":"&#8220;Erm\u0259nistandak\u0131 rejimin m\u00f6vcudlu\u011funda Rusiyan\u0131n b\u00f6y\u00fck rolu var&#8221;"},"content":{"rendered":"<figure class=\"wp-block-image size-large\">\n  <img decoding=\"async\" src=\"https:\/\/www.meydan.tv\/az\/23814\/\" alt=\"\" class=\"wp-image-23814\"\/><figcaption><\/figcaption><\/figure>\n<p>\n  \u018fli H\u0259s\u0259nov: &#8220;K\u0259lb\u0259c\u0259rd\u0259 girov g\u00f6t\u00fcr\u00fclm\u00fc\u015f Dilq\u0259m \u018fsg\u0259rov v\u0259 \u015eahbaz Quliyev m\u00fctl\u0259q azad edil\u0259c\u0259k&#8221;\n<\/p>\n<p>\n  \u201cAT\u018fT-in Minsk Qrupunun h\u0259ms\u0259drl\u0259ri olan \u00fc\u00e7 d\u00f6vl\u0259t son 20 ild\u0259\u00a0Da\u011fl\u0131q Qaraba\u011fm\u00fcnaqi\u015f\u0259sinin h\u0259lli istiqam\u0259tind\u0259 he\u00e7 bir add\u0131m atmay\u0131blar. M\u0259n do\u011fma torpaqlar\u0131m\u0131z\u0131n i\u015f\u011fal\u0131na son qoyulmay\u0131nca, torpaqlar\u0131ma qay\u0131tmay\u0131nca, Minsk Qrupunun h\u0259ms\u0259dri olan d\u00f6vl\u0259tl\u0259r bar\u0259d\u0259 t\u0259nqidl\u0259rim\u0259 son qoymayaca\u011fam. N\u0259 \u00fc\u00e7\u00fcn biz bunlar\u0131 dem\u0259m\u0259liyik?\u201d\n<\/p>\n<p>\n  <a href=\"https:\/\/apa.az\/\"><br \/>\n    APA<br \/>\n  <\/a><br \/>\n  -n\u0131n m\u0259lumat\u0131na g\u00f6r\u0259, bu s\u00f6zl\u0259ri Heyd\u0259r \u018fliyevin anadan olmas\u0131n\u0131n 92-ci ild\u00f6n\u00fcm\u00fc il\u0259 \u0259laq\u0259dar Qa\u00e7q\u0131nlar\u0131n v\u0259 M\u0259cburi K\u00f6\u00e7k\u00fcnl\u0259rin \u0130\u015fl\u0259ri \u00fczr\u0259 D\u00f6vl\u0259t\u00a0 Komit\u0259si v\u0259 \u201cAz\u0259rbaycan\u201d q\u0259zetinin birg\u0259 t\u0259\u015fkilat\u00e7\u0131l\u0131\u011f\u0131 il\u0259 ke\u00e7iril\u0259n \u201cUlu \u00f6nd\u0259r Heyd\u0259r \u018fliyev m\u00fcasir Az\u0259rbaycan d\u00f6vl\u0259tinin banisidir\u201d m\u00f6vzusunda konfransda\u00a0Qa\u00e7q\u0131nlar\u0131n v\u0259 M\u0259cburi K\u00f6\u00e7k\u00fcnl\u0259rin \u0130\u015fl\u0259ri \u00fczr\u0259 D\u00f6vl\u0259t Komit\u0259sinin s\u0259dri\u00a0\u018fli H\u0259s\u0259nov\u00a0deyib.\n<\/p>\n<p>\n  \u201cBizim probleml\u0259rin s\u0259b\u0259bkar\u0131 Rusiya, AB\u015e v\u0259 Fransad\u0131r. M\u0259nim s\u00f6yl\u0259diyim t\u0259nqidi fikirl\u0259r Rusiya, AB\u015e v\u0259 Fransa xalqlar\u0131na deyil, onlar\u0131n r\u0259smil\u0259rin\u0259 aiddir\u201d, &#8211; dey\u0259 \u018f. H\u0259s\u0259nov s\u00f6yl\u0259yib. O, AB\u015e, Rusiya v\u0259 Avropan\u0131n b\u00f6lg\u0259nin 3 m\u00fcs\u0259lman \u00f6lk\u0259si olan Az\u0259rbaycan, T\u00fcrkiy\u0259 v\u0259 \u0130ran\u0131n yax\u0131nla\u015fmas\u0131n\u0131n qar\u015f\u0131s\u0131n\u0131 alma\u011fa \u00e7al\u0131\u015fd\u0131\u011f\u0131n\u0131 bildirib.\n<\/p>\n<p>\n  \u00a0Erm\u0259nistandak\u0131 haz\u0131rk\u0131 rejimin m\u00f6vcudlu\u011funda Rusiyan\u0131n b\u00f6y\u00fck rolu oldu\u011funu qeyd ed\u0259n \u018f. H\u0259s\u0259nov\u00a0K\u0259lb\u0259c\u0259rd\u0259 girov g\u00f6t\u00fcr\u00fclm\u00fc\u015f Dilq\u0259m \u018fsg\u0259rov v\u0259 \u015eahbaz Quliyevin m\u00fctl\u0259q azad edil\u0259c\u0259yini vur\u011fulay\u0131b: \u201cO insanlar bizim torpaqlar\u0131m\u0131zdad\u0131r. Dilq\u0259m \u018fsg\u0259rov da son s\u00f6z\u00fcnd\u0259 dedi ki, \u201cDa\u011fl\u0131q Qaraba\u011f\u00a0Respublikas\u0131\u201dn\u0131 tan\u0131m\u0131r. M\u0259n \u00f6z do\u011fuldu\u011fum torpaqlara qay\u0131tmayana q\u0259d\u0259r h\u0259ms\u0259dr d\u00f6vl\u0259tl\u0259r bar\u0259d\u0259 t\u0259nqidi fikirl\u0259r s\u00f6yl\u0259m\u0259kd\u0259 davam ed\u0259c\u0259y\u0259m\u201d.\n<\/p>\n<p><div><\/div><\/p>\n","protected":false},"excerpt":{"rendered":"<p>\u018fli H\u0259s\u0259nov: &#8220;K\u0259lb\u0259c\u0259rd\u0259 girov g\u00f6t\u00fcr\u00fclm\u00fc\u015f Dilq\u0259m \u018fsg\u0259rov v\u0259 \u015eahbaz Quliyev m\u00fctl\u0259q azad edil\u0259c\u0259k&#8221;<\/p>\n","protected":false},"author":11,"featured_media":23814,"comment_status":"closed","ping_status":"open","sticky":false,"template":"","format":"standard","meta":{"_acf_changed":false,"_sitemap_exclude":false,"_sitemap_priority":"","_sitemap_frequency":"","footnotes":""},"categories":[56],"tags":[],"class_list":["post-167801","post","type-post","status-publish","format-standard","has-post-thumbnail","hentry","category-xeberler","infinite-scroll-item","generate-columns","tablet-grid-50","mobile-grid-100","grid-parent","grid-33","no-featured-image-padding"],"acf":[],"yoast_head":"<!-- This site is optimized with the Yoast SEO plugin v28.4 - https:\/\/yoast.com\/product\/yoast-seo-wordpress\/ -->\n<title>&quot;Erm\u0259nistandak\u0131 rejimin m\u00f6vcudlu\u011funda Rusiyan\u0131n b\u00f6y\u00fck rolu var&quot; - MEYDAN.TV<\/title>\n<meta name=\"robots\" content=\"index, follow, max-snippet:-1, max-image-preview:large, max-video-preview:-1\" \/>\n<link rel=\"canonical\" href=\"https:\/\/www.meydan.tv\/az\/article\/ermenistandaki-rejimin-movcudlugunda-rusiyanin-boyuk-rolu-var\/\" \/>\n<meta property=\"og:locale\" content=\"az_AZ\" \/>\n<meta property=\"og:type\" content=\"article\" \/>\n<meta property=\"og:title\" content=\"&quot;Erm\u0259nistandak\u0131 rejimin m\u00f6vcudlu\u011funda Rusiyan\u0131n b\u00f6y\u00fck rolu var&quot; - MEYDAN.TV\" \/>\n<meta property=\"og:description\" content=\"\u018fli H\u0259s\u0259nov: &quot;K\u0259lb\u0259c\u0259rd\u0259 girov g\u00f6t\u00fcr\u00fclm\u00fc\u015f Dilq\u0259m \u018fsg\u0259rov v\u0259 \u015eahbaz Quliyev m\u00fctl\u0259q azad edil\u0259c\u0259k&quot;\" \/>\n<meta property=\"og:url\" content=\"https:\/\/www.meydan.tv\/az\/article\/ermenistandaki-rejimin-movcudlugunda-rusiyanin-boyuk-rolu-var\/\" \/>\n<meta property=\"og:site_name\" content=\"MEYDAN.TV\" \/>\n<meta property=\"article:published_time\" content=\"2015-05-06T15:32:12+00:00\" \/>\n<meta property=\"og:image\" content=\"https:\/\/www.meydan.tv\/wp-content\/uploads\/8660.jpg\" \/>\n\t<meta property=\"og:image:width\" content=\"1200\" \/>\n\t<meta property=\"og:image:height\" content=\"885\" \/>\n\t<meta property=\"og:image:type\" content=\"image\/jpeg\" \/>\n<meta name=\"twitter:card\" content=\"summary_large_image\" \/>\n<!-- \/ Yoast SEO plugin. -->","yoast_head_json":{"title":"\"Erm\u0259nistandak\u0131 rejimin m\u00f6vcudlu\u011funda Rusiyan\u0131n b\u00f6y\u00fck rolu var\" - MEYDAN.TV","robots":{"index":"index","follow":"follow","max-snippet":"max-snippet:-1","max-image-preview":"max-image-preview:large","max-video-preview":"max-video-preview:-1"},"canonical":"https:\/\/www.meydan.tv\/az\/article\/ermenistandaki-rejimin-movcudlugunda-rusiyanin-boyuk-rolu-var\/","og_locale":"az_AZ","og_type":"article","og_title":"\"Erm\u0259nistandak\u0131 rejimin m\u00f6vcudlu\u011funda Rusiyan\u0131n b\u00f6y\u00fck rolu var\" - MEYDAN.TV","og_description":"\u018fli H\u0259s\u0259nov: \"K\u0259lb\u0259c\u0259rd\u0259 girov g\u00f6t\u00fcr\u00fclm\u00fc\u015f Dilq\u0259m \u018fsg\u0259rov v\u0259 \u015eahbaz Quliyev m\u00fctl\u0259q azad edil\u0259c\u0259k\"","og_url":"https:\/\/www.meydan.tv\/az\/article\/ermenistandaki-rejimin-movcudlugunda-rusiyanin-boyuk-rolu-var\/","og_site_name":"MEYDAN.TV","article_published_time":"2015-05-06T15:32:12+00:00","og_image":[{"width":1200,"height":885,"url":"https:\/\/www.meydan.tv\/wp-content\/uploads\/8660.jpg","type":"image\/jpeg"}],"twitter_card":"summary_large_image","schema":{"@context":"https:\/\/schema.org","@graph":[{"@type":"Article","@id":"https:\/\/www.meydan.tv\/az\/article\/ermenistandaki-rejimin-movcudlugunda-rusiyanin-boyuk-rolu-var\/#article","isPartOf":{"@id":"https:\/\/www.meydan.tv\/az\/article\/ermenistandaki-rejimin-movcudlugunda-rusiyanin-boyuk-rolu-var\/"},"author":{"name":"user-manager","@id":"https:\/\/www.meydan.tv\/az\/#\/schema\/person\/10d11eccf6da3662cf5fdab9806ea91a"},"headline":"&#8220;Erm\u0259nistandak\u0131 rejimin m\u00f6vcudlu\u011funda Rusiyan\u0131n b\u00f6y\u00fck rolu var&#8221;","datePublished":"2015-05-06T15:32:12+00:00","mainEntityOfPage":{"@id":"https:\/\/www.meydan.tv\/az\/article\/ermenistandaki-rejimin-movcudlugunda-rusiyanin-boyuk-rolu-var\/"},"wordCount":402,"publisher":{"@id":"https:\/\/www.meydan.tv\/az\/#organization"},"image":{"@id":"https:\/\/www.meydan.tv\/az\/article\/ermenistandaki-rejimin-movcudlugunda-rusiyanin-boyuk-rolu-var\/#primaryimage"},"thumbnailUrl":"https:\/\/www.meydan.tv\/wp-content\/uploads\/8660.jpg","articleSection":["X\u0259b\u0259rl\u0259r"],"inLanguage":"az"},{"@type":"WebPage","@id":"https:\/\/www.meydan.tv\/az\/article\/ermenistandaki-rejimin-movcudlugunda-rusiyanin-boyuk-rolu-var\/","url":"https:\/\/www.meydan.tv\/az\/article\/ermenistandaki-rejimin-movcudlugunda-rusiyanin-boyuk-rolu-var\/","name":"\"Erm\u0259nistandak\u0131 rejimin m\u00f6vcudlu\u011funda Rusiyan\u0131n b\u00f6y\u00fck rolu var\" - MEYDAN.TV","isPartOf":{"@id":"https:\/\/www.meydan.tv\/az\/#website"},"primaryImageOfPage":{"@id":"https:\/\/www.meydan.tv\/az\/article\/ermenistandaki-rejimin-movcudlugunda-rusiyanin-boyuk-rolu-var\/#primaryimage"},"image":{"@id":"https:\/\/www.meydan.tv\/az\/article\/ermenistandaki-rejimin-movcudlugunda-rusiyanin-boyuk-rolu-var\/#primaryimage"},"thumbnailUrl":"https:\/\/www.meydan.tv\/wp-content\/uploads\/8660.jpg","datePublished":"2015-05-06T15:32:12+00:00","breadcrumb":{"@id":"https:\/\/www.meydan.tv\/az\/article\/ermenistandaki-rejimin-movcudlugunda-rusiyanin-boyuk-rolu-var\/#breadcrumb"},"inLanguage":"az","potentialAction":[{"@type":"ReadAction","target":["https:\/\/www.meydan.tv\/az\/article\/ermenistandaki-rejimin-movcudlugunda-rusiyanin-boyuk-rolu-var\/"]}]},{"@type":"ImageObject","inLanguage":"az","@id":"https:\/\/www.meydan.tv\/az\/article\/ermenistandaki-rejimin-movcudlugunda-rusiyanin-boyuk-rolu-var\/#primaryimage","url":"https:\/\/www.meydan.tv\/wp-content\/uploads\/8660.jpg","contentUrl":"https:\/\/www.meydan.tv\/wp-content\/uploads\/8660.jpg","width":1200,"height":885,"caption":"Source:"},{"@type":"BreadcrumbList","@id":"https:\/\/www.meydan.tv\/az\/article\/ermenistandaki-rejimin-movcudlugunda-rusiyanin-boyuk-rolu-var\/#breadcrumb","itemListElement":[{"@type":"ListItem","position":1,"name":"Ana s\u0259hif\u0259","item":"https:\/\/www.meydan.tv\/az\/"},{"@type":"ListItem","position":2,"name":"X\u0259b\u0259rl\u0259r","item":"https:\/\/www.meydan.tv\/az\/section\/xeberler\/"},{"@type":"ListItem","position":3,"name":"&#8220;Erm\u0259nistandak\u0131 rejimin m\u00f6vcudlu\u011funda Rusiyan\u0131n b\u00f6y\u00fck rolu var&#8221;"}]},{"@type":"WebSite","@id":"https:\/\/www.meydan.tv\/az\/#website","url":"https:\/\/www.meydan.tv\/az\/","name":"MEYDAN.TV","description":"Meydan TV Az\u0259rbaycan\u0131n media m\u0259kan\u0131ndak\u0131 alternativ s\u0259sidir","publisher":{"@id":"https:\/\/www.meydan.tv\/az\/#organization"},"potentialAction":[{"@type":"SearchAction","target":{"@type":"EntryPoint","urlTemplate":"https:\/\/www.meydan.tv\/az\/?s={search_term_string}"},"query-input":{"@type":"PropertyValueSpecification","valueRequired":true,"valueName":"search_term_string"}}],"inLanguage":"az"},{"@type":"Organization","@id":"https:\/\/www.meydan.tv\/az\/#organization","name":"Meydan TV","url":"https:\/\/www.meydan.tv\/az\/","logo":{"@type":"ImageObject","inLanguage":"az","@id":"https:\/\/www.meydan.tv\/az\/#\/schema\/logo\/image\/","url":"https:\/\/www.meydan.tv\/wp-content\/uploads\/2021\/07\/meydan-logo.svg","contentUrl":"https:\/\/www.meydan.tv\/wp-content\/uploads\/2021\/07\/meydan-logo.svg","width":195,"height":46,"caption":"Meydan TV"},"image":{"@id":"https:\/\/www.meydan.tv\/az\/#\/schema\/logo\/image\/"}},{"@type":"Person","@id":"https:\/\/www.meydan.tv\/az\/#\/schema\/person\/10d11eccf6da3662cf5fdab9806ea91a","name":"user-manager"}]}},"_links":{"self":[{"href":"https:\/\/www.meydan.tv\/az\/wp-json\/wp\/v2\/posts\/167801","targetHints":{"allow":["GET"]}}],"collection":[{"href":"https:\/\/www.meydan.tv\/az\/wp-json\/wp\/v2\/posts"}],"about":[{"href":"https:\/\/www.meydan.tv\/az\/wp-json\/wp\/v2\/types\/post"}],"author":[{"embeddable":true,"href":"https:\/\/www.meydan.tv\/az\/wp-json\/wp\/v2\/users\/11"}],"replies":[{"embeddable":true,"href":"https:\/\/www.meydan.tv\/az\/wp-json\/wp\/v2\/comments?post=167801"}],"version-history":[{"count":0,"href":"https:\/\/www.meydan.tv\/az\/wp-json\/wp\/v2\/posts\/167801\/revisions"}],"wp:featuredmedia":[{"embeddable":true,"href":"https:\/\/www.meydan.tv\/az\/wp-json\/wp\/v2\/media\/23814"}],"wp:attachment":[{"href":"https:\/\/www.meydan.tv\/az\/wp-json\/wp\/v2\/media?parent=167801"}],"wp:term":[{"taxonomy":"category","embeddable":true,"href":"https:\/\/www.meydan.tv\/az\/wp-json\/wp\/v2\/categories?post=167801"},{"taxonomy":"post_tag","embeddable":true,"href":"https:\/\/www.meydan.tv\/az\/wp-json\/wp\/v2\/tags?post=167801"}],"curies":[{"name":"wp","href":"https:\/\/api.w.org\/{rel}","templated":true}]}}