{"id":167796,"date":"2015-05-06T05:01:55","date_gmt":"2015-05-06T05:01:55","guid":{"rendered":"https:\/\/www.meydan.tv\/article\/pen-xedice-ismayili-mukafatlandirdi\/"},"modified":"2015-05-06T05:01:55","modified_gmt":"2015-05-06T05:01:55","slug":"pen-xedice-ismayili-mukafatlandirdi","status":"publish","type":"post","link":"https:\/\/www.meydan.tv\/az\/article\/pen-xedice-ismayili-mukafatlandirdi\/","title":{"rendered":"PEN X\u0259dic\u0259 \u0130smay\u0131l\u0131 m\u00fckafatland\u0131rd\u0131"},"content":{"rendered":"<figure class=\"wp-block-image size-large\">\n  <img decoding=\"async\" src=\"https:\/\/www.meydan.tv\/az\/23790\/\" alt=\"\" class=\"wp-image-23790\"\/><figcaption><\/figcaption><\/figure>\n<figure class=\"wp-block-image size-large\">\n  <img decoding=\"async\" src=\"https:\/\/www.meydan.tv\/az\/23790\/\" alt=\"\" class=\"wp-image-23790\"\/><figcaption><\/figcaption><\/figure>\n<p>\n  May\u0131n 5-d\u0259 h\u0259bsd\u0259 olan ara\u015fd\u0131rma\u00e7\u0131 jurnalist X\u0259dic\u0259 \u0130smay\u0131l PEN Amerika M\u0259rk\u0259zinin s\u00f6z azadl\u0131\u011f\u0131 il\u0259 ba\u011fl\u0131 n\u00fcfuzlu m\u00fckafat\u0131na &#8211; PEN\/Barbara Goldsmith m\u00fckafat\u0131na layiq g\u00f6r\u00fcl\u00fcb. T\u0259qdimat m\u0259rasimi Nyu-Yorkda ke\u00e7irilib. M\u00fckafat\u0131 X\u0259dic\u0259 \u0130smay\u0131l\u0131n ad\u0131ndan dostu, Meydan TV-nin r\u0259hb\u0259ri Emin Milli al\u0131b. \u201cPEN\/Barbara Goldsmith\u201d illik m\u00fckafatd\u0131r, h\u0259bsd\u0259 olan yazarlara verilir. T\u0259\u015fkilat X\u0259dic\u0259 \u0130smay\u0131ldan b\u0259hs ed\u0259n film d\u0259 \u00e7\u0259kib.\n<\/p>\n<p>\n  Xat\u0131rladaq ki, X\u0259dic\u0259 \u0130smay\u0131l \u00f6t\u0259n ilin dekabr\u0131nda h\u0259mkar\u0131n\u0131 intihar h\u0259ddin\u0259 \u00e7atd\u0131rma ittiham\u0131 il\u0259 h\u0259bs edibl\u0259r. Onu jurnalist Tural Mustafayevin \u015fikay\u0259ti \u0259sas\u0131nda tutublar. Amma o sonradan \u015fikay\u0259t \u0259riz\u0259sini geri g\u00f6t\u00fcrm\u0259si il\u0259 ba\u011fl\u0131 prokurorlu\u011fa m\u00fcraci\u0259t edib.\n<\/p>\n<\/p>\n<p>\n  (embedded content removed)<\/p>\n","protected":false},"excerpt":{"rendered":"<p>M\u00fckafat jurnalistin dostu v\u0259 h\u0259mkar\u0131 Emin Milliy\u0259 t\u0259qdim olunub<\/p>\n","protected":false},"author":11,"featured_media":23790,"comment_status":"closed","ping_status":"open","sticky":false,"template":"","format":"standard","meta":{"_acf_changed":false,"_sitemap_exclude":false,"_sitemap_priority":"","_sitemap_frequency":"","footnotes":""},"categories":[56],"tags":[],"class_list":["post-167796","post","type-post","status-publish","format-standard","has-post-thumbnail","hentry","category-xeberler","infinite-scroll-item","generate-columns","tablet-grid-50","mobile-grid-100","grid-parent","grid-33","no-featured-image-padding"],"acf":[],"yoast_head":"<!-- This site is optimized with the Yoast SEO plugin v28.4 - https:\/\/yoast.com\/product\/yoast-seo-wordpress\/ -->\n<title>PEN X\u0259dic\u0259 \u0130smay\u0131l\u0131 m\u00fckafatland\u0131rd\u0131 - MEYDAN.TV<\/title>\n<meta name=\"robots\" content=\"index, follow, max-snippet:-1, max-image-preview:large, max-video-preview:-1\" \/>\n<link rel=\"canonical\" href=\"https:\/\/www.meydan.tv\/az\/article\/pen-xedice-ismayili-mukafatlandirdi\/\" \/>\n<meta property=\"og:locale\" content=\"az_AZ\" \/>\n<meta property=\"og:type\" content=\"article\" \/>\n<meta property=\"og:title\" content=\"PEN X\u0259dic\u0259 \u0130smay\u0131l\u0131 m\u00fckafatland\u0131rd\u0131 - MEYDAN.TV\" \/>\n<meta property=\"og:description\" content=\"M\u00fckafat jurnalistin dostu v\u0259 h\u0259mkar\u0131 Emin Milliy\u0259 t\u0259qdim olunub\" \/>\n<meta property=\"og:url\" content=\"https:\/\/www.meydan.tv\/az\/article\/pen-xedice-ismayili-mukafatlandirdi\/\" \/>\n<meta property=\"og:site_name\" content=\"MEYDAN.TV\" \/>\n<meta property=\"article:published_time\" content=\"2015-05-06T05:01:55+00:00\" \/>\n<meta property=\"og:image\" content=\"https:\/\/www.meydan.tv\/wp-content\/uploads\/8647.jpg\" \/>\n\t<meta property=\"og:image:width\" content=\"640\" \/>\n\t<meta property=\"og:image:height\" content=\"960\" \/>\n\t<meta property=\"og:image:type\" content=\"image\/jpeg\" \/>\n<meta name=\"twitter:card\" content=\"summary_large_image\" \/>\n<!-- \/ Yoast SEO plugin. -->","yoast_head_json":{"title":"PEN X\u0259dic\u0259 \u0130smay\u0131l\u0131 m\u00fckafatland\u0131rd\u0131 - MEYDAN.TV","robots":{"index":"index","follow":"follow","max-snippet":"max-snippet:-1","max-image-preview":"max-image-preview:large","max-video-preview":"max-video-preview:-1"},"canonical":"https:\/\/www.meydan.tv\/az\/article\/pen-xedice-ismayili-mukafatlandirdi\/","og_locale":"az_AZ","og_type":"article","og_title":"PEN X\u0259dic\u0259 \u0130smay\u0131l\u0131 m\u00fckafatland\u0131rd\u0131 - MEYDAN.TV","og_description":"M\u00fckafat jurnalistin dostu v\u0259 h\u0259mkar\u0131 Emin Milliy\u0259 t\u0259qdim olunub","og_url":"https:\/\/www.meydan.tv\/az\/article\/pen-xedice-ismayili-mukafatlandirdi\/","og_site_name":"MEYDAN.TV","article_published_time":"2015-05-06T05:01:55+00:00","og_image":[{"width":640,"height":960,"url":"https:\/\/www.meydan.tv\/wp-content\/uploads\/8647.jpg","type":"image\/jpeg"}],"twitter_card":"summary_large_image","schema":{"@context":"https:\/\/schema.org","@graph":[{"@type":"Article","@id":"https:\/\/www.meydan.tv\/az\/article\/pen-xedice-ismayili-mukafatlandirdi\/#article","isPartOf":{"@id":"https:\/\/www.meydan.tv\/az\/article\/pen-xedice-ismayili-mukafatlandirdi\/"},"author":{"name":"user-manager","@id":"https:\/\/www.meydan.tv\/az\/#\/schema\/person\/10d11eccf6da3662cf5fdab9806ea91a"},"headline":"PEN X\u0259dic\u0259 \u0130smay\u0131l\u0131 m\u00fckafatland\u0131rd\u0131","datePublished":"2015-05-06T05:01:55+00:00","mainEntityOfPage":{"@id":"https:\/\/www.meydan.tv\/az\/article\/pen-xedice-ismayili-mukafatlandirdi\/"},"wordCount":160,"publisher":{"@id":"https:\/\/www.meydan.tv\/az\/#organization"},"image":{"@id":"https:\/\/www.meydan.tv\/az\/article\/pen-xedice-ismayili-mukafatlandirdi\/#primaryimage"},"thumbnailUrl":"https:\/\/www.meydan.tv\/wp-content\/uploads\/8647.jpg","articleSection":["X\u0259b\u0259rl\u0259r"],"inLanguage":"az"},{"@type":"WebPage","@id":"https:\/\/www.meydan.tv\/az\/article\/pen-xedice-ismayili-mukafatlandirdi\/","url":"https:\/\/www.meydan.tv\/az\/article\/pen-xedice-ismayili-mukafatlandirdi\/","name":"PEN X\u0259dic\u0259 \u0130smay\u0131l\u0131 m\u00fckafatland\u0131rd\u0131 - MEYDAN.TV","isPartOf":{"@id":"https:\/\/www.meydan.tv\/az\/#website"},"primaryImageOfPage":{"@id":"https:\/\/www.meydan.tv\/az\/article\/pen-xedice-ismayili-mukafatlandirdi\/#primaryimage"},"image":{"@id":"https:\/\/www.meydan.tv\/az\/article\/pen-xedice-ismayili-mukafatlandirdi\/#primaryimage"},"thumbnailUrl":"https:\/\/www.meydan.tv\/wp-content\/uploads\/8647.jpg","datePublished":"2015-05-06T05:01:55+00:00","breadcrumb":{"@id":"https:\/\/www.meydan.tv\/az\/article\/pen-xedice-ismayili-mukafatlandirdi\/#breadcrumb"},"inLanguage":"az","potentialAction":[{"@type":"ReadAction","target":["https:\/\/www.meydan.tv\/az\/article\/pen-xedice-ismayili-mukafatlandirdi\/"]}]},{"@type":"ImageObject","inLanguage":"az","@id":"https:\/\/www.meydan.tv\/az\/article\/pen-xedice-ismayili-mukafatlandirdi\/#primaryimage","url":"https:\/\/www.meydan.tv\/wp-content\/uploads\/8647.jpg","contentUrl":"https:\/\/www.meydan.tv\/wp-content\/uploads\/8647.jpg","width":640,"height":960,"caption":"Source:"},{"@type":"BreadcrumbList","@id":"https:\/\/www.meydan.tv\/az\/article\/pen-xedice-ismayili-mukafatlandirdi\/#breadcrumb","itemListElement":[{"@type":"ListItem","position":1,"name":"Ana s\u0259hif\u0259","item":"https:\/\/www.meydan.tv\/az\/"},{"@type":"ListItem","position":2,"name":"X\u0259b\u0259rl\u0259r","item":"https:\/\/www.meydan.tv\/az\/section\/xeberler\/"},{"@type":"ListItem","position":3,"name":"PEN X\u0259dic\u0259 \u0130smay\u0131l\u0131 m\u00fckafatland\u0131rd\u0131"}]},{"@type":"WebSite","@id":"https:\/\/www.meydan.tv\/az\/#website","url":"https:\/\/www.meydan.tv\/az\/","name":"MEYDAN.TV","description":"Meydan TV Az\u0259rbaycan\u0131n media m\u0259kan\u0131ndak\u0131 alternativ s\u0259sidir","publisher":{"@id":"https:\/\/www.meydan.tv\/az\/#organization"},"potentialAction":[{"@type":"SearchAction","target":{"@type":"EntryPoint","urlTemplate":"https:\/\/www.meydan.tv\/az\/?s={search_term_string}"},"query-input":{"@type":"PropertyValueSpecification","valueRequired":true,"valueName":"search_term_string"}}],"inLanguage":"az"},{"@type":"Organization","@id":"https:\/\/www.meydan.tv\/az\/#organization","name":"Meydan TV","url":"https:\/\/www.meydan.tv\/az\/","logo":{"@type":"ImageObject","inLanguage":"az","@id":"https:\/\/www.meydan.tv\/az\/#\/schema\/logo\/image\/","url":"https:\/\/www.meydan.tv\/wp-content\/uploads\/2021\/07\/meydan-logo.svg","contentUrl":"https:\/\/www.meydan.tv\/wp-content\/uploads\/2021\/07\/meydan-logo.svg","width":195,"height":46,"caption":"Meydan TV"},"image":{"@id":"https:\/\/www.meydan.tv\/az\/#\/schema\/logo\/image\/"}},{"@type":"Person","@id":"https:\/\/www.meydan.tv\/az\/#\/schema\/person\/10d11eccf6da3662cf5fdab9806ea91a","name":"user-manager"}]}},"_links":{"self":[{"href":"https:\/\/www.meydan.tv\/az\/wp-json\/wp\/v2\/posts\/167796","targetHints":{"allow":["GET"]}}],"collection":[{"href":"https:\/\/www.meydan.tv\/az\/wp-json\/wp\/v2\/posts"}],"about":[{"href":"https:\/\/www.meydan.tv\/az\/wp-json\/wp\/v2\/types\/post"}],"author":[{"embeddable":true,"href":"https:\/\/www.meydan.tv\/az\/wp-json\/wp\/v2\/users\/11"}],"replies":[{"embeddable":true,"href":"https:\/\/www.meydan.tv\/az\/wp-json\/wp\/v2\/comments?post=167796"}],"version-history":[{"count":0,"href":"https:\/\/www.meydan.tv\/az\/wp-json\/wp\/v2\/posts\/167796\/revisions"}],"wp:featuredmedia":[{"embeddable":true,"href":"https:\/\/www.meydan.tv\/az\/wp-json\/wp\/v2\/media\/23790"}],"wp:attachment":[{"href":"https:\/\/www.meydan.tv\/az\/wp-json\/wp\/v2\/media?parent=167796"}],"wp:term":[{"taxonomy":"category","embeddable":true,"href":"https:\/\/www.meydan.tv\/az\/wp-json\/wp\/v2\/categories?post=167796"},{"taxonomy":"post_tag","embeddable":true,"href":"https:\/\/www.meydan.tv\/az\/wp-json\/wp\/v2\/tags?post=167796"}],"curies":[{"name":"wp","href":"https:\/\/api.w.org\/{rel}","templated":true}]}}