{"id":167793,"date":"2015-05-05T16:48:24","date_gmt":"2015-05-05T16:48:24","guid":{"rendered":"https:\/\/www.meydan.tv\/article\/elmar-memmedyarov-abs-la-soyuq-muharibeden-danisdi\/"},"modified":"2015-05-05T16:48:24","modified_gmt":"2015-05-05T16:48:24","slug":"elmar-memmedyarov-abs-la-soyuq-muharibeden-danisdi","status":"publish","type":"post","link":"https:\/\/www.meydan.tv\/az\/article\/elmar-memmedyarov-abs-la-soyuq-muharibeden-danisdi\/","title":{"rendered":"Elmar M\u0259mm\u0259dyarov AB\u015e-la &#8220;soyuq m\u00fcharib\u0259&#8221;d\u0259n dan\u0131\u015fd\u0131"},"content":{"rendered":"<figure class=\"wp-block-image size-large\">\n  <img decoding=\"async\" src=\"https:\/\/www.meydan.tv\/az\/23769\/\" alt=\"\" class=\"wp-image-23769\"\/><figcaption><\/figcaption><\/figure>\n<figure class=\"wp-block-image size-large\">\n  <img decoding=\"async\" src=\"https:\/\/www.meydan.tv\/az\/23769\/\" alt=\"\" class=\"wp-image-23769\"\/><figcaption><\/figcaption><\/figure>\n<p>\n  <i><br \/>\n    &#8220;Onlar h\u0259l\u0259 d\u0259 ba\u015fa d\u00fc\u015fm\u00fcrl\u0259r ki, bu kimi birba\u015fa \u0259ks-t\u0259bli\u011fat \u0259m\u0259ll\u0259ri, ilk n\u00f6vb\u0259d\u0259, Az\u0259rbaycan xalq\u0131n\u0131n hissl\u0259rin\u0259 toxunur&#8221;<br \/>\n  <\/i>\n<\/p>\n<p>\n  Az\u0259rbaycan\u0131n xarici i\u015fl\u0259r naziri Elmar M\u0259mm\u0259dyarov AB\u015e d\u00f6vl\u0259t katibi Con Kerrinin Konqresd\u0259ki ofisi t\u0259r\u0259find\u0259n Az\u0259rbaycana qar\u015f\u0131 kampaniyan\u0131n apar\u0131ld\u0131\u011f\u0131 bar\u0259d\u0259 m\u0259lumatlara m\u00fcnasib\u0259t bildirib.\n<\/p>\n<p>\n  E. M\u0259mm\u0259dyarov APA-ya a\u00e7\u0131qlamas\u0131nda \u201cAPA t\u0259r\u0259find\u0259n AB\u015e d\u00f6vl\u0259t katibi Con Kerrinin Konqresd\u0259ki ofisiind\u0259n Az\u0259rbaycana qar\u015f\u0131 kampaniyan\u0131n apar\u0131ld\u0131\u011f\u0131 bar\u0259sind\u0259 m\u0259lumatlar verilib v\u0259 h\u0259tta s\u0259n\u0259dl\u0259r t\u0259qdim olunub. Bunlar AB\u015e-\u0131n d\u00f6vl\u0259t s\u0259viyy\u0259sind\u0259 Az\u0259rbaycana qar\u015f\u0131 i\u015f aparmas\u0131ndan x\u0259b\u0259r vermirmi\u201d sual\u0131n\u0131 bel\u0259 cavabland\u0131r\u0131b:\n<\/p>\n<p>\n  \u201cBu davam ed\u0259n v\u0259ziyy\u0259t t\u0259\u0259cc\u00fcb v\u0259 ciddi narahatl\u0131q do\u011fura bil\u0259r. T\u0259hlill\u0259r onu s\u00fcbut edir ki, AB\u015e-da olan m\u00fc\u0259yy\u0259n insanlar \u201cinsan h\u00fcquqlar\u0131n\u0131n m\u00fcdafi\u0259si\u201dni yaln\u0131z vasit\u0259 kimi istifad\u0259 ed\u0259r\u0259k, m\u0259qs\u0259dy\u00f6nl\u00fc \u015f\u0259kild\u0259 Az\u0259rbaycana qar\u015f\u0131 \u0259ks kampaniya apar\u0131rlar.\n<\/p>\n<p>\n  G\u00f6r\u00fcnd\u00fcy\u00fc kimi, bu anti-Az\u0259rbaycan kampaniyas\u0131 m\u00fcxt\u0259lif ictimai v\u0259 media t\u0259zyiq vasit\u0259l\u0259ri il\u0259 yaln\u0131z Az\u0259rbaycan\u0131n beyn\u0259lxalq imicin\u0259 x\u0259l\u0259l g\u0259tirm\u0259kl\u0259 m\u0259hdudla\u015fm\u0131r, el\u0259c\u0259 d\u0259 Az\u0259rbaycanda ictimai-siyasi sabitliyi pozma\u011fa c\u0259hd g\u00f6st\u0259rir.\n<\/p>\n<p>\n  Az\u0259rbaycan\u0131n ev sahibliyi etdiyi birinci Avropa Oyunlar\u0131 \u0259r\u0259f\u0259sind\u0259 d\u00fcnya medias\u0131 t\u0259r\u0259find\u0259n \u00f6lk\u0259miz\u0259 artan mara\u011f\u0131n fonunda bu q\u00fcvv\u0259l\u0259r \u201cSoyuq m\u00fcharib\u0259\u201d d\u00f6vr\u00fcn\u0259 xas \u0259ks-t\u0259bli\u011fat metodlar\u0131 il\u0259 m\u00f6vcud \u015f\u0259raitind\u0259n \u00f6z \u00e7irkin m\u0259qs\u0259dl\u0259ri \u00fc\u00e7\u00fcn f\u0259al \u015f\u0259kild\u0259 istifad\u0259 etm\u0259y\u0259 \u00e7al\u0131\u015f\u0131rlar.<br \/>\n  <br \/>\n  Amma onlar h\u0259l\u0259 d\u0259 ba\u015fa d\u00fc\u015fm\u00fcrl\u0259r ki, bu kimi birba\u015fa \u0259ks-t\u0259bli\u011fat \u0259m\u0259ll\u0259ri, ilk n\u00f6vb\u0259d\u0259, Az\u0259rbaycan xalq\u0131n\u0131n hissl\u0259rin\u0259 toxunur. M\u00f6vcud sabitlik v\u0259 inki\u015faf \u00fc\u00e7\u00fcn Az\u0259rbaycan xalq\u0131 \u00e7ox b\u00f6y\u00fck \u0259ziyy\u0259tl\u0259rd\u0259n ke\u00e7ib. Bu kampaniyan\u0131n arxas\u0131nda duran \u015f\u0259xsl\u0259r Az\u0259rbaycan\u0131n son on ild\u0259 \u0259ld\u0259 etdiyi nailiyy\u0259tl\u0259rini, x\u00fcsusil\u0259 \u00dcDM-in 3.5 d\u0259f\u0259 artmas\u0131n\u0131 v\u0259 yoxsullu\u011fun 50 faizd\u0259n 4 faizd\u0259n a\u015fa\u011f\u0131 h\u0259dd\u0259 d\u00fc\u015fm\u0259sini d\u00fczg\u00fcn \u00f6l\u00e7\u0259 bilmirl\u0259r. Bunlar faktlard\u0131r v\u0259 Az\u0259rbaycan xalq\u0131 bunu \u00e7ox yax\u015f\u0131 bilir.\n<\/p>\n<p>\n  Dig\u0259r g\u00f6r\u00fcn\u0259n m\u0259qam Az\u0259rbaycan\u0131n ikili standartlar\u0131n h\u0259d\u0259fi olmas\u0131d\u0131r. Bel\u0259 ki, Erm\u0259nistan t\u0259r\u0259find\u0259n beyn\u0259lxalq h\u00fcquqa zidd olaraq, Az\u0259rbaycana qar\u015f\u0131 t\u0259cav\u00fcz v\u0259 i\u015f\u011fal t\u00f6r\u0259dilm\u0259sin\u0259 baxmayaraq, bu i\u015f\u011fal fakt\u0131na adekvat m\u00fcnasib\u0259t m\u00fcvafiq qaydada n\u00fcmayi\u015f etdirilm\u0259yib.<br \/>\n  <br \/>\n  Bir milyondan art\u0131q az\u0259rbaycanl\u0131 qa\u00e7q\u0131n v\u0259 m\u0259cburi k\u00f6\u00e7k\u00fcn\u00fcn \u00dcmumd\u00fcnya \u0130nsan h\u00fcquqlar\u0131 B\u0259yannam\u0259sin\u0259 ciddi \u015f\u0259kild\u0259 zidd olaraq, pozulmu\u015f h\u00fcquqlar\u0131na s\u0259rgil\u0259n\u0259n bigan\u0259lik v\u0259 etinas\u0131zl\u0131\u011f\u0131n fonunda, insan h\u00fcquqlar\u0131n\u0131n qay\u011f\u0131s\u0131na qalma\u011fa iddia etm\u0259k \u0259sl m\u0259qs\u0259din insan h\u00fcquqlar\u0131 v\u0259 demokratiyadan tamamil\u0259 uzaq oldu\u011funu s\u00fcbut edir.\n<\/p>\n<p>\n  Ciddi narahatl\u0131\u011fa s\u0259b\u0259b s\u0259n\u0259dl\u0259rd\u0259 ad\u0131 \u00e7\u0259kil\u0259n dem\u0259k olar ki, b\u00fct\u00fcn QHT v\u0259 dig\u0259r t\u0259sisatlar\u0131n AB\u015e-\u0131n r\u0259smi strukturlar\u0131 il\u0259 yax\u0131ndan i\u015fl\u0259m\u0259si v\u0259 d\u00f6vl\u0259t b\u00fcdc\u0259si hesab\u0131na maliyy\u0259l\u0259\u015fdirilm\u0259l\u0259ridir. AB\u015e erm\u0259ni lobbisi il\u0259 s\u0131x \u0259laq\u0259l\u0259ri olan b\u0259zi f\u0259rdl\u0259r d\u0259 bu proses\u0259 c\u0259lb olunublar.<br \/>\n  <br \/>\n  AB\u015e Administrasiyas\u0131ndan g\u00f6zl\u0259ntimiz bu d\u00f6vl\u0259t b\u00fcdc\u0259si hesab\u0131na maliyy\u0259l\u0259\u015f\u0259n t\u0259sisatlar\u0131n anti-Az\u0259rbaycan kampaniyas\u0131na ayd\u0131nl\u0131\u011f\u0131n g\u0259tirilm\u0259sidir. \u0130ndiy\u0259 q\u0259d\u0259r olan t\u0259\u0259ss\u00fcrat ondan ibar\u0259tdir ki, bu, Az\u0259rbaycan-AB\u015e \u0259laq\u0259l\u0259rinin inki\u015faf\u0131n\u0131 ist\u0259m\u0259y\u0259n \u015f\u0259xsl\u0259r t\u0259r\u0259find\u0259n idar\u0259 olunur v\u0259 h\u0259tta onlar \u0259vv\u0259lki Administrasiyalar\u0131n d\u00f6vr\u00fcnd\u0259 qazan\u0131lm\u0131\u015f ikit\u0259r\u0259fli \u0259laq\u0259l\u0259r\u0259 daha \u00e7ox z\u0259rb\u0259 vururlar\u201d.\n<\/p>\n<p>\n  <i><br \/>\n    &#8220;Va\u015finqtonun Bak\u0131ya yet\u0259rinc\u0259 diqq\u0259t ay\u0131rmamas\u0131 hakimiyy\u0259tin bu c\u00fcr primitiv t\u0259bli\u011fat\u0131na r\u0259vac verir&#8221;<br \/>\n  <\/i>\n<\/p>\n<p>\n  \u015e\u0259rq-Q\u0259rb Ara\u015fd\u0131rmalar M\u0259rk\u0259zinin direktoru \u018fr\u0259stun Oruclu deyir ki, \u0259vv\u0259la, ara\u015fd\u0131rma s\u00f6z\u00fcn\u00fc d\u0131rnaq aras\u0131nda yazmaq laz\u0131md\u0131r: &#8220;M\u0259n h\u0259min yaz\u0131n\u0131n APA-n\u0131n ara\u015fd\u0131rmas\u0131 oldu\u011funa n\u0259inki inanm\u0131ram, he\u00e7 ciddiy\u0259 d\u0259 alm\u0131ram. \u0130kinci, indiy\u0259 q\u0259d\u0259r bu y\u00f6nd\u0259 olan t\u0259bli\u011fatlar primitiv s\u0259viyy\u0259d\u0259dydi. Art\u0131q bu primitiv t\u0259bli\u011fata nazir M\u0259mm\u0259dyarovun bel\u0259 d\u0259y\u0259rl\u0259ndirm\u0259 verm\u0259si Bak\u0131-Va\u015finqton m\u00fcnasib\u0259tl\u0259rinin son d\u0259r\u0259c\u0259 g\u0259rgin oldu\u011funu g\u00f6st\u0259rir&#8221;.\n<\/p>\n<p>\n  Politoloq hesab edir ki, m\u00f6vcud g\u0259rginliyin s\u0259b\u0259bl\u0259ri tam m\u0259lum olmasa da, n\u0259tic\u0259l\u0259rini t\u0259s\u0259vv\u00fcr etm\u0259k \u00e7\u0259tin deyil: &#8220;Bu m\u0259nada bu tipli t\u0259bli\u011fat fonunda ikit\u0259r\u0259fli m\u00fcnasib\u0259tl\u0259rd\u0259 hans\u0131sa pozitiv inki\u015fafdan dan\u0131\u015fma\u011fa d\u0259ym\u0259z. Nazir M\u0259mm\u0259dyarovun bu c\u00fcr iddialar ir\u0259li s\u00fcrm\u0259si hakimiyy\u0259tin y\u00fcks\u0259k dair\u0259l\u0259rind\u0259 Va\u015finqtonu d\u00fc\u015fm\u0259n kimi q\u0259bul etm\u0259k tendensiyalar\u0131n\u0131n olmas\u0131ndan x\u0259b\u0259r verir. \u018fslind\u0259, nazir d\u0259 bunu s\u0259sl\u0259ndirdi&#8221;.\n<\/p>\n<figure class=\"wp-block-image size-large\">\n  <img decoding=\"async\" src=\"https:\/\/www.meydan.tv\/az\/23775\/\" alt=\"\" class=\"wp-image-23775\"\/><figcaption><\/figcaption><\/figure>\n<p>\n  \u018f.Oruclu d\u00fc\u015f\u00fcn\u00fcr ki, Va\u015finqtonun Bak\u0131ya yet\u0259rinc\u0259 diqq\u0259t ay\u0131rmamas\u0131 hakimiyy\u0259tin bu c\u00fcr primitiv t\u0259bli\u011fat\u0131na r\u0259vac verir: &#8220;Az\u0259rbaycan hakimiyy\u0259tinin demokratik islahatlarla ba\u011fl\u0131 xeyli v\u0259dl\u0259ri v\u0259 \u00f6hd\u0259likl\u0259ri olub. S\u00f6hb\u0259t he\u00e7 d\u0259 Va\u015finqton qar\u015f\u0131s\u0131ndak\u0131 \u00f6hd\u0259lik v\u0259 v\u0259dd\u0259n yox, beyn\u0259lxalq t\u0259\u015fkilatlara \u00fczv olark\u0259n \u00fcz\u0259rimiz\u0259 g\u00f6t\u00fcrd\u00fckl\u0259rimizd\u0259n gedir. M\u0259n AT\u018fT, Avropa \u015euras\u0131, NATO v\u0259 Avropa Birliyinin proqramlar\u0131na qo\u015fulark\u0259n g\u00f6t\u00fcr\u00fcl\u0259n \u00f6hd\u0259likl\u0259ri n\u0259z\u0259rd\u0259 tuturam. \u015e\u00fcbh\u0259siz ki, Va\u015finqton b\u0259zi m\u0259qamlarda strateji sah\u0259l\u0259rd\u0259 \u0259m\u0259kda\u015fl\u0131q namin\u0259 Bak\u0131ya m\u00fc\u0259yy\u0259n g\u00fcz\u0259\u015ftl\u0259r edib. Ancaq hakimiyy\u0259t v\u0259ziyy\u0259ti el\u0259 bir h\u0259dd\u0259 \u00e7atd\u0131r\u0131b ki, art\u0131q h\u0259min \u00f6hd\u0259likl\u0259r xat\u0131rlatmaq z\u0259rur\u0259ti yaran\u0131b. Elmar M\u0259mm\u0259dyarovun b\u0259yanat\u0131 Ramiz Mehdiyevin m\u0259lum 62 s\u0259hif\u0259lik yaz\u0131s\u0131ndan daha ciddidir. \u00c7\u00fcnki Va\u015finqtonda Mehdiyevin Rusiyaya ba\u011fl\u0131l\u0131\u011f\u0131n\u0131 yax\u015f\u0131 bilirl\u0259r. Amma M\u0259mm\u0259dyarov Q\u0259rb-Az\u0259rbaycan m\u00fcnasib\u0259tl\u0259rind\u0259 h\u0259mi\u015f\u0259 praqmatik m\u00f6vqe tutub, v\u0259zif\u0259si d\u0259 onu buna s\u00f6vq edib. Bu m\u00fcnasib\u0259tl\u0259r g\u0259rginl\u0259\u015fdikc\u0259, Az\u0259rbaycan bundan udu\u015f \u0259ld\u0259 etm\u0259y\u0259c\u0259k. Art\u0131q ortada Erm\u0259nistan prezidenti Sarkisyan\u0131n AB\u015e-a d\u0259v\u0259ti var. Ola bil\u0259r ki, Bak\u0131dak\u0131 reaksiyan\u0131n s\u0259rtl\u0259\u015fm\u0259si d\u0259 bu gedi\u015fatda rol oynay\u0131b. Amma d\u00fc\u015f\u00fcnm\u00fcr\u0259m ki, Va\u015finqtona t\u0259zyiq etm\u0259kl\u0259 loyall\u0131\u011fa nail olmaq m\u00fcmk\u00fcnd\u00fcr&#8221;.\n<\/p>\n<figure class=\"wp-block-image size-large\">\n  <img decoding=\"async\" src=\"https:\/\/www.meydan.tv\/az\/23778\/\" alt=\"\" class=\"wp-image-23778\"\/><figcaption><\/figcaption><\/figure>\n<p>\n  Nazir M\u0259mm\u0259dyarovun a\u00e7\u0131qlamas\u0131 il\u0259 Amerikan\u0131n Bak\u0131dak\u0131 s\u0259firliyin\u0259 m\u00fcraci\u0259t etdik. S\u0259firlikd\u0259n bildirdil\u0259r ki, diplomatik korpusun 29 aprel b\u0259yanat\u0131 yerind\u0259 qal\u0131r. B\u0259yanatda bildirilirdi ki, AB\u015e S\u0259firliyi bu yax\u0131nda d\u0259rc olunan v\u0259 AB\u015e-Az\u0259rbaycan m\u00fcnasib\u0259tl\u0259rini h\u0259d\u0259f\u0259 alan media m\u0259qal\u0259l\u0259rind\u0259n agahd\u0131r: &#8220;Birl\u0259\u015fmi\u015f \u015etatlar\u0131n Az\u0259rbaycan h\u00f6kum\u0259tini devirm\u0259k istiqam\u0259tind\u0259 i\u015fl\u0259m\u0259si bar\u0259d\u0259 iddialar\u0131 tamamil\u0259 \u0259sass\u0131zd\u0131r v\u0259 bizim d\u00f6vl\u0259tl\u0259rimiz aras\u0131nda iyirmi ild\u0259n art\u0131q m\u00f6vcud olan \u0259m\u0259kda\u015fl\u0131\u011fa qeyri-\u0259dal\u0259tli yana\u015fmad\u0131r. Birl\u0259\u015fmi\u015f \u015etatlar Az\u0259rbaycan\u0131n m\u00fcst\u0259qilliyinin ilkin \u00e7a\u011flar\u0131ndan Az\u0259rbaycanla \u00e7iyin-\u00e7iyin\u0259 dayanaraq, &#8220;\u018fsrin sazi\u015fi&#8221;ni d\u0259st\u0259kl\u0259m\u0259k d\u0259 daxil olaraq, Az\u0259rbaycan\u0131n suverenliyinin v\u0259 u\u011furunun t\u0259minat\u0131na f\u0259aliyy\u0259tl\u0259r g\u00f6st\u0259rmi\u015fdir. Bizim \u0259m\u0259kda\u015fl\u0131\u011f\u0131m\u0131z zaman boyu yaln\u0131z geni\u015fl\u0259nmi\u015fdir. Amerika Az\u0259rbaycan\u0131n BMT-nin T\u0259hl\u00fck\u0259sizlik \u015euras\u0131nda t\u0259msil olundu\u011fu vaxta Az\u0259rbaycanla s\u0131x \u015f\u0259kild\u0259 i\u015fl\u0259mi\u015fdir. Birl\u0259\u015fmi\u015f \u015etatlar 1992-ci ild\u0259n b\u0259ri Az\u0259rbaycana humanitar yard\u0131m da daxil olmaqla dey\u0259ri 1,3 milyard AB\u015e dollar\u0131ndan art\u0131q yard\u0131mlar g\u00f6st\u0259rmi\u015fdir. S\u00f6z\u00fcged\u0259n yard\u0131mlar m\u00fcxt\u0259lif sah\u0259l\u0259r\u0259 y\u00f6n\u0259lmi\u015fdir v\u0259 bu s\u0131rada sa\u011flaml\u0131\u011f\u0131n qorunmas\u0131 v\u0259 sanitariya, 5000 n\u0259f\u0259rd\u0259n \u00e7ox az\u0259rbaycanl\u0131n\u0131n AB\u015e-da t\u0259hsilinin v\u0259 t\u0259liminin t\u0259minat\u0131, Az\u0259rbaycan qad\u0131nlar\u0131n\u0131n biznesd\u0259 v\u0259 dig\u0259r sah\u0259l\u0259rd\u0259 rolunun g\u00fccl\u0259ndirilm\u0259si, fermerl\u0259r\u0259 g\u0259lirl\u0259rinin art\u0131r\u0131lmas\u0131 v\u0259 i\u015fl\u0259rinin s\u0259m\u0259r\u0259sinin art\u0131r\u0131lmas\u0131 \u00fc\u00e7\u00fcn texniki yard\u0131m v\u0259 Az\u0259rbaycana qlobal t\u0259hl\u00fck\u0259sizliyin t\u0259minat\u0131nda v\u0259 terror\u00e7ulu\u011fa qar\u015f\u0131 m\u00fcbariz\u0259d\u0259 \u00f6z d\u0259y\u0259rli rolunu oynama\u011fa d\u0259st\u0259k ver\u0259n h\u0259rbi \u0259m\u0259kda\u015fl\u0131qd\u0131r. Bizim Az\u0259rbaycana g\u00f6st\u0259rdiyimiz d\u0259st\u0259k AB\u015e h\u00f6kum\u0259tinin \u0259n y\u00fcks\u0259k s\u0259viyy\u0259l\u0259rind\u0259n g\u0259lir. D\u00f6vl\u0259t katibi Kerri prezident \u018fliyevl\u0259 h\u0259m g\u00f6r\u00fc\u015fl\u0259r zaman\u0131, h\u0259m d\u0259 \u0259laq\u0259 saxlayaraq t\u0259r\u0259fda\u015fl\u0131\u011f\u0131m\u0131z\u0131n g\u00fccl\u0259ndirilm\u0259sini m\u00fczakir\u0259 edib. S\u00fcbh\u0259siz ki, Birl\u0259\u015fmi\u015f \u015etatlar Az\u0259rbaycanla t\u0259r\u0259fda\u015fl\u0131q ed\u0259r\u0259k, Az\u0259rbaycan\u0131n m\u00fcmk\u00fcn d\u0259r\u0259c\u0259d\u0259 m\u00fcst\u0259qil, sabit, z\u0259ngin v\u0259 demokratik g\u0259l\u0259c\u0259yinin t\u0259minat\u0131 \u00f6hd\u0259liyin\u0259 sadiqdir. (<br \/>\n  <a href=\"\/az\/article\/abs-sefirliyi-amerikaya-qarsi-iddialar-tamamile-essasiz-ve-deyersizdir\/\" target=\"_blank\" rel=\"noopener\"><br \/>\n    Ke\u00e7idi oxumaq \u00fc\u00e7\u00fcn<br \/>\n  <\/a><br \/>\n  )\n<\/p><\/p>\n","protected":false},"excerpt":{"rendered":"<p>&#8220;Onlar h\u0259l\u0259 d\u0259 ba\u015fa d\u00fc\u015fm\u00fcrl\u0259r ki, bu kimi birba\u015fa \u0259ks-t\u0259bli\u011fat \u0259m\u0259ll\u0259ri, ilk n\u00f6vb\u0259d\u0259, Az\u0259rbaycan xalq\u0131n\u0131n hissl\u0259rin\u0259 toxunur&#8221;<\/p>\n","protected":false},"author":11,"featured_media":23769,"comment_status":"closed","ping_status":"open","sticky":false,"template":"","format":"standard","meta":{"_acf_changed":false,"_sitemap_exclude":false,"_sitemap_priority":"","_sitemap_frequency":"","footnotes":""},"categories":[56],"tags":[],"class_list":["post-167793","post","type-post","status-publish","format-standard","has-post-thumbnail","hentry","category-xeberler","infinite-scroll-item","generate-columns","tablet-grid-50","mobile-grid-100","grid-parent","grid-33","no-featured-image-padding"],"acf":[],"yoast_head":"<!-- This site is optimized with the Yoast SEO plugin v28.4 - https:\/\/yoast.com\/product\/yoast-seo-wordpress\/ -->\n<title>Elmar M\u0259mm\u0259dyarov AB\u015e-la &quot;soyuq m\u00fcharib\u0259&quot;d\u0259n dan\u0131\u015fd\u0131 - MEYDAN.TV<\/title>\n<meta name=\"robots\" content=\"index, follow, max-snippet:-1, max-image-preview:large, max-video-preview:-1\" \/>\n<link rel=\"canonical\" href=\"https:\/\/www.meydan.tv\/az\/article\/elmar-memmedyarov-abs-la-soyuq-muharibeden-danisdi\/\" \/>\n<meta property=\"og:locale\" content=\"az_AZ\" \/>\n<meta property=\"og:type\" content=\"article\" \/>\n<meta property=\"og:title\" content=\"Elmar M\u0259mm\u0259dyarov AB\u015e-la &quot;soyuq m\u00fcharib\u0259&quot;d\u0259n dan\u0131\u015fd\u0131 - MEYDAN.TV\" \/>\n<meta property=\"og:description\" content=\"&quot;Onlar h\u0259l\u0259 d\u0259 ba\u015fa d\u00fc\u015fm\u00fcrl\u0259r ki, bu kimi birba\u015fa \u0259ks-t\u0259bli\u011fat \u0259m\u0259ll\u0259ri, ilk n\u00f6vb\u0259d\u0259, Az\u0259rbaycan xalq\u0131n\u0131n hissl\u0259rin\u0259 toxunur&quot;\" \/>\n<meta property=\"og:url\" content=\"https:\/\/www.meydan.tv\/az\/article\/elmar-memmedyarov-abs-la-soyuq-muharibeden-danisdi\/\" \/>\n<meta property=\"og:site_name\" content=\"MEYDAN.TV\" \/>\n<meta property=\"article:published_time\" content=\"2015-05-05T16:48:24+00:00\" \/>\n<meta property=\"og:image\" content=\"https:\/\/www.meydan.tv\/wp-content\/uploads\/8639.jpg\" \/>\n\t<meta property=\"og:image:width\" content=\"640\" \/>\n\t<meta property=\"og:image:height\" content=\"360\" \/>\n\t<meta property=\"og:image:type\" content=\"image\/jpeg\" \/>\n<meta name=\"twitter:card\" content=\"summary_large_image\" \/>\n<!-- \/ Yoast SEO plugin. -->","yoast_head_json":{"title":"Elmar M\u0259mm\u0259dyarov AB\u015e-la \"soyuq m\u00fcharib\u0259\"d\u0259n dan\u0131\u015fd\u0131 - MEYDAN.TV","robots":{"index":"index","follow":"follow","max-snippet":"max-snippet:-1","max-image-preview":"max-image-preview:large","max-video-preview":"max-video-preview:-1"},"canonical":"https:\/\/www.meydan.tv\/az\/article\/elmar-memmedyarov-abs-la-soyuq-muharibeden-danisdi\/","og_locale":"az_AZ","og_type":"article","og_title":"Elmar M\u0259mm\u0259dyarov AB\u015e-la \"soyuq m\u00fcharib\u0259\"d\u0259n dan\u0131\u015fd\u0131 - MEYDAN.TV","og_description":"\"Onlar h\u0259l\u0259 d\u0259 ba\u015fa d\u00fc\u015fm\u00fcrl\u0259r ki, bu kimi birba\u015fa \u0259ks-t\u0259bli\u011fat \u0259m\u0259ll\u0259ri, ilk n\u00f6vb\u0259d\u0259, Az\u0259rbaycan xalq\u0131n\u0131n hissl\u0259rin\u0259 toxunur\"","og_url":"https:\/\/www.meydan.tv\/az\/article\/elmar-memmedyarov-abs-la-soyuq-muharibeden-danisdi\/","og_site_name":"MEYDAN.TV","article_published_time":"2015-05-05T16:48:24+00:00","og_image":[{"width":640,"height":360,"url":"https:\/\/www.meydan.tv\/wp-content\/uploads\/8639.jpg","type":"image\/jpeg"}],"twitter_card":"summary_large_image","schema":{"@context":"https:\/\/schema.org","@graph":[{"@type":"Article","@id":"https:\/\/www.meydan.tv\/az\/article\/elmar-memmedyarov-abs-la-soyuq-muharibeden-danisdi\/#article","isPartOf":{"@id":"https:\/\/www.meydan.tv\/az\/article\/elmar-memmedyarov-abs-la-soyuq-muharibeden-danisdi\/"},"author":{"name":"user-manager","@id":"https:\/\/www.meydan.tv\/az\/#\/schema\/person\/10d11eccf6da3662cf5fdab9806ea91a"},"headline":"Elmar M\u0259mm\u0259dyarov AB\u015e-la &#8220;soyuq m\u00fcharib\u0259&#8221;d\u0259n dan\u0131\u015fd\u0131","datePublished":"2015-05-05T16:48:24+00:00","mainEntityOfPage":{"@id":"https:\/\/www.meydan.tv\/az\/article\/elmar-memmedyarov-abs-la-soyuq-muharibeden-danisdi\/"},"wordCount":1724,"publisher":{"@id":"https:\/\/www.meydan.tv\/az\/#organization"},"image":{"@id":"https:\/\/www.meydan.tv\/az\/article\/elmar-memmedyarov-abs-la-soyuq-muharibeden-danisdi\/#primaryimage"},"thumbnailUrl":"https:\/\/www.meydan.tv\/wp-content\/uploads\/8639.jpg","articleSection":["X\u0259b\u0259rl\u0259r"],"inLanguage":"az"},{"@type":"WebPage","@id":"https:\/\/www.meydan.tv\/az\/article\/elmar-memmedyarov-abs-la-soyuq-muharibeden-danisdi\/","url":"https:\/\/www.meydan.tv\/az\/article\/elmar-memmedyarov-abs-la-soyuq-muharibeden-danisdi\/","name":"Elmar M\u0259mm\u0259dyarov AB\u015e-la \"soyuq m\u00fcharib\u0259\"d\u0259n dan\u0131\u015fd\u0131 - MEYDAN.TV","isPartOf":{"@id":"https:\/\/www.meydan.tv\/az\/#website"},"primaryImageOfPage":{"@id":"https:\/\/www.meydan.tv\/az\/article\/elmar-memmedyarov-abs-la-soyuq-muharibeden-danisdi\/#primaryimage"},"image":{"@id":"https:\/\/www.meydan.tv\/az\/article\/elmar-memmedyarov-abs-la-soyuq-muharibeden-danisdi\/#primaryimage"},"thumbnailUrl":"https:\/\/www.meydan.tv\/wp-content\/uploads\/8639.jpg","datePublished":"2015-05-05T16:48:24+00:00","breadcrumb":{"@id":"https:\/\/www.meydan.tv\/az\/article\/elmar-memmedyarov-abs-la-soyuq-muharibeden-danisdi\/#breadcrumb"},"inLanguage":"az","potentialAction":[{"@type":"ReadAction","target":["https:\/\/www.meydan.tv\/az\/article\/elmar-memmedyarov-abs-la-soyuq-muharibeden-danisdi\/"]}]},{"@type":"ImageObject","inLanguage":"az","@id":"https:\/\/www.meydan.tv\/az\/article\/elmar-memmedyarov-abs-la-soyuq-muharibeden-danisdi\/#primaryimage","url":"https:\/\/www.meydan.tv\/wp-content\/uploads\/8639.jpg","contentUrl":"https:\/\/www.meydan.tv\/wp-content\/uploads\/8639.jpg","width":640,"height":360,"caption":"Source:"},{"@type":"BreadcrumbList","@id":"https:\/\/www.meydan.tv\/az\/article\/elmar-memmedyarov-abs-la-soyuq-muharibeden-danisdi\/#breadcrumb","itemListElement":[{"@type":"ListItem","position":1,"name":"Ana s\u0259hif\u0259","item":"https:\/\/www.meydan.tv\/az\/"},{"@type":"ListItem","position":2,"name":"X\u0259b\u0259rl\u0259r","item":"https:\/\/www.meydan.tv\/az\/section\/xeberler\/"},{"@type":"ListItem","position":3,"name":"Elmar M\u0259mm\u0259dyarov AB\u015e-la &#8220;soyuq m\u00fcharib\u0259&#8221;d\u0259n dan\u0131\u015fd\u0131"}]},{"@type":"WebSite","@id":"https:\/\/www.meydan.tv\/az\/#website","url":"https:\/\/www.meydan.tv\/az\/","name":"MEYDAN.TV","description":"Meydan TV Az\u0259rbaycan\u0131n media m\u0259kan\u0131ndak\u0131 alternativ s\u0259sidir","publisher":{"@id":"https:\/\/www.meydan.tv\/az\/#organization"},"potentialAction":[{"@type":"SearchAction","target":{"@type":"EntryPoint","urlTemplate":"https:\/\/www.meydan.tv\/az\/?s={search_term_string}"},"query-input":{"@type":"PropertyValueSpecification","valueRequired":true,"valueName":"search_term_string"}}],"inLanguage":"az"},{"@type":"Organization","@id":"https:\/\/www.meydan.tv\/az\/#organization","name":"Meydan TV","url":"https:\/\/www.meydan.tv\/az\/","logo":{"@type":"ImageObject","inLanguage":"az","@id":"https:\/\/www.meydan.tv\/az\/#\/schema\/logo\/image\/","url":"https:\/\/www.meydan.tv\/wp-content\/uploads\/2021\/07\/meydan-logo.svg","contentUrl":"https:\/\/www.meydan.tv\/wp-content\/uploads\/2021\/07\/meydan-logo.svg","width":195,"height":46,"caption":"Meydan TV"},"image":{"@id":"https:\/\/www.meydan.tv\/az\/#\/schema\/logo\/image\/"}},{"@type":"Person","@id":"https:\/\/www.meydan.tv\/az\/#\/schema\/person\/10d11eccf6da3662cf5fdab9806ea91a","name":"user-manager"}]}},"_links":{"self":[{"href":"https:\/\/www.meydan.tv\/az\/wp-json\/wp\/v2\/posts\/167793","targetHints":{"allow":["GET"]}}],"collection":[{"href":"https:\/\/www.meydan.tv\/az\/wp-json\/wp\/v2\/posts"}],"about":[{"href":"https:\/\/www.meydan.tv\/az\/wp-json\/wp\/v2\/types\/post"}],"author":[{"embeddable":true,"href":"https:\/\/www.meydan.tv\/az\/wp-json\/wp\/v2\/users\/11"}],"replies":[{"embeddable":true,"href":"https:\/\/www.meydan.tv\/az\/wp-json\/wp\/v2\/comments?post=167793"}],"version-history":[{"count":0,"href":"https:\/\/www.meydan.tv\/az\/wp-json\/wp\/v2\/posts\/167793\/revisions"}],"wp:featuredmedia":[{"embeddable":true,"href":"https:\/\/www.meydan.tv\/az\/wp-json\/wp\/v2\/media\/23769"}],"wp:attachment":[{"href":"https:\/\/www.meydan.tv\/az\/wp-json\/wp\/v2\/media?parent=167793"}],"wp:term":[{"taxonomy":"category","embeddable":true,"href":"https:\/\/www.meydan.tv\/az\/wp-json\/wp\/v2\/categories?post=167793"},{"taxonomy":"post_tag","embeddable":true,"href":"https:\/\/www.meydan.tv\/az\/wp-json\/wp\/v2\/tags?post=167793"}],"curies":[{"name":"wp","href":"https:\/\/api.w.org\/{rel}","templated":true}]}}