{"id":167789,"date":"2015-05-05T15:27:05","date_gmt":"2015-05-05T15:27:05","guid":{"rendered":"https:\/\/www.meydan.tv\/article\/mikayil-cabbarov-qeyri-resmi-pul-yigma-hallari-qanunsuzdur\/"},"modified":"2015-05-05T15:27:05","modified_gmt":"2015-05-05T15:27:05","slug":"mikayil-cabbarov-qeyri-resmi-pul-yigma-hallari-qanunsuzdur","status":"publish","type":"post","link":"https:\/\/www.meydan.tv\/az\/article\/mikayil-cabbarov-qeyri-resmi-pul-yigma-hallari-qanunsuzdur\/","title":{"rendered":"Mikay\u0131l Cabbarov: \u201cQeyri-r\u0259smi pul y\u0131\u011fma hallar\u0131 qanunsuzdur&#8221;"},"content":{"rendered":"<figure class=\"wp-block-image size-large\">\n  <img decoding=\"async\" src=\"https:\/\/www.meydan.tv\/az\/23757\/\" alt=\"\" class=\"wp-image-23757\"\/><figcaption><\/figcaption><\/figure>\n<figure class=\"wp-block-image size-large\">\n  <img decoding=\"async\" src=\"https:\/\/www.meydan.tv\/az\/23757\/\" alt=\"\" class=\"wp-image-23757\"\/><figcaption><\/figcaption><\/figure>\n<p>\n  <i><br \/>\n    Etibar \u018fliyev is\u0259 hesab edir ki, nazirlik daxili qaydalara uy\u011fun olaraq qanunsuzlu\u011fa yol ver\u0259nl\u0259ri c\u0259zaland\u0131rmal\u0131d\u0131r<br \/>\n  <\/i>\n<\/p>\n<p>\n  &#8220;Yuxar\u0131 sinifl\u0259rd\u0259 t\u0259may\u00fcll\u0259\u015fm\u0259 b\u00fct\u00fcn m\u0259kt\u0259bl\u0259rd\u0259 eyni vaxtda t\u0259tbiq edilm\u0259y\u0259c\u0259k&#8221;.<br \/>\n  <a href=\"http:\/\/lent.az\/\"><br \/>\n    Lent.az<br \/>\n  <\/a><br \/>\n  -\u0131n m\u0259lumat\u0131na g\u00f6r\u0259, t\u0259hsil naziri Mikay\u0131l Cabbarov jurnalistl\u0259r\u0259 a\u00e7\u0131qlamas\u0131nda deyib ki, t\u0259may\u00fcll\u0259\u015fm\u0259 se\u00e7ilmi\u015f v\u0259 birba\u015fa nazirliyin tabeliyind\u0259 olan m\u0259kt\u0259bl\u0259rd\u0259 t\u0259tbiq olunacaq: \u201cM\u0259qs\u0259d \u015fagirdl\u0259rin akademik g\u00f6st\u0259ricil\u0259rin\u0259 v\u0259 maraqlar\u0131na uy\u011fun onlar\u0131n \u0259h\u0259miyy\u0259tli hesab etdiyi f\u0259nl\u0259r \u00fczr\u0259 t\u0259may\u00fcll\u0259\u015f\u0259 bilm\u0259sidir\u201d.\n<\/p>\n<p>\n  Orta m\u0259kt\u0259bl\u0259rd\u0259 Avropa Oyunlar\u0131 ad\u0131 alt\u0131nda pul y\u0131\u011f\u0131lmas\u0131 bar\u0259d\u0259 sual\u0131 cavabland\u0131ran nazir qeyd edib ki, ist\u0259nil\u0259n qeyri-r\u0259smi pul y\u0131\u011fma hallar\u0131 qanunsuzdur: \u201cT\u0259hsil Nazirliyi t\u0259r\u0259find\u0259n ist\u0259nil\u0259n m\u00fcraci\u0259t diqq\u0259tl\u0259 ara\u015fd\u0131r\u0131l\u0131r. B\u0259zi hallarda bel\u0259 m\u0259lumatlar yoxlan\u0131lmadan yay\u0131l\u0131r. Nazirliyin \u201cqaynar x\u0259tt\u201din\u0259 pul y\u0131\u011f\u0131lmas\u0131 hallar\u0131 il\u0259 ba\u011fl\u0131 m\u00fcraci\u0259t daxil olmay\u0131b. M\u0259tbuatda yaz\u0131lana g\u00f6r\u0259, son zamanlar bel\u0259 hal Xa\u00e7maz\u0131n k\u0259ndl\u0259rind\u0259n birind\u0259 qeyd\u0259 al\u0131n\u0131b. Bununla \u0259laq\u0259dar m\u00fcvafiq ara\u015fd\u0131rma apar\u0131l\u0131b&#8221;.\n<\/p>\n<p>\n  Nazir sonda media n\u00fcmay\u0259nd\u0259l\u0259rin\u0259 v\u0259 v\u0259t\u0259nda\u015flara m\u00fcraci\u0259t edib: \u201cMedia m\u0259nsublar\u0131na v\u0259 v\u0259t\u0259nda\u015flara \u00fcz tutaraq dem\u0259k ist\u0259yir\u0259m ki, onlar \u00fcz\u0259rl\u0259rin\u0259 d\u00fc\u015f\u0259n v\u0259t\u0259nda\u015fl\u0131q borcunu yerin\u0259 yetir\u0259r\u0259k, bel\u0259 hallarda nazirliy\u0259 m\u00fcraci\u0259t etsinl\u0259r\u201d.\n<\/p>\n<p>\n  Nazir deyib ki, erm\u0259nil\u0259rin olimpiadada i\u015ftirak edib-etm\u0259m\u0259sin\u0259 dair Beyn\u0259lxalq Olimpiada T\u0259\u015fkilat Komit\u0259si t\u0259r\u0259find\u0259n m\u00fcraci\u0259t daxil olmay\u0131b.\n<\/p>\n<figure class=\"wp-block-image size-large\">\n  <img decoding=\"async\" src=\"https:\/\/www.meydan.tv\/az\/23760\/\" alt=\"\" class=\"wp-image-23760\"\/><figcaption><\/figcaption><\/figure>\n<p>\n  Nazir Mikay\u0131l Cabbarovun fikirl\u0259rini Meydan TV-y\u0259 \u015f\u0259rh ed\u0259n t\u0259hsil \u00fczr\u0259 ekspert Etibar \u018fliyev bildirib ki, valideynl\u0259rin m\u00fcraci\u0259ti nisbi xarakter da\u015f\u0131y\u0131r. \u0130ndiy\u0259 q\u0259d\u0259r olan t\u0259cr\u00fcb\u0259 onu g\u00f6st\u0259rir ki, b\u00f6y\u00fck qisim k\u00f6n\u00fcll\u00fc, dig\u0259r qisim is\u0259 m\u0259cburi \u015f\u0259kild\u0259 m\u00fcraci\u0259t edirl\u0259r: &#8220;Ona g\u00f6r\u0259 d\u0259 \u00f6vlad\u0131n\u0131n d\u0259srl\u0259rd\u0259n yay\u0131nmas\u0131 \u00fc\u00e7\u00fcn m\u0259kt\u0259b direktoru il\u0259 s\u00f6vd\u0259l\u0259\u015fm\u0259, qiym\u0259t \u015fi\u015firtm\u0259si olarsa, he\u00e7 bir orqana demirl\u0259r. Dig\u0259r valideynl\u0259rd\u0259 is\u0259 qorxu oldu\u011fundan qar\u015f\u0131la\u015fd\u0131qlar\u0131 \u00f6zba\u015f\u0131lan\u0131qlar\u0131 a\u00e7\u0131qlaya bilmirl\u0259r&#8221;.\n<\/p>\n<\/p>\n<\/p>\n<p>\n  .\n<\/p><\/p>\n","protected":false},"excerpt":{"rendered":"<p>Etibar \u018fliyev is\u0259 hesab edir ki, nazirlik daxili qaydalara uy\u011fun olaraq qanunsuzlu\u011fa yol ver\u0259nl\u0259ri c\u0259zaland\u0131rmal\u0131d\u0131r<\/p>\n","protected":false},"author":11,"featured_media":23757,"comment_status":"closed","ping_status":"open","sticky":false,"template":"","format":"standard","meta":{"_acf_changed":false,"_sitemap_exclude":false,"_sitemap_priority":"","_sitemap_frequency":"","footnotes":""},"categories":[56],"tags":[],"class_list":["post-167789","post","type-post","status-publish","format-standard","has-post-thumbnail","hentry","category-xeberler","infinite-scroll-item","generate-columns","tablet-grid-50","mobile-grid-100","grid-parent","grid-33","no-featured-image-padding"],"acf":[],"yoast_head":"<!-- This site is optimized with the Yoast SEO plugin v28.4 - https:\/\/yoast.com\/product\/yoast-seo-wordpress\/ -->\n<title>Mikay\u0131l Cabbarov: \u201cQeyri-r\u0259smi pul y\u0131\u011fma hallar\u0131 qanunsuzdur&quot; - MEYDAN.TV<\/title>\n<meta name=\"robots\" content=\"index, follow, max-snippet:-1, max-image-preview:large, max-video-preview:-1\" \/>\n<link rel=\"canonical\" href=\"https:\/\/www.meydan.tv\/az\/article\/mikayil-cabbarov-qeyri-resmi-pul-yigma-hallari-qanunsuzdur\/\" \/>\n<meta property=\"og:locale\" content=\"az_AZ\" \/>\n<meta property=\"og:type\" content=\"article\" \/>\n<meta property=\"og:title\" content=\"Mikay\u0131l Cabbarov: \u201cQeyri-r\u0259smi pul y\u0131\u011fma hallar\u0131 qanunsuzdur&quot; - MEYDAN.TV\" \/>\n<meta property=\"og:description\" content=\"Etibar \u018fliyev is\u0259 hesab edir ki, nazirlik daxili qaydalara uy\u011fun olaraq qanunsuzlu\u011fa yol ver\u0259nl\u0259ri c\u0259zaland\u0131rmal\u0131d\u0131r\" \/>\n<meta property=\"og:url\" content=\"https:\/\/www.meydan.tv\/az\/article\/mikayil-cabbarov-qeyri-resmi-pul-yigma-hallari-qanunsuzdur\/\" \/>\n<meta property=\"og:site_name\" content=\"MEYDAN.TV\" \/>\n<meta property=\"article:published_time\" content=\"2015-05-05T15:27:05+00:00\" \/>\n<meta property=\"og:image\" content=\"https:\/\/www.meydan.tv\/wp-content\/uploads\/8631.jpg\" \/>\n\t<meta property=\"og:image:width\" content=\"376\" \/>\n\t<meta property=\"og:image:height\" content=\"250\" \/>\n\t<meta property=\"og:image:type\" content=\"image\/jpeg\" \/>\n<meta name=\"twitter:card\" content=\"summary_large_image\" \/>\n<!-- \/ Yoast SEO plugin. -->","yoast_head_json":{"title":"Mikay\u0131l Cabbarov: \u201cQeyri-r\u0259smi pul y\u0131\u011fma hallar\u0131 qanunsuzdur\" - MEYDAN.TV","robots":{"index":"index","follow":"follow","max-snippet":"max-snippet:-1","max-image-preview":"max-image-preview:large","max-video-preview":"max-video-preview:-1"},"canonical":"https:\/\/www.meydan.tv\/az\/article\/mikayil-cabbarov-qeyri-resmi-pul-yigma-hallari-qanunsuzdur\/","og_locale":"az_AZ","og_type":"article","og_title":"Mikay\u0131l Cabbarov: \u201cQeyri-r\u0259smi pul y\u0131\u011fma hallar\u0131 qanunsuzdur\" - MEYDAN.TV","og_description":"Etibar \u018fliyev is\u0259 hesab edir ki, nazirlik daxili qaydalara uy\u011fun olaraq qanunsuzlu\u011fa yol ver\u0259nl\u0259ri c\u0259zaland\u0131rmal\u0131d\u0131r","og_url":"https:\/\/www.meydan.tv\/az\/article\/mikayil-cabbarov-qeyri-resmi-pul-yigma-hallari-qanunsuzdur\/","og_site_name":"MEYDAN.TV","article_published_time":"2015-05-05T15:27:05+00:00","og_image":[{"width":376,"height":250,"url":"https:\/\/www.meydan.tv\/wp-content\/uploads\/8631.jpg","type":"image\/jpeg"}],"twitter_card":"summary_large_image","schema":{"@context":"https:\/\/schema.org","@graph":[{"@type":"Article","@id":"https:\/\/www.meydan.tv\/az\/article\/mikayil-cabbarov-qeyri-resmi-pul-yigma-hallari-qanunsuzdur\/#article","isPartOf":{"@id":"https:\/\/www.meydan.tv\/az\/article\/mikayil-cabbarov-qeyri-resmi-pul-yigma-hallari-qanunsuzdur\/"},"author":{"name":"user-manager","@id":"https:\/\/www.meydan.tv\/az\/#\/schema\/person\/10d11eccf6da3662cf5fdab9806ea91a"},"headline":"Mikay\u0131l Cabbarov: \u201cQeyri-r\u0259smi pul y\u0131\u011fma hallar\u0131 qanunsuzdur&#8221;","datePublished":"2015-05-05T15:27:05+00:00","mainEntityOfPage":{"@id":"https:\/\/www.meydan.tv\/az\/article\/mikayil-cabbarov-qeyri-resmi-pul-yigma-hallari-qanunsuzdur\/"},"wordCount":443,"publisher":{"@id":"https:\/\/www.meydan.tv\/az\/#organization"},"image":{"@id":"https:\/\/www.meydan.tv\/az\/article\/mikayil-cabbarov-qeyri-resmi-pul-yigma-hallari-qanunsuzdur\/#primaryimage"},"thumbnailUrl":"https:\/\/www.meydan.tv\/wp-content\/uploads\/8631.jpg","articleSection":["X\u0259b\u0259rl\u0259r"],"inLanguage":"az"},{"@type":"WebPage","@id":"https:\/\/www.meydan.tv\/az\/article\/mikayil-cabbarov-qeyri-resmi-pul-yigma-hallari-qanunsuzdur\/","url":"https:\/\/www.meydan.tv\/az\/article\/mikayil-cabbarov-qeyri-resmi-pul-yigma-hallari-qanunsuzdur\/","name":"Mikay\u0131l Cabbarov: \u201cQeyri-r\u0259smi pul y\u0131\u011fma hallar\u0131 qanunsuzdur\" - MEYDAN.TV","isPartOf":{"@id":"https:\/\/www.meydan.tv\/az\/#website"},"primaryImageOfPage":{"@id":"https:\/\/www.meydan.tv\/az\/article\/mikayil-cabbarov-qeyri-resmi-pul-yigma-hallari-qanunsuzdur\/#primaryimage"},"image":{"@id":"https:\/\/www.meydan.tv\/az\/article\/mikayil-cabbarov-qeyri-resmi-pul-yigma-hallari-qanunsuzdur\/#primaryimage"},"thumbnailUrl":"https:\/\/www.meydan.tv\/wp-content\/uploads\/8631.jpg","datePublished":"2015-05-05T15:27:05+00:00","breadcrumb":{"@id":"https:\/\/www.meydan.tv\/az\/article\/mikayil-cabbarov-qeyri-resmi-pul-yigma-hallari-qanunsuzdur\/#breadcrumb"},"inLanguage":"az","potentialAction":[{"@type":"ReadAction","target":["https:\/\/www.meydan.tv\/az\/article\/mikayil-cabbarov-qeyri-resmi-pul-yigma-hallari-qanunsuzdur\/"]}]},{"@type":"ImageObject","inLanguage":"az","@id":"https:\/\/www.meydan.tv\/az\/article\/mikayil-cabbarov-qeyri-resmi-pul-yigma-hallari-qanunsuzdur\/#primaryimage","url":"https:\/\/www.meydan.tv\/wp-content\/uploads\/8631.jpg","contentUrl":"https:\/\/www.meydan.tv\/wp-content\/uploads\/8631.jpg","width":376,"height":250,"caption":"Source:"},{"@type":"BreadcrumbList","@id":"https:\/\/www.meydan.tv\/az\/article\/mikayil-cabbarov-qeyri-resmi-pul-yigma-hallari-qanunsuzdur\/#breadcrumb","itemListElement":[{"@type":"ListItem","position":1,"name":"Ana s\u0259hif\u0259","item":"https:\/\/www.meydan.tv\/az\/"},{"@type":"ListItem","position":2,"name":"X\u0259b\u0259rl\u0259r","item":"https:\/\/www.meydan.tv\/az\/section\/xeberler\/"},{"@type":"ListItem","position":3,"name":"Mikay\u0131l Cabbarov: \u201cQeyri-r\u0259smi pul y\u0131\u011fma hallar\u0131 qanunsuzdur&#8221;"}]},{"@type":"WebSite","@id":"https:\/\/www.meydan.tv\/az\/#website","url":"https:\/\/www.meydan.tv\/az\/","name":"MEYDAN.TV","description":"Meydan TV Az\u0259rbaycan\u0131n media m\u0259kan\u0131ndak\u0131 alternativ s\u0259sidir","publisher":{"@id":"https:\/\/www.meydan.tv\/az\/#organization"},"potentialAction":[{"@type":"SearchAction","target":{"@type":"EntryPoint","urlTemplate":"https:\/\/www.meydan.tv\/az\/?s={search_term_string}"},"query-input":{"@type":"PropertyValueSpecification","valueRequired":true,"valueName":"search_term_string"}}],"inLanguage":"az"},{"@type":"Organization","@id":"https:\/\/www.meydan.tv\/az\/#organization","name":"Meydan TV","url":"https:\/\/www.meydan.tv\/az\/","logo":{"@type":"ImageObject","inLanguage":"az","@id":"https:\/\/www.meydan.tv\/az\/#\/schema\/logo\/image\/","url":"https:\/\/www.meydan.tv\/wp-content\/uploads\/2021\/07\/meydan-logo.svg","contentUrl":"https:\/\/www.meydan.tv\/wp-content\/uploads\/2021\/07\/meydan-logo.svg","width":195,"height":46,"caption":"Meydan TV"},"image":{"@id":"https:\/\/www.meydan.tv\/az\/#\/schema\/logo\/image\/"}},{"@type":"Person","@id":"https:\/\/www.meydan.tv\/az\/#\/schema\/person\/10d11eccf6da3662cf5fdab9806ea91a","name":"user-manager"}]}},"_links":{"self":[{"href":"https:\/\/www.meydan.tv\/az\/wp-json\/wp\/v2\/posts\/167789","targetHints":{"allow":["GET"]}}],"collection":[{"href":"https:\/\/www.meydan.tv\/az\/wp-json\/wp\/v2\/posts"}],"about":[{"href":"https:\/\/www.meydan.tv\/az\/wp-json\/wp\/v2\/types\/post"}],"author":[{"embeddable":true,"href":"https:\/\/www.meydan.tv\/az\/wp-json\/wp\/v2\/users\/11"}],"replies":[{"embeddable":true,"href":"https:\/\/www.meydan.tv\/az\/wp-json\/wp\/v2\/comments?post=167789"}],"version-history":[{"count":0,"href":"https:\/\/www.meydan.tv\/az\/wp-json\/wp\/v2\/posts\/167789\/revisions"}],"wp:featuredmedia":[{"embeddable":true,"href":"https:\/\/www.meydan.tv\/az\/wp-json\/wp\/v2\/media\/23757"}],"wp:attachment":[{"href":"https:\/\/www.meydan.tv\/az\/wp-json\/wp\/v2\/media?parent=167789"}],"wp:term":[{"taxonomy":"category","embeddable":true,"href":"https:\/\/www.meydan.tv\/az\/wp-json\/wp\/v2\/categories?post=167789"},{"taxonomy":"post_tag","embeddable":true,"href":"https:\/\/www.meydan.tv\/az\/wp-json\/wp\/v2\/tags?post=167789"}],"curies":[{"name":"wp","href":"https:\/\/api.w.org\/{rel}","templated":true}]}}