{"id":167787,"date":"2015-05-05T14:32:57","date_gmt":"2015-05-05T14:32:57","guid":{"rendered":"https:\/\/www.meydan.tv\/article\/ermeni-kesfiyyatci-15-il-azadliqdan-mehrum-edildi\/"},"modified":"2015-05-05T14:32:57","modified_gmt":"2015-05-05T14:32:57","slug":"ermeni-kesfiyyatci-15-il-azadliqdan-mehrum-edildi","status":"publish","type":"post","link":"https:\/\/www.meydan.tv\/az\/article\/ermeni-kesfiyyatci-15-il-azadliqdan-mehrum-edildi\/","title":{"rendered":"Erm\u0259ni k\u0259\u015ffiyyat\u00e7\u0131 15 il azadl\u0131qdan m\u0259hrum edildi"},"content":{"rendered":"<figure class=\"wp-block-image size-large\">\n  <img decoding=\"async\" src=\"https:\/\/www.meydan.tv\/az\/23754\/\" alt=\"\" class=\"wp-image-23754\"\/><figcaption><\/figcaption><\/figure>\n<figure class=\"wp-block-image size-large\">\n  <img decoding=\"async\" src=\"https:\/\/www.meydan.tv\/az\/23754\/\" alt=\"\" class=\"wp-image-23754\"\/><figcaption><\/figcaption><\/figure>\n<p>\n  <i><br \/>\n    Arsen Baqdasaryan m\u0259hk\u0259m\u0259 x\u0259rcl\u0259rini (665 manat 45 q\u0259pik)\u00a0\u00f6d\u0259m\u0259kd\u0259n azad olunub<br \/>\n  <\/i>\n<\/p>\n<p>\n  \u00d6t\u0259n il dekabr\u0131n 26-da c\u0259bh\u0259nin<br \/>\n  <a href=\"http:\/\/az.apa.az\/tag\/A%C4%9Fdam\"><br \/>\n    A\u011fdam<br \/>\n  <\/a><br \/>\n  \u00a0rayonu istiqam\u0259tind\u0259 qo\u015funlar\u0131n t\u0259mas x\u0259ttini ke\u00e7\u0259n erm\u0259ni k\u0259\u015ffiyyat\u00e7\u0131 Baqdasaryan Arsen Eduardovi\u00e7in cinay\u0259t i\u015fi \u00fczr\u0259 G\u0259nc\u0259 A\u011f\u0131r Cinay\u0259tl\u0259r M\u0259hk\u0259m\u0259sind\u0259 ke\u00e7iril\u0259n m\u0259hk\u0259m\u0259 prosesi yekunla\u015f\u0131b.\n<\/p>\n<p>\n  <a href=\"https:\/\/apa.az\/\"><br \/>\n    APA<br \/>\n  <\/a><br \/>\n  -n\u0131n q\u0259rb b\u00fcrosunun m\u0259lumat\u0131na g\u00f6r\u0259, hakim Elb\u0259y Allahverdiyevin s\u0259drlik etdiyi prosesd\u0259 h\u00f6km oxunub.\n<\/p>\n<p>\n  H\u00f6km\u0259 \u0259sas\u0259n, Arsen Baqdasaryan c\u0259zas\u0131n\u0131 ciddi rejimli c\u0259za\u00e7\u0259km\u0259 m\u00fc\u0259ssis\u0259sind\u0259 \u00e7\u0259km\u0259kl\u0259\u00a015 il m\u00fcdd\u0259tin\u0259 azadl\u0131qdan m\u0259hrum edilib.\n<\/p>\n<p>\n  C\u0259zan\u0131n onun saxlan\u0131ld\u0131\u011f\u0131 g\u00fcnd\u0259n, \u00f6t\u0259n il dekabr\u0131n 26-dan hesablanaca\u011f\u0131 bildirilib.\n<\/p>\n<p>\n  M\u0259hk\u0259m\u0259nin h\u00f6km\u00fc il\u0259 Arsen Baqdasaryan m\u0259hk\u0259m\u0259 x\u0259rcl\u0259rini (665 manat 45 q\u0259pik)\u00a0\u00f6d\u0259m\u0259kd\u0259n azad olunub.\n<\/p>\n<p>\n  May\u0131n 4-d\u0259 ke\u00e7iril\u0259n m\u0259hk\u0259m\u0259 prosesind\u0259 \u00e7\u0131x\u0131\u015f ed\u0259n d\u00f6vl\u0259t ittiham\u00e7\u0131s\u0131\u00a0Anar Mirki\u015fiyev Arsen Baqdasaryan\u0131n c\u0259zas\u0131n\u0131 ciddi rejimli c\u0259za\u00e7\u0259km\u0259 m\u00fc\u0259ssis\u0259sind\u0259 \u00e7\u0259km\u0259kl\u0259 18 il m\u00fcdd\u0259tin\u0259 azadl\u0131qdan m\u0259hrum edilm\u0259sini ist\u0259mi\u015fdi.\n<\/p>\n<p>\n  Onun v\u0259kili Ramiz Abdullayev is\u0259 m\u0259hk\u0259m\u0259d\u0259n m\u00fcdafi\u0259 etdiyi \u015f\u0259xs\u0259 qar\u015f\u0131 Cinay\u0259t M\u0259c\u0259ll\u0259sinin 228-ci (29, 282.2) madd\u0259si (Qanunsuz olaraq silah, onun komplekt hiss\u0259l\u0259rini, d\u00f6y\u00fc\u015f sursat\u0131, partlay\u0131c\u0131 madd\u0259l\u0259r v\u0259 qur\u011fular \u0259ld\u0259 etm\u0259, ba\u015fqas\u0131na verm\u0259, satma, saxlama, da\u015f\u0131ma v\u0259 g\u0259zdirm\u0259) madd\u0259si \u00fczr\u0259 ir\u0259li s\u00fcr\u00fcl\u0259n ittiham\u0131n cinay\u0259t i\u015find\u0259n \u00e7\u0131xar\u0131lmas\u0131n\u0131 xahi\u015f etmi\u015fdi.\n<\/p>\n<p>\n  Arsen Baqdasaryan son s\u00f6z\u00fcnd\u0259 Az\u0259rbaycanla 20 il \u0259vv\u0259l oldu\u011fu kimi, s\u00fclh \u015f\u0259raitind\u0259 ya\u015famaq ist\u0259diyini vur\u011fulay\u0131b. A. Baqdasaryan bildirib ki, bunun \u00fc\u00e7\u00fcn Qaraba\u011f qaytar\u0131lmal\u0131d\u0131r, ba\u015fqa c\u00fcr s\u00fclh \u015f\u0259raitind\u0259 ya\u015famaq m\u00fcmk\u00fcn deyil.\n<\/p>\n<p>\n  O, h\u0259m\u00e7inin Erm\u0259nistan\u0131n ham\u0131n\u0131 aldatd\u0131\u011f\u0131n\u0131 da a\u00e7\u0131qlay\u0131b: \u201cBizi Az\u0259rbaycana nifr\u0259t hissi il\u0259 b\u00f6y\u00fcd\u00fcbl\u0259r. Lakin burada nifr\u0259t dolu n\u0259s\u0259 g\u00f6rm\u0259dim. Az\u0259rbaycanl\u0131lar ist\u0259s\u0259ydil\u0259r, m\u0259ni \u00f6ld\u00fcr\u0259 bil\u0259rdil\u0259r. Ancaq m\u0259n\u0259 he\u00e7 bir i\u015fg\u0259nc\u0259 verm\u0259dil\u0259r\u201d.\n<\/p><\/p>\n","protected":false},"excerpt":{"rendered":"<p>Arsen Baqdasaryan m\u0259hk\u0259m\u0259 x\u0259rcl\u0259rini (665 manat 45 q\u0259pik) \u00f6d\u0259m\u0259kd\u0259n azad olunub<\/p>\n","protected":false},"author":11,"featured_media":23754,"comment_status":"closed","ping_status":"open","sticky":false,"template":"","format":"standard","meta":{"_acf_changed":false,"_sitemap_exclude":false,"_sitemap_priority":"","_sitemap_frequency":"","footnotes":""},"categories":[56],"tags":[],"class_list":["post-167787","post","type-post","status-publish","format-standard","has-post-thumbnail","hentry","category-xeberler","infinite-scroll-item","generate-columns","tablet-grid-50","mobile-grid-100","grid-parent","grid-33","no-featured-image-padding"],"acf":[],"yoast_head":"<!-- This site is optimized with the Yoast SEO plugin v28.4 - https:\/\/yoast.com\/product\/yoast-seo-wordpress\/ -->\n<title>Erm\u0259ni k\u0259\u015ffiyyat\u00e7\u0131 15 il azadl\u0131qdan m\u0259hrum edildi - MEYDAN.TV<\/title>\n<meta name=\"robots\" content=\"index, follow, max-snippet:-1, max-image-preview:large, max-video-preview:-1\" \/>\n<link rel=\"canonical\" href=\"https:\/\/www.meydan.tv\/az\/article\/ermeni-kesfiyyatci-15-il-azadliqdan-mehrum-edildi\/\" \/>\n<meta property=\"og:locale\" content=\"az_AZ\" \/>\n<meta property=\"og:type\" content=\"article\" \/>\n<meta property=\"og:title\" content=\"Erm\u0259ni k\u0259\u015ffiyyat\u00e7\u0131 15 il azadl\u0131qdan m\u0259hrum edildi - MEYDAN.TV\" \/>\n<meta property=\"og:description\" content=\"Arsen Baqdasaryan m\u0259hk\u0259m\u0259 x\u0259rcl\u0259rini (665 manat 45 q\u0259pik) \u00f6d\u0259m\u0259kd\u0259n azad olunub\" \/>\n<meta property=\"og:url\" content=\"https:\/\/www.meydan.tv\/az\/article\/ermeni-kesfiyyatci-15-il-azadliqdan-mehrum-edildi\/\" \/>\n<meta property=\"og:site_name\" content=\"MEYDAN.TV\" \/>\n<meta property=\"article:published_time\" content=\"2015-05-05T14:32:57+00:00\" \/>\n<meta property=\"og:image\" content=\"https:\/\/www.meydan.tv\/wp-content\/uploads\/8629.jpg\" \/>\n\t<meta property=\"og:image:width\" content=\"557\" \/>\n\t<meta property=\"og:image:height\" content=\"400\" \/>\n\t<meta property=\"og:image:type\" content=\"image\/jpeg\" \/>\n<meta name=\"twitter:card\" content=\"summary_large_image\" \/>\n<!-- \/ Yoast SEO plugin. -->","yoast_head_json":{"title":"Erm\u0259ni k\u0259\u015ffiyyat\u00e7\u0131 15 il azadl\u0131qdan m\u0259hrum edildi - MEYDAN.TV","robots":{"index":"index","follow":"follow","max-snippet":"max-snippet:-1","max-image-preview":"max-image-preview:large","max-video-preview":"max-video-preview:-1"},"canonical":"https:\/\/www.meydan.tv\/az\/article\/ermeni-kesfiyyatci-15-il-azadliqdan-mehrum-edildi\/","og_locale":"az_AZ","og_type":"article","og_title":"Erm\u0259ni k\u0259\u015ffiyyat\u00e7\u0131 15 il azadl\u0131qdan m\u0259hrum edildi - MEYDAN.TV","og_description":"Arsen Baqdasaryan m\u0259hk\u0259m\u0259 x\u0259rcl\u0259rini (665 manat 45 q\u0259pik) \u00f6d\u0259m\u0259kd\u0259n azad olunub","og_url":"https:\/\/www.meydan.tv\/az\/article\/ermeni-kesfiyyatci-15-il-azadliqdan-mehrum-edildi\/","og_site_name":"MEYDAN.TV","article_published_time":"2015-05-05T14:32:57+00:00","og_image":[{"width":557,"height":400,"url":"https:\/\/www.meydan.tv\/wp-content\/uploads\/8629.jpg","type":"image\/jpeg"}],"twitter_card":"summary_large_image","schema":{"@context":"https:\/\/schema.org","@graph":[{"@type":"Article","@id":"https:\/\/www.meydan.tv\/az\/article\/ermeni-kesfiyyatci-15-il-azadliqdan-mehrum-edildi\/#article","isPartOf":{"@id":"https:\/\/www.meydan.tv\/az\/article\/ermeni-kesfiyyatci-15-il-azadliqdan-mehrum-edildi\/"},"author":{"name":"user-manager","@id":"https:\/\/www.meydan.tv\/az\/#\/schema\/person\/10d11eccf6da3662cf5fdab9806ea91a"},"headline":"Erm\u0259ni k\u0259\u015ffiyyat\u00e7\u0131 15 il azadl\u0131qdan m\u0259hrum edildi","datePublished":"2015-05-05T14:32:57+00:00","mainEntityOfPage":{"@id":"https:\/\/www.meydan.tv\/az\/article\/ermeni-kesfiyyatci-15-il-azadliqdan-mehrum-edildi\/"},"wordCount":414,"publisher":{"@id":"https:\/\/www.meydan.tv\/az\/#organization"},"image":{"@id":"https:\/\/www.meydan.tv\/az\/article\/ermeni-kesfiyyatci-15-il-azadliqdan-mehrum-edildi\/#primaryimage"},"thumbnailUrl":"https:\/\/www.meydan.tv\/wp-content\/uploads\/8629.jpg","articleSection":["X\u0259b\u0259rl\u0259r"],"inLanguage":"az"},{"@type":"WebPage","@id":"https:\/\/www.meydan.tv\/az\/article\/ermeni-kesfiyyatci-15-il-azadliqdan-mehrum-edildi\/","url":"https:\/\/www.meydan.tv\/az\/article\/ermeni-kesfiyyatci-15-il-azadliqdan-mehrum-edildi\/","name":"Erm\u0259ni k\u0259\u015ffiyyat\u00e7\u0131 15 il azadl\u0131qdan m\u0259hrum edildi - MEYDAN.TV","isPartOf":{"@id":"https:\/\/www.meydan.tv\/az\/#website"},"primaryImageOfPage":{"@id":"https:\/\/www.meydan.tv\/az\/article\/ermeni-kesfiyyatci-15-il-azadliqdan-mehrum-edildi\/#primaryimage"},"image":{"@id":"https:\/\/www.meydan.tv\/az\/article\/ermeni-kesfiyyatci-15-il-azadliqdan-mehrum-edildi\/#primaryimage"},"thumbnailUrl":"https:\/\/www.meydan.tv\/wp-content\/uploads\/8629.jpg","datePublished":"2015-05-05T14:32:57+00:00","breadcrumb":{"@id":"https:\/\/www.meydan.tv\/az\/article\/ermeni-kesfiyyatci-15-il-azadliqdan-mehrum-edildi\/#breadcrumb"},"inLanguage":"az","potentialAction":[{"@type":"ReadAction","target":["https:\/\/www.meydan.tv\/az\/article\/ermeni-kesfiyyatci-15-il-azadliqdan-mehrum-edildi\/"]}]},{"@type":"ImageObject","inLanguage":"az","@id":"https:\/\/www.meydan.tv\/az\/article\/ermeni-kesfiyyatci-15-il-azadliqdan-mehrum-edildi\/#primaryimage","url":"https:\/\/www.meydan.tv\/wp-content\/uploads\/8629.jpg","contentUrl":"https:\/\/www.meydan.tv\/wp-content\/uploads\/8629.jpg","width":557,"height":400,"caption":"Source:"},{"@type":"BreadcrumbList","@id":"https:\/\/www.meydan.tv\/az\/article\/ermeni-kesfiyyatci-15-il-azadliqdan-mehrum-edildi\/#breadcrumb","itemListElement":[{"@type":"ListItem","position":1,"name":"Ana s\u0259hif\u0259","item":"https:\/\/www.meydan.tv\/az\/"},{"@type":"ListItem","position":2,"name":"X\u0259b\u0259rl\u0259r","item":"https:\/\/www.meydan.tv\/az\/section\/xeberler\/"},{"@type":"ListItem","position":3,"name":"Erm\u0259ni k\u0259\u015ffiyyat\u00e7\u0131 15 il azadl\u0131qdan m\u0259hrum edildi"}]},{"@type":"WebSite","@id":"https:\/\/www.meydan.tv\/az\/#website","url":"https:\/\/www.meydan.tv\/az\/","name":"MEYDAN.TV","description":"Meydan TV Az\u0259rbaycan\u0131n media m\u0259kan\u0131ndak\u0131 alternativ s\u0259sidir","publisher":{"@id":"https:\/\/www.meydan.tv\/az\/#organization"},"potentialAction":[{"@type":"SearchAction","target":{"@type":"EntryPoint","urlTemplate":"https:\/\/www.meydan.tv\/az\/?s={search_term_string}"},"query-input":{"@type":"PropertyValueSpecification","valueRequired":true,"valueName":"search_term_string"}}],"inLanguage":"az"},{"@type":"Organization","@id":"https:\/\/www.meydan.tv\/az\/#organization","name":"Meydan TV","url":"https:\/\/www.meydan.tv\/az\/","logo":{"@type":"ImageObject","inLanguage":"az","@id":"https:\/\/www.meydan.tv\/az\/#\/schema\/logo\/image\/","url":"https:\/\/www.meydan.tv\/wp-content\/uploads\/2021\/07\/meydan-logo.svg","contentUrl":"https:\/\/www.meydan.tv\/wp-content\/uploads\/2021\/07\/meydan-logo.svg","width":195,"height":46,"caption":"Meydan TV"},"image":{"@id":"https:\/\/www.meydan.tv\/az\/#\/schema\/logo\/image\/"}},{"@type":"Person","@id":"https:\/\/www.meydan.tv\/az\/#\/schema\/person\/10d11eccf6da3662cf5fdab9806ea91a","name":"user-manager"}]}},"_links":{"self":[{"href":"https:\/\/www.meydan.tv\/az\/wp-json\/wp\/v2\/posts\/167787","targetHints":{"allow":["GET"]}}],"collection":[{"href":"https:\/\/www.meydan.tv\/az\/wp-json\/wp\/v2\/posts"}],"about":[{"href":"https:\/\/www.meydan.tv\/az\/wp-json\/wp\/v2\/types\/post"}],"author":[{"embeddable":true,"href":"https:\/\/www.meydan.tv\/az\/wp-json\/wp\/v2\/users\/11"}],"replies":[{"embeddable":true,"href":"https:\/\/www.meydan.tv\/az\/wp-json\/wp\/v2\/comments?post=167787"}],"version-history":[{"count":0,"href":"https:\/\/www.meydan.tv\/az\/wp-json\/wp\/v2\/posts\/167787\/revisions"}],"wp:featuredmedia":[{"embeddable":true,"href":"https:\/\/www.meydan.tv\/az\/wp-json\/wp\/v2\/media\/23754"}],"wp:attachment":[{"href":"https:\/\/www.meydan.tv\/az\/wp-json\/wp\/v2\/media?parent=167787"}],"wp:term":[{"taxonomy":"category","embeddable":true,"href":"https:\/\/www.meydan.tv\/az\/wp-json\/wp\/v2\/categories?post=167787"},{"taxonomy":"post_tag","embeddable":true,"href":"https:\/\/www.meydan.tv\/az\/wp-json\/wp\/v2\/tags?post=167787"}],"curies":[{"name":"wp","href":"https:\/\/api.w.org\/{rel}","templated":true}]}}