{"id":167783,"date":"2015-05-04T21:43:48","date_gmt":"2015-05-04T21:43:48","guid":{"rendered":"https:\/\/www.meydan.tv\/article\/liderini-robin-qud-elan-eden-muxalifetci\/"},"modified":"2015-05-04T21:43:48","modified_gmt":"2015-05-04T21:43:48","slug":"liderini-robin-qud-elan-eden-muxalifetci","status":"publish","type":"post","link":"https:\/\/www.meydan.tv\/az\/article\/liderini-robin-qud-elan-eden-muxalifetci\/","title":{"rendered":"Liderini Robin Qud elan ed\u0259n m\u00fcxalif\u0259t\u00e7i"},"content":{"rendered":"<figure class=\"wp-block-image size-large\">\n  <img decoding=\"async\" src=\"https:\/\/www.meydan.tv\/az\/23294\/\" alt=\"\" class=\"wp-image-23294\"\/><figcaption><\/figcaption><\/figure>\n<figure class=\"wp-block-image size-large\">\n  <img decoding=\"async\" src=\"https:\/\/www.meydan.tv\/az\/23297\/\" alt=\"\" class=\"wp-image-23297\"\/><figcaption><\/figcaption><\/figure>\n<p>\n  <i><br \/>\n    \u201cM\u0259n siyas\u0259t\u0259 qar\u0131\u015fm\u0131ram\u201d.<br \/>\n  <\/i><\/p>\n<p>  Bu g\u00fcnl\u0259rd\u0259 siyas\u0259t\u00e7il\u0259rd\u0259n biri il\u0259 s\u00f6hb\u0259t edirdim. M\u00fcxalif partiyalardan birinin s\u0131ravi \u00fczv\u00fc idi. S\u00f6hb\u0259t \u0259snas\u0131nda m\u0259ni inand\u0131rma\u011fa \u00e7al\u0131\u015f\u0131rd\u0131 ki, \u00fczv\u00fc oldu\u011fu partiya \u00f6lk\u0259nin \u0259n g\u00fccl\u00fc partiyas\u0131d\u0131r v\u0259 h\u0259tta hakim partiya bel\u0259 onlardan \u00e7\u0259kinir&#8230;<\/p>\n<p>  Ondan bir ne\u00e7\u0259 g\u00fcn \u0259vv\u0259l is\u0259 bir m\u0259clisd\u0259 i\u015ftirak edirdim. M\u0259ni m\u0259clis\u0259 d\u0259v\u0259t etmi\u015f qohumum bir masa \u0259traf\u0131nda oturanlar\u0131 t\u0259qdim etdi. Jurnalist oldu\u011fumu bil\u0259n kimi m\u0259clis \u0259hval\u0131 d\u0259yi\u015fdi v\u0259 ham\u0131 xo\u015flamad\u0131\u011f\u0131m m\u00f6vzudan &#8211; siyas\u0259td\u0259n dan\u0131\u015fma\u011fa ba\u015flad\u0131. Ham\u0131 d\u00f6n\u00fcb oldu bir anl\u0131q siyas\u0259t\u00e7i. M\u0259lum oldu ki, masa \u0259traf\u0131nda h\u0259md\u0259 stajl\u0131 m\u00fcxalif\u0259t\u00e7i d\u0259 var. Nimda\u015f geyimli, z\u0259if, r\u0259ngi solmu\u015f h\u0259min \u015f\u0259xs m\u00fcxalif m\u0259tbuatda yaz\u0131lanlardan, haqqdan &#8211; \u0259dal\u0259td\u0259n s\u00f6z a\u00e7d\u0131. Sonda is\u0259 yen\u0259 s\u00f6hb\u0259t f\u0131rlan\u0131b g\u0259ldi liderl\u0259r\u0259. Adam \u00f6z liderini az qala pey\u011f\u0259mb\u0259r s\u0259viyy\u0259sin\u0259 qald\u0131rd\u0131. \u0130ddia etm\u0259y\u0259 ba\u015flad\u0131 ki, onun lideri hakimiyy\u0259tl\u0259 he\u00e7 bir oyun birliyind\u0259-filanda i\u015ftirak etmir. Bir s\u00f6zl\u0259 adam\u0131n t\u0259birinc\u0259, Az\u0259rbaycanda bir n\u0259f\u0259r ki\u015fi varsa, o da onun lideridir&#8230;.<\/p>\n<p>  Ad\u0259t\u0259n, he\u00e7 kim m\u0259nd\u0259n incim\u0259sin, m\u0259n bel\u0259 s\u00f6hb\u0259tl\u0259ri yola verm\u0259k \u00fc\u00e7\u00fcn susuram. Cavab vermir\u0259m. Amma n\u0259d\u0259ns\u0259 bir xeyli m\u00fcdd\u0259t h\u0259min insan\u0131n v\u0259ziyy\u0259ti m\u0259ni d\u00fc\u015f\u00fcnd\u00fcr\u00fcr. Normal c\u0259miyy\u0259td\u0259 insanlar\u0131n siyas\u0259tl\u0259 maraqlanma\u011f\u0131, g\u00fcnd\u0259md\u0259 olan hadis\u0259l\u0259r\u0259 bigan\u0259 qalmama\u011f\u0131 v\u0259t\u0259nda\u015f borcu say\u0131l\u0131r. Amma normal c\u0259miyy\u0259tl\u0259rd\u0259&#8230;<\/p>\n<p>  \u201cM\u0259n siyas\u0259t\u0259 qar\u0131\u015fm\u0131ram\u201d \u2013 k\u0259lm\u0259si is\u0259 b\u0259lk\u0259 d\u0259 Az\u0259rbaycanda \u0259n \u00e7ox i\u015fl\u0259dil\u0259n, e\u015fidil\u0259n, jurnalistl\u0259r aras\u0131nda m\u0259sx\u0259r\u0259y\u0259 qoyulan c\u00fcml\u0259l\u0259rd\u0259ndir. Bayaq s\u00f6z a\u00e7d\u0131\u011f\u0131m\u0131z normal c\u0259miyy\u0259tl\u0259rd\u0259 is\u0259 b\u0259lk\u0259 d\u0259 bel\u0259 k\u0259lm\u0259 i\u015fl\u0259d\u0259n olsa ona \u201czombi\u201d kimi baxarlar. Do\u011frudur, indi siz m\u0259n\u0259 inki\u015faf etmi\u015f \u00f6lk\u0259l\u0259ri misal g\u0259tir\u0259 bil\u0259rsiniz. B\u0259li, h\u0259min misal g\u0259tirdiyiniz \u00f6lk\u0259l\u0259rd\u0259 insanlar ba\u015f nazirin kim olmas\u0131n\u0131 bilm\u0259y\u0259 bil\u0259rl\u0259r. \u00c7\u00fcnki sistem el\u0259 qurulub ki, onlar h\u0259yatlar\u0131n\u0131 ya\u015fay\u0131rlar, onlar\u0131 \u015f\u0259xsiyy\u0259tl\u0259r deyil, veril\u0259n q\u0259rarlar, q\u0259bul olunan qanunlar maraqland\u0131r\u0131r. Amma h\u0259r k\u0259s \u00f6z \u0259razisini t\u0259msil ed\u0259n b\u0259l\u0259diyy\u0259 s\u0259drini, deputat\u0131n\u0131 v\u0259 ya palata \u00fczv\u00fcn\u00fc, merini, prezidentini yax\u015f\u0131 tan\u0131y\u0131r. \u00c7\u00fcnki se\u00e7kiy\u0259 gedir. Getm\u0259mi\u015fd\u0259n \u00f6nc\u0259 is\u0259 kim\u0259 s\u0259s ver\u0259c\u0259yini ara\u015fd\u0131r\u0131r, m\u00fc\u0259yy\u0259nl\u0259\u015fdirir. V\u0259t\u0259nda\u015f olaraq, c\u0259miyy\u0259t olaraq f\u0259ald\u0131rlar. Bizd\u0259 bel\u0259 deyil. \u0130nsanlar\u0131 \u00f6z h\u0259yatlar\u0131 maraqland\u0131r\u0131r. \u018fks\u0259riyy\u0259t se\u00e7kiy\u0259 inanm\u0131r, getmir. Se\u00e7kili orqanlarda onlar\u0131 t\u0259msil ed\u0259nl\u0259ri tan\u0131m\u0131r v\u0259.s. Bunun da tarix\u00e7\u0259si var. Bu bar\u0259d\u0259 ba\u015fqa vaxt. N\u0259tic\u0259 budur ki, \u0259ks\u0259riyy\u0259t siyas\u0259t\u0259 qar\u0131\u015fm\u0131r, veril\u0259n q\u0259rarlardan, q\u0259bul edil\u0259n qanunlardan x\u0259b\u0259rsizdir, x\u0259b\u0259rl\u0259ri bel\u0259 olsa, onlar\u0131 qane etmirs\u0259, etiraz etm\u0259k h\u00fcn\u0259rl\u0259ri yoxdur. Ona g\u00f6r\u0259 d\u0259 \u201cm\u0259n siyas\u0259t\u0259 qar\u0131\u015f\u0131m\u0131ram\u201d k\u0259lm\u0259si il\u0259 \u00f6zl\u0259rini bir n\u00f6v s\u0131\u011fortalam\u0131\u015f v\u0259 ya haqq qazand\u0131rm\u0131\u015f olurlar.<\/p>\n<p>  Amma oyan\u0131qlar da var. H\u0259l\u0259 d\u0259 siyas\u0259tl\u0259 maraqlanan, \u00f6lk\u0259nin taleyin\u0259 bigan\u0259 qalmayan insanlar. Az da olsa, var. Bu azlar\u0131n b\u00f6y\u00fck \u0259ks\u0259riyy\u0259ti is\u0259 b\u0259zi m\u00fcxalif partiyalar\u0131n \u00fczvl\u0259ridirl\u0259r. \u00d6z partiyalar\u0131n\u0131 yegan\u0259 m\u00fcxalif partiya, liderl\u0259rini is\u0259 \u201cRobin Qud\u201d hesab ed\u0259nl\u0259r. Bu bar\u0259d\u0259 a\u011f\u0131zdolusu dan\u0131\u015f\u0131rlar, sosial \u015f\u0259b\u0259k\u0259l\u0259rd\u0259, m\u0259tbuatda m\u00fcharib\u0259 apar\u0131rlar. Ba\u015fqa s\u00f6hb\u0259tl\u0259ri yoxdur.<\/p>\n<p>  Amma y\u0259qin ki, h\u0259min \u015f\u0259xsl\u0259r indi ver\u0259c\u0259yim suallar bar\u0259d\u0259 d\u00fc\u015f\u00fcnm\u0259k ist\u0259mirl\u0259r. M\u0259nsub oldu\u011fum partiya bu g\u00fcn\u0259 kimi n\u0259 edib? M\u0259nim liderim bu ill\u0259r \u0259rzind\u0259 hans\u0131 u\u011fura imza at\u0131b? Daxili \u00e7\u0259ki\u015fm\u0259l\u0259rd\u0259n ba\u015fqa hans\u0131 layih\u0259l\u0259ri olub? \u0130qtidara s\u00f6z ke\u00e7ir\u0259 bilibmi? Hans\u0131sa proqram\u0131, uzunm\u00fcdd\u0259tli strategiyas\u0131 varm\u0131? M\u0259nsub oldu\u011fum partiyan\u0131n v\u0259 onun liderinin c\u0259miyy\u0259t\u0259 \u201ckonstruktiv m\u00fcxalif\u0259t\u201d ad\u0131 il\u0259 iqtidar t\u0259r\u0259find\u0259n t\u0259qdim olunan dig\u0259r partiya v\u0259 onun s\u0259drl\u0259rind\u0259n n\u0259 f\u0259rqi var? V\u0259. s. V\u0259.i.<\/p>\n<p>  \u018fslind\u0259, suallar\u0131 \u00e7oxaltmaq da olard\u0131. \u201cM\u0259n bu partiyaya \u00fczv oldu\u011fum \u00fc\u00e7\u00fcn i\u015fd\u0259n-g\u00fccd\u0259n m\u0259cburi at\u0131l\u0131ramsa, \u00e7\u00f6r\u0259y\u0259 m\u00f6htac qal\u0131ramsa, m\u0259nim liderim bahal\u0131 ma\u015f\u0131n\u0131 hans\u0131 pulla al\u0131b?\u201d kimi suallar. Amma n\u0259d\u0259ns\u0259, bel\u0259 sullardan h\u0259mi\u015f\u0259 \u00e7\u0259kinmi\u015f\u0259m dey\u0259, siz\u0259 d\u0259 m\u0259sl\u0259h\u0259t g\u00f6rm\u0259dim. Yuxar\u0131dak\u0131lar b\u0259s ed\u0259r.<\/p>\n<p>  \u0130ndi cavablar yaz\u0131lacaq. Sosial \u015f\u0259b\u0259k\u0259l\u0259rd\u0259. M\u0259ni az qala g\u00fcll\u0259-barana tutacaqlar. H\u0259tta m\u0259ni g\u00fcll\u0259-barana tutmaq \u0259mrini bel\u0259 b\u0259lk\u0259 d\u0259 h\u0259min liderl\u0259r ver\u0259c\u0259k. \u00d6zl\u0259ri d\u0259 oturub l\u0259zz\u0259tl\u0259 bu m\u00fcharib\u0259ni seyr ed\u0259c\u0259kl\u0259r v\u0259 g\u00fcl\u00fcb dey\u0259c\u0259kl\u0259r: \u201cM\u0259nim oyan\u0131q zombil\u0259rim\u201d.\n<\/p>\n<p>\n  <b><br \/>\n    Yaz\u0131dak\u0131 fikirl\u0259r m\u00fc\u0259llif\u0259 m\u0259xsusdur v\u0259 onlara g\u00f6r\u0259 Meydan TV m\u0259suliyy\u0259t da\u015f\u0131m\u0131r.<br \/>\n  <\/b><\/p>\n","protected":false},"excerpt":{"rendered":"<p>M\u0259nim oyan\u0131q zombil\u0259rim&#8230;.<\/p>\n","protected":false},"author":11,"featured_media":23294,"comment_status":"closed","ping_status":"open","sticky":false,"template":"","format":"standard","meta":{"_acf_changed":false,"_sitemap_exclude":false,"_sitemap_priority":"","_sitemap_frequency":"","footnotes":""},"categories":[57],"tags":[],"class_list":["post-167783","post","type-post","status-publish","format-standard","has-post-thumbnail","hentry","category-menim-fikrimce","infinite-scroll-item","generate-columns","tablet-grid-50","mobile-grid-100","grid-parent","grid-33","no-featured-image-padding"],"acf":[],"yoast_head":"<!-- This site is optimized with the Yoast SEO plugin v27.5 - https:\/\/yoast.com\/product\/yoast-seo-wordpress\/ -->\n<title>Liderini Robin Qud elan ed\u0259n m\u00fcxalif\u0259t\u00e7i - MEYDAN.TV<\/title>\n<meta name=\"robots\" content=\"index, follow, max-snippet:-1, max-image-preview:large, max-video-preview:-1\" \/>\n<link rel=\"canonical\" href=\"https:\/\/www.meydan.tv\/az\/article\/liderini-robin-qud-elan-eden-muxalifetci\/\" \/>\n<meta property=\"og:locale\" content=\"az_AZ\" \/>\n<meta property=\"og:type\" content=\"article\" \/>\n<meta property=\"og:title\" content=\"Liderini Robin Qud elan ed\u0259n m\u00fcxalif\u0259t\u00e7i - MEYDAN.TV\" \/>\n<meta property=\"og:description\" content=\"M\u0259nim oyan\u0131q zombil\u0259rim....\" \/>\n<meta property=\"og:url\" content=\"https:\/\/www.meydan.tv\/az\/article\/liderini-robin-qud-elan-eden-muxalifetci\/\" \/>\n<meta property=\"og:site_name\" content=\"MEYDAN.TV\" \/>\n<meta property=\"article:published_time\" content=\"2015-05-04T21:43:48+00:00\" \/>\n<meta property=\"og:image\" content=\"https:\/\/www.meydan.tv\/wp-content\/uploads\/8457.jpg\" \/>\n\t<meta property=\"og:image:width\" content=\"500\" \/>\n\t<meta property=\"og:image:height\" content=\"500\" \/>\n\t<meta property=\"og:image:type\" content=\"image\/jpeg\" \/>\n<meta name=\"author\" content=\"user-manager\" \/>\n<meta name=\"twitter:card\" content=\"summary_large_image\" \/>\n<script type=\"application\/ld+json\" class=\"yoast-schema-graph\">{\"@context\":\"https:\\\/\\\/schema.org\",\"@graph\":[{\"@type\":\"Article\",\"@id\":\"https:\\\/\\\/www.meydan.tv\\\/az\\\/article\\\/liderini-robin-qud-elan-eden-muxalifetci\\\/#article\",\"isPartOf\":{\"@id\":\"https:\\\/\\\/www.meydan.tv\\\/az\\\/article\\\/liderini-robin-qud-elan-eden-muxalifetci\\\/\"},\"author\":{\"name\":\"user-manager\",\"@id\":\"https:\\\/\\\/www.meydan.tv\\\/az\\\/#\\\/schema\\\/person\\\/10d11eccf6da3662cf5fdab9806ea91a\"},\"headline\":\"Liderini Robin Qud elan ed\u0259n m\u00fcxalif\u0259t\u00e7i\",\"datePublished\":\"2015-05-04T21:43:48+00:00\",\"mainEntityOfPage\":{\"@id\":\"https:\\\/\\\/www.meydan.tv\\\/az\\\/article\\\/liderini-robin-qud-elan-eden-muxalifetci\\\/\"},\"wordCount\":986,\"publisher\":{\"@id\":\"https:\\\/\\\/www.meydan.tv\\\/az\\\/#organization\"},\"image\":{\"@id\":\"https:\\\/\\\/www.meydan.tv\\\/az\\\/article\\\/liderini-robin-qud-elan-eden-muxalifetci\\\/#primaryimage\"},\"thumbnailUrl\":\"https:\\\/\\\/www.meydan.tv\\\/wp-content\\\/uploads\\\/8457.jpg\",\"articleSection\":[\"M\u0259nim Fikrimc\u0259\"],\"inLanguage\":\"az\"},{\"@type\":\"WebPage\",\"@id\":\"https:\\\/\\\/www.meydan.tv\\\/az\\\/article\\\/liderini-robin-qud-elan-eden-muxalifetci\\\/\",\"url\":\"https:\\\/\\\/www.meydan.tv\\\/az\\\/article\\\/liderini-robin-qud-elan-eden-muxalifetci\\\/\",\"name\":\"Liderini Robin Qud elan ed\u0259n m\u00fcxalif\u0259t\u00e7i - MEYDAN.TV\",\"isPartOf\":{\"@id\":\"https:\\\/\\\/www.meydan.tv\\\/az\\\/#website\"},\"primaryImageOfPage\":{\"@id\":\"https:\\\/\\\/www.meydan.tv\\\/az\\\/article\\\/liderini-robin-qud-elan-eden-muxalifetci\\\/#primaryimage\"},\"image\":{\"@id\":\"https:\\\/\\\/www.meydan.tv\\\/az\\\/article\\\/liderini-robin-qud-elan-eden-muxalifetci\\\/#primaryimage\"},\"thumbnailUrl\":\"https:\\\/\\\/www.meydan.tv\\\/wp-content\\\/uploads\\\/8457.jpg\",\"datePublished\":\"2015-05-04T21:43:48+00:00\",\"breadcrumb\":{\"@id\":\"https:\\\/\\\/www.meydan.tv\\\/az\\\/article\\\/liderini-robin-qud-elan-eden-muxalifetci\\\/#breadcrumb\"},\"inLanguage\":\"az\",\"potentialAction\":[{\"@type\":\"ReadAction\",\"target\":[\"https:\\\/\\\/www.meydan.tv\\\/az\\\/article\\\/liderini-robin-qud-elan-eden-muxalifetci\\\/\"]}]},{\"@type\":\"ImageObject\",\"inLanguage\":\"az\",\"@id\":\"https:\\\/\\\/www.meydan.tv\\\/az\\\/article\\\/liderini-robin-qud-elan-eden-muxalifetci\\\/#primaryimage\",\"url\":\"https:\\\/\\\/www.meydan.tv\\\/wp-content\\\/uploads\\\/8457.jpg\",\"contentUrl\":\"https:\\\/\\\/www.meydan.tv\\\/wp-content\\\/uploads\\\/8457.jpg\",\"width\":500,\"height\":500,\"caption\":\"Source:\"},{\"@type\":\"BreadcrumbList\",\"@id\":\"https:\\\/\\\/www.meydan.tv\\\/az\\\/article\\\/liderini-robin-qud-elan-eden-muxalifetci\\\/#breadcrumb\",\"itemListElement\":[{\"@type\":\"ListItem\",\"position\":1,\"name\":\"Ana s\u0259hif\u0259\",\"item\":\"https:\\\/\\\/www.meydan.tv\\\/az\\\/\"},{\"@type\":\"ListItem\",\"position\":2,\"name\":\"M\u0259nim Fikrimc\u0259\",\"item\":\"https:\\\/\\\/www.meydan.tv\\\/az\\\/section\\\/menim-fikrimce\\\/\"},{\"@type\":\"ListItem\",\"position\":3,\"name\":\"Liderini Robin Qud elan ed\u0259n m\u00fcxalif\u0259t\u00e7i\"}]},{\"@type\":\"WebSite\",\"@id\":\"https:\\\/\\\/www.meydan.tv\\\/az\\\/#website\",\"url\":\"https:\\\/\\\/www.meydan.tv\\\/az\\\/\",\"name\":\"MEYDAN.TV\",\"description\":\"Meydan TV Az\u0259rbaycan\u0131n media m\u0259kan\u0131ndak\u0131 alternativ s\u0259sidir\",\"publisher\":{\"@id\":\"https:\\\/\\\/www.meydan.tv\\\/az\\\/#organization\"},\"potentialAction\":[{\"@type\":\"SearchAction\",\"target\":{\"@type\":\"EntryPoint\",\"urlTemplate\":\"https:\\\/\\\/www.meydan.tv\\\/az\\\/?s={search_term_string}\"},\"query-input\":{\"@type\":\"PropertyValueSpecification\",\"valueRequired\":true,\"valueName\":\"search_term_string\"}}],\"inLanguage\":\"az\"},{\"@type\":\"Organization\",\"@id\":\"https:\\\/\\\/www.meydan.tv\\\/az\\\/#organization\",\"name\":\"Meydan TV\",\"url\":\"https:\\\/\\\/www.meydan.tv\\\/az\\\/\",\"logo\":{\"@type\":\"ImageObject\",\"inLanguage\":\"az\",\"@id\":\"https:\\\/\\\/www.meydan.tv\\\/az\\\/#\\\/schema\\\/logo\\\/image\\\/\",\"url\":\"https:\\\/\\\/www.meydan.tv\\\/wp-content\\\/uploads\\\/2021\\\/07\\\/meydan-logo.svg\",\"contentUrl\":\"https:\\\/\\\/www.meydan.tv\\\/wp-content\\\/uploads\\\/2021\\\/07\\\/meydan-logo.svg\",\"width\":195,\"height\":46,\"caption\":\"Meydan TV\"},\"image\":{\"@id\":\"https:\\\/\\\/www.meydan.tv\\\/az\\\/#\\\/schema\\\/logo\\\/image\\\/\"}},{\"@type\":\"Person\",\"@id\":\"https:\\\/\\\/www.meydan.tv\\\/az\\\/#\\\/schema\\\/person\\\/10d11eccf6da3662cf5fdab9806ea91a\",\"name\":\"user-manager\"}]}<\/script>\n<!-- \/ Yoast SEO plugin. -->","yoast_head_json":{"title":"Liderini Robin Qud elan ed\u0259n m\u00fcxalif\u0259t\u00e7i - MEYDAN.TV","robots":{"index":"index","follow":"follow","max-snippet":"max-snippet:-1","max-image-preview":"max-image-preview:large","max-video-preview":"max-video-preview:-1"},"canonical":"https:\/\/www.meydan.tv\/az\/article\/liderini-robin-qud-elan-eden-muxalifetci\/","og_locale":"az_AZ","og_type":"article","og_title":"Liderini Robin Qud elan ed\u0259n m\u00fcxalif\u0259t\u00e7i - MEYDAN.TV","og_description":"M\u0259nim oyan\u0131q zombil\u0259rim....","og_url":"https:\/\/www.meydan.tv\/az\/article\/liderini-robin-qud-elan-eden-muxalifetci\/","og_site_name":"MEYDAN.TV","article_published_time":"2015-05-04T21:43:48+00:00","og_image":[{"width":500,"height":500,"url":"https:\/\/www.meydan.tv\/wp-content\/uploads\/8457.jpg","type":"image\/jpeg"}],"author":"user-manager","twitter_card":"summary_large_image","schema":{"@context":"https:\/\/schema.org","@graph":[{"@type":"Article","@id":"https:\/\/www.meydan.tv\/az\/article\/liderini-robin-qud-elan-eden-muxalifetci\/#article","isPartOf":{"@id":"https:\/\/www.meydan.tv\/az\/article\/liderini-robin-qud-elan-eden-muxalifetci\/"},"author":{"name":"user-manager","@id":"https:\/\/www.meydan.tv\/az\/#\/schema\/person\/10d11eccf6da3662cf5fdab9806ea91a"},"headline":"Liderini Robin Qud elan ed\u0259n m\u00fcxalif\u0259t\u00e7i","datePublished":"2015-05-04T21:43:48+00:00","mainEntityOfPage":{"@id":"https:\/\/www.meydan.tv\/az\/article\/liderini-robin-qud-elan-eden-muxalifetci\/"},"wordCount":986,"publisher":{"@id":"https:\/\/www.meydan.tv\/az\/#organization"},"image":{"@id":"https:\/\/www.meydan.tv\/az\/article\/liderini-robin-qud-elan-eden-muxalifetci\/#primaryimage"},"thumbnailUrl":"https:\/\/www.meydan.tv\/wp-content\/uploads\/8457.jpg","articleSection":["M\u0259nim Fikrimc\u0259"],"inLanguage":"az"},{"@type":"WebPage","@id":"https:\/\/www.meydan.tv\/az\/article\/liderini-robin-qud-elan-eden-muxalifetci\/","url":"https:\/\/www.meydan.tv\/az\/article\/liderini-robin-qud-elan-eden-muxalifetci\/","name":"Liderini Robin Qud elan ed\u0259n m\u00fcxalif\u0259t\u00e7i - MEYDAN.TV","isPartOf":{"@id":"https:\/\/www.meydan.tv\/az\/#website"},"primaryImageOfPage":{"@id":"https:\/\/www.meydan.tv\/az\/article\/liderini-robin-qud-elan-eden-muxalifetci\/#primaryimage"},"image":{"@id":"https:\/\/www.meydan.tv\/az\/article\/liderini-robin-qud-elan-eden-muxalifetci\/#primaryimage"},"thumbnailUrl":"https:\/\/www.meydan.tv\/wp-content\/uploads\/8457.jpg","datePublished":"2015-05-04T21:43:48+00:00","breadcrumb":{"@id":"https:\/\/www.meydan.tv\/az\/article\/liderini-robin-qud-elan-eden-muxalifetci\/#breadcrumb"},"inLanguage":"az","potentialAction":[{"@type":"ReadAction","target":["https:\/\/www.meydan.tv\/az\/article\/liderini-robin-qud-elan-eden-muxalifetci\/"]}]},{"@type":"ImageObject","inLanguage":"az","@id":"https:\/\/www.meydan.tv\/az\/article\/liderini-robin-qud-elan-eden-muxalifetci\/#primaryimage","url":"https:\/\/www.meydan.tv\/wp-content\/uploads\/8457.jpg","contentUrl":"https:\/\/www.meydan.tv\/wp-content\/uploads\/8457.jpg","width":500,"height":500,"caption":"Source:"},{"@type":"BreadcrumbList","@id":"https:\/\/www.meydan.tv\/az\/article\/liderini-robin-qud-elan-eden-muxalifetci\/#breadcrumb","itemListElement":[{"@type":"ListItem","position":1,"name":"Ana s\u0259hif\u0259","item":"https:\/\/www.meydan.tv\/az\/"},{"@type":"ListItem","position":2,"name":"M\u0259nim Fikrimc\u0259","item":"https:\/\/www.meydan.tv\/az\/section\/menim-fikrimce\/"},{"@type":"ListItem","position":3,"name":"Liderini Robin Qud elan ed\u0259n m\u00fcxalif\u0259t\u00e7i"}]},{"@type":"WebSite","@id":"https:\/\/www.meydan.tv\/az\/#website","url":"https:\/\/www.meydan.tv\/az\/","name":"MEYDAN.TV","description":"Meydan TV Az\u0259rbaycan\u0131n media m\u0259kan\u0131ndak\u0131 alternativ s\u0259sidir","publisher":{"@id":"https:\/\/www.meydan.tv\/az\/#organization"},"potentialAction":[{"@type":"SearchAction","target":{"@type":"EntryPoint","urlTemplate":"https:\/\/www.meydan.tv\/az\/?s={search_term_string}"},"query-input":{"@type":"PropertyValueSpecification","valueRequired":true,"valueName":"search_term_string"}}],"inLanguage":"az"},{"@type":"Organization","@id":"https:\/\/www.meydan.tv\/az\/#organization","name":"Meydan TV","url":"https:\/\/www.meydan.tv\/az\/","logo":{"@type":"ImageObject","inLanguage":"az","@id":"https:\/\/www.meydan.tv\/az\/#\/schema\/logo\/image\/","url":"https:\/\/www.meydan.tv\/wp-content\/uploads\/2021\/07\/meydan-logo.svg","contentUrl":"https:\/\/www.meydan.tv\/wp-content\/uploads\/2021\/07\/meydan-logo.svg","width":195,"height":46,"caption":"Meydan TV"},"image":{"@id":"https:\/\/www.meydan.tv\/az\/#\/schema\/logo\/image\/"}},{"@type":"Person","@id":"https:\/\/www.meydan.tv\/az\/#\/schema\/person\/10d11eccf6da3662cf5fdab9806ea91a","name":"user-manager"}]}},"_links":{"self":[{"href":"https:\/\/www.meydan.tv\/az\/wp-json\/wp\/v2\/posts\/167783","targetHints":{"allow":["GET"]}}],"collection":[{"href":"https:\/\/www.meydan.tv\/az\/wp-json\/wp\/v2\/posts"}],"about":[{"href":"https:\/\/www.meydan.tv\/az\/wp-json\/wp\/v2\/types\/post"}],"author":[{"embeddable":true,"href":"https:\/\/www.meydan.tv\/az\/wp-json\/wp\/v2\/users\/11"}],"replies":[{"embeddable":true,"href":"https:\/\/www.meydan.tv\/az\/wp-json\/wp\/v2\/comments?post=167783"}],"version-history":[{"count":0,"href":"https:\/\/www.meydan.tv\/az\/wp-json\/wp\/v2\/posts\/167783\/revisions"}],"wp:featuredmedia":[{"embeddable":true,"href":"https:\/\/www.meydan.tv\/az\/wp-json\/wp\/v2\/media\/23294"}],"wp:attachment":[{"href":"https:\/\/www.meydan.tv\/az\/wp-json\/wp\/v2\/media?parent=167783"}],"wp:term":[{"taxonomy":"category","embeddable":true,"href":"https:\/\/www.meydan.tv\/az\/wp-json\/wp\/v2\/categories?post=167783"},{"taxonomy":"post_tag","embeddable":true,"href":"https:\/\/www.meydan.tv\/az\/wp-json\/wp\/v2\/tags?post=167783"}],"curies":[{"name":"wp","href":"https:\/\/api.w.org\/{rel}","templated":true}]}}