{"id":167780,"date":"2015-05-04T16:27:36","date_gmt":"2015-05-04T16:27:36","guid":{"rendered":"https:\/\/www.meydan.tv\/article\/nazirliye-muraciet-xadimeye-baha-basa-geldi-video\/"},"modified":"2015-05-04T16:27:36","modified_gmt":"2015-05-04T16:27:36","slug":"nazirliye-muraciet-xadimeye-baha-basa-geldi-video","status":"publish","type":"post","link":"https:\/\/www.meydan.tv\/az\/article\/nazirliye-muraciet-xadimeye-baha-basa-geldi-video\/","title":{"rendered":"Nazirliy\u0259 m\u00fcraci\u0259t xadim\u0259y\u0259 baha ba\u015fa g\u0259ldi (V\u0130DEO)"},"content":{"rendered":"<figure class=\"wp-block-embed is-type-video is-provider-youtube wp-block-embed-youtube wp-embed-aspect-16-9 wp-has-aspect-ratio\">\n<div class=\"wp-block-embed__wrapper\">\n    <iframe\ttitle=\"\" width=\"1200\" height=\"675\" data-src=\"https:\/\/www.youtube.com\/embed\/VwhgWMUIU14\"\tframeborder=\"0\"\tallow=\"accelerometer; autoplay; clipboard-write; encrypted-media; gyroscope; picture-in-picture\" allowfullscreen src=\"data:image\/svg+xml;base64,PHN2ZyB3aWR0aD0iMSIgaGVpZ2h0PSIxIiB4bWxucz0iaHR0cDovL3d3dy53My5vcmcvMjAwMC9zdmciPjwvc3ZnPg==\" class=\"lazyload\" data-load-mode=\"1\"><\/iframe>\n  <\/div><figcaption><\/figcaption><\/figure>\n<p>\n  Ab\u015feron Rayon \u00c7ayl\u0131 k\u0259nd sakini Arzu R\u00fcst\u0259mova k\u0259ndin m\u0259kt\u0259b direktoru \u0130lah\u0259 Murquzovadan \u015fikay\u0259t\u00e7idir. Qad\u0131n deyir ki, m\u0259kt\u0259bd\u0259 yar\u0131m\u015ftat -53 manat- maa\u015fla xadim\u0259 i\u015fl\u0259yirmi\u015f. Maa\u015f\u0131n\u0131 bir \u015ftat etm\u0259si \u00fc\u00e7\u00fcn T\u0259hsil Nazirliyin\u0259 m\u00fcraci\u0259t edib. Nazirlik \u0259riz\u0259ni bax\u0131lmas\u0131 \u00fc\u00e7\u00fcn direktora g\u00f6nd\u0259rib. Amma n\u0259inki maa\u015f\u0131 art\u0131b, \u0259ksin\u0259 i\u015fd\u0259n \u00e7\u0131xar\u0131l\u0131b. \u015eikay\u0259t\u00e7inin s\u00f6yl\u0259diyin\u0259 g\u00f6r\u0259, \u00a0bu ilin fevral\u0131nda \u00f6z\u00fcn\u00fc pis hiss edib, i\u015f yolda\u015f\u0131ndan k\u0259ndin h\u0259kimini \u00e7a\u011f\u0131rmas\u0131n\u0131 xahi\u015f edib.Lakin h\u0259kiml\u0259 birg\u0259 direktor da g\u0259lib. Onu vurulan iyn\u0259nin t\u0259sirind\u0259n g\u00f6z\u00fcn\u00fc a\u00e7anda is\u0259 1 sayl\u0131 Respublika Psixiatriya x\u0259st\u0259xanas\u0131nda oldu\u011funu g\u00f6r\u00fcb. Qad\u0131n x\u0259st\u0259xanada ya\u015fad\u0131qlar\u0131n\u0131 bel\u0259 xat\u0131rlay\u0131r:\n<\/p>\n<p>\n  Hadis\u0259ni ara\u015fd\u0131rmaq \u00fc\u00e7\u00fcn \u00c7ayl\u0131 orta m\u0259kt\u0259bin\u0259 gets\u0259k d\u0259, direktor kamera qar\u015f\u0131s\u0131na \u00e7\u0131xmad\u0131. \u0130\u015f\u00e7il\u0259r\u0259 is\u0259 m\u0259kt\u0259bin qap\u0131s\u0131n\u0131 ba\u011flamaq \u0259mri verdi. Direktor m\u00fcavini bildirdi ki, Avropa Oyunlar\u0131 il\u0259 ba\u011fl\u0131 nazirlik direktorlara m\u00fcsahib\u0259 verm\u0259m\u0259k haqda tap\u015f\u0131r\u0131q verib. Arzu R\u00fcst\u0259movan\u0131n s\u00f6zl\u0259rin\u0259 g\u00f6r\u0259, direktordan \u015fikay\u0259t etdiyi \u00fc\u00e7\u00fcn \u0130lah\u0259 Murquzovan\u0131n \u0259ri t\u0259r\u0259find\u0259n t\u0259hqir d\u0259 olunub:\n<\/p>\n<p>\n  \u00a0\u201cDedi ki, s\u0259n bilirs\u0259nmi s\u0259n\u0259 n\u0259 etdir\u0259r\u0259m? Dedim, n\u0259 etdir\u0259rs\u0259n? Deyir, 5 ki\u015fiy\u0259 s\u0259ni me\u015f\u0259y\u0259 apartd\u0131raram, ba\u015f\u0131na oyun a\u00e7d\u0131raram. Ba\u015f\u0131n\u0131 k\u0259sdirib, dizinin alt\u0131na qoyduraram. H\u0259r qad\u0131n q\u00fcruruna s\u0131\u011f\u0131\u015fd\u0131rmaz o k\u0259lm\u0259ni. Buna sar\u0131 getm\u0259k ist\u0259y\u0259nd\u0259, sin\u0259md\u0259n dart\u0131. Yumruqla qolumun \u00fcst\u00fcn\u0259, aya\u011f\u0131ma t\u0259pikl\u0259 vurdu. \u015eir\u0259 qutusunu \u0259lin\u0259 al\u0131b, bel\u0259-bel\u0259 \u00fcz\u00fcm\u0259 sok qutusu il\u0259 suyu t\u00f6k\u00fcb, deyir, ki\u015fil\u0259r \u00fcz\u00fcn\u0259 bel\u0259-bel\u0259 su t\u00f6k\u0259c\u0259kl\u0259r. M\u0259ni telefona \u00e7\u0259kir. Deyir, ay\u0131 oynad\u0131ram qaba\u011f\u0131mda. Ay\u0131ya bax\u0131n, ay\u0131 oynay\u0131r. Bu boyda haqs\u0131zl\u0131q olmaz ax\u0131\u201d.\n<\/p>\n<p>\n  \u00a0B\u00fct\u00fcn bunlar\u0131 Ab\u015feron Rayon T\u0259hsil \u015e\u00f6b\u0259sinin m\u00fcdiri Nadir A\u011fayevin d\u0259 bildiyini dey\u0259n Arzu R\u00fcst\u0259mova s\u00f6yl\u0259yir\u00a0 ki, direktorun \u0259ri ona \u0130lah\u0259 Murquzovan\u0131n arxas\u0131nda el\u0259 Nadir A\u011fayevin dayand\u0131\u011f\u0131n\u0131 deyib. Qad\u0131n\u0131n dediyin\u0259 g\u00f6r\u0259, o, ba\u015f\u0131na g\u0259l\u0259nl\u0259rl\u0259 ba\u011fl\u0131 Ab\u015feron Polisin\u0259 m\u00fcraci\u0259t ets\u0259 d\u0259, direktor v\u0259 Nadir A\u011fayev i\u015fin m\u0259hk\u0259m\u0259y\u0259 getm\u0259sin\u0259 mane olurlar. Arzu R\u00fcst\u0259mova deyir ki, o, i\u015fd\u0259n hans\u0131 s\u0259b\u0259bd\u0259n \u00e7\u0131xar\u0131ld\u0131\u011f\u0131n\u0131 bilm\u0259k ist\u0259s\u0259 d\u0259, direktor onunla g\u00f6r\u00fc\u015fm\u00fcr:\n<\/p>\n<p>\n  \u201cM\u00fc\u0259lliml\u0259r y\u0131\u011f\u0131l\u0131blar ki, \u0130lah\u0259 xan\u0131m, u\u015faqlar\u0131 k\u00f6rp\u0259dir. Onu i\u015fin\u0259 qaytar, qoy, sosial s\u0131\u011fortas\u0131n\u0131 als\u0131n. Qay\u0131d\u0131b, deyib ki, getsin, \u0259riz\u0259sini g\u00f6t\u00fcrs\u00fcn, m\u0259n\u0259 tabe olsun, m\u0259nd\u0259n \u00fczr ist\u0259sin. M\u0259nim qad\u0131nl\u0131q q\u00fcrurum var. M\u0259ni d\u00f6yd\u00fcrd\u00fc \u0259rin\u0259. \u00d6z\u00fcmd\u0259n getdim, T\u0259cili Yard\u0131m \u00e7a\u011f\u0131rd\u0131m. Ekspertd\u0259n ka\u011f\u0131z ald\u0131m. Deyir\u0259m, \u0259rin m\u0259nd\u0259n \u00fczr ist\u0259sin, deyir, m\u0259nim \u0259rim xidm\u0259t\u00e7id\u0259n \u00fczr ist\u0259y\u0259r?\u201d\n<\/p>\n<p>\n  \u00a0\u00dc\u00e7 azya\u015fl\u0131 u\u015fa\u011f\u0131na baxa bilm\u0259d\u0259yini dey\u0259n Arzu R\u00fcst\u0259mova h\u00f6kum\u0259td\u0259n k\u00f6m\u0259k ist\u0259yir:\n<\/p>\n<p>\n  \u201cBax, bax, bu ayaqqab\u0131ya. D\u00f6vl\u0259t niy\u0259 baxm\u0131r bu i\u015f\u0259? Bel\u0259 \u015fey olmaz ax\u0131. D\u00f6vl\u0259t bu i\u015f\u0259 niy\u0259 baxm\u0131r? Bax, bu u\u015faqlar\u0131 m\u0259n n\u0259 il\u0259 saxlay\u0131m? H\u00f6k\u00fcm\u0259t bunu e\u015fitsin. &#8220;Dur!&#8221; desin bu xan\u0131ma\u201d.\n<\/p>\n<p>\n  Arzu R\u00fcst\u0259mova u\u015faqlar\u0131 il\u0259 birlikd\u0259 m\u0259kt\u0259bd\u0259n ayr\u0131ld\u0131qdan t\u0259xmin\u0259n yar\u0131m saat sonra onun evin\u0259 \u00f6z\u00fcn\u00fc sah\u0259 m\u00fcv\u0259kkili kimi t\u0259qdim ed\u0259n polis n\u0259f\u0259ri g\u0259ldi. O, direktorun Meydan Tv-nin \u0259m\u0259kda\u015f\u0131ndan v\u0259 R\u00fcst\u0259movadan \u015fikay\u0259t\u00e7i oldu\u011funu bildirdi.\n<\/p>\n<p>\n  T\u0259hsil Nazirliyi Meydan Tv-nin m\u0259s\u0259l\u0259 il\u0259 ba\u011fl\u0131 sor\u011fusuna cavab olaraq, bildirib ki, qurum hadis\u0259ni ara\u015fd\u0131r\u0131r.\n<\/p>\n<p>\n  Daxili \u0130\u015fl\u0259r Nazirliyinin s\u00f6zc\u00fcs\u00fc Orxan M\u0259nsurzad\u0259 is\u0259 dedi ki, qad\u0131n\u0131n \u015fikay\u0259tl\u0259ri il\u0259 ba\u011fl\u0131 ara\u015fd\u0131rma apar\u0131l\u0131b:\n<\/p>\n<p>\n  \u00a0\u201cLakin o xan\u0131m\u0131n dedikl\u0259ri ki, ay n\u0259 bilim, bel\u0259 d\u00f6y\u00fcb, filan. T\u0259sdiqini tapmay\u0131b. Y\u0259ni, onun dedikl\u0259ri \u0259sass\u0131zd\u0131r. \u0130ndi onun \u00f6z\u00fcn\u00fcn d\u0259 x\u0259st\u0259xanadan probleml\u0259ri\u00a0 s\u0259hv el\u0259mir\u0259ms\u0259. Y\u0259ni, o, diqq\u0259t \u00e7\u0259km\u0259k \u00fc\u00e7\u00fcn \u00e7ox \u015fey yaza bil\u0259r\u201d.\n<\/p>\n<p>\n  Arzu R\u00fcst\u0259mova direktorun \u0259ri t\u0259r\u0259find\u0259n d\u00f6y\u00fcld\u00fcy\u00fcn\u0259 dair ekspertiza r\u0259yinin Ab\u015feron Polis \u015e\u00f6b\u0259sind\u0259 oldu\u011funu deyir. \u015e\u00f6b\u0259nin ba\u015f t\u0259hqiqat\u00e7\u0131s\u0131 Zaur M\u0259mm\u0259dov is\u0259 m\u0259s\u0259l\u0259y\u0259 bel\u0259 \u015f\u0259rh verir.\n<\/p>\n<p>\n  \u00a0\u015eikay\u0259t\u00e7ini 1 N-li\u00a0 Respublika Psixiatriya q\u0259bul ed\u0259n\u00a0 h\u0259kim \u0130ntizar F\u0259rz\u0259liyeva da Arzu R\u00fcst\u0259movan\u0131 direktorla sah\u0259 h\u0259kiminin g\u0259tirdiyini t\u0259sdiql\u0259di.\u00a0 Lakin jurnalist oldu\u011fumuzu bil\u0259n kimi, \u00a0d\u0259st\u0259yi asd\u0131 v\u0259 t\u0259krar z\u0259ngl\u0259r\u0259 cavab verm\u0259di.\n<\/p>\n<p>\n  \u00a0S\u0259hiyy\u0259 Nazirliyind\u0259n d\u0259 hadis\u0259nin ara\u015fd\u0131r\u0131laca\u011f\u0131n\u0131 deyirl\u0259r.\n<\/p>\n<p>\n  Arzu R\u00fcst\u0259mova yenid\u0259n Meydan Tv il\u0259 \u0259laq\u0259 saxlay\u0131b. Onun s\u00f6zl\u0259rin\u0259 g\u00f6r\u0259, \u00e7\u0259kili\u015fd\u0259n sonra k\u0259nd icra n\u00fcmay\u0259nd\u0259liyinin t\u0259sil\u00e7isi \u00a0onlara g\u0259lib. \u015eikay\u0259tini geri g\u00f6t\u00fcrm\u0259diyi t\u0259qdird\u0259 evini buldozer\u0259 ver\u0259c\u0259yi il\u0259 h\u0259d\u0259l\u0259yib. Meydan Tv m\u0259s\u0259l\u0259ni diqq\u0259td\u0259 saxlayacaq.\n<\/p>\n<\/p><\/p>\n","protected":false},"excerpt":{"rendered":"<p>Onu vurulan iyn\u0259nin t\u0259sirind\u0259n g\u00f6z\u00fcn\u00fc a\u00e7anda is\u0259 1 sayl\u0131 Respublika Psixiatriya x\u0259st\u0259xanas\u0131nda oldu\u011funu g\u00f6r\u00fcb. Qad\u0131n x\u0259st\u0259xanada ya\u015fad\u0131qlar\u0131n\u0131 bel\u0259 xat\u0131rlay\u0131r:<\/p>\n","protected":false},"author":11,"featured_media":23709,"comment_status":"closed","ping_status":"open","sticky":false,"template":"","format":"standard","meta":{"_acf_changed":false,"_sitemap_exclude":false,"_sitemap_priority":"","_sitemap_frequency":"","footnotes":""},"categories":[63],"tags":[],"class_list":["post-167780","post","type-post","status-publish","format-standard","has-post-thumbnail","hentry","category-video-2","infinite-scroll-item","generate-columns","tablet-grid-50","mobile-grid-100","grid-parent","grid-33","no-featured-image-padding"],"acf":[],"yoast_head":"<!-- This site is optimized with the Yoast SEO plugin v27.5 - https:\/\/yoast.com\/product\/yoast-seo-wordpress\/ -->\n<title>Nazirliy\u0259 m\u00fcraci\u0259t xadim\u0259y\u0259 baha ba\u015fa g\u0259ldi (V\u0130DEO) - MEYDAN.TV<\/title>\n<meta name=\"robots\" content=\"index, follow, max-snippet:-1, max-image-preview:large, max-video-preview:-1\" \/>\n<link rel=\"canonical\" href=\"https:\/\/www.meydan.tv\/az\/article\/nazirliye-muraciet-xadimeye-baha-basa-geldi-video\/\" \/>\n<meta property=\"og:locale\" content=\"az_AZ\" \/>\n<meta property=\"og:type\" content=\"article\" \/>\n<meta property=\"og:title\" content=\"Nazirliy\u0259 m\u00fcraci\u0259t xadim\u0259y\u0259 baha ba\u015fa g\u0259ldi (V\u0130DEO) - MEYDAN.TV\" \/>\n<meta property=\"og:description\" content=\"Onu vurulan iyn\u0259nin t\u0259sirind\u0259n g\u00f6z\u00fcn\u00fc a\u00e7anda is\u0259 1 sayl\u0131 Respublika Psixiatriya x\u0259st\u0259xanas\u0131nda oldu\u011funu g\u00f6r\u00fcb. Qad\u0131n x\u0259st\u0259xanada ya\u015fad\u0131qlar\u0131n\u0131 bel\u0259 xat\u0131rlay\u0131r:\" \/>\n<meta property=\"og:url\" content=\"https:\/\/www.meydan.tv\/az\/article\/nazirliye-muraciet-xadimeye-baha-basa-geldi-video\/\" \/>\n<meta property=\"og:site_name\" content=\"MEYDAN.TV\" \/>\n<meta property=\"article:published_time\" content=\"2015-05-04T16:27:36+00:00\" \/>\n<meta property=\"og:image\" content=\"https:\/\/www.meydan.tv\/wp-content\/uploads\/8644.jpg\" \/>\n\t<meta property=\"og:image:width\" content=\"500\" \/>\n\t<meta property=\"og:image:height\" content=\"304\" \/>\n\t<meta property=\"og:image:type\" content=\"image\/jpeg\" \/>\n<meta name=\"author\" content=\"user-manager\" \/>\n<meta name=\"twitter:card\" content=\"summary_large_image\" \/>\n<script type=\"application\/ld+json\" class=\"yoast-schema-graph\">{\"@context\":\"https:\\\/\\\/schema.org\",\"@graph\":[{\"@type\":\"Article\",\"@id\":\"https:\\\/\\\/www.meydan.tv\\\/az\\\/article\\\/nazirliye-muraciet-xadimeye-baha-basa-geldi-video\\\/#article\",\"isPartOf\":{\"@id\":\"https:\\\/\\\/www.meydan.tv\\\/az\\\/article\\\/nazirliye-muraciet-xadimeye-baha-basa-geldi-video\\\/\"},\"author\":{\"name\":\"user-manager\",\"@id\":\"https:\\\/\\\/www.meydan.tv\\\/az\\\/#\\\/schema\\\/person\\\/10d11eccf6da3662cf5fdab9806ea91a\"},\"headline\":\"Nazirliy\u0259 m\u00fcraci\u0259t xadim\u0259y\u0259 baha ba\u015fa g\u0259ldi (V\u0130DEO)\",\"datePublished\":\"2015-05-04T16:27:36+00:00\",\"mainEntityOfPage\":{\"@id\":\"https:\\\/\\\/www.meydan.tv\\\/az\\\/article\\\/nazirliye-muraciet-xadimeye-baha-basa-geldi-video\\\/\"},\"wordCount\":994,\"publisher\":{\"@id\":\"https:\\\/\\\/www.meydan.tv\\\/az\\\/#organization\"},\"image\":{\"@id\":\"https:\\\/\\\/www.meydan.tv\\\/az\\\/article\\\/nazirliye-muraciet-xadimeye-baha-basa-geldi-video\\\/#primaryimage\"},\"thumbnailUrl\":\"https:\\\/\\\/www.meydan.tv\\\/wp-content\\\/uploads\\\/8644.jpg\",\"articleSection\":[\"Video\"],\"inLanguage\":\"az\"},{\"@type\":\"WebPage\",\"@id\":\"https:\\\/\\\/www.meydan.tv\\\/az\\\/article\\\/nazirliye-muraciet-xadimeye-baha-basa-geldi-video\\\/\",\"url\":\"https:\\\/\\\/www.meydan.tv\\\/az\\\/article\\\/nazirliye-muraciet-xadimeye-baha-basa-geldi-video\\\/\",\"name\":\"Nazirliy\u0259 m\u00fcraci\u0259t xadim\u0259y\u0259 baha ba\u015fa g\u0259ldi (V\u0130DEO) - MEYDAN.TV\",\"isPartOf\":{\"@id\":\"https:\\\/\\\/www.meydan.tv\\\/az\\\/#website\"},\"primaryImageOfPage\":{\"@id\":\"https:\\\/\\\/www.meydan.tv\\\/az\\\/article\\\/nazirliye-muraciet-xadimeye-baha-basa-geldi-video\\\/#primaryimage\"},\"image\":{\"@id\":\"https:\\\/\\\/www.meydan.tv\\\/az\\\/article\\\/nazirliye-muraciet-xadimeye-baha-basa-geldi-video\\\/#primaryimage\"},\"thumbnailUrl\":\"https:\\\/\\\/www.meydan.tv\\\/wp-content\\\/uploads\\\/8644.jpg\",\"datePublished\":\"2015-05-04T16:27:36+00:00\",\"breadcrumb\":{\"@id\":\"https:\\\/\\\/www.meydan.tv\\\/az\\\/article\\\/nazirliye-muraciet-xadimeye-baha-basa-geldi-video\\\/#breadcrumb\"},\"inLanguage\":\"az\",\"potentialAction\":[{\"@type\":\"ReadAction\",\"target\":[\"https:\\\/\\\/www.meydan.tv\\\/az\\\/article\\\/nazirliye-muraciet-xadimeye-baha-basa-geldi-video\\\/\"]}]},{\"@type\":\"ImageObject\",\"inLanguage\":\"az\",\"@id\":\"https:\\\/\\\/www.meydan.tv\\\/az\\\/article\\\/nazirliye-muraciet-xadimeye-baha-basa-geldi-video\\\/#primaryimage\",\"url\":\"https:\\\/\\\/www.meydan.tv\\\/wp-content\\\/uploads\\\/8644.jpg\",\"contentUrl\":\"https:\\\/\\\/www.meydan.tv\\\/wp-content\\\/uploads\\\/8644.jpg\",\"width\":500,\"height\":304,\"caption\":\"Source:\"},{\"@type\":\"BreadcrumbList\",\"@id\":\"https:\\\/\\\/www.meydan.tv\\\/az\\\/article\\\/nazirliye-muraciet-xadimeye-baha-basa-geldi-video\\\/#breadcrumb\",\"itemListElement\":[{\"@type\":\"ListItem\",\"position\":1,\"name\":\"Ana s\u0259hif\u0259\",\"item\":\"https:\\\/\\\/www.meydan.tv\\\/az\\\/\"},{\"@type\":\"ListItem\",\"position\":2,\"name\":\"Video\",\"item\":\"https:\\\/\\\/www.meydan.tv\\\/az\\\/section\\\/video-2\\\/\"},{\"@type\":\"ListItem\",\"position\":3,\"name\":\"Nazirliy\u0259 m\u00fcraci\u0259t xadim\u0259y\u0259 baha ba\u015fa g\u0259ldi (V\u0130DEO)\"}]},{\"@type\":\"WebSite\",\"@id\":\"https:\\\/\\\/www.meydan.tv\\\/az\\\/#website\",\"url\":\"https:\\\/\\\/www.meydan.tv\\\/az\\\/\",\"name\":\"MEYDAN.TV\",\"description\":\"Meydan TV Az\u0259rbaycan\u0131n media m\u0259kan\u0131ndak\u0131 alternativ s\u0259sidir\",\"publisher\":{\"@id\":\"https:\\\/\\\/www.meydan.tv\\\/az\\\/#organization\"},\"potentialAction\":[{\"@type\":\"SearchAction\",\"target\":{\"@type\":\"EntryPoint\",\"urlTemplate\":\"https:\\\/\\\/www.meydan.tv\\\/az\\\/?s={search_term_string}\"},\"query-input\":{\"@type\":\"PropertyValueSpecification\",\"valueRequired\":true,\"valueName\":\"search_term_string\"}}],\"inLanguage\":\"az\"},{\"@type\":\"Organization\",\"@id\":\"https:\\\/\\\/www.meydan.tv\\\/az\\\/#organization\",\"name\":\"Meydan TV\",\"url\":\"https:\\\/\\\/www.meydan.tv\\\/az\\\/\",\"logo\":{\"@type\":\"ImageObject\",\"inLanguage\":\"az\",\"@id\":\"https:\\\/\\\/www.meydan.tv\\\/az\\\/#\\\/schema\\\/logo\\\/image\\\/\",\"url\":\"https:\\\/\\\/www.meydan.tv\\\/wp-content\\\/uploads\\\/2021\\\/07\\\/meydan-logo.svg\",\"contentUrl\":\"https:\\\/\\\/www.meydan.tv\\\/wp-content\\\/uploads\\\/2021\\\/07\\\/meydan-logo.svg\",\"width\":195,\"height\":46,\"caption\":\"Meydan TV\"},\"image\":{\"@id\":\"https:\\\/\\\/www.meydan.tv\\\/az\\\/#\\\/schema\\\/logo\\\/image\\\/\"}},{\"@type\":\"Person\",\"@id\":\"https:\\\/\\\/www.meydan.tv\\\/az\\\/#\\\/schema\\\/person\\\/10d11eccf6da3662cf5fdab9806ea91a\",\"name\":\"user-manager\"}]}<\/script>\n<!-- \/ Yoast SEO plugin. -->","yoast_head_json":{"title":"Nazirliy\u0259 m\u00fcraci\u0259t xadim\u0259y\u0259 baha ba\u015fa g\u0259ldi (V\u0130DEO) - MEYDAN.TV","robots":{"index":"index","follow":"follow","max-snippet":"max-snippet:-1","max-image-preview":"max-image-preview:large","max-video-preview":"max-video-preview:-1"},"canonical":"https:\/\/www.meydan.tv\/az\/article\/nazirliye-muraciet-xadimeye-baha-basa-geldi-video\/","og_locale":"az_AZ","og_type":"article","og_title":"Nazirliy\u0259 m\u00fcraci\u0259t xadim\u0259y\u0259 baha ba\u015fa g\u0259ldi (V\u0130DEO) - MEYDAN.TV","og_description":"Onu vurulan iyn\u0259nin t\u0259sirind\u0259n g\u00f6z\u00fcn\u00fc a\u00e7anda is\u0259 1 sayl\u0131 Respublika Psixiatriya x\u0259st\u0259xanas\u0131nda oldu\u011funu g\u00f6r\u00fcb. Qad\u0131n x\u0259st\u0259xanada ya\u015fad\u0131qlar\u0131n\u0131 bel\u0259 xat\u0131rlay\u0131r:","og_url":"https:\/\/www.meydan.tv\/az\/article\/nazirliye-muraciet-xadimeye-baha-basa-geldi-video\/","og_site_name":"MEYDAN.TV","article_published_time":"2015-05-04T16:27:36+00:00","og_image":[{"width":500,"height":304,"url":"https:\/\/www.meydan.tv\/wp-content\/uploads\/8644.jpg","type":"image\/jpeg"}],"author":"user-manager","twitter_card":"summary_large_image","schema":{"@context":"https:\/\/schema.org","@graph":[{"@type":"Article","@id":"https:\/\/www.meydan.tv\/az\/article\/nazirliye-muraciet-xadimeye-baha-basa-geldi-video\/#article","isPartOf":{"@id":"https:\/\/www.meydan.tv\/az\/article\/nazirliye-muraciet-xadimeye-baha-basa-geldi-video\/"},"author":{"name":"user-manager","@id":"https:\/\/www.meydan.tv\/az\/#\/schema\/person\/10d11eccf6da3662cf5fdab9806ea91a"},"headline":"Nazirliy\u0259 m\u00fcraci\u0259t xadim\u0259y\u0259 baha ba\u015fa g\u0259ldi (V\u0130DEO)","datePublished":"2015-05-04T16:27:36+00:00","mainEntityOfPage":{"@id":"https:\/\/www.meydan.tv\/az\/article\/nazirliye-muraciet-xadimeye-baha-basa-geldi-video\/"},"wordCount":994,"publisher":{"@id":"https:\/\/www.meydan.tv\/az\/#organization"},"image":{"@id":"https:\/\/www.meydan.tv\/az\/article\/nazirliye-muraciet-xadimeye-baha-basa-geldi-video\/#primaryimage"},"thumbnailUrl":"https:\/\/www.meydan.tv\/wp-content\/uploads\/8644.jpg","articleSection":["Video"],"inLanguage":"az"},{"@type":"WebPage","@id":"https:\/\/www.meydan.tv\/az\/article\/nazirliye-muraciet-xadimeye-baha-basa-geldi-video\/","url":"https:\/\/www.meydan.tv\/az\/article\/nazirliye-muraciet-xadimeye-baha-basa-geldi-video\/","name":"Nazirliy\u0259 m\u00fcraci\u0259t xadim\u0259y\u0259 baha ba\u015fa g\u0259ldi (V\u0130DEO) - MEYDAN.TV","isPartOf":{"@id":"https:\/\/www.meydan.tv\/az\/#website"},"primaryImageOfPage":{"@id":"https:\/\/www.meydan.tv\/az\/article\/nazirliye-muraciet-xadimeye-baha-basa-geldi-video\/#primaryimage"},"image":{"@id":"https:\/\/www.meydan.tv\/az\/article\/nazirliye-muraciet-xadimeye-baha-basa-geldi-video\/#primaryimage"},"thumbnailUrl":"https:\/\/www.meydan.tv\/wp-content\/uploads\/8644.jpg","datePublished":"2015-05-04T16:27:36+00:00","breadcrumb":{"@id":"https:\/\/www.meydan.tv\/az\/article\/nazirliye-muraciet-xadimeye-baha-basa-geldi-video\/#breadcrumb"},"inLanguage":"az","potentialAction":[{"@type":"ReadAction","target":["https:\/\/www.meydan.tv\/az\/article\/nazirliye-muraciet-xadimeye-baha-basa-geldi-video\/"]}]},{"@type":"ImageObject","inLanguage":"az","@id":"https:\/\/www.meydan.tv\/az\/article\/nazirliye-muraciet-xadimeye-baha-basa-geldi-video\/#primaryimage","url":"https:\/\/www.meydan.tv\/wp-content\/uploads\/8644.jpg","contentUrl":"https:\/\/www.meydan.tv\/wp-content\/uploads\/8644.jpg","width":500,"height":304,"caption":"Source:"},{"@type":"BreadcrumbList","@id":"https:\/\/www.meydan.tv\/az\/article\/nazirliye-muraciet-xadimeye-baha-basa-geldi-video\/#breadcrumb","itemListElement":[{"@type":"ListItem","position":1,"name":"Ana s\u0259hif\u0259","item":"https:\/\/www.meydan.tv\/az\/"},{"@type":"ListItem","position":2,"name":"Video","item":"https:\/\/www.meydan.tv\/az\/section\/video-2\/"},{"@type":"ListItem","position":3,"name":"Nazirliy\u0259 m\u00fcraci\u0259t xadim\u0259y\u0259 baha ba\u015fa g\u0259ldi (V\u0130DEO)"}]},{"@type":"WebSite","@id":"https:\/\/www.meydan.tv\/az\/#website","url":"https:\/\/www.meydan.tv\/az\/","name":"MEYDAN.TV","description":"Meydan TV Az\u0259rbaycan\u0131n media m\u0259kan\u0131ndak\u0131 alternativ s\u0259sidir","publisher":{"@id":"https:\/\/www.meydan.tv\/az\/#organization"},"potentialAction":[{"@type":"SearchAction","target":{"@type":"EntryPoint","urlTemplate":"https:\/\/www.meydan.tv\/az\/?s={search_term_string}"},"query-input":{"@type":"PropertyValueSpecification","valueRequired":true,"valueName":"search_term_string"}}],"inLanguage":"az"},{"@type":"Organization","@id":"https:\/\/www.meydan.tv\/az\/#organization","name":"Meydan TV","url":"https:\/\/www.meydan.tv\/az\/","logo":{"@type":"ImageObject","inLanguage":"az","@id":"https:\/\/www.meydan.tv\/az\/#\/schema\/logo\/image\/","url":"https:\/\/www.meydan.tv\/wp-content\/uploads\/2021\/07\/meydan-logo.svg","contentUrl":"https:\/\/www.meydan.tv\/wp-content\/uploads\/2021\/07\/meydan-logo.svg","width":195,"height":46,"caption":"Meydan TV"},"image":{"@id":"https:\/\/www.meydan.tv\/az\/#\/schema\/logo\/image\/"}},{"@type":"Person","@id":"https:\/\/www.meydan.tv\/az\/#\/schema\/person\/10d11eccf6da3662cf5fdab9806ea91a","name":"user-manager"}]}},"_links":{"self":[{"href":"https:\/\/www.meydan.tv\/az\/wp-json\/wp\/v2\/posts\/167780","targetHints":{"allow":["GET"]}}],"collection":[{"href":"https:\/\/www.meydan.tv\/az\/wp-json\/wp\/v2\/posts"}],"about":[{"href":"https:\/\/www.meydan.tv\/az\/wp-json\/wp\/v2\/types\/post"}],"author":[{"embeddable":true,"href":"https:\/\/www.meydan.tv\/az\/wp-json\/wp\/v2\/users\/11"}],"replies":[{"embeddable":true,"href":"https:\/\/www.meydan.tv\/az\/wp-json\/wp\/v2\/comments?post=167780"}],"version-history":[{"count":0,"href":"https:\/\/www.meydan.tv\/az\/wp-json\/wp\/v2\/posts\/167780\/revisions"}],"wp:featuredmedia":[{"embeddable":true,"href":"https:\/\/www.meydan.tv\/az\/wp-json\/wp\/v2\/media\/23709"}],"wp:attachment":[{"href":"https:\/\/www.meydan.tv\/az\/wp-json\/wp\/v2\/media?parent=167780"}],"wp:term":[{"taxonomy":"category","embeddable":true,"href":"https:\/\/www.meydan.tv\/az\/wp-json\/wp\/v2\/categories?post=167780"},{"taxonomy":"post_tag","embeddable":true,"href":"https:\/\/www.meydan.tv\/az\/wp-json\/wp\/v2\/tags?post=167780"}],"curies":[{"name":"wp","href":"https:\/\/api.w.org\/{rel}","templated":true}]}}