{"id":167779,"date":"2015-05-04T15:54:11","date_gmt":"2015-05-04T15:54:11","guid":{"rendered":"https:\/\/www.meydan.tv\/article\/tiflisde-azerbaycan-sefirliyi-onunde-siyasi-mehbuslara-azadliq-aksiyasi\/"},"modified":"2015-05-04T15:54:11","modified_gmt":"2015-05-04T15:54:11","slug":"tiflisde-azerbaycan-sefirliyi-onunde-siyasi-mehbuslara-azadliq-aksiyasi","status":"publish","type":"post","link":"https:\/\/www.meydan.tv\/az\/article\/tiflisde-azerbaycan-sefirliyi-onunde-siyasi-mehbuslara-azadliq-aksiyasi\/","title":{"rendered":"Tiflisd\u0259 Az\u0259rbaycan s\u0259firliyi \u00f6n\u00fcnd\u0259 &#8220;Siyasi m\u0259hbuslara azadl\u0131q&#8221; aksiyas\u0131"},"content":{"rendered":"<figure class=\"wp-block-image size-large\">\n  <img decoding=\"async\" src=\"https:\/\/www.meydan.tv\/az\/23694\/\" alt=\"\" class=\"wp-image-23694\"\/><figcaption><\/figcaption><\/figure>\n<p>\n  Bu d\u0259qiq\u0259l\u0259rd\u0259 Az\u0259rbaycan\u0131n G\u00fcrc\u00fcstandak\u0131 s\u0259firliyi \u00f6n\u00fcnd\u0259 etiraz aksiyas\u0131 ke\u00e7irilir. Aksiyaya Beyn\u0259lxalq H\u00fcquq M\u00fcdafi\u0259 t\u0259\u015fkilatlar\u0131n\u0131n n\u00fcmay\u0259nd\u0259l\u0259ri, ictimai f\u0259allar, v\u0259 jurnalistl\u0259r qat\u0131l\u0131b. Meydan TV-in Tiflisd\u0259ki \u0259m\u0259kda\u015f\u0131n\u0131n bildiridiyin\u0259 g\u00f6r\u0259, aksiya i\u015ftirak\u00e7\u0131lar\u0131 &#8220;Siyasi m\u0259hbuslara azadl\u0131q&#8221; v\u0259 ba\u015fqa \u015f\u00fcarlar qald\u0131r\u0131blar. Onlar h\u0259bs edil\u0259n jurnalistl\u0259rin, h\u00fcquq m\u00fcdafi\u0259\u00e7ilrinin, bloggerl\u0259rin, dindarlar\u0131n v\u0259 f\u0259allar\u0131n azadl\u0131\u011f\u0131n\u0131 t\u0259l\u0259b edirl\u0259r.\n<\/p>\n<p>\n  Aksiyada \u00c7exiyan\u0131n \u201c\u0130nsan Haqlar\u0131 Ligas\u0131\u201d t\u0259\u015fkilat\u0131, Praqan\u0131n v\u0259 Belarusun v\u0259t\u0259nda\u015f c\u0259miyy\u0259ti f\u0259allar\u0131 i\u015ftirak edib.\n<\/p>\n<figure class=\"wp-block-image size-large\">\n  <img decoding=\"async\" src=\"https:\/\/www.meydan.tv\/az\/23697\/\" alt=\"\" class=\"wp-image-23697\"\/><figcaption><\/figcaption><\/figure>\n<figure class=\"wp-block-image size-large\">\n  <img decoding=\"async\" src=\"https:\/\/www.meydan.tv\/az\/23700\/\" alt=\"\" class=\"wp-image-23700\"\/><figcaption><\/figcaption><\/figure>\n<figure class=\"wp-block-image size-large\">\n  <img decoding=\"async\" src=\"https:\/\/www.meydan.tv\/az\/23703\/\" alt=\"\" class=\"wp-image-23703\"\/><figcaption><\/figcaption><\/figure><\/p>\n","protected":false},"excerpt":{"rendered":"<p>Bu d\u0259qiq\u0259l\u0259rd\u0259 Az\u0259rbaycan\u0131n G\u00fcrc\u00fcstandak\u0131 s\u0259firliyi \u00f6n\u00fcnd\u0259 etiraz aksiyas\u0131 ke\u00e7irilir. Aksiyaya &#8230; <\/p>\n<p class=\"read-more-container\"><a title=\"Tiflisd\u0259 Az\u0259rbaycan s\u0259firliyi \u00f6n\u00fcnd\u0259 &#8220;Siyasi m\u0259hbuslara azadl\u0131q&#8221; aksiyas\u0131\" class=\"read-more button\" href=\"https:\/\/www.meydan.tv\/az\/article\/tiflisde-azerbaycan-sefirliyi-onunde-siyasi-mehbuslara-azadliq-aksiyasi\/#more-167779\" aria-label=\"Read more about Tiflisd\u0259 Az\u0259rbaycan s\u0259firliyi \u00f6n\u00fcnd\u0259 &#8220;Siyasi m\u0259hbuslara azadl\u0131q&#8221; aksiyas\u0131\">Davam\u0131<\/a><\/p>\n","protected":false},"author":11,"featured_media":23694,"comment_status":"closed","ping_status":"open","sticky":false,"template":"","format":"standard","meta":{"_acf_changed":false,"_sitemap_exclude":false,"_sitemap_priority":"","_sitemap_frequency":"","footnotes":""},"categories":[56],"tags":[],"class_list":["post-167779","post","type-post","status-publish","format-standard","has-post-thumbnail","hentry","category-xeberler","infinite-scroll-item","generate-columns","tablet-grid-50","mobile-grid-100","grid-parent","grid-33","no-featured-image-padding"],"acf":[],"yoast_head":"<!-- This site is optimized with the Yoast SEO plugin v28.4 - https:\/\/yoast.com\/product\/yoast-seo-wordpress\/ -->\n<title>Tiflisd\u0259 Az\u0259rbaycan s\u0259firliyi \u00f6n\u00fcnd\u0259 &quot;Siyasi m\u0259hbuslara azadl\u0131q&quot; aksiyas\u0131 - MEYDAN.TV<\/title>\n<meta name=\"robots\" content=\"index, follow, max-snippet:-1, max-image-preview:large, max-video-preview:-1\" \/>\n<link rel=\"canonical\" href=\"https:\/\/www.meydan.tv\/az\/article\/tiflisde-azerbaycan-sefirliyi-onunde-siyasi-mehbuslara-azadliq-aksiyasi\/\" \/>\n<meta property=\"og:locale\" content=\"az_AZ\" \/>\n<meta property=\"og:type\" content=\"article\" \/>\n<meta property=\"og:title\" content=\"Tiflisd\u0259 Az\u0259rbaycan s\u0259firliyi \u00f6n\u00fcnd\u0259 &quot;Siyasi m\u0259hbuslara azadl\u0131q&quot; aksiyas\u0131 - MEYDAN.TV\" \/>\n<meta property=\"og:description\" content=\"Bu d\u0259qiq\u0259l\u0259rd\u0259 Az\u0259rbaycan\u0131n G\u00fcrc\u00fcstandak\u0131 s\u0259firliyi \u00f6n\u00fcnd\u0259 etiraz aksiyas\u0131 ke\u00e7irilir. Aksiyaya ... Davam\u0131\" \/>\n<meta property=\"og:url\" content=\"https:\/\/www.meydan.tv\/az\/article\/tiflisde-azerbaycan-sefirliyi-onunde-siyasi-mehbuslara-azadliq-aksiyasi\/\" \/>\n<meta property=\"og:site_name\" content=\"MEYDAN.TV\" \/>\n<meta property=\"article:published_time\" content=\"2015-05-04T15:54:11+00:00\" \/>\n<meta property=\"og:image\" content=\"https:\/\/www.meydan.tv\/wp-content\/uploads\/8619.jpg\" \/>\n\t<meta property=\"og:image:width\" content=\"768\" \/>\n\t<meta property=\"og:image:height\" content=\"432\" \/>\n\t<meta property=\"og:image:type\" content=\"image\/jpeg\" \/>\n<meta name=\"twitter:card\" content=\"summary_large_image\" \/>\n<!-- \/ Yoast SEO plugin. -->","yoast_head_json":{"title":"Tiflisd\u0259 Az\u0259rbaycan s\u0259firliyi \u00f6n\u00fcnd\u0259 \"Siyasi m\u0259hbuslara azadl\u0131q\" aksiyas\u0131 - MEYDAN.TV","robots":{"index":"index","follow":"follow","max-snippet":"max-snippet:-1","max-image-preview":"max-image-preview:large","max-video-preview":"max-video-preview:-1"},"canonical":"https:\/\/www.meydan.tv\/az\/article\/tiflisde-azerbaycan-sefirliyi-onunde-siyasi-mehbuslara-azadliq-aksiyasi\/","og_locale":"az_AZ","og_type":"article","og_title":"Tiflisd\u0259 Az\u0259rbaycan s\u0259firliyi \u00f6n\u00fcnd\u0259 \"Siyasi m\u0259hbuslara azadl\u0131q\" aksiyas\u0131 - MEYDAN.TV","og_description":"Bu d\u0259qiq\u0259l\u0259rd\u0259 Az\u0259rbaycan\u0131n G\u00fcrc\u00fcstandak\u0131 s\u0259firliyi \u00f6n\u00fcnd\u0259 etiraz aksiyas\u0131 ke\u00e7irilir. Aksiyaya ... Davam\u0131","og_url":"https:\/\/www.meydan.tv\/az\/article\/tiflisde-azerbaycan-sefirliyi-onunde-siyasi-mehbuslara-azadliq-aksiyasi\/","og_site_name":"MEYDAN.TV","article_published_time":"2015-05-04T15:54:11+00:00","og_image":[{"width":768,"height":432,"url":"https:\/\/www.meydan.tv\/wp-content\/uploads\/8619.jpg","type":"image\/jpeg"}],"twitter_card":"summary_large_image","schema":{"@context":"https:\/\/schema.org","@graph":[{"@type":"Article","@id":"https:\/\/www.meydan.tv\/az\/article\/tiflisde-azerbaycan-sefirliyi-onunde-siyasi-mehbuslara-azadliq-aksiyasi\/#article","isPartOf":{"@id":"https:\/\/www.meydan.tv\/az\/article\/tiflisde-azerbaycan-sefirliyi-onunde-siyasi-mehbuslara-azadliq-aksiyasi\/"},"author":{"name":"user-manager","@id":"https:\/\/www.meydan.tv\/az\/#\/schema\/person\/10d11eccf6da3662cf5fdab9806ea91a"},"headline":"Tiflisd\u0259 Az\u0259rbaycan s\u0259firliyi \u00f6n\u00fcnd\u0259 &#8220;Siyasi m\u0259hbuslara azadl\u0131q&#8221; aksiyas\u0131","datePublished":"2015-05-04T15:54:11+00:00","mainEntityOfPage":{"@id":"https:\/\/www.meydan.tv\/az\/article\/tiflisde-azerbaycan-sefirliyi-onunde-siyasi-mehbuslara-azadliq-aksiyasi\/"},"wordCount":134,"publisher":{"@id":"https:\/\/www.meydan.tv\/az\/#organization"},"image":{"@id":"https:\/\/www.meydan.tv\/az\/article\/tiflisde-azerbaycan-sefirliyi-onunde-siyasi-mehbuslara-azadliq-aksiyasi\/#primaryimage"},"thumbnailUrl":"https:\/\/www.meydan.tv\/wp-content\/uploads\/8619.jpg","articleSection":["X\u0259b\u0259rl\u0259r"],"inLanguage":"az"},{"@type":"WebPage","@id":"https:\/\/www.meydan.tv\/az\/article\/tiflisde-azerbaycan-sefirliyi-onunde-siyasi-mehbuslara-azadliq-aksiyasi\/","url":"https:\/\/www.meydan.tv\/az\/article\/tiflisde-azerbaycan-sefirliyi-onunde-siyasi-mehbuslara-azadliq-aksiyasi\/","name":"Tiflisd\u0259 Az\u0259rbaycan s\u0259firliyi \u00f6n\u00fcnd\u0259 \"Siyasi m\u0259hbuslara azadl\u0131q\" aksiyas\u0131 - MEYDAN.TV","isPartOf":{"@id":"https:\/\/www.meydan.tv\/az\/#website"},"primaryImageOfPage":{"@id":"https:\/\/www.meydan.tv\/az\/article\/tiflisde-azerbaycan-sefirliyi-onunde-siyasi-mehbuslara-azadliq-aksiyasi\/#primaryimage"},"image":{"@id":"https:\/\/www.meydan.tv\/az\/article\/tiflisde-azerbaycan-sefirliyi-onunde-siyasi-mehbuslara-azadliq-aksiyasi\/#primaryimage"},"thumbnailUrl":"https:\/\/www.meydan.tv\/wp-content\/uploads\/8619.jpg","datePublished":"2015-05-04T15:54:11+00:00","breadcrumb":{"@id":"https:\/\/www.meydan.tv\/az\/article\/tiflisde-azerbaycan-sefirliyi-onunde-siyasi-mehbuslara-azadliq-aksiyasi\/#breadcrumb"},"inLanguage":"az","potentialAction":[{"@type":"ReadAction","target":["https:\/\/www.meydan.tv\/az\/article\/tiflisde-azerbaycan-sefirliyi-onunde-siyasi-mehbuslara-azadliq-aksiyasi\/"]}]},{"@type":"ImageObject","inLanguage":"az","@id":"https:\/\/www.meydan.tv\/az\/article\/tiflisde-azerbaycan-sefirliyi-onunde-siyasi-mehbuslara-azadliq-aksiyasi\/#primaryimage","url":"https:\/\/www.meydan.tv\/wp-content\/uploads\/8619.jpg","contentUrl":"https:\/\/www.meydan.tv\/wp-content\/uploads\/8619.jpg","width":768,"height":432,"caption":"Source:"},{"@type":"BreadcrumbList","@id":"https:\/\/www.meydan.tv\/az\/article\/tiflisde-azerbaycan-sefirliyi-onunde-siyasi-mehbuslara-azadliq-aksiyasi\/#breadcrumb","itemListElement":[{"@type":"ListItem","position":1,"name":"Ana s\u0259hif\u0259","item":"https:\/\/www.meydan.tv\/az\/"},{"@type":"ListItem","position":2,"name":"X\u0259b\u0259rl\u0259r","item":"https:\/\/www.meydan.tv\/az\/section\/xeberler\/"},{"@type":"ListItem","position":3,"name":"Tiflisd\u0259 Az\u0259rbaycan s\u0259firliyi \u00f6n\u00fcnd\u0259 &#8220;Siyasi m\u0259hbuslara azadl\u0131q&#8221; aksiyas\u0131"}]},{"@type":"WebSite","@id":"https:\/\/www.meydan.tv\/az\/#website","url":"https:\/\/www.meydan.tv\/az\/","name":"MEYDAN.TV","description":"Meydan TV Az\u0259rbaycan\u0131n media m\u0259kan\u0131ndak\u0131 alternativ s\u0259sidir","publisher":{"@id":"https:\/\/www.meydan.tv\/az\/#organization"},"potentialAction":[{"@type":"SearchAction","target":{"@type":"EntryPoint","urlTemplate":"https:\/\/www.meydan.tv\/az\/?s={search_term_string}"},"query-input":{"@type":"PropertyValueSpecification","valueRequired":true,"valueName":"search_term_string"}}],"inLanguage":"az"},{"@type":"Organization","@id":"https:\/\/www.meydan.tv\/az\/#organization","name":"Meydan TV","url":"https:\/\/www.meydan.tv\/az\/","logo":{"@type":"ImageObject","inLanguage":"az","@id":"https:\/\/www.meydan.tv\/az\/#\/schema\/logo\/image\/","url":"https:\/\/www.meydan.tv\/wp-content\/uploads\/2021\/07\/meydan-logo.svg","contentUrl":"https:\/\/www.meydan.tv\/wp-content\/uploads\/2021\/07\/meydan-logo.svg","width":195,"height":46,"caption":"Meydan TV"},"image":{"@id":"https:\/\/www.meydan.tv\/az\/#\/schema\/logo\/image\/"}},{"@type":"Person","@id":"https:\/\/www.meydan.tv\/az\/#\/schema\/person\/10d11eccf6da3662cf5fdab9806ea91a","name":"user-manager"}]}},"_links":{"self":[{"href":"https:\/\/www.meydan.tv\/az\/wp-json\/wp\/v2\/posts\/167779","targetHints":{"allow":["GET"]}}],"collection":[{"href":"https:\/\/www.meydan.tv\/az\/wp-json\/wp\/v2\/posts"}],"about":[{"href":"https:\/\/www.meydan.tv\/az\/wp-json\/wp\/v2\/types\/post"}],"author":[{"embeddable":true,"href":"https:\/\/www.meydan.tv\/az\/wp-json\/wp\/v2\/users\/11"}],"replies":[{"embeddable":true,"href":"https:\/\/www.meydan.tv\/az\/wp-json\/wp\/v2\/comments?post=167779"}],"version-history":[{"count":0,"href":"https:\/\/www.meydan.tv\/az\/wp-json\/wp\/v2\/posts\/167779\/revisions"}],"wp:featuredmedia":[{"embeddable":true,"href":"https:\/\/www.meydan.tv\/az\/wp-json\/wp\/v2\/media\/23694"}],"wp:attachment":[{"href":"https:\/\/www.meydan.tv\/az\/wp-json\/wp\/v2\/media?parent=167779"}],"wp:term":[{"taxonomy":"category","embeddable":true,"href":"https:\/\/www.meydan.tv\/az\/wp-json\/wp\/v2\/categories?post=167779"},{"taxonomy":"post_tag","embeddable":true,"href":"https:\/\/www.meydan.tv\/az\/wp-json\/wp\/v2\/tags?post=167779"}],"curies":[{"name":"wp","href":"https:\/\/api.w.org\/{rel}","templated":true}]}}