{"id":167778,"date":"2015-05-04T15:09:54","date_gmt":"2015-05-04T15:09:54","guid":{"rendered":"https:\/\/www.meydan.tv\/article\/ermeni-kesfiyyatcisina-18-il-ceza-istenildi\/"},"modified":"2015-05-04T15:09:54","modified_gmt":"2015-05-04T15:09:54","slug":"ermeni-kesfiyyatcisina-18-il-ceza-istenildi","status":"publish","type":"post","link":"https:\/\/www.meydan.tv\/az\/article\/ermeni-kesfiyyatcisina-18-il-ceza-istenildi\/","title":{"rendered":"Erm\u0259ni k\u0259\u015ffiyyat\u00e7\u0131s\u0131na 18 il c\u0259za ist\u0259nildi"},"content":{"rendered":"<figure class=\"wp-block-image size-large\">\n  <img decoding=\"async\" src=\"https:\/\/www.meydan.tv\/az\/23706\/\" alt=\"\" class=\"wp-image-23706\"\/><figcaption><\/figcaption><\/figure>\n<figure class=\"wp-block-image size-large\">\n  <img decoding=\"async\" src=\"https:\/\/www.meydan.tv\/az\/23706\/\" alt=\"\" class=\"wp-image-23706\"\/><figcaption><\/figcaption><\/figure>\n<p>\n  <i><br \/>\n    M\u00fctt\u0259himin v\u0259kili Ramiz Abdullayev \u00f6z \u00e7\u0131x\u0131\u015f\u0131n\u0131 haz\u0131rlamaq \u00fc\u00e7\u00fcn m\u0259hk\u0259m\u0259d\u0259n vaxt ist\u0259yib<br \/>\n  <\/i>\n<\/p>\n<p>\n  G\u0259nc\u0259 A\u011f\u0131r Cinay\u0259tl\u0259r M\u0259hk\u0259m\u0259sind\u0259 hakim Elb\u0259y Allahverdiyevin s\u0259drliyi il\u0259 erm\u0259ni h\u0259rb\u00e7i Arsen Ba\u011fdasaryan\u0131n i\u015fi \u00fczr\u0259 n\u00f6vb\u0259si proses ke\u00e7irilib. O, 2014-c\u00fc il dekabr\u0131n 26-da A\u011fdam istiqam\u0259tind\u0259 c\u0259bh\u0259 x\u0259ttini ke\u00e7ib.\n<\/p>\n<p>\n  K\u0259p\u0259z TV-nin m\u0259lumat\u0131na g\u00f6r\u0259, d\u00f6vl\u0259t ittiham\u00e7\u0131s\u0131 A.Ba\u011fdasaryan\u0131n c\u0259zas\u0131n\u0131 ciddi rejimli koloniyada \u00e7\u0259km\u0259kl\u0259 18 il azadl\u0131qdan m\u0259hrum edilm\u0259sini ist\u0259yib.\n<\/p>\n<p>\n  M\u00fctt\u0259himin v\u0259kili Ramiz Abdullayev \u00f6z \u00e7\u0131x\u0131\u015f\u0131n\u0131 haz\u0131rlamaq \u00fc\u00e7\u00fcn m\u0259hk\u0259m\u0259d\u0259n vaxt ist\u0259yib.\n<\/p>\n<p>\n  N\u00f6vb\u0259ti m\u0259hk\u0259m\u0259 iclas\u0131 may\u0131n 4-d\u0259 saat17:30-da olacaq.\n<\/p>\n<p>\n  <i><br \/>\n    * Arsen Ba\u011fdasaryan 2014-c\u00fc il dekabr\u0131n 26-da h\u0259bs olunub v\u0259 t\u0259xribat qrupunun \u00fczv\u00fc elan edilib. Ona qar\u015f\u0131 bir ne\u00e7\u0259 ittiham ir\u0259li s\u00fcr\u00fcl\u00fcb: q\u0259sd\u0259n q\u0259tl t\u00f6r\u0259tm\u0259y\u0259 haz\u0131rl\u0131q, t\u0259xribat t\u00f6r\u0259tm\u0259k v\u0259 s.<br \/>\n  <\/i>\n<\/p>\n<p>\n  <i><br \/>\n    \u018fvv\u0259lki iclaslarda o, ir\u0259li s\u00fcr\u00fcl\u0259n ittihamlar\u0131 r\u0259dd etm\u0259yib.<br \/>\n  <\/i>\n<\/p>\n<p>\n  <i><br \/>\n    Erm\u0259ni t\u0259r\u0259fi bildirib ki, A.Ba\u011fdasaryan f\u0259raridir v\u0259 Az\u0259rbaycan t\u0259r\u0259fin\u0259 k\u00f6n\u00fcll\u00fc ke\u00e7ib.<br \/>\n  <\/i><\/p>\n","protected":false},"excerpt":{"rendered":"<p>M\u00fctt\u0259himin v\u0259kili Ramiz Abdullayev \u00f6z \u00e7\u0131x\u0131\u015f\u0131n\u0131 haz\u0131rlamaq \u00fc\u00e7\u00fcn m\u0259hk\u0259m\u0259d\u0259n vaxt ist\u0259yib<\/p>\n","protected":false},"author":11,"featured_media":23706,"comment_status":"closed","ping_status":"open","sticky":false,"template":"","format":"standard","meta":{"_acf_changed":false,"_sitemap_exclude":false,"_sitemap_priority":"","_sitemap_frequency":"","footnotes":""},"categories":[56],"tags":[],"class_list":["post-167778","post","type-post","status-publish","format-standard","has-post-thumbnail","hentry","category-xeberler","infinite-scroll-item","generate-columns","tablet-grid-50","mobile-grid-100","grid-parent","grid-33","no-featured-image-padding"],"acf":[],"yoast_head":"<!-- This site is optimized with the Yoast SEO plugin v28.4 - https:\/\/yoast.com\/product\/yoast-seo-wordpress\/ -->\n<title>Erm\u0259ni k\u0259\u015ffiyyat\u00e7\u0131s\u0131na 18 il c\u0259za ist\u0259nildi - MEYDAN.TV<\/title>\n<meta name=\"robots\" content=\"index, follow, max-snippet:-1, max-image-preview:large, max-video-preview:-1\" \/>\n<link rel=\"canonical\" href=\"https:\/\/www.meydan.tv\/az\/article\/ermeni-kesfiyyatcisina-18-il-ceza-istenildi\/\" \/>\n<meta property=\"og:locale\" content=\"az_AZ\" \/>\n<meta property=\"og:type\" content=\"article\" \/>\n<meta property=\"og:title\" content=\"Erm\u0259ni k\u0259\u015ffiyyat\u00e7\u0131s\u0131na 18 il c\u0259za ist\u0259nildi - MEYDAN.TV\" \/>\n<meta property=\"og:description\" content=\"M\u00fctt\u0259himin v\u0259kili Ramiz Abdullayev \u00f6z \u00e7\u0131x\u0131\u015f\u0131n\u0131 haz\u0131rlamaq \u00fc\u00e7\u00fcn m\u0259hk\u0259m\u0259d\u0259n vaxt ist\u0259yib\" \/>\n<meta property=\"og:url\" content=\"https:\/\/www.meydan.tv\/az\/article\/ermeni-kesfiyyatcisina-18-il-ceza-istenildi\/\" \/>\n<meta property=\"og:site_name\" content=\"MEYDAN.TV\" \/>\n<meta property=\"article:published_time\" content=\"2015-05-04T15:09:54+00:00\" \/>\n<meta property=\"og:image\" content=\"https:\/\/www.meydan.tv\/wp-content\/uploads\/8618.jpg\" \/>\n\t<meta property=\"og:image:width\" content=\"557\" \/>\n\t<meta property=\"og:image:height\" content=\"400\" \/>\n\t<meta property=\"og:image:type\" content=\"image\/jpeg\" \/>\n<meta name=\"twitter:card\" content=\"summary_large_image\" \/>\n<!-- \/ Yoast SEO plugin. -->","yoast_head_json":{"title":"Erm\u0259ni k\u0259\u015ffiyyat\u00e7\u0131s\u0131na 18 il c\u0259za ist\u0259nildi - MEYDAN.TV","robots":{"index":"index","follow":"follow","max-snippet":"max-snippet:-1","max-image-preview":"max-image-preview:large","max-video-preview":"max-video-preview:-1"},"canonical":"https:\/\/www.meydan.tv\/az\/article\/ermeni-kesfiyyatcisina-18-il-ceza-istenildi\/","og_locale":"az_AZ","og_type":"article","og_title":"Erm\u0259ni k\u0259\u015ffiyyat\u00e7\u0131s\u0131na 18 il c\u0259za ist\u0259nildi - MEYDAN.TV","og_description":"M\u00fctt\u0259himin v\u0259kili Ramiz Abdullayev \u00f6z \u00e7\u0131x\u0131\u015f\u0131n\u0131 haz\u0131rlamaq \u00fc\u00e7\u00fcn m\u0259hk\u0259m\u0259d\u0259n vaxt ist\u0259yib","og_url":"https:\/\/www.meydan.tv\/az\/article\/ermeni-kesfiyyatcisina-18-il-ceza-istenildi\/","og_site_name":"MEYDAN.TV","article_published_time":"2015-05-04T15:09:54+00:00","og_image":[{"width":557,"height":400,"url":"https:\/\/www.meydan.tv\/wp-content\/uploads\/8618.jpg","type":"image\/jpeg"}],"twitter_card":"summary_large_image","schema":{"@context":"https:\/\/schema.org","@graph":[{"@type":"Article","@id":"https:\/\/www.meydan.tv\/az\/article\/ermeni-kesfiyyatcisina-18-il-ceza-istenildi\/#article","isPartOf":{"@id":"https:\/\/www.meydan.tv\/az\/article\/ermeni-kesfiyyatcisina-18-il-ceza-istenildi\/"},"author":{"name":"user-manager","@id":"https:\/\/www.meydan.tv\/az\/#\/schema\/person\/10d11eccf6da3662cf5fdab9806ea91a"},"headline":"Erm\u0259ni k\u0259\u015ffiyyat\u00e7\u0131s\u0131na 18 il c\u0259za ist\u0259nildi","datePublished":"2015-05-04T15:09:54+00:00","mainEntityOfPage":{"@id":"https:\/\/www.meydan.tv\/az\/article\/ermeni-kesfiyyatcisina-18-il-ceza-istenildi\/"},"wordCount":240,"publisher":{"@id":"https:\/\/www.meydan.tv\/az\/#organization"},"image":{"@id":"https:\/\/www.meydan.tv\/az\/article\/ermeni-kesfiyyatcisina-18-il-ceza-istenildi\/#primaryimage"},"thumbnailUrl":"https:\/\/www.meydan.tv\/wp-content\/uploads\/8618.jpg","articleSection":["X\u0259b\u0259rl\u0259r"],"inLanguage":"az"},{"@type":"WebPage","@id":"https:\/\/www.meydan.tv\/az\/article\/ermeni-kesfiyyatcisina-18-il-ceza-istenildi\/","url":"https:\/\/www.meydan.tv\/az\/article\/ermeni-kesfiyyatcisina-18-il-ceza-istenildi\/","name":"Erm\u0259ni k\u0259\u015ffiyyat\u00e7\u0131s\u0131na 18 il c\u0259za ist\u0259nildi - MEYDAN.TV","isPartOf":{"@id":"https:\/\/www.meydan.tv\/az\/#website"},"primaryImageOfPage":{"@id":"https:\/\/www.meydan.tv\/az\/article\/ermeni-kesfiyyatcisina-18-il-ceza-istenildi\/#primaryimage"},"image":{"@id":"https:\/\/www.meydan.tv\/az\/article\/ermeni-kesfiyyatcisina-18-il-ceza-istenildi\/#primaryimage"},"thumbnailUrl":"https:\/\/www.meydan.tv\/wp-content\/uploads\/8618.jpg","datePublished":"2015-05-04T15:09:54+00:00","breadcrumb":{"@id":"https:\/\/www.meydan.tv\/az\/article\/ermeni-kesfiyyatcisina-18-il-ceza-istenildi\/#breadcrumb"},"inLanguage":"az","potentialAction":[{"@type":"ReadAction","target":["https:\/\/www.meydan.tv\/az\/article\/ermeni-kesfiyyatcisina-18-il-ceza-istenildi\/"]}]},{"@type":"ImageObject","inLanguage":"az","@id":"https:\/\/www.meydan.tv\/az\/article\/ermeni-kesfiyyatcisina-18-il-ceza-istenildi\/#primaryimage","url":"https:\/\/www.meydan.tv\/wp-content\/uploads\/8618.jpg","contentUrl":"https:\/\/www.meydan.tv\/wp-content\/uploads\/8618.jpg","width":557,"height":400,"caption":"Source:"},{"@type":"BreadcrumbList","@id":"https:\/\/www.meydan.tv\/az\/article\/ermeni-kesfiyyatcisina-18-il-ceza-istenildi\/#breadcrumb","itemListElement":[{"@type":"ListItem","position":1,"name":"Ana s\u0259hif\u0259","item":"https:\/\/www.meydan.tv\/az\/"},{"@type":"ListItem","position":2,"name":"X\u0259b\u0259rl\u0259r","item":"https:\/\/www.meydan.tv\/az\/section\/xeberler\/"},{"@type":"ListItem","position":3,"name":"Erm\u0259ni k\u0259\u015ffiyyat\u00e7\u0131s\u0131na 18 il c\u0259za ist\u0259nildi"}]},{"@type":"WebSite","@id":"https:\/\/www.meydan.tv\/az\/#website","url":"https:\/\/www.meydan.tv\/az\/","name":"MEYDAN.TV","description":"Meydan TV Az\u0259rbaycan\u0131n media m\u0259kan\u0131ndak\u0131 alternativ s\u0259sidir","publisher":{"@id":"https:\/\/www.meydan.tv\/az\/#organization"},"potentialAction":[{"@type":"SearchAction","target":{"@type":"EntryPoint","urlTemplate":"https:\/\/www.meydan.tv\/az\/?s={search_term_string}"},"query-input":{"@type":"PropertyValueSpecification","valueRequired":true,"valueName":"search_term_string"}}],"inLanguage":"az"},{"@type":"Organization","@id":"https:\/\/www.meydan.tv\/az\/#organization","name":"Meydan TV","url":"https:\/\/www.meydan.tv\/az\/","logo":{"@type":"ImageObject","inLanguage":"az","@id":"https:\/\/www.meydan.tv\/az\/#\/schema\/logo\/image\/","url":"https:\/\/www.meydan.tv\/wp-content\/uploads\/2021\/07\/meydan-logo.svg","contentUrl":"https:\/\/www.meydan.tv\/wp-content\/uploads\/2021\/07\/meydan-logo.svg","width":195,"height":46,"caption":"Meydan TV"},"image":{"@id":"https:\/\/www.meydan.tv\/az\/#\/schema\/logo\/image\/"}},{"@type":"Person","@id":"https:\/\/www.meydan.tv\/az\/#\/schema\/person\/10d11eccf6da3662cf5fdab9806ea91a","name":"user-manager"}]}},"_links":{"self":[{"href":"https:\/\/www.meydan.tv\/az\/wp-json\/wp\/v2\/posts\/167778","targetHints":{"allow":["GET"]}}],"collection":[{"href":"https:\/\/www.meydan.tv\/az\/wp-json\/wp\/v2\/posts"}],"about":[{"href":"https:\/\/www.meydan.tv\/az\/wp-json\/wp\/v2\/types\/post"}],"author":[{"embeddable":true,"href":"https:\/\/www.meydan.tv\/az\/wp-json\/wp\/v2\/users\/11"}],"replies":[{"embeddable":true,"href":"https:\/\/www.meydan.tv\/az\/wp-json\/wp\/v2\/comments?post=167778"}],"version-history":[{"count":0,"href":"https:\/\/www.meydan.tv\/az\/wp-json\/wp\/v2\/posts\/167778\/revisions"}],"wp:featuredmedia":[{"embeddable":true,"href":"https:\/\/www.meydan.tv\/az\/wp-json\/wp\/v2\/media\/23706"}],"wp:attachment":[{"href":"https:\/\/www.meydan.tv\/az\/wp-json\/wp\/v2\/media?parent=167778"}],"wp:term":[{"taxonomy":"category","embeddable":true,"href":"https:\/\/www.meydan.tv\/az\/wp-json\/wp\/v2\/categories?post=167778"},{"taxonomy":"post_tag","embeddable":true,"href":"https:\/\/www.meydan.tv\/az\/wp-json\/wp\/v2\/tags?post=167778"}],"curies":[{"name":"wp","href":"https:\/\/api.w.org\/{rel}","templated":true}]}}