{"id":167777,"date":"2015-05-04T14:43:09","date_gmt":"2015-05-04T14:43:09","guid":{"rendered":"https:\/\/www.meydan.tv\/article\/ilham-eliyev-bu-bir-cagirisdir-ki-budceni-konsolidasiya-edek-lazim-olmayan-xercleri-azaldaq\/"},"modified":"2015-05-04T14:43:09","modified_gmt":"2015-05-04T14:43:09","slug":"ilham-eliyev-bu-bir-cagirisdir-ki-budceni-konsolidasiya-edek-lazim-olmayan-xercleri-azaldaq","status":"publish","type":"post","link":"https:\/\/www.meydan.tv\/az\/article\/ilham-eliyev-bu-bir-cagirisdir-ki-budceni-konsolidasiya-edek-lazim-olmayan-xercleri-azaldaq\/","title":{"rendered":"\u0130lham \u018fliyev: Bu, bir \u00e7a\u011f\u0131r\u0131\u015fd\u0131r ki, b\u00fcdc\u0259ni konsolidasiya ed\u0259k, laz\u0131m olmayan x\u0259rcl\u0259ri azaldaq"},"content":{"rendered":"<figure class=\"wp-block-image size-large\">\n  <img decoding=\"async\" src=\"https:\/\/www.meydan.tv\/az\/23691\/\" alt=\"\" class=\"wp-image-23691\"\/><figcaption><\/figcaption><\/figure>\n<figure class=\"wp-block-image size-large\">\n  <img decoding=\"async\" src=\"https:\/\/www.meydan.tv\/az\/23691\/\" alt=\"\" class=\"wp-image-23691\"\/><figcaption><\/figcaption><\/figure>\n<p>\n  <i><br \/>\n    &#8220;Yax\u0131n ill\u0259rd\u0259 qaz\u0131n ixracatda \u00e7\u0259kisi artacaq&#8221;<br \/>\n  <\/i>\n<\/p>\n<p>\n  \u201cH\u0259r zaman iqtisadiyyat\u0131m\u0131z\u0131n neft v\u0259 qazdan as\u0131l\u0131l\u0131\u011f\u0131n\u0131n azald\u0131lmas\u0131na \u00e7al\u0131\u015fm\u0131\u015f\u0131q v\u0259 davaml\u0131 inki\u015faf\u0131 \u0259sas g\u00f6t\u00fcrm\u00fc\u015f\u00fck. \u0130qtisadiyyat\u0131m\u0131z\u0131n 70 faizi qeyri-neft sektorundan ibar\u0259tdir. \u0130xrac\u0131m\u0131zda is\u0259 neft v\u0259 qaz \u0259sas yer tutur. Bu da t\u0259biidir\u201d.\n<\/p>\n<p>\n  <a href=\"https:\/\/apa.az\"><br \/>\n    APA<br \/>\n  <\/a><br \/>\n  -n\u0131n m\u0259lumat\u0131na g\u00f6r\u0259, bunu Az\u0259rbaycan prezidenti<br \/>\n  <a href=\"http:\/\/az.apa.az\/tag\/%C4%B0lham+%C6%8Fliyev\"><br \/>\n    \u0130lham \u018fliyev<br \/>\n  <\/a><br \/>\n  Bak\u0131da ke\u00e7iril\u0259n Asiya \u0130nki\u015faf Bank\u0131n\u0131n (A\u0130B) R\u0259hb\u0259rl\u0259r \u015euras\u0131n\u0131n 48-ci \u0130llik Toplant\u0131s\u0131nda \u00e7\u0131x\u0131\u015f\u0131 zaman\u0131 deyib.\n<\/p>\n<p>\n  D\u00f6vl\u0259t ba\u015f\u00e7\u0131s\u0131 bildirib ki, yax\u0131n ill\u0259rd\u0259 qaz\u0131n ixracatda \u00e7\u0259kisi artacaq: \u201cBiz yerli v\u0259 xarici s\u0259rmay\u0259\u00e7il\u0259rin qeyri-neft sektoruna s\u0259rmay\u0259 qoymas\u0131n\u0131 t\u0259\u015fviq edirik. Neft v\u0259 qaz istehsal\u00e7\u0131s\u0131 olan \u00f6lk\u0259 kimi neft v\u0259 qaz\u0131n qiym\u0259tind\u0259 radikal d\u0259yi\u015fiklik narahatl\u0131q do\u011furur. Ancaq bu, bir \u00e7a\u011f\u0131r\u0131\u015fd\u0131r ki, b\u00fcdc\u0259ni konsolidasiya ed\u0259k, laz\u0131m olmayan x\u0259rcl\u0259ri azaldaq, s\u0259m\u0259r\u0259li idar\u0259\u00e7ilik t\u0259tbiq ed\u0259k. \u201cQara q\u0131z\u0131l\u201d\u0131n insan kapital\u0131na \u00e7evrilm\u0259si bizim \u00fc\u00e7\u00fcn \u0259sasd\u0131r. Neft Fondunda toplanan v\u0259saitl\u0259r g\u0259l\u0259c\u0259kd\u0259 arzu olunmaz hadis\u0259l\u0259rd\u0259n s\u0131\u011fortalanmaq \u00fc\u00e7\u00fcn vacibdir\u201d.\n<\/p>\n<p>\n  Devalvasiya m\u0259s\u0259l\u0259sin\u0259 toxunan \u0130lham \u018fliyev onu da deyib ki, Az\u0259rbaycan k\u0259nd t\u0259s\u0259rr\u00fcfat\u0131 m\u0259hsullar\u0131 il\u0259 \u00f6z\u00fcn\u00fc tam t\u0259min ed\u0259c\u0259k:\n<\/p>\n<p>\n  &#8220;Milli valyutam\u0131z \u00e7ox g\u00fccl\u0259ndiyi \u00fc\u00e7\u00fcn devalvasiyaya getm\u0259li olduq. 1 manat 1 avroya b\u0259rab\u0259r oldu v\u0259 \u00e7\u0259tin v\u0259ziyy\u0259t\u0259 d\u00fc\u015fd\u00fck. Qon\u015fu \u00f6lk\u0259l\u0259rd\u0259 devalvasiya ya\u015fand\u0131 v\u0259 biz d\u0259 milli valyutan\u0131 35 faiz devalvasiya etm\u0259li olduq. Bu g\u00fcn valyuta ehtiyatlar\u0131m\u0131z \u00fcmumdaxili m\u0259hsulun 70 faizin\u0259 b\u0259rab\u0259rdir. Biz \u00f6z\u0259l sektorun inki\u015faf\u0131n\u0131 \u00fc\u00e7\u00fcn a\u015fa\u011f\u0131 faizl\u0259 \u00f6z\u0259l sektora kreditl\u0259r verilm\u0259sini diqq\u0259t m\u0259rk\u0259zind\u0259 saxlayaca\u011f\u0131q. H\u0259m\u00e7inin xarici borcumuzu a\u015fa\u011f\u0131 s\u0259viyy\u0259d\u0259 saxlayaca\u011f\u0131q. Bu g\u00fcn xarici borcumuz 9.8 faiz h\u0259cmind\u0259dir v\u0259 bunu n\u0259zar\u0259td\u0259 saxlamal\u0131y\u0131q&#8221;.\n<\/p>\n<p>\n  Az\u0259rbaycanda i\u015fsizlik s\u0259viyy\u0259sinin 5 faiz oldu\u011funu s\u00f6yl\u0259y\u0259n prezident bildirib ki, \u0259n b\u00f6y\u00fck u\u011fur yoxsullu\u011fu 5 faiz\u0259 q\u0259d\u0259r salma\u011f\u0131m\u0131zd\u0131r: &#8220;Bu g\u00f6st\u0259rir ki, biz &#8220;Holland sindromu&#8221;na m\u0259ruz qalmad\u0131q. B\u0259zi \u00f6lk\u0259l\u0259rd\u0259 neftl\u0259 ba\u011fl\u0131 z\u0259nginl\u0259r daha da z\u0259nginl\u0259\u015fir, yoxsullar daha yoxsulla\u015f\u0131r. Bizim m\u0259qs\u0259dimiz bu g\u0259lirl\u0259rd\u0259n h\u0259r k\u0259sin b\u0259hr\u0259l\u0259nm\u0259si idi. Bu g\u00fcn v\u0259t\u0259nda\u015flar yeni i\u015f yerl\u0259rinin yarad\u0131lmas\u0131n\u0131n, infrastruktur layih\u0259l\u0259rin h\u0259yata ke\u00e7irilm\u0259sinin \u015fahidi olurlar&#8221;\n<\/p>\n<p>\n  D\u00f6vl\u0259t ba\u015f\u00e7\u0131s\u0131 onu da bildirib ki,\u00a0Az\u0259rbaycanda b\u00fct\u00fcn azadl\u0131qlar t\u0259min edilib. S\u0259rb\u0259st topla\u015fma azadl\u0131\u011f\u0131 t\u0259min edilib, \u0259halinin 75 faizi internet istifad\u0259\u00e7isidir. Biz geni\u015fzolaql\u0131 interneti \u00f6lk\u0259nin \u0259n ucqar n\u00f6qt\u0259l\u0259rin\u0259 bel\u0259 \u00e7\u0259kirik. Biz d\u0259rk edirik ki, m\u00fcasir idar\u0259\u00e7ilik, siyasi transformasiya olmasa, u\u011fura nail ola bilm\u0259rik.\n<\/p><\/p>\n","protected":false},"excerpt":{"rendered":"<p>&#8220;Yax\u0131n ill\u0259rd\u0259 qaz\u0131n ixracatda \u00e7\u0259kisi artacaq&#8221;<\/p>\n","protected":false},"author":11,"featured_media":23691,"comment_status":"closed","ping_status":"open","sticky":false,"template":"","format":"standard","meta":{"_acf_changed":false,"_sitemap_exclude":false,"_sitemap_priority":"","_sitemap_frequency":"","footnotes":""},"categories":[56],"tags":[],"class_list":["post-167777","post","type-post","status-publish","format-standard","has-post-thumbnail","hentry","category-xeberler","infinite-scroll-item","generate-columns","tablet-grid-50","mobile-grid-100","grid-parent","grid-33","no-featured-image-padding"],"acf":[],"yoast_head":"<!-- This site is optimized with the Yoast SEO plugin v28.4 - https:\/\/yoast.com\/product\/yoast-seo-wordpress\/ -->\n<title>\u0130lham \u018fliyev: Bu, bir \u00e7a\u011f\u0131r\u0131\u015fd\u0131r ki, b\u00fcdc\u0259ni konsolidasiya ed\u0259k, laz\u0131m olmayan x\u0259rcl\u0259ri azaldaq - MEYDAN.TV<\/title>\n<meta name=\"robots\" content=\"index, follow, max-snippet:-1, max-image-preview:large, max-video-preview:-1\" \/>\n<link rel=\"canonical\" href=\"https:\/\/www.meydan.tv\/az\/article\/ilham-eliyev-bu-bir-cagirisdir-ki-budceni-konsolidasiya-edek-lazim-olmayan-xercleri-azaldaq\/\" \/>\n<meta property=\"og:locale\" content=\"az_AZ\" \/>\n<meta property=\"og:type\" content=\"article\" \/>\n<meta property=\"og:title\" content=\"\u0130lham \u018fliyev: Bu, bir \u00e7a\u011f\u0131r\u0131\u015fd\u0131r ki, b\u00fcdc\u0259ni konsolidasiya ed\u0259k, laz\u0131m olmayan x\u0259rcl\u0259ri azaldaq - MEYDAN.TV\" \/>\n<meta property=\"og:description\" content=\"&quot;Yax\u0131n ill\u0259rd\u0259 qaz\u0131n ixracatda \u00e7\u0259kisi artacaq&quot;\" \/>\n<meta property=\"og:url\" content=\"https:\/\/www.meydan.tv\/az\/article\/ilham-eliyev-bu-bir-cagirisdir-ki-budceni-konsolidasiya-edek-lazim-olmayan-xercleri-azaldaq\/\" \/>\n<meta property=\"og:site_name\" content=\"MEYDAN.TV\" \/>\n<meta property=\"article:published_time\" content=\"2015-05-04T14:43:09+00:00\" \/>\n<meta property=\"og:image\" content=\"https:\/\/www.meydan.tv\/wp-content\/uploads\/8617.jpg\" \/>\n\t<meta property=\"og:image:width\" content=\"334\" \/>\n\t<meta property=\"og:image:height\" content=\"250\" \/>\n\t<meta property=\"og:image:type\" content=\"image\/jpeg\" \/>\n<meta name=\"twitter:card\" content=\"summary_large_image\" \/>\n<!-- \/ Yoast SEO plugin. -->","yoast_head_json":{"title":"\u0130lham \u018fliyev: Bu, bir \u00e7a\u011f\u0131r\u0131\u015fd\u0131r ki, b\u00fcdc\u0259ni konsolidasiya ed\u0259k, laz\u0131m olmayan x\u0259rcl\u0259ri azaldaq - MEYDAN.TV","robots":{"index":"index","follow":"follow","max-snippet":"max-snippet:-1","max-image-preview":"max-image-preview:large","max-video-preview":"max-video-preview:-1"},"canonical":"https:\/\/www.meydan.tv\/az\/article\/ilham-eliyev-bu-bir-cagirisdir-ki-budceni-konsolidasiya-edek-lazim-olmayan-xercleri-azaldaq\/","og_locale":"az_AZ","og_type":"article","og_title":"\u0130lham \u018fliyev: Bu, bir \u00e7a\u011f\u0131r\u0131\u015fd\u0131r ki, b\u00fcdc\u0259ni konsolidasiya ed\u0259k, laz\u0131m olmayan x\u0259rcl\u0259ri azaldaq - MEYDAN.TV","og_description":"\"Yax\u0131n ill\u0259rd\u0259 qaz\u0131n ixracatda \u00e7\u0259kisi artacaq\"","og_url":"https:\/\/www.meydan.tv\/az\/article\/ilham-eliyev-bu-bir-cagirisdir-ki-budceni-konsolidasiya-edek-lazim-olmayan-xercleri-azaldaq\/","og_site_name":"MEYDAN.TV","article_published_time":"2015-05-04T14:43:09+00:00","og_image":[{"width":334,"height":250,"url":"https:\/\/www.meydan.tv\/wp-content\/uploads\/8617.jpg","type":"image\/jpeg"}],"twitter_card":"summary_large_image","schema":{"@context":"https:\/\/schema.org","@graph":[{"@type":"Article","@id":"https:\/\/www.meydan.tv\/az\/article\/ilham-eliyev-bu-bir-cagirisdir-ki-budceni-konsolidasiya-edek-lazim-olmayan-xercleri-azaldaq\/#article","isPartOf":{"@id":"https:\/\/www.meydan.tv\/az\/article\/ilham-eliyev-bu-bir-cagirisdir-ki-budceni-konsolidasiya-edek-lazim-olmayan-xercleri-azaldaq\/"},"author":{"name":"user-manager","@id":"https:\/\/www.meydan.tv\/az\/#\/schema\/person\/10d11eccf6da3662cf5fdab9806ea91a"},"headline":"\u0130lham \u018fliyev: Bu, bir \u00e7a\u011f\u0131r\u0131\u015fd\u0131r ki, b\u00fcdc\u0259ni konsolidasiya ed\u0259k, laz\u0131m olmayan x\u0259rcl\u0259ri azaldaq","datePublished":"2015-05-04T14:43:09+00:00","mainEntityOfPage":{"@id":"https:\/\/www.meydan.tv\/az\/article\/ilham-eliyev-bu-bir-cagirisdir-ki-budceni-konsolidasiya-edek-lazim-olmayan-xercleri-azaldaq\/"},"wordCount":565,"publisher":{"@id":"https:\/\/www.meydan.tv\/az\/#organization"},"image":{"@id":"https:\/\/www.meydan.tv\/az\/article\/ilham-eliyev-bu-bir-cagirisdir-ki-budceni-konsolidasiya-edek-lazim-olmayan-xercleri-azaldaq\/#primaryimage"},"thumbnailUrl":"https:\/\/www.meydan.tv\/wp-content\/uploads\/8617.jpg","articleSection":["X\u0259b\u0259rl\u0259r"],"inLanguage":"az"},{"@type":"WebPage","@id":"https:\/\/www.meydan.tv\/az\/article\/ilham-eliyev-bu-bir-cagirisdir-ki-budceni-konsolidasiya-edek-lazim-olmayan-xercleri-azaldaq\/","url":"https:\/\/www.meydan.tv\/az\/article\/ilham-eliyev-bu-bir-cagirisdir-ki-budceni-konsolidasiya-edek-lazim-olmayan-xercleri-azaldaq\/","name":"\u0130lham \u018fliyev: Bu, bir \u00e7a\u011f\u0131r\u0131\u015fd\u0131r ki, b\u00fcdc\u0259ni konsolidasiya ed\u0259k, laz\u0131m olmayan x\u0259rcl\u0259ri azaldaq - MEYDAN.TV","isPartOf":{"@id":"https:\/\/www.meydan.tv\/az\/#website"},"primaryImageOfPage":{"@id":"https:\/\/www.meydan.tv\/az\/article\/ilham-eliyev-bu-bir-cagirisdir-ki-budceni-konsolidasiya-edek-lazim-olmayan-xercleri-azaldaq\/#primaryimage"},"image":{"@id":"https:\/\/www.meydan.tv\/az\/article\/ilham-eliyev-bu-bir-cagirisdir-ki-budceni-konsolidasiya-edek-lazim-olmayan-xercleri-azaldaq\/#primaryimage"},"thumbnailUrl":"https:\/\/www.meydan.tv\/wp-content\/uploads\/8617.jpg","datePublished":"2015-05-04T14:43:09+00:00","breadcrumb":{"@id":"https:\/\/www.meydan.tv\/az\/article\/ilham-eliyev-bu-bir-cagirisdir-ki-budceni-konsolidasiya-edek-lazim-olmayan-xercleri-azaldaq\/#breadcrumb"},"inLanguage":"az","potentialAction":[{"@type":"ReadAction","target":["https:\/\/www.meydan.tv\/az\/article\/ilham-eliyev-bu-bir-cagirisdir-ki-budceni-konsolidasiya-edek-lazim-olmayan-xercleri-azaldaq\/"]}]},{"@type":"ImageObject","inLanguage":"az","@id":"https:\/\/www.meydan.tv\/az\/article\/ilham-eliyev-bu-bir-cagirisdir-ki-budceni-konsolidasiya-edek-lazim-olmayan-xercleri-azaldaq\/#primaryimage","url":"https:\/\/www.meydan.tv\/wp-content\/uploads\/8617.jpg","contentUrl":"https:\/\/www.meydan.tv\/wp-content\/uploads\/8617.jpg","width":334,"height":250,"caption":"Source:"},{"@type":"BreadcrumbList","@id":"https:\/\/www.meydan.tv\/az\/article\/ilham-eliyev-bu-bir-cagirisdir-ki-budceni-konsolidasiya-edek-lazim-olmayan-xercleri-azaldaq\/#breadcrumb","itemListElement":[{"@type":"ListItem","position":1,"name":"Ana s\u0259hif\u0259","item":"https:\/\/www.meydan.tv\/az\/"},{"@type":"ListItem","position":2,"name":"X\u0259b\u0259rl\u0259r","item":"https:\/\/www.meydan.tv\/az\/section\/xeberler\/"},{"@type":"ListItem","position":3,"name":"\u0130lham \u018fliyev: Bu, bir \u00e7a\u011f\u0131r\u0131\u015fd\u0131r ki, b\u00fcdc\u0259ni konsolidasiya ed\u0259k, laz\u0131m olmayan x\u0259rcl\u0259ri azaldaq"}]},{"@type":"WebSite","@id":"https:\/\/www.meydan.tv\/az\/#website","url":"https:\/\/www.meydan.tv\/az\/","name":"MEYDAN.TV","description":"Meydan TV Az\u0259rbaycan\u0131n media m\u0259kan\u0131ndak\u0131 alternativ s\u0259sidir","publisher":{"@id":"https:\/\/www.meydan.tv\/az\/#organization"},"potentialAction":[{"@type":"SearchAction","target":{"@type":"EntryPoint","urlTemplate":"https:\/\/www.meydan.tv\/az\/?s={search_term_string}"},"query-input":{"@type":"PropertyValueSpecification","valueRequired":true,"valueName":"search_term_string"}}],"inLanguage":"az"},{"@type":"Organization","@id":"https:\/\/www.meydan.tv\/az\/#organization","name":"Meydan TV","url":"https:\/\/www.meydan.tv\/az\/","logo":{"@type":"ImageObject","inLanguage":"az","@id":"https:\/\/www.meydan.tv\/az\/#\/schema\/logo\/image\/","url":"https:\/\/www.meydan.tv\/wp-content\/uploads\/2021\/07\/meydan-logo.svg","contentUrl":"https:\/\/www.meydan.tv\/wp-content\/uploads\/2021\/07\/meydan-logo.svg","width":195,"height":46,"caption":"Meydan TV"},"image":{"@id":"https:\/\/www.meydan.tv\/az\/#\/schema\/logo\/image\/"}},{"@type":"Person","@id":"https:\/\/www.meydan.tv\/az\/#\/schema\/person\/10d11eccf6da3662cf5fdab9806ea91a","name":"user-manager"}]}},"_links":{"self":[{"href":"https:\/\/www.meydan.tv\/az\/wp-json\/wp\/v2\/posts\/167777","targetHints":{"allow":["GET"]}}],"collection":[{"href":"https:\/\/www.meydan.tv\/az\/wp-json\/wp\/v2\/posts"}],"about":[{"href":"https:\/\/www.meydan.tv\/az\/wp-json\/wp\/v2\/types\/post"}],"author":[{"embeddable":true,"href":"https:\/\/www.meydan.tv\/az\/wp-json\/wp\/v2\/users\/11"}],"replies":[{"embeddable":true,"href":"https:\/\/www.meydan.tv\/az\/wp-json\/wp\/v2\/comments?post=167777"}],"version-history":[{"count":0,"href":"https:\/\/www.meydan.tv\/az\/wp-json\/wp\/v2\/posts\/167777\/revisions"}],"wp:featuredmedia":[{"embeddable":true,"href":"https:\/\/www.meydan.tv\/az\/wp-json\/wp\/v2\/media\/23691"}],"wp:attachment":[{"href":"https:\/\/www.meydan.tv\/az\/wp-json\/wp\/v2\/media?parent=167777"}],"wp:term":[{"taxonomy":"category","embeddable":true,"href":"https:\/\/www.meydan.tv\/az\/wp-json\/wp\/v2\/categories?post=167777"},{"taxonomy":"post_tag","embeddable":true,"href":"https:\/\/www.meydan.tv\/az\/wp-json\/wp\/v2\/tags?post=167777"}],"curies":[{"name":"wp","href":"https:\/\/api.w.org\/{rel}","templated":true}]}}