{"id":167775,"date":"2015-05-04T13:58:35","date_gmt":"2015-05-04T13:58:35","guid":{"rendered":"https:\/\/www.meydan.tv\/article\/vurgun-eyyub-musavat-partiyasindan-cixarildi-yenilenib\/"},"modified":"2015-05-04T13:58:35","modified_gmt":"2015-05-04T13:58:35","slug":"vurgun-eyyub-musavat-partiyasindan-cixarildi-yenilenib","status":"publish","type":"post","link":"https:\/\/www.meydan.tv\/az\/article\/vurgun-eyyub-musavat-partiyasindan-cixarildi-yenilenib\/","title":{"rendered":"Vur\u011fun \u018fyyub M\u00fcsavat Partiyas\u0131ndan \u00e7\u0131xar\u0131ld\u0131 (yenil\u0259nib)"},"content":{"rendered":"<figure class=\"wp-block-image size-large\">\n  <img decoding=\"async\" src=\"https:\/\/www.meydan.tv\/az\/23667\/\" alt=\"\" class=\"wp-image-23667\"\/><figcaption><\/figcaption><\/figure>\n<figure class=\"wp-block-image size-large\">\n  <img decoding=\"async\" src=\"https:\/\/www.meydan.tv\/az\/23667\/\" alt=\"\" class=\"wp-image-23667\"\/><figcaption><\/figcaption><\/figure>\n<p>\n  <i><br \/>\n    12.01. Vur\u011fun \u018fyyub \u201cQafqazinfo\u201dya bildirib ki, \u00a0ona partiya s\u0131ralar\u0131ndan \u00e7\u0131xar\u0131lmaqla ba\u011fl\u0131 r\u0259smi m\u0259lumat verm\u0259yibl\u0259r: \u201c\u018fslind\u0259 burada g\u00f6zl\u0259nilm\u0259z bir q\u0259rar yoxdur. M\u0259ni M\u00fcsavat Partiyas\u0131ndan \u00e7\u0131xarma\u011fa \u00e7oxdan haz\u0131rla\u015f\u0131rd\u0131lar. Hesab edir\u0259m ki, bu q\u0259rar tamamil\u0259 nizamnam\u0259 t\u0259l\u0259bl\u0259rin\u0259 ziddir. \u00a0May\u0131n 2-si tarixind\u0259 mesaj ald\u0131m ki, ay\u0131n 3-d\u0259 saat 15:00-da \u00f6z\u0259yin iclas\u0131 olacaq. May\u0131n 2-d\u0259 m\u0259n t\u0259l\u0259b\u0259l\u0259riml\u0259 \u015f\u0259h\u0259rd\u0259n k\u0259narda idim. Fikirl\u0259\u015firdim ki, iclasa ged\u0259c\u0259m, ancaq s\u0259f\u0259rd\u0259n qay\u0131dandan sonra soyuqlam\u0131\u015fd\u0131m. \u00a0Ona g\u00f6r\u0259 d\u0259 ay\u0131n 3-d\u0259 saat 12:00- da mesaj yazd\u0131m ki, x\u0259st\u0259 oldu\u011fum \u00fc\u00e7\u00fcn iclasda i\u015ftirak ed\u0259 bilm\u0259y\u0259c\u0259m. M\u0259nim i\u015ftirak\u0131m olmadan v\u0259 iclaslara qat\u0131lmad\u0131\u011f\u0131m\u0131 b\u0259han\u0259 ed\u0259r\u0259k partiyadan \u00e7\u0131xarmaq nizamnam\u0259 t\u0259l\u0259bl\u0259rin\u0259 ziddir.<br \/>\n  <\/i>\n<\/p>\n<p><div><\/div>\n<\/p>\n<p><div>\n    <i><br \/>\n      \u00dczvl\u00fck haqq\u0131n\u0131n \u00f6d\u0259nilm\u0259m\u0259si m\u0259s\u0259l\u0259sin\u0259 g\u0259linc\u0259 is\u0259, \u0259vv\u0259la m\u0259nim M\u00fcsavat Partiyas\u0131 \u00fc\u00e7\u00fcn x\u0259rcl\u0259dikl\u0259yim q\u0259d\u0259r bu adamlar h\u0259yatlar\u0131 boyu \u00fczvl\u00fck haqq\u0131 verm\u0259yibl\u0259r. \u0130kincisi, \u0259g\u0259r \u00fczvl\u00fck haqqlar\u0131n\u0131n toplanmas\u0131 v\u0259 x\u0259rcl\u0259nm\u0259si bar\u0259d\u0259 partiyada hesabatl\u0131l\u0131q v\u0259 \u015f\u0259ffafl\u0131q yoxdursa, ora \u00fczvl\u00fck haqq\u0131 verm\u0259k niyy\u0259tind\u0259 d\u0259 deyil\u0259m. Bu, M\u00fcsavat Partiyas\u0131 r\u0259hb\u0259rliyini \u0259l\u0259 ke\u00e7irmi\u015f bir qrupun Vur\u011fun \u018fyyubdan intiqam almaq h\u0259v\u0259sind\u0259n ba\u015fqa bir \u015fey deyil\u201d.<br \/>\n    <\/i>\n  <\/div>\n<\/p>\n<p><div><\/div>\n<\/p>\n<p><div>\n    <i><br \/>\n      V. \u018fyyub qeyd edib ki, partiyadan \u00e7\u0131xar\u0131lma\u011f\u0131 il\u0259 ba\u011fl\u0131 he\u00e7 bir m\u00fcraci\u0259t etm\u0259y\u0259c\u0259k: \u201c\u00c7\u00fcnki partiyan\u0131n indiki r\u0259hb\u0259r strukturlar\u0131 qeyri- legitim \u015f\u0259kild\u0259 formala\u015f\u0131b v\u0259 sad\u0259c\u0259 olaraq partiyan\u0131n ba\u015f\u0131nda dayanan adamlar\u0131n sifari\u015fl\u0259rini yerin\u0259 yetirirl\u0259r. Bunlar\u0131n he\u00e7 birinin \u0259dal\u0259tli q\u0259rar ver\u0259c\u0259yin\u0259 inanm\u0131ram v\u0259 ona g\u00f6r\u0259 d\u0259 onlara m\u00fcraci\u0259t etm\u0259y\u0259c\u0259m\u201d.<br \/>\n    <\/i>\n  <\/div>\n<\/p>\n<p>\n  <i><br \/>\n    \u201cO, \u00f6z\u0259yin iclaslar\u0131na qat\u0131lmaqla ba\u011fl\u0131 \u00e7a\u011f\u0131r\u0131\u015flara m\u0259h\u0259l qoymay\u0131b, q\u0259rarlara tabe olmay\u0131b, \u00fczvl\u00fck haqq\u0131n\u0131 \u00f6d\u0259m\u0259yib&#8221;<br \/>\n  <\/i>\n<\/p>\n<p>\n  <a href=\"http:\/\/az.apa.az\/tag\/M%C3%BCsavat+Partiyas%C4%B1\"><br \/>\n    M\u00fcsavat Partiyas\u0131<br \/>\n  <\/a><br \/>\n  n\u0131n yerli t\u0259\u015fkilat\u0131 Vur\u011fun \u018fyyubun t\u0259\u015fkilat\u0131n s\u0131ralar\u0131ndan xaric edilm\u0259si bar\u0259d\u0259 q\u0259rar q\u0259bul edib.\n<\/p>\n<p>\n  <a href=\"http:\/\/az.apa.az\/tag\/M%C3%BCsavat+Partiyas%C4%B1\"><br \/>\n    M\u00fcsavat Partiyas\u0131<br \/>\n  <\/a><br \/>\n  n\u0131n Divan \u00fczv\u00fc v\u0259 Bin\u0259q\u0259di rayon t\u0259\u015fkilat\u0131n\u0131n ke\u00e7mi\u015f s\u0259dri Nem\u0259t K\u0259rimlinin<br \/>\n  <a href=\"https:\/\/apa.az\"><br \/>\n    APA<br \/>\n  <\/a><br \/>\n  -ya verdiyi m\u0259lumata g\u00f6r\u0259, bu g\u00fcn partiyan\u0131n Bin\u0259q\u0259di rayon t\u0259\u015fkilat\u0131n\u0131n 8 sayl\u0131 mikrorayon A \u00f6z\u0259yinin toplan\u0131s\u0131 ke\u00e7irilib.\n<\/p>\n<p>\n  N. K\u0259rimli deyib ki, toplant\u0131da Vur\u011fun \u018fyyubun \u00f6z\u0259yin iclaslar\u0131na qat\u0131lmad\u0131\u011f\u0131 m\u00fczakir\u0259 olunub: \u201cO, \u00f6z\u0259yin iclaslar\u0131na qat\u0131lmaqla ba\u011fl\u0131 \u00e7a\u011f\u0131r\u0131\u015flara m\u0259h\u0259l qoymay\u0131b, q\u0259rarlara tabe olmay\u0131b, \u00fczvl\u00fck haqq\u0131n\u0131 \u00f6d\u0259m\u0259yib. Buna g\u00f6r\u0259 d\u0259 \u00f6z\u0259k t\u0259\u015fkilat\u0131 onun partiyadan xaric edilm\u0259si il\u0259 ba\u011fl\u0131 q\u0259rar q\u0259bul edib\u201d.\n<\/p>\n<p>\n  N. K\u0259rimli onu da bildirib ki, q\u0259rar<br \/>\n  <a href=\"http:\/\/az.apa.az\/tag\/M%C3%BCsavat+Partiyas%C4%B1\"><br \/>\n    M\u00fcsavat Partiyas\u0131<br \/>\n  <\/a><br \/>\n  n\u0131n Bin\u0259q\u0259di rayon t\u0259\u015fkilat\u0131n\u0131n \u015euras\u0131 t\u0259r\u0259find\u0259n bax\u0131l\u0131b, t\u0259sdiq olunmal\u0131d\u0131r.\n<\/p>\n<p>\n  <a href=\"http:\/\/az.apa.az\/tag\/M%C3%BCsavat+Partiyas%C4%B1\"><br \/>\n    M\u00fcsavat Partiyas\u0131<br \/>\n  <\/a><br \/>\n  n\u0131n r\u0259hb\u0259r orqanlar\u0131nda t\u0259msil olunanlar is\u0259 bu bar\u0259d\u0259 dan\u0131\u015fmaq ist\u0259m\u0259yibl\u0259r.<\/p>\n","protected":false},"excerpt":{"rendered":"<p>\u201cO, \u00f6z\u0259yin iclaslar\u0131na qat\u0131lmaqla ba\u011fl\u0131 \u00e7a\u011f\u0131r\u0131\u015flara m\u0259h\u0259l qoymay\u0131b, q\u0259rarlara tabe olmay\u0131b, \u00fczvl\u00fck haqq\u0131n\u0131 \u00f6d\u0259m\u0259yib&#8221;<\/p>\n","protected":false},"author":11,"featured_media":23667,"comment_status":"closed","ping_status":"open","sticky":false,"template":"","format":"standard","meta":{"_acf_changed":false,"_sitemap_exclude":false,"_sitemap_priority":"","_sitemap_frequency":"","footnotes":""},"categories":[56],"tags":[],"class_list":["post-167775","post","type-post","status-publish","format-standard","has-post-thumbnail","hentry","category-xeberler","infinite-scroll-item","generate-columns","tablet-grid-50","mobile-grid-100","grid-parent","grid-33","no-featured-image-padding"],"acf":[],"yoast_head":"<!-- This site is optimized with the Yoast SEO plugin v28.4 - https:\/\/yoast.com\/product\/yoast-seo-wordpress\/ -->\n<title>Vur\u011fun \u018fyyub M\u00fcsavat Partiyas\u0131ndan \u00e7\u0131xar\u0131ld\u0131 (yenil\u0259nib) - MEYDAN.TV<\/title>\n<meta name=\"robots\" content=\"index, follow, max-snippet:-1, max-image-preview:large, max-video-preview:-1\" \/>\n<link rel=\"canonical\" href=\"https:\/\/www.meydan.tv\/az\/article\/vurgun-eyyub-musavat-partiyasindan-cixarildi-yenilenib\/\" \/>\n<meta property=\"og:locale\" content=\"az_AZ\" \/>\n<meta property=\"og:type\" content=\"article\" \/>\n<meta property=\"og:title\" content=\"Vur\u011fun \u018fyyub M\u00fcsavat Partiyas\u0131ndan \u00e7\u0131xar\u0131ld\u0131 (yenil\u0259nib) - MEYDAN.TV\" \/>\n<meta property=\"og:description\" content=\"\u201cO, \u00f6z\u0259yin iclaslar\u0131na qat\u0131lmaqla ba\u011fl\u0131 \u00e7a\u011f\u0131r\u0131\u015flara m\u0259h\u0259l qoymay\u0131b, q\u0259rarlara tabe olmay\u0131b, \u00fczvl\u00fck haqq\u0131n\u0131 \u00f6d\u0259m\u0259yib&quot;\" \/>\n<meta property=\"og:url\" content=\"https:\/\/www.meydan.tv\/az\/article\/vurgun-eyyub-musavat-partiyasindan-cixarildi-yenilenib\/\" \/>\n<meta property=\"og:site_name\" content=\"MEYDAN.TV\" \/>\n<meta property=\"article:published_time\" content=\"2015-05-04T13:58:35+00:00\" \/>\n<meta property=\"og:image\" content=\"https:\/\/www.meydan.tv\/wp-content\/uploads\/8610.jpg\" \/>\n\t<meta property=\"og:image:width\" content=\"398\" \/>\n\t<meta property=\"og:image:height\" content=\"333\" \/>\n\t<meta property=\"og:image:type\" content=\"image\/jpeg\" \/>\n<meta name=\"twitter:card\" content=\"summary_large_image\" \/>\n<!-- \/ Yoast SEO plugin. -->","yoast_head_json":{"title":"Vur\u011fun \u018fyyub M\u00fcsavat Partiyas\u0131ndan \u00e7\u0131xar\u0131ld\u0131 (yenil\u0259nib) - MEYDAN.TV","robots":{"index":"index","follow":"follow","max-snippet":"max-snippet:-1","max-image-preview":"max-image-preview:large","max-video-preview":"max-video-preview:-1"},"canonical":"https:\/\/www.meydan.tv\/az\/article\/vurgun-eyyub-musavat-partiyasindan-cixarildi-yenilenib\/","og_locale":"az_AZ","og_type":"article","og_title":"Vur\u011fun \u018fyyub M\u00fcsavat Partiyas\u0131ndan \u00e7\u0131xar\u0131ld\u0131 (yenil\u0259nib) - MEYDAN.TV","og_description":"\u201cO, \u00f6z\u0259yin iclaslar\u0131na qat\u0131lmaqla ba\u011fl\u0131 \u00e7a\u011f\u0131r\u0131\u015flara m\u0259h\u0259l qoymay\u0131b, q\u0259rarlara tabe olmay\u0131b, \u00fczvl\u00fck haqq\u0131n\u0131 \u00f6d\u0259m\u0259yib\"","og_url":"https:\/\/www.meydan.tv\/az\/article\/vurgun-eyyub-musavat-partiyasindan-cixarildi-yenilenib\/","og_site_name":"MEYDAN.TV","article_published_time":"2015-05-04T13:58:35+00:00","og_image":[{"width":398,"height":333,"url":"https:\/\/www.meydan.tv\/wp-content\/uploads\/8610.jpg","type":"image\/jpeg"}],"twitter_card":"summary_large_image","schema":{"@context":"https:\/\/schema.org","@graph":[{"@type":"Article","@id":"https:\/\/www.meydan.tv\/az\/article\/vurgun-eyyub-musavat-partiyasindan-cixarildi-yenilenib\/#article","isPartOf":{"@id":"https:\/\/www.meydan.tv\/az\/article\/vurgun-eyyub-musavat-partiyasindan-cixarildi-yenilenib\/"},"author":{"name":"user-manager","@id":"https:\/\/www.meydan.tv\/az\/#\/schema\/person\/10d11eccf6da3662cf5fdab9806ea91a"},"headline":"Vur\u011fun \u018fyyub M\u00fcsavat Partiyas\u0131ndan \u00e7\u0131xar\u0131ld\u0131 (yenil\u0259nib)","datePublished":"2015-05-04T13:58:35+00:00","mainEntityOfPage":{"@id":"https:\/\/www.meydan.tv\/az\/article\/vurgun-eyyub-musavat-partiyasindan-cixarildi-yenilenib\/"},"wordCount":588,"publisher":{"@id":"https:\/\/www.meydan.tv\/az\/#organization"},"image":{"@id":"https:\/\/www.meydan.tv\/az\/article\/vurgun-eyyub-musavat-partiyasindan-cixarildi-yenilenib\/#primaryimage"},"thumbnailUrl":"https:\/\/www.meydan.tv\/wp-content\/uploads\/8610.jpg","articleSection":["X\u0259b\u0259rl\u0259r"],"inLanguage":"az"},{"@type":"WebPage","@id":"https:\/\/www.meydan.tv\/az\/article\/vurgun-eyyub-musavat-partiyasindan-cixarildi-yenilenib\/","url":"https:\/\/www.meydan.tv\/az\/article\/vurgun-eyyub-musavat-partiyasindan-cixarildi-yenilenib\/","name":"Vur\u011fun \u018fyyub M\u00fcsavat Partiyas\u0131ndan \u00e7\u0131xar\u0131ld\u0131 (yenil\u0259nib) - MEYDAN.TV","isPartOf":{"@id":"https:\/\/www.meydan.tv\/az\/#website"},"primaryImageOfPage":{"@id":"https:\/\/www.meydan.tv\/az\/article\/vurgun-eyyub-musavat-partiyasindan-cixarildi-yenilenib\/#primaryimage"},"image":{"@id":"https:\/\/www.meydan.tv\/az\/article\/vurgun-eyyub-musavat-partiyasindan-cixarildi-yenilenib\/#primaryimage"},"thumbnailUrl":"https:\/\/www.meydan.tv\/wp-content\/uploads\/8610.jpg","datePublished":"2015-05-04T13:58:35+00:00","breadcrumb":{"@id":"https:\/\/www.meydan.tv\/az\/article\/vurgun-eyyub-musavat-partiyasindan-cixarildi-yenilenib\/#breadcrumb"},"inLanguage":"az","potentialAction":[{"@type":"ReadAction","target":["https:\/\/www.meydan.tv\/az\/article\/vurgun-eyyub-musavat-partiyasindan-cixarildi-yenilenib\/"]}]},{"@type":"ImageObject","inLanguage":"az","@id":"https:\/\/www.meydan.tv\/az\/article\/vurgun-eyyub-musavat-partiyasindan-cixarildi-yenilenib\/#primaryimage","url":"https:\/\/www.meydan.tv\/wp-content\/uploads\/8610.jpg","contentUrl":"https:\/\/www.meydan.tv\/wp-content\/uploads\/8610.jpg","width":398,"height":333,"caption":"Source:"},{"@type":"BreadcrumbList","@id":"https:\/\/www.meydan.tv\/az\/article\/vurgun-eyyub-musavat-partiyasindan-cixarildi-yenilenib\/#breadcrumb","itemListElement":[{"@type":"ListItem","position":1,"name":"Ana s\u0259hif\u0259","item":"https:\/\/www.meydan.tv\/az\/"},{"@type":"ListItem","position":2,"name":"X\u0259b\u0259rl\u0259r","item":"https:\/\/www.meydan.tv\/az\/section\/xeberler\/"},{"@type":"ListItem","position":3,"name":"Vur\u011fun \u018fyyub M\u00fcsavat Partiyas\u0131ndan \u00e7\u0131xar\u0131ld\u0131 (yenil\u0259nib)"}]},{"@type":"WebSite","@id":"https:\/\/www.meydan.tv\/az\/#website","url":"https:\/\/www.meydan.tv\/az\/","name":"MEYDAN.TV","description":"Meydan TV Az\u0259rbaycan\u0131n media m\u0259kan\u0131ndak\u0131 alternativ s\u0259sidir","publisher":{"@id":"https:\/\/www.meydan.tv\/az\/#organization"},"potentialAction":[{"@type":"SearchAction","target":{"@type":"EntryPoint","urlTemplate":"https:\/\/www.meydan.tv\/az\/?s={search_term_string}"},"query-input":{"@type":"PropertyValueSpecification","valueRequired":true,"valueName":"search_term_string"}}],"inLanguage":"az"},{"@type":"Organization","@id":"https:\/\/www.meydan.tv\/az\/#organization","name":"Meydan TV","url":"https:\/\/www.meydan.tv\/az\/","logo":{"@type":"ImageObject","inLanguage":"az","@id":"https:\/\/www.meydan.tv\/az\/#\/schema\/logo\/image\/","url":"https:\/\/www.meydan.tv\/wp-content\/uploads\/2021\/07\/meydan-logo.svg","contentUrl":"https:\/\/www.meydan.tv\/wp-content\/uploads\/2021\/07\/meydan-logo.svg","width":195,"height":46,"caption":"Meydan TV"},"image":{"@id":"https:\/\/www.meydan.tv\/az\/#\/schema\/logo\/image\/"}},{"@type":"Person","@id":"https:\/\/www.meydan.tv\/az\/#\/schema\/person\/10d11eccf6da3662cf5fdab9806ea91a","name":"user-manager"}]}},"_links":{"self":[{"href":"https:\/\/www.meydan.tv\/az\/wp-json\/wp\/v2\/posts\/167775","targetHints":{"allow":["GET"]}}],"collection":[{"href":"https:\/\/www.meydan.tv\/az\/wp-json\/wp\/v2\/posts"}],"about":[{"href":"https:\/\/www.meydan.tv\/az\/wp-json\/wp\/v2\/types\/post"}],"author":[{"embeddable":true,"href":"https:\/\/www.meydan.tv\/az\/wp-json\/wp\/v2\/users\/11"}],"replies":[{"embeddable":true,"href":"https:\/\/www.meydan.tv\/az\/wp-json\/wp\/v2\/comments?post=167775"}],"version-history":[{"count":0,"href":"https:\/\/www.meydan.tv\/az\/wp-json\/wp\/v2\/posts\/167775\/revisions"}],"wp:featuredmedia":[{"embeddable":true,"href":"https:\/\/www.meydan.tv\/az\/wp-json\/wp\/v2\/media\/23667"}],"wp:attachment":[{"href":"https:\/\/www.meydan.tv\/az\/wp-json\/wp\/v2\/media?parent=167775"}],"wp:term":[{"taxonomy":"category","embeddable":true,"href":"https:\/\/www.meydan.tv\/az\/wp-json\/wp\/v2\/categories?post=167775"},{"taxonomy":"post_tag","embeddable":true,"href":"https:\/\/www.meydan.tv\/az\/wp-json\/wp\/v2\/tags?post=167775"}],"curies":[{"name":"wp","href":"https:\/\/api.w.org\/{rel}","templated":true}]}}