{"id":167774,"date":"2015-05-04T13:48:42","date_gmt":"2015-05-04T13:48:42","guid":{"rendered":"https:\/\/www.meydan.tv\/article\/adil-qeybulla-da-musavat-partiyasindan-istefa-verdi\/"},"modified":"2015-05-04T13:48:42","modified_gmt":"2015-05-04T13:48:42","slug":"adil-qeybulla-da-musavat-partiyasindan-istefa-verdi","status":"publish","type":"post","link":"https:\/\/www.meydan.tv\/az\/article\/adil-qeybulla-da-musavat-partiyasindan-istefa-verdi\/","title":{"rendered":"Adil Qeybulla da M\u00fcsavat Partiyas\u0131ndan istefa verdi"},"content":{"rendered":"<figure class=\"wp-block-image size-large\">\n  <img decoding=\"async\" src=\"https:\/\/www.meydan.tv\/az\/23686\/\" alt=\"\" class=\"wp-image-23686\"\/><figcaption><\/figcaption><\/figure>\n<figure class=\"wp-block-image size-large\">\n  <img decoding=\"async\" src=\"https:\/\/www.meydan.tv\/az\/23686\/\" alt=\"\" class=\"wp-image-23686\"\/><figcaption><\/figcaption><\/figure>\n<p>\n  <i><br \/>\n    &#8220;Ba\u015f ver\u0259nl\u0259r partiya daxilind\u0259 \u00e7oxdan ba\u015flanm\u0131\u015f t\u0259friq\u0259\u00e7ilik v\u0259 b\u00f6l\u00fcc\u00fcl\u00fck siyas\u0259ti m\u0259ntiqi sonlu\u011funa \u00e7atd\u0131&#8221;<br \/>\n  <\/i>\n<\/p>\n<p>\n  Bu bar\u0259d\u0259 professor Adil Qeybulla \u00f6z\u00fc Meydan TV-y\u0259 a\u00e7\u0131qlama verib. Onun \u0259m\u0259kda\u015f\u0131m\u0131za g\u00f6nd\u0259rdiyi b\u0259yanat\u0131nda bildirilib ki, mili-azadl\u0131q h\u0259r\u0259kat\u0131n\u0131n r\u00fc\u015feyml\u0259rind\u0259n olan \u00c7\u0259nlibel h\u0259r\u0259kat\u0131n\u0131n v\u0259 M\u00fcsavat\u0131n\u0131n qurucular\u0131ndan, liderl\u0259rind\u0259n biri, partiyan\u0131nB\u0259rpa M\u0259rk\u0259zinin \u00fczv\u00fc Vur\u011fun \u018fyyub absurd ittihamlarla partiyadan \u00e7\u0131xar\u0131l\u0131b: &#8220;\u018fslind\u0259 ba\u015f ver\u0259nl\u0259r partiya daxilind\u0259 \u00e7oxdan ba\u015flanm\u0131\u015f t\u0259friq\u0259\u00e7ilik v\u0259 b\u00f6l\u00fcc\u00fcl\u00fck siyas\u0259ti m\u0259ntiqi sonlu\u011funa \u00e7atd\u0131&#8221;.\n<\/p>\n<p>\n  &#8220;Bu g\u00fcn qeyri-qanuni \u00fcsullarla partiya r\u0259hb\u0259rliyini \u0259l\u0259 ke\u00e7irmi\u015f m\u0259hdud bir qrup m\u00fcsavat\u00e7\u0131l\u0131\u011f\u0131n mahiyy\u0259ti il\u0259 daban-dabana zidd olan avtoritar v\u0259 aqressiv davran\u0131\u015f n\u00fcmayi\u015f etdirir. Bu c\u00fcr davran\u0131\u015f b\u00f6y\u00fck R\u0259sulzad\u0259nin v\u0259 l\u0259yaq\u0259t etalonu olan s\u0131ravi m\u00fcsavat\u00e7\u0131lar\u0131n ruhuna h\u0259qar\u0259tdir. M\u00fcsavat\u0131n genomunu t\u0259\u015fkil ed\u0259n \u0259dal\u0259t v\u0259 m\u0259rh\u0259m\u0259t prinsipl\u0259ri bu g\u00fcn onun ad\u0131n\u0131 da\u015f\u0131yan partiyada ayaqlar alt\u0131na at\u0131l\u0131b. M\u00fcsavat\u00e7\u0131l\u0131q ruhuna avtoritarl\u0131q hopa bilm\u0259z. \u018fg\u0259r hopubsa, o partiyan\u0131n yaln\u0131z quru ad\u0131 M\u00fcsavat ola bil\u0259r. M\u00fcsavat\u00e7\u0131l\u0131q M\u00fcsavat partiyas\u0131ndan qat-qat geni\u015f anlay\u0131\u015fd\u0131r. \u018fslind\u0259, m\u0259nim qurultaydan bir m\u00fcdd\u0259t \u00f6nc\u0259 partiyadan getm\u0259yim b\u00fct\u00fcn bunlarla ba\u011fl\u0131 idi. Amma o vaxt bu naqislikl\u0259r ictimail\u0259\u015fm\u0259diyind\u0259n istefama yana\u015fmalar f\u0259rqli idi. Qay\u0131td\u0131m, \u00fcmid etdim ki, qurultaydan sonra yeni m\u00fct\u0259r\u0259qqi f\u0259aliyy\u0259t istiqam\u0259tinin \u0259sas\u0131 qoyular. Lakin apar\u0131lan yanl\u0131\u015f x\u0259tt, t\u0259\u0259ss\u00fcf ki, qurultay vasit\u0259sil\u0259 r\u0259smil\u0259\u015fdirildi&#8221;,-dey\u0259 b\u0259yanatda bildirilir. .\n<\/p>\n<p>\n  B\u0259yanat bu fikirl\u0259rl\u0259 yekunla\u015f\u0131r: &#8220;Partiyan\u0131 i\u015f\u011fal etmi\u015f m\u0259hdud bir qrupun apard\u0131\u011f\u0131 yanl\u0131\u015f siyas\u0259t\u0259 v\u0259 t\u0259\u015fkilatda yaratd\u0131\u011f\u0131 c\u0131l\u0131z qisas\u00e7\u0131l\u0131q, avtoritarl\u0131q f\u0259aliyy\u0259tin\u0259 \u015f\u0259rik olmaq niyy\u0259tim olmad\u0131\u011f\u0131ndan partiya s\u0131ralar\u0131ndan istefa verdiyimi b\u0259yan edir\u0259m. Yolumuz milli d\u00f6vl\u0259t\u00e7ilik yoludur\u201d.<\/p>\n","protected":false},"excerpt":{"rendered":"<p>&#8220;Ba\u015f ver\u0259nl\u0259r partiya daxilind\u0259 \u00e7oxdan ba\u015flanm\u0131\u015f t\u0259friq\u0259\u00e7ilik v\u0259 b\u00f6l\u00fcc\u00fcl\u00fck siyas\u0259ti m\u0259ntiqi sonlu\u011funa \u00e7atd\u0131&#8221;<\/p>\n","protected":false},"author":11,"featured_media":23686,"comment_status":"closed","ping_status":"open","sticky":false,"template":"","format":"standard","meta":{"_acf_changed":false,"_sitemap_exclude":false,"_sitemap_priority":"","_sitemap_frequency":"","footnotes":""},"categories":[56],"tags":[],"class_list":["post-167774","post","type-post","status-publish","format-standard","has-post-thumbnail","hentry","category-xeberler","infinite-scroll-item","generate-columns","tablet-grid-50","mobile-grid-100","grid-parent","grid-33","no-featured-image-padding"],"acf":[],"yoast_head":"<!-- This site is optimized with the Yoast SEO plugin v28.4 - https:\/\/yoast.com\/product\/yoast-seo-wordpress\/ -->\n<title>Adil Qeybulla da M\u00fcsavat Partiyas\u0131ndan istefa verdi - MEYDAN.TV<\/title>\n<meta name=\"robots\" content=\"index, follow, max-snippet:-1, max-image-preview:large, max-video-preview:-1\" \/>\n<link rel=\"canonical\" href=\"https:\/\/www.meydan.tv\/az\/article\/adil-qeybulla-da-musavat-partiyasindan-istefa-verdi\/\" \/>\n<meta property=\"og:locale\" content=\"az_AZ\" \/>\n<meta property=\"og:type\" content=\"article\" \/>\n<meta property=\"og:title\" content=\"Adil Qeybulla da M\u00fcsavat Partiyas\u0131ndan istefa verdi - MEYDAN.TV\" \/>\n<meta property=\"og:description\" content=\"&quot;Ba\u015f ver\u0259nl\u0259r partiya daxilind\u0259 \u00e7oxdan ba\u015flanm\u0131\u015f t\u0259friq\u0259\u00e7ilik v\u0259 b\u00f6l\u00fcc\u00fcl\u00fck siyas\u0259ti m\u0259ntiqi sonlu\u011funa \u00e7atd\u0131&quot;\" \/>\n<meta property=\"og:url\" content=\"https:\/\/www.meydan.tv\/az\/article\/adil-qeybulla-da-musavat-partiyasindan-istefa-verdi\/\" \/>\n<meta property=\"og:site_name\" content=\"MEYDAN.TV\" \/>\n<meta property=\"article:published_time\" content=\"2015-05-04T13:48:42+00:00\" \/>\n<meta property=\"og:image\" content=\"https:\/\/www.meydan.tv\/wp-content\/uploads\/8614.jpg\" \/>\n\t<meta property=\"og:image:width\" content=\"367\" \/>\n\t<meta property=\"og:image:height\" content=\"275\" \/>\n\t<meta property=\"og:image:type\" content=\"image\/jpeg\" \/>\n<meta name=\"twitter:card\" content=\"summary_large_image\" \/>\n<!-- \/ Yoast SEO plugin. -->","yoast_head_json":{"title":"Adil Qeybulla da M\u00fcsavat Partiyas\u0131ndan istefa verdi - MEYDAN.TV","robots":{"index":"index","follow":"follow","max-snippet":"max-snippet:-1","max-image-preview":"max-image-preview:large","max-video-preview":"max-video-preview:-1"},"canonical":"https:\/\/www.meydan.tv\/az\/article\/adil-qeybulla-da-musavat-partiyasindan-istefa-verdi\/","og_locale":"az_AZ","og_type":"article","og_title":"Adil Qeybulla da M\u00fcsavat Partiyas\u0131ndan istefa verdi - MEYDAN.TV","og_description":"\"Ba\u015f ver\u0259nl\u0259r partiya daxilind\u0259 \u00e7oxdan ba\u015flanm\u0131\u015f t\u0259friq\u0259\u00e7ilik v\u0259 b\u00f6l\u00fcc\u00fcl\u00fck siyas\u0259ti m\u0259ntiqi sonlu\u011funa \u00e7atd\u0131\"","og_url":"https:\/\/www.meydan.tv\/az\/article\/adil-qeybulla-da-musavat-partiyasindan-istefa-verdi\/","og_site_name":"MEYDAN.TV","article_published_time":"2015-05-04T13:48:42+00:00","og_image":[{"width":367,"height":275,"url":"https:\/\/www.meydan.tv\/wp-content\/uploads\/8614.jpg","type":"image\/jpeg"}],"twitter_card":"summary_large_image","schema":{"@context":"https:\/\/schema.org","@graph":[{"@type":"Article","@id":"https:\/\/www.meydan.tv\/az\/article\/adil-qeybulla-da-musavat-partiyasindan-istefa-verdi\/#article","isPartOf":{"@id":"https:\/\/www.meydan.tv\/az\/article\/adil-qeybulla-da-musavat-partiyasindan-istefa-verdi\/"},"author":{"name":"user-manager","@id":"https:\/\/www.meydan.tv\/az\/#\/schema\/person\/10d11eccf6da3662cf5fdab9806ea91a"},"headline":"Adil Qeybulla da M\u00fcsavat Partiyas\u0131ndan istefa verdi","datePublished":"2015-05-04T13:48:42+00:00","mainEntityOfPage":{"@id":"https:\/\/www.meydan.tv\/az\/article\/adil-qeybulla-da-musavat-partiyasindan-istefa-verdi\/"},"wordCount":391,"publisher":{"@id":"https:\/\/www.meydan.tv\/az\/#organization"},"image":{"@id":"https:\/\/www.meydan.tv\/az\/article\/adil-qeybulla-da-musavat-partiyasindan-istefa-verdi\/#primaryimage"},"thumbnailUrl":"https:\/\/www.meydan.tv\/wp-content\/uploads\/8614.jpg","articleSection":["X\u0259b\u0259rl\u0259r"],"inLanguage":"az"},{"@type":"WebPage","@id":"https:\/\/www.meydan.tv\/az\/article\/adil-qeybulla-da-musavat-partiyasindan-istefa-verdi\/","url":"https:\/\/www.meydan.tv\/az\/article\/adil-qeybulla-da-musavat-partiyasindan-istefa-verdi\/","name":"Adil Qeybulla da M\u00fcsavat Partiyas\u0131ndan istefa verdi - MEYDAN.TV","isPartOf":{"@id":"https:\/\/www.meydan.tv\/az\/#website"},"primaryImageOfPage":{"@id":"https:\/\/www.meydan.tv\/az\/article\/adil-qeybulla-da-musavat-partiyasindan-istefa-verdi\/#primaryimage"},"image":{"@id":"https:\/\/www.meydan.tv\/az\/article\/adil-qeybulla-da-musavat-partiyasindan-istefa-verdi\/#primaryimage"},"thumbnailUrl":"https:\/\/www.meydan.tv\/wp-content\/uploads\/8614.jpg","datePublished":"2015-05-04T13:48:42+00:00","breadcrumb":{"@id":"https:\/\/www.meydan.tv\/az\/article\/adil-qeybulla-da-musavat-partiyasindan-istefa-verdi\/#breadcrumb"},"inLanguage":"az","potentialAction":[{"@type":"ReadAction","target":["https:\/\/www.meydan.tv\/az\/article\/adil-qeybulla-da-musavat-partiyasindan-istefa-verdi\/"]}]},{"@type":"ImageObject","inLanguage":"az","@id":"https:\/\/www.meydan.tv\/az\/article\/adil-qeybulla-da-musavat-partiyasindan-istefa-verdi\/#primaryimage","url":"https:\/\/www.meydan.tv\/wp-content\/uploads\/8614.jpg","contentUrl":"https:\/\/www.meydan.tv\/wp-content\/uploads\/8614.jpg","width":367,"height":275,"caption":"Source:"},{"@type":"BreadcrumbList","@id":"https:\/\/www.meydan.tv\/az\/article\/adil-qeybulla-da-musavat-partiyasindan-istefa-verdi\/#breadcrumb","itemListElement":[{"@type":"ListItem","position":1,"name":"Ana s\u0259hif\u0259","item":"https:\/\/www.meydan.tv\/az\/"},{"@type":"ListItem","position":2,"name":"X\u0259b\u0259rl\u0259r","item":"https:\/\/www.meydan.tv\/az\/section\/xeberler\/"},{"@type":"ListItem","position":3,"name":"Adil Qeybulla da M\u00fcsavat Partiyas\u0131ndan istefa verdi"}]},{"@type":"WebSite","@id":"https:\/\/www.meydan.tv\/az\/#website","url":"https:\/\/www.meydan.tv\/az\/","name":"MEYDAN.TV","description":"Meydan TV Az\u0259rbaycan\u0131n media m\u0259kan\u0131ndak\u0131 alternativ s\u0259sidir","publisher":{"@id":"https:\/\/www.meydan.tv\/az\/#organization"},"potentialAction":[{"@type":"SearchAction","target":{"@type":"EntryPoint","urlTemplate":"https:\/\/www.meydan.tv\/az\/?s={search_term_string}"},"query-input":{"@type":"PropertyValueSpecification","valueRequired":true,"valueName":"search_term_string"}}],"inLanguage":"az"},{"@type":"Organization","@id":"https:\/\/www.meydan.tv\/az\/#organization","name":"Meydan TV","url":"https:\/\/www.meydan.tv\/az\/","logo":{"@type":"ImageObject","inLanguage":"az","@id":"https:\/\/www.meydan.tv\/az\/#\/schema\/logo\/image\/","url":"https:\/\/www.meydan.tv\/wp-content\/uploads\/2021\/07\/meydan-logo.svg","contentUrl":"https:\/\/www.meydan.tv\/wp-content\/uploads\/2021\/07\/meydan-logo.svg","width":195,"height":46,"caption":"Meydan TV"},"image":{"@id":"https:\/\/www.meydan.tv\/az\/#\/schema\/logo\/image\/"}},{"@type":"Person","@id":"https:\/\/www.meydan.tv\/az\/#\/schema\/person\/10d11eccf6da3662cf5fdab9806ea91a","name":"user-manager"}]}},"_links":{"self":[{"href":"https:\/\/www.meydan.tv\/az\/wp-json\/wp\/v2\/posts\/167774","targetHints":{"allow":["GET"]}}],"collection":[{"href":"https:\/\/www.meydan.tv\/az\/wp-json\/wp\/v2\/posts"}],"about":[{"href":"https:\/\/www.meydan.tv\/az\/wp-json\/wp\/v2\/types\/post"}],"author":[{"embeddable":true,"href":"https:\/\/www.meydan.tv\/az\/wp-json\/wp\/v2\/users\/11"}],"replies":[{"embeddable":true,"href":"https:\/\/www.meydan.tv\/az\/wp-json\/wp\/v2\/comments?post=167774"}],"version-history":[{"count":0,"href":"https:\/\/www.meydan.tv\/az\/wp-json\/wp\/v2\/posts\/167774\/revisions"}],"wp:featuredmedia":[{"embeddable":true,"href":"https:\/\/www.meydan.tv\/az\/wp-json\/wp\/v2\/media\/23686"}],"wp:attachment":[{"href":"https:\/\/www.meydan.tv\/az\/wp-json\/wp\/v2\/media?parent=167774"}],"wp:term":[{"taxonomy":"category","embeddable":true,"href":"https:\/\/www.meydan.tv\/az\/wp-json\/wp\/v2\/categories?post=167774"},{"taxonomy":"post_tag","embeddable":true,"href":"https:\/\/www.meydan.tv\/az\/wp-json\/wp\/v2\/tags?post=167774"}],"curies":[{"name":"wp","href":"https:\/\/api.w.org\/{rel}","templated":true}]}}