{"id":167772,"date":"2015-05-03T21:49:51","date_gmt":"2015-05-03T21:49:51","guid":{"rendered":"https:\/\/www.meydan.tv\/article\/sparqalkalarinizi-tezeleyin-cenablar\/"},"modified":"2015-05-03T21:49:51","modified_gmt":"2015-05-03T21:49:51","slug":"sparqalkalarinizi-tezeleyin-cenablar","status":"publish","type":"post","link":"https:\/\/www.meydan.tv\/az\/article\/sparqalkalarinizi-tezeleyin-cenablar\/","title":{"rendered":"&#8220;\u015eparqalkalar\u0131n\u0131z\u0131&#8221; t\u0259z\u0259l\u0259yin, c\u0259nablar!.."},"content":{"rendered":"<figure class=\"wp-block-image size-large\">\n  <img decoding=\"async\" src=\"https:\/\/www.meydan.tv\/az\/23652\/\" alt=\"\" class=\"wp-image-23652\"\/><figcaption><\/figcaption><\/figure>\n<figure class=\"wp-block-image size-large\">\n  <img decoding=\"async\" src=\"https:\/\/www.meydan.tv\/az\/23652\/\" alt=\"\" class=\"wp-image-23652\"\/><figcaption><\/figcaption><\/figure>\n<p>\n  <i><br \/>\n    Con Kerrinin &#8220;Konqresd\u0259ki ofisi&#8221; art\u0131q yoxdur&#8230;<br \/>\n  <\/i>\n<\/p>\n<p>\n  Bir ne\u00e7\u0259 g\u00fcnd\u00fcr hakimiyy\u0259tin n\u0259zar\u0259tind\u0259 olan media I Avropa Oyunlar\u0131 \u0259r\u0259f\u0259sind\u0259 Az\u0259rbaycana qar\u015f\u0131 &#8220;hans\u0131sa kampaniyadan&#8221; s\u00f6hb\u0259t a\u00e7\u0131r v\u0259 &#8220;prosesin&#8221; d\u00f6vl\u0259t katibi John Kerrynin &#8220;Konqresd\u0259ki ofisind\u0259n&#8221; idar\u0259 olundu\u011funu d\u00f6n\u0259-d\u00f6n\u0259 vur\u011fulay\u0131rlar.\n<\/p>\n<p>\n  Kerrynin &#8220;Konqresd\u0259ki ofisi&#8221; dey\u0259nd\u0259 s\u00f6zs\u00fcz ki, AB\u015e d\u00f6vl\u0259t katibinin vaxtil\u0259 Senat\u0131n Xarici \u018flaq\u0259l\u0259r Komit\u0259sin\u0259 r\u0259hb\u0259rlik etdiyin\u0259 eyram vurulur. D\u00f6vl\u0259t katibi Con Kerry 2009-2013-c\u00fc ill\u0259rd\u0259 Senat\u0131n Xarici \u018flaq\u0259l\u0259r Kom\u0259sinin r\u0259hb\u0259ri olub. H\u0259m\u00e7inin Kerrinin vaxtil\u0259 (y\u0259qin ki, el\u0259 indi d\u0259) erm\u0259nip\u0259r\u0259st m\u00f6vqed\u0259 olmas\u0131 yenilik deyil. O, do\u011frudan da, 1990-c\u0131 il 20 yanvar faci\u0259si \u0259r\u0259f\u0259sind\u0259 Bak\u0131da erm\u0259nil\u0259rin g\u00fcya k\u00fctl\u0259vi q\u0131r\u011f\u0131n\u0131 il\u0259 ba\u011fl\u0131 Qorba\u00e7ova m\u00fcraci\u0259t ed\u0259n senatorlardan biridir. H\u0259m\u00e7inin 1992-c\u00fc ild\u0259 Az\u0259rbaycana yard\u0131mlar\u0131 qada\u011fan ed\u0259n 907-ci d\u00fcz\u0259li\u015fin t\u0259\u015f\u0259bb\u00fcskarlar\u0131ndan biri d\u0259 Con Kerri idi. Sonrak\u0131 ill\u0259rd\u0259 d\u0259 Kerrinin erm\u0259ni lobbisinin m\u00f6vqeyini ifad\u0259 ed\u0259n \u00e7oxsayl\u0131 \u00e7\u0131x\u0131\u015flar\u0131 v\u0259 \u00e7a\u011f\u0131r\u0131\u015flar\u0131 olub.\n<\/p>\n<p>\n  Amma maraql\u0131d\u0131r ki, Az\u0259rbaycan hakimiyy\u0259tinin t\u0259msil\u00e7il\u0259ri v\u0259 hakimiyy\u0259t\u0259 xidm\u0259t ed\u0259n media Kerri d\u00f6vl\u0259t katibi postuna potensial namiz\u0259d olanda v\u0259 bu posta t\u0259yin olunanda n\u0259d\u0259ns\u0259 b\u00fct\u00fcn bunlar bar\u0259d\u0259 susublar. \u018fslind\u0259 Kerrinin zaman\u0131nda Az\u0259rbaycan hakimiyy\u0259tin\u0259 qar\u015f\u0131 hans\u0131sa add\u0131m at\u0131ld\u0131\u011f\u0131 bar\u0259d\u0259 fakt da yoxdur. \u018fksin\u0259 D\u00f6vl\u0259t Departamentind\u0259 Az\u0259rbaycan hakimiyy\u0259tini daim t\u0259nqid ed\u0259n, d\u00f6vl\u0259t katibinin k\u00f6m\u0259k\u00e7isinin muavini, Az\u0259rbaycan medias\u0131na yax\u015f\u0131 tan\u0131\u015f olan Tomas Melia t\u0259xmin\u0259n bir ay \u00f6nc\u0259 v\u0259zif\u0259sind\u0259n k\u0259narla\u015fd\u0131r\u0131l\u0131b&#8230;\n<\/p>\n<p>\n  \u0130ndi is\u0259 Kerrinin &#8220;Konqresd\u0259ki ofisin\u0259&#8221; n\u0259z\u0259r salaq. 2013-c\u00fc ild\u0259 Kerrid\u0259n sonra bu v\u0259zif\u0259y\u0259 demokrat Robert Menendes g\u0259lib. Bob Menendes d\u0259 \u0259slind\u0259 s\u0259l\u0259fi kimi erm\u0259ni lobbisinin t\u0259siri alt\u0131nda olan senatordur v\u0259 o da prezident Obamaya &#8220;erm\u0259ni soyq\u0131r\u0131ml&#8221; tan\u0131ma\u011fa \u00e7a\u011f\u0131r\u0131\u015f edib. \u00dcmumiyy\u0259tl\u0259 is\u0259 &#8220;erm\u0259ni m\u0259s\u0259l\u0259si&#8221; AB\u015e-da demokratlar\u0131n bir \u00e7oxunun &#8220;yaral\u0131 yeridir&#8221; &#8211; bu faktd\u0131r.\n<\/p>\n<p>\n  Amma b\u00fct\u00fcn bunlara r\u0259\u011fm\u0259n haz\u0131rda Con Kerrinin &#8220;Konqresd\u0259ki ofisi&#8221; YOXDUR! Niy\u0259 yoxdur? Ona g\u00f6r\u0259 ki, \u00f6t\u0259n ilki se\u00e7kid\u0259 respublika\u00e7\u0131lar senata se\u00e7kini qazan\u0131blar, h\u0259m\u00e7inin bu ilin yanvar\u0131ndan Senat\u0131n Xarici \u018flaq\u0259l\u0259r Komit\u0259sin\u0259 d\u0259 respublika\u00e7\u0131 Robert Corker r\u0259hb\u0259rlik edir. Kimdir Bob Corker? AB\u015e Erm\u0259ni Milli Komit\u0259sinin sayt\u0131 onu \u0259lav\u0259 olunan \u015f\u0259kild\u0259ki kimi xarakteriz\u0259 edir.\n<\/p>\n<p>\n  Yekun olaraq m\u0259n t\u00f6vsiy\u0259 edir\u0259m ki, hakimiyy\u0259t\u0259 &#8220;analitika&#8221; yazanlar &#8220;\u015fparqalkalar\u0131n\u0131&#8221; bir az yenil\u0259sinl\u0259r. Deyil\u0259n ofis\u0259 haz\u0131rda r\u0259hb\u0259rlik ed\u0259n Bob Corkerin T\u00fcrkiy\u0259 v\u0259 Az\u0259rbaycanla \u00e7ox yax\u015f\u0131 m\u00fcnasib\u0259tl\u0259ri var&#8230;\n<\/p>\n<figure class=\"wp-block-image size-large\">\n  <img decoding=\"async\" src=\"https:\/\/www.meydan.tv\/az\/23655\/\" alt=\"\" class=\"wp-image-23655\"\/><figcaption><\/figcaption><\/figure><\/p>\n","protected":false},"excerpt":{"rendered":"<p>Con Kerrinin &#8220;Konqresd\u0259ki ofisi&#8221; art\u0131q yoxdur&#8230;<\/p>\n","protected":false},"author":11,"featured_media":23652,"comment_status":"closed","ping_status":"open","sticky":false,"template":"","format":"standard","meta":{"_acf_changed":false,"_sitemap_exclude":false,"_sitemap_priority":"","_sitemap_frequency":"","footnotes":""},"categories":[56],"tags":[],"class_list":["post-167772","post","type-post","status-publish","format-standard","has-post-thumbnail","hentry","category-xeberler","infinite-scroll-item","generate-columns","tablet-grid-50","mobile-grid-100","grid-parent","grid-33","no-featured-image-padding"],"acf":[],"yoast_head":"<!-- This site is optimized with the Yoast SEO plugin v28.4 - https:\/\/yoast.com\/product\/yoast-seo-wordpress\/ -->\n<title>&quot;\u015eparqalkalar\u0131n\u0131z\u0131&quot; t\u0259z\u0259l\u0259yin, c\u0259nablar!.. - MEYDAN.TV<\/title>\n<meta name=\"robots\" content=\"index, follow, max-snippet:-1, max-image-preview:large, max-video-preview:-1\" \/>\n<link rel=\"canonical\" href=\"https:\/\/www.meydan.tv\/az\/article\/sparqalkalarinizi-tezeleyin-cenablar\/\" \/>\n<meta property=\"og:locale\" content=\"az_AZ\" \/>\n<meta property=\"og:type\" content=\"article\" \/>\n<meta property=\"og:title\" content=\"&quot;\u015eparqalkalar\u0131n\u0131z\u0131&quot; t\u0259z\u0259l\u0259yin, c\u0259nablar!.. - MEYDAN.TV\" \/>\n<meta property=\"og:description\" content=\"Con Kerrinin &quot;Konqresd\u0259ki ofisi&quot; art\u0131q yoxdur...\" \/>\n<meta property=\"og:url\" content=\"https:\/\/www.meydan.tv\/az\/article\/sparqalkalarinizi-tezeleyin-cenablar\/\" \/>\n<meta property=\"og:site_name\" content=\"MEYDAN.TV\" \/>\n<meta property=\"article:published_time\" content=\"2015-05-03T21:49:51+00:00\" \/>\n<meta property=\"og:image\" content=\"https:\/\/www.meydan.tv\/wp-content\/uploads\/8607.jpg\" \/>\n\t<meta property=\"og:image:width\" content=\"536\" \/>\n\t<meta property=\"og:image:height\" content=\"300\" \/>\n\t<meta property=\"og:image:type\" content=\"image\/jpeg\" \/>\n<meta name=\"twitter:card\" content=\"summary_large_image\" \/>\n<!-- \/ Yoast SEO plugin. -->","yoast_head_json":{"title":"\"\u015eparqalkalar\u0131n\u0131z\u0131\" t\u0259z\u0259l\u0259yin, c\u0259nablar!.. - MEYDAN.TV","robots":{"index":"index","follow":"follow","max-snippet":"max-snippet:-1","max-image-preview":"max-image-preview:large","max-video-preview":"max-video-preview:-1"},"canonical":"https:\/\/www.meydan.tv\/az\/article\/sparqalkalarinizi-tezeleyin-cenablar\/","og_locale":"az_AZ","og_type":"article","og_title":"\"\u015eparqalkalar\u0131n\u0131z\u0131\" t\u0259z\u0259l\u0259yin, c\u0259nablar!.. - MEYDAN.TV","og_description":"Con Kerrinin \"Konqresd\u0259ki ofisi\" art\u0131q yoxdur...","og_url":"https:\/\/www.meydan.tv\/az\/article\/sparqalkalarinizi-tezeleyin-cenablar\/","og_site_name":"MEYDAN.TV","article_published_time":"2015-05-03T21:49:51+00:00","og_image":[{"width":536,"height":300,"url":"https:\/\/www.meydan.tv\/wp-content\/uploads\/8607.jpg","type":"image\/jpeg"}],"twitter_card":"summary_large_image","schema":{"@context":"https:\/\/schema.org","@graph":[{"@type":"Article","@id":"https:\/\/www.meydan.tv\/az\/article\/sparqalkalarinizi-tezeleyin-cenablar\/#article","isPartOf":{"@id":"https:\/\/www.meydan.tv\/az\/article\/sparqalkalarinizi-tezeleyin-cenablar\/"},"author":{"name":"user-manager","@id":"https:\/\/www.meydan.tv\/az\/#\/schema\/person\/10d11eccf6da3662cf5fdab9806ea91a"},"headline":"&#8220;\u015eparqalkalar\u0131n\u0131z\u0131&#8221; t\u0259z\u0259l\u0259yin, c\u0259nablar!..","datePublished":"2015-05-03T21:49:51+00:00","mainEntityOfPage":{"@id":"https:\/\/www.meydan.tv\/az\/article\/sparqalkalarinizi-tezeleyin-cenablar\/"},"wordCount":537,"publisher":{"@id":"https:\/\/www.meydan.tv\/az\/#organization"},"image":{"@id":"https:\/\/www.meydan.tv\/az\/article\/sparqalkalarinizi-tezeleyin-cenablar\/#primaryimage"},"thumbnailUrl":"https:\/\/www.meydan.tv\/wp-content\/uploads\/8607.jpg","articleSection":["X\u0259b\u0259rl\u0259r"],"inLanguage":"az"},{"@type":"WebPage","@id":"https:\/\/www.meydan.tv\/az\/article\/sparqalkalarinizi-tezeleyin-cenablar\/","url":"https:\/\/www.meydan.tv\/az\/article\/sparqalkalarinizi-tezeleyin-cenablar\/","name":"\"\u015eparqalkalar\u0131n\u0131z\u0131\" t\u0259z\u0259l\u0259yin, c\u0259nablar!.. - MEYDAN.TV","isPartOf":{"@id":"https:\/\/www.meydan.tv\/az\/#website"},"primaryImageOfPage":{"@id":"https:\/\/www.meydan.tv\/az\/article\/sparqalkalarinizi-tezeleyin-cenablar\/#primaryimage"},"image":{"@id":"https:\/\/www.meydan.tv\/az\/article\/sparqalkalarinizi-tezeleyin-cenablar\/#primaryimage"},"thumbnailUrl":"https:\/\/www.meydan.tv\/wp-content\/uploads\/8607.jpg","datePublished":"2015-05-03T21:49:51+00:00","breadcrumb":{"@id":"https:\/\/www.meydan.tv\/az\/article\/sparqalkalarinizi-tezeleyin-cenablar\/#breadcrumb"},"inLanguage":"az","potentialAction":[{"@type":"ReadAction","target":["https:\/\/www.meydan.tv\/az\/article\/sparqalkalarinizi-tezeleyin-cenablar\/"]}]},{"@type":"ImageObject","inLanguage":"az","@id":"https:\/\/www.meydan.tv\/az\/article\/sparqalkalarinizi-tezeleyin-cenablar\/#primaryimage","url":"https:\/\/www.meydan.tv\/wp-content\/uploads\/8607.jpg","contentUrl":"https:\/\/www.meydan.tv\/wp-content\/uploads\/8607.jpg","width":536,"height":300,"caption":"Source:"},{"@type":"BreadcrumbList","@id":"https:\/\/www.meydan.tv\/az\/article\/sparqalkalarinizi-tezeleyin-cenablar\/#breadcrumb","itemListElement":[{"@type":"ListItem","position":1,"name":"Ana s\u0259hif\u0259","item":"https:\/\/www.meydan.tv\/az\/"},{"@type":"ListItem","position":2,"name":"X\u0259b\u0259rl\u0259r","item":"https:\/\/www.meydan.tv\/az\/section\/xeberler\/"},{"@type":"ListItem","position":3,"name":"&#8220;\u015eparqalkalar\u0131n\u0131z\u0131&#8221; t\u0259z\u0259l\u0259yin, c\u0259nablar!.."}]},{"@type":"WebSite","@id":"https:\/\/www.meydan.tv\/az\/#website","url":"https:\/\/www.meydan.tv\/az\/","name":"MEYDAN.TV","description":"Meydan TV Az\u0259rbaycan\u0131n media m\u0259kan\u0131ndak\u0131 alternativ s\u0259sidir","publisher":{"@id":"https:\/\/www.meydan.tv\/az\/#organization"},"potentialAction":[{"@type":"SearchAction","target":{"@type":"EntryPoint","urlTemplate":"https:\/\/www.meydan.tv\/az\/?s={search_term_string}"},"query-input":{"@type":"PropertyValueSpecification","valueRequired":true,"valueName":"search_term_string"}}],"inLanguage":"az"},{"@type":"Organization","@id":"https:\/\/www.meydan.tv\/az\/#organization","name":"Meydan TV","url":"https:\/\/www.meydan.tv\/az\/","logo":{"@type":"ImageObject","inLanguage":"az","@id":"https:\/\/www.meydan.tv\/az\/#\/schema\/logo\/image\/","url":"https:\/\/www.meydan.tv\/wp-content\/uploads\/2021\/07\/meydan-logo.svg","contentUrl":"https:\/\/www.meydan.tv\/wp-content\/uploads\/2021\/07\/meydan-logo.svg","width":195,"height":46,"caption":"Meydan TV"},"image":{"@id":"https:\/\/www.meydan.tv\/az\/#\/schema\/logo\/image\/"}},{"@type":"Person","@id":"https:\/\/www.meydan.tv\/az\/#\/schema\/person\/10d11eccf6da3662cf5fdab9806ea91a","name":"user-manager"}]}},"_links":{"self":[{"href":"https:\/\/www.meydan.tv\/az\/wp-json\/wp\/v2\/posts\/167772","targetHints":{"allow":["GET"]}}],"collection":[{"href":"https:\/\/www.meydan.tv\/az\/wp-json\/wp\/v2\/posts"}],"about":[{"href":"https:\/\/www.meydan.tv\/az\/wp-json\/wp\/v2\/types\/post"}],"author":[{"embeddable":true,"href":"https:\/\/www.meydan.tv\/az\/wp-json\/wp\/v2\/users\/11"}],"replies":[{"embeddable":true,"href":"https:\/\/www.meydan.tv\/az\/wp-json\/wp\/v2\/comments?post=167772"}],"version-history":[{"count":0,"href":"https:\/\/www.meydan.tv\/az\/wp-json\/wp\/v2\/posts\/167772\/revisions"}],"wp:featuredmedia":[{"embeddable":true,"href":"https:\/\/www.meydan.tv\/az\/wp-json\/wp\/v2\/media\/23652"}],"wp:attachment":[{"href":"https:\/\/www.meydan.tv\/az\/wp-json\/wp\/v2\/media?parent=167772"}],"wp:term":[{"taxonomy":"category","embeddable":true,"href":"https:\/\/www.meydan.tv\/az\/wp-json\/wp\/v2\/categories?post=167772"},{"taxonomy":"post_tag","embeddable":true,"href":"https:\/\/www.meydan.tv\/az\/wp-json\/wp\/v2\/tags?post=167772"}],"curies":[{"name":"wp","href":"https:\/\/api.w.org\/{rel}","templated":true}]}}