{"id":167769,"date":"2015-05-03T01:59:58","date_gmt":"2015-05-03T01:59:58","guid":{"rendered":"https:\/\/www.meydan.tv\/article\/yubka-sindromu\/"},"modified":"2015-05-03T01:59:58","modified_gmt":"2015-05-03T01:59:58","slug":"yubka-sindromu","status":"publish","type":"post","link":"https:\/\/www.meydan.tv\/az\/article\/yubka-sindromu\/","title":{"rendered":"\u201cYubka\u201d sindromu"},"content":{"rendered":"<figure class=\"wp-block-image size-large\">\n  <img decoding=\"async\" src=\"https:\/\/www.meydan.tv\/az\/23633\/\" alt=\"\" class=\"wp-image-23633\"\/><figcaption><\/figcaption><\/figure>\n<figure class=\"wp-block-image size-large\">\n  <img decoding=\"async\" src=\"https:\/\/www.meydan.tv\/az\/23636\/\" alt=\"\" class=\"wp-image-23636\"\/><figcaption><\/figcaption><\/figure>\n<p>\n  Ax\u0131 niy\u0259 \u00d6zg\u0259can \u00fc\u00e7\u00fcn yubka gey\u0259nl\u0259r indi \u00f6z \u00f6vlad\u0131m\u0131z \u00fc\u00e7\u00fcn yubka geyinmir? Ax\u0131 niy\u0259 Aytac\u0131n d\u0259rdi biz\u0259 yubka geyindirm\u0259di? Han\u0131 o o\u011flanlar? M\u0259nim d\u0259rdim yubka d\u0259rdidi, qoy onlar h\u0259r \u00f6l\u00fcm\u0259 yubka geyinsinl\u0259r! Ax\u0131 m\u0259n\u0259 n\u0259, mahiyy\u0259ti m\u0259n anlamaram, ay balam! Lap \u0259s\u0259b vurub ba\u015f\u0131ma, ax\u0131 burda n\u0259 var ki, \u00e7\u0259tindi b\u0259g\u0259m, yubkan\u0131 h\u0259r \u00f6l\u0259n\u0259 geyin\u0259k!? 100 il \u00f6nc\u0259 bel\u0259 idik, 100 il d\u0259 yubka geyin\u0259k, amma yen\u0259 b\u0131\u00e7aqlayaq \u00f6ld\u00fcr\u0259k, \u00f6l\u0259n \u00fc\u00e7\u00fcn yubka geyin\u0259k. Qoy a\u011flas\u0131n analar, niy\u0259 a\u011flamas\u0131n ax\u0131? \u0130ll\u0259rdi analar\u0131n \u0259ynind\u0259 yubka var, amma he\u00e7 n\u0259 d\u0259yi\u015f\u0259 bilm\u0259yib! M\u00fc\u0259llim anam, ax\u0131 niy\u0259 s\u0259nin yubkan bu 3 g\u0259d\u0259nin yubkas\u0131 q\u0259d\u0259r g\u00fccl\u00fc olmad\u0131? Ax\u0131 niy\u0259 s\u0259nin ill\u0259rdi geyindiyin yubka xilas etm\u0259di, bu 3 g\u0259d\u0259nin yubkas\u0131ndan indi yaram\u0131za d\u0259rman g\u00f6zl\u0259yirik?!\n<\/p>\n<p>\n  Bir \u0259srdi yazan yaz\u0131r, etiraz ed\u0259n edir, dey\u0259n d\u0259 deyir.. Bu q\u0259d\u0259r arifi olan c\u0259miyy\u0259t bir \u0259srdi d\u0259yi\u015fm\u0259di ay balam, amma indi bu 3 g\u0259d\u0259nin yubkas\u0131 c\u0259miyy\u0259t d\u0259yi\u015fir. \u0130ll\u0259rdir susan insanlar h\u0259r \u00f6l\u00fcm\u00fc g\u00f6zl\u0259y\u0259n m\u0259h\u0259ll\u0259 tulas\u0131na d\u00f6n\u00fcb, h\u0259r biri bir k\u00fcncd\u0259 dayan\u0131b g\u00fcd\u00fcr, g\u00f6zl\u0259yir n\u00f6vb\u0259ti \u00f6l\u00fcm\u00fc, sonra h\u0259r \u00f6l\u00fcm\u0259 bar bar ba\u011f\u0131r\u0131r ki, ay balam, hardad\u0131 bu yubka geyin\u0259nl\u0259r!\n<\/p>\n<p>\n  M\u0259n avam n\u0259slin avam n\u00fcmay\u0259nd\u0259si, ax\u0131 hardan bilim ki, Aytac \u00fc\u00e7\u00fcn yubka geyinm\u0259k utancd\u0131r, yubka geyinib yas tutacaq q\u0259d\u0259r yad deyil Aytac m\u0259n\u0259. Bir igid \u00e7\u0131x\u0131b dem\u0259di ki, ay anam, ay bac\u0131m, m\u0259n s\u0259nin\u00e7\u00fcn niy\u0259 yubka geyinim? S\u0259n ax\u0131 qon\u015fu d\u00f6vl\u0259tin q\u0131z\u0131 deyils\u0259n, ax\u0131 s\u0259nin d\u0259rdin yubka d\u0259rdi deyil. S\u0259nin d\u0259rdin m\u0259kt\u0259bd\u0259 s\u0259n\u0259 \u00f6z bac\u0131s\u0131 o\u011flu \u00fc\u00e7\u00fcn el\u00e7i d\u00fc\u015f\u0259n Nis\u0259 m\u00fc\u0259llim\u0259di. S\u0259nin d\u0259rdin, adam yerin\u0259 q\u0259ssab b\u00f6y\u00fcd\u0259n uzun\u00e7olkal\u0131 qaqa\u015f\u0131n anas\u0131d\u0131. S\u0259nin d\u0259rdin qon\u015fudak\u0131 Mehpar\u0259 xalad\u0131, maqazind\u0259ki Simuz\u0259r n\u0259n\u0259di. G\u00f6z\u0259llik salonundak\u0131 Ellada xalad\u0131.\n<\/p>\n<p>\n  3 g\u0259d\u0259y\u0259 t\u0259rifnam\u0259!\n<\/p>\n<p>\n  Sa\u011folsun o yubkalar! Art\u0131q qad\u0131n \u00f6l\u0259nd\u0259 biz s\u0259ssiz qalm\u0131r\u0131q, art\u0131q qad\u0131n \u015fidd\u0259tin\u0259 biz cavab g\u00f6zl\u0259yirik, \u0259sas odu biz da\u015f deyilik. \u0130ll\u0259rdi qad\u0131n \u00f6l\u00fcm\u00fc 1 yasinl\u0259 bitirdi, indi yubkanam\u0259l\u0259r d\u0259 var.\n<\/p>\n<p>\n  Sa\u011folsun o o\u011fullar! Art\u0131q onlar qad\u0131nlar\u0131n yan\u0131nda dayan\u0131r, qad\u0131n \u00f6l\u00fcm\u00fcn\u0259 bir qad\u0131ndan daha \u00e7ox \u00fcz\u00fcl\u00fcr. \u018fynind\u0259ki \u0259t\u0259kl\u0259r ill\u0259rdi c\u0259miyy\u0259ti m\u0259hv ed\u0259n m\u00fc\u0259lliml\u0259rin \u0259t\u0259kl\u0259rind\u0259n daha m\u00f6hk\u0259mdi!\n<\/p>\n<p>\n  Bir c\u0259miyy\u0259tin xilas\u0131 qad\u0131ndan ba\u015flar v\u0259 qad\u0131nda da bit\u0259r. \u00dcz\u00fcnt\u00fcm d\u00fcnya boydad\u0131, biz qad\u0131nlar c\u0259miyy\u0259timizi xilas ed\u0259 bilm\u0259y\u0259c\u0259yik, bunu h\u0259m biz h\u0259m d\u0259 o g\u0259d\u0259l\u0259r bilir. Bizim yubka qad\u0131n\u0131n \u0259ynind\u0259 z\u0259if oldu\u011fu q\u0259d\u0259r onlar\u0131n \u0259ynind\u0259 q\u00fcdr\u0259tlidir. Odur ki, Aytaclar\u0131n ya\u015famas\u0131nn\u0131 ist\u0259yirsizs\u0259, yubka geyin\u0259 bil\u0259n o\u011fullar yeti\u015fdirin!<\/p>\n","protected":false},"excerpt":{"rendered":"<p>\u018ft\u0259k geyin\u0259 bil\u0259n o\u011fullar b\u00f6y\u00fcd\u00fcn<\/p>\n","protected":false},"author":11,"featured_media":23633,"comment_status":"closed","ping_status":"open","sticky":false,"template":"","format":"standard","meta":{"_acf_changed":false,"_sitemap_exclude":false,"_sitemap_priority":"","_sitemap_frequency":"","footnotes":""},"categories":[57],"tags":[],"class_list":["post-167769","post","type-post","status-publish","format-standard","has-post-thumbnail","hentry","category-menim-fikrimce","infinite-scroll-item","generate-columns","tablet-grid-50","mobile-grid-100","grid-parent","grid-33","no-featured-image-padding"],"acf":[],"yoast_head":"<!-- This site is optimized with the Yoast SEO plugin v27.5 - https:\/\/yoast.com\/product\/yoast-seo-wordpress\/ -->\n<title>\u201cYubka\u201d sindromu - MEYDAN.TV<\/title>\n<meta name=\"robots\" content=\"index, follow, max-snippet:-1, max-image-preview:large, max-video-preview:-1\" \/>\n<link rel=\"canonical\" href=\"https:\/\/www.meydan.tv\/az\/article\/yubka-sindromu\/\" \/>\n<meta property=\"og:locale\" content=\"az_AZ\" \/>\n<meta property=\"og:type\" content=\"article\" \/>\n<meta property=\"og:title\" content=\"\u201cYubka\u201d sindromu - MEYDAN.TV\" \/>\n<meta property=\"og:description\" content=\"\u018ft\u0259k geyin\u0259 bil\u0259n o\u011fullar b\u00f6y\u00fcd\u00fcn\" \/>\n<meta property=\"og:url\" content=\"https:\/\/www.meydan.tv\/az\/article\/yubka-sindromu\/\" \/>\n<meta property=\"og:site_name\" content=\"MEYDAN.TV\" \/>\n<meta property=\"article:published_time\" content=\"2015-05-03T01:59:58+00:00\" \/>\n<meta property=\"og:image\" content=\"https:\/\/www.meydan.tv\/wp-content\/uploads\/8599.jpg\" \/>\n\t<meta property=\"og:image:width\" content=\"400\" \/>\n\t<meta property=\"og:image:height\" content=\"400\" \/>\n\t<meta property=\"og:image:type\" content=\"image\/jpeg\" \/>\n<meta name=\"author\" content=\"user-manager\" \/>\n<meta name=\"twitter:card\" content=\"summary_large_image\" \/>\n<script type=\"application\/ld+json\" class=\"yoast-schema-graph\">{\"@context\":\"https:\\\/\\\/schema.org\",\"@graph\":[{\"@type\":\"Article\",\"@id\":\"https:\\\/\\\/www.meydan.tv\\\/az\\\/article\\\/yubka-sindromu\\\/#article\",\"isPartOf\":{\"@id\":\"https:\\\/\\\/www.meydan.tv\\\/az\\\/article\\\/yubka-sindromu\\\/\"},\"author\":{\"name\":\"user-manager\",\"@id\":\"https:\\\/\\\/www.meydan.tv\\\/az\\\/#\\\/schema\\\/person\\\/10d11eccf6da3662cf5fdab9806ea91a\"},\"headline\":\"\u201cYubka\u201d sindromu\",\"datePublished\":\"2015-05-03T01:59:58+00:00\",\"mainEntityOfPage\":{\"@id\":\"https:\\\/\\\/www.meydan.tv\\\/az\\\/article\\\/yubka-sindromu\\\/\"},\"wordCount\":595,\"publisher\":{\"@id\":\"https:\\\/\\\/www.meydan.tv\\\/az\\\/#organization\"},\"image\":{\"@id\":\"https:\\\/\\\/www.meydan.tv\\\/az\\\/article\\\/yubka-sindromu\\\/#primaryimage\"},\"thumbnailUrl\":\"https:\\\/\\\/www.meydan.tv\\\/wp-content\\\/uploads\\\/8599.jpg\",\"articleSection\":[\"M\u0259nim Fikrimc\u0259\"],\"inLanguage\":\"az\"},{\"@type\":\"WebPage\",\"@id\":\"https:\\\/\\\/www.meydan.tv\\\/az\\\/article\\\/yubka-sindromu\\\/\",\"url\":\"https:\\\/\\\/www.meydan.tv\\\/az\\\/article\\\/yubka-sindromu\\\/\",\"name\":\"\u201cYubka\u201d sindromu - MEYDAN.TV\",\"isPartOf\":{\"@id\":\"https:\\\/\\\/www.meydan.tv\\\/az\\\/#website\"},\"primaryImageOfPage\":{\"@id\":\"https:\\\/\\\/www.meydan.tv\\\/az\\\/article\\\/yubka-sindromu\\\/#primaryimage\"},\"image\":{\"@id\":\"https:\\\/\\\/www.meydan.tv\\\/az\\\/article\\\/yubka-sindromu\\\/#primaryimage\"},\"thumbnailUrl\":\"https:\\\/\\\/www.meydan.tv\\\/wp-content\\\/uploads\\\/8599.jpg\",\"datePublished\":\"2015-05-03T01:59:58+00:00\",\"breadcrumb\":{\"@id\":\"https:\\\/\\\/www.meydan.tv\\\/az\\\/article\\\/yubka-sindromu\\\/#breadcrumb\"},\"inLanguage\":\"az\",\"potentialAction\":[{\"@type\":\"ReadAction\",\"target\":[\"https:\\\/\\\/www.meydan.tv\\\/az\\\/article\\\/yubka-sindromu\\\/\"]}]},{\"@type\":\"ImageObject\",\"inLanguage\":\"az\",\"@id\":\"https:\\\/\\\/www.meydan.tv\\\/az\\\/article\\\/yubka-sindromu\\\/#primaryimage\",\"url\":\"https:\\\/\\\/www.meydan.tv\\\/wp-content\\\/uploads\\\/8599.jpg\",\"contentUrl\":\"https:\\\/\\\/www.meydan.tv\\\/wp-content\\\/uploads\\\/8599.jpg\",\"width\":400,\"height\":400,\"caption\":\"Source:\"},{\"@type\":\"BreadcrumbList\",\"@id\":\"https:\\\/\\\/www.meydan.tv\\\/az\\\/article\\\/yubka-sindromu\\\/#breadcrumb\",\"itemListElement\":[{\"@type\":\"ListItem\",\"position\":1,\"name\":\"Ana s\u0259hif\u0259\",\"item\":\"https:\\\/\\\/www.meydan.tv\\\/az\\\/\"},{\"@type\":\"ListItem\",\"position\":2,\"name\":\"M\u0259nim Fikrimc\u0259\",\"item\":\"https:\\\/\\\/www.meydan.tv\\\/az\\\/section\\\/menim-fikrimce\\\/\"},{\"@type\":\"ListItem\",\"position\":3,\"name\":\"\u201cYubka\u201d sindromu\"}]},{\"@type\":\"WebSite\",\"@id\":\"https:\\\/\\\/www.meydan.tv\\\/az\\\/#website\",\"url\":\"https:\\\/\\\/www.meydan.tv\\\/az\\\/\",\"name\":\"MEYDAN.TV\",\"description\":\"Meydan TV Az\u0259rbaycan\u0131n media m\u0259kan\u0131ndak\u0131 alternativ s\u0259sidir\",\"publisher\":{\"@id\":\"https:\\\/\\\/www.meydan.tv\\\/az\\\/#organization\"},\"potentialAction\":[{\"@type\":\"SearchAction\",\"target\":{\"@type\":\"EntryPoint\",\"urlTemplate\":\"https:\\\/\\\/www.meydan.tv\\\/az\\\/?s={search_term_string}\"},\"query-input\":{\"@type\":\"PropertyValueSpecification\",\"valueRequired\":true,\"valueName\":\"search_term_string\"}}],\"inLanguage\":\"az\"},{\"@type\":\"Organization\",\"@id\":\"https:\\\/\\\/www.meydan.tv\\\/az\\\/#organization\",\"name\":\"Meydan TV\",\"url\":\"https:\\\/\\\/www.meydan.tv\\\/az\\\/\",\"logo\":{\"@type\":\"ImageObject\",\"inLanguage\":\"az\",\"@id\":\"https:\\\/\\\/www.meydan.tv\\\/az\\\/#\\\/schema\\\/logo\\\/image\\\/\",\"url\":\"https:\\\/\\\/www.meydan.tv\\\/wp-content\\\/uploads\\\/2021\\\/07\\\/meydan-logo.svg\",\"contentUrl\":\"https:\\\/\\\/www.meydan.tv\\\/wp-content\\\/uploads\\\/2021\\\/07\\\/meydan-logo.svg\",\"width\":195,\"height\":46,\"caption\":\"Meydan TV\"},\"image\":{\"@id\":\"https:\\\/\\\/www.meydan.tv\\\/az\\\/#\\\/schema\\\/logo\\\/image\\\/\"}},{\"@type\":\"Person\",\"@id\":\"https:\\\/\\\/www.meydan.tv\\\/az\\\/#\\\/schema\\\/person\\\/10d11eccf6da3662cf5fdab9806ea91a\",\"name\":\"user-manager\"}]}<\/script>\n<!-- \/ Yoast SEO plugin. -->","yoast_head_json":{"title":"\u201cYubka\u201d sindromu - MEYDAN.TV","robots":{"index":"index","follow":"follow","max-snippet":"max-snippet:-1","max-image-preview":"max-image-preview:large","max-video-preview":"max-video-preview:-1"},"canonical":"https:\/\/www.meydan.tv\/az\/article\/yubka-sindromu\/","og_locale":"az_AZ","og_type":"article","og_title":"\u201cYubka\u201d sindromu - MEYDAN.TV","og_description":"\u018ft\u0259k geyin\u0259 bil\u0259n o\u011fullar b\u00f6y\u00fcd\u00fcn","og_url":"https:\/\/www.meydan.tv\/az\/article\/yubka-sindromu\/","og_site_name":"MEYDAN.TV","article_published_time":"2015-05-03T01:59:58+00:00","og_image":[{"width":400,"height":400,"url":"https:\/\/www.meydan.tv\/wp-content\/uploads\/8599.jpg","type":"image\/jpeg"}],"author":"user-manager","twitter_card":"summary_large_image","schema":{"@context":"https:\/\/schema.org","@graph":[{"@type":"Article","@id":"https:\/\/www.meydan.tv\/az\/article\/yubka-sindromu\/#article","isPartOf":{"@id":"https:\/\/www.meydan.tv\/az\/article\/yubka-sindromu\/"},"author":{"name":"user-manager","@id":"https:\/\/www.meydan.tv\/az\/#\/schema\/person\/10d11eccf6da3662cf5fdab9806ea91a"},"headline":"\u201cYubka\u201d sindromu","datePublished":"2015-05-03T01:59:58+00:00","mainEntityOfPage":{"@id":"https:\/\/www.meydan.tv\/az\/article\/yubka-sindromu\/"},"wordCount":595,"publisher":{"@id":"https:\/\/www.meydan.tv\/az\/#organization"},"image":{"@id":"https:\/\/www.meydan.tv\/az\/article\/yubka-sindromu\/#primaryimage"},"thumbnailUrl":"https:\/\/www.meydan.tv\/wp-content\/uploads\/8599.jpg","articleSection":["M\u0259nim Fikrimc\u0259"],"inLanguage":"az"},{"@type":"WebPage","@id":"https:\/\/www.meydan.tv\/az\/article\/yubka-sindromu\/","url":"https:\/\/www.meydan.tv\/az\/article\/yubka-sindromu\/","name":"\u201cYubka\u201d sindromu - MEYDAN.TV","isPartOf":{"@id":"https:\/\/www.meydan.tv\/az\/#website"},"primaryImageOfPage":{"@id":"https:\/\/www.meydan.tv\/az\/article\/yubka-sindromu\/#primaryimage"},"image":{"@id":"https:\/\/www.meydan.tv\/az\/article\/yubka-sindromu\/#primaryimage"},"thumbnailUrl":"https:\/\/www.meydan.tv\/wp-content\/uploads\/8599.jpg","datePublished":"2015-05-03T01:59:58+00:00","breadcrumb":{"@id":"https:\/\/www.meydan.tv\/az\/article\/yubka-sindromu\/#breadcrumb"},"inLanguage":"az","potentialAction":[{"@type":"ReadAction","target":["https:\/\/www.meydan.tv\/az\/article\/yubka-sindromu\/"]}]},{"@type":"ImageObject","inLanguage":"az","@id":"https:\/\/www.meydan.tv\/az\/article\/yubka-sindromu\/#primaryimage","url":"https:\/\/www.meydan.tv\/wp-content\/uploads\/8599.jpg","contentUrl":"https:\/\/www.meydan.tv\/wp-content\/uploads\/8599.jpg","width":400,"height":400,"caption":"Source:"},{"@type":"BreadcrumbList","@id":"https:\/\/www.meydan.tv\/az\/article\/yubka-sindromu\/#breadcrumb","itemListElement":[{"@type":"ListItem","position":1,"name":"Ana s\u0259hif\u0259","item":"https:\/\/www.meydan.tv\/az\/"},{"@type":"ListItem","position":2,"name":"M\u0259nim Fikrimc\u0259","item":"https:\/\/www.meydan.tv\/az\/section\/menim-fikrimce\/"},{"@type":"ListItem","position":3,"name":"\u201cYubka\u201d sindromu"}]},{"@type":"WebSite","@id":"https:\/\/www.meydan.tv\/az\/#website","url":"https:\/\/www.meydan.tv\/az\/","name":"MEYDAN.TV","description":"Meydan TV Az\u0259rbaycan\u0131n media m\u0259kan\u0131ndak\u0131 alternativ s\u0259sidir","publisher":{"@id":"https:\/\/www.meydan.tv\/az\/#organization"},"potentialAction":[{"@type":"SearchAction","target":{"@type":"EntryPoint","urlTemplate":"https:\/\/www.meydan.tv\/az\/?s={search_term_string}"},"query-input":{"@type":"PropertyValueSpecification","valueRequired":true,"valueName":"search_term_string"}}],"inLanguage":"az"},{"@type":"Organization","@id":"https:\/\/www.meydan.tv\/az\/#organization","name":"Meydan TV","url":"https:\/\/www.meydan.tv\/az\/","logo":{"@type":"ImageObject","inLanguage":"az","@id":"https:\/\/www.meydan.tv\/az\/#\/schema\/logo\/image\/","url":"https:\/\/www.meydan.tv\/wp-content\/uploads\/2021\/07\/meydan-logo.svg","contentUrl":"https:\/\/www.meydan.tv\/wp-content\/uploads\/2021\/07\/meydan-logo.svg","width":195,"height":46,"caption":"Meydan TV"},"image":{"@id":"https:\/\/www.meydan.tv\/az\/#\/schema\/logo\/image\/"}},{"@type":"Person","@id":"https:\/\/www.meydan.tv\/az\/#\/schema\/person\/10d11eccf6da3662cf5fdab9806ea91a","name":"user-manager"}]}},"_links":{"self":[{"href":"https:\/\/www.meydan.tv\/az\/wp-json\/wp\/v2\/posts\/167769","targetHints":{"allow":["GET"]}}],"collection":[{"href":"https:\/\/www.meydan.tv\/az\/wp-json\/wp\/v2\/posts"}],"about":[{"href":"https:\/\/www.meydan.tv\/az\/wp-json\/wp\/v2\/types\/post"}],"author":[{"embeddable":true,"href":"https:\/\/www.meydan.tv\/az\/wp-json\/wp\/v2\/users\/11"}],"replies":[{"embeddable":true,"href":"https:\/\/www.meydan.tv\/az\/wp-json\/wp\/v2\/comments?post=167769"}],"version-history":[{"count":0,"href":"https:\/\/www.meydan.tv\/az\/wp-json\/wp\/v2\/posts\/167769\/revisions"}],"wp:featuredmedia":[{"embeddable":true,"href":"https:\/\/www.meydan.tv\/az\/wp-json\/wp\/v2\/media\/23633"}],"wp:attachment":[{"href":"https:\/\/www.meydan.tv\/az\/wp-json\/wp\/v2\/media?parent=167769"}],"wp:term":[{"taxonomy":"category","embeddable":true,"href":"https:\/\/www.meydan.tv\/az\/wp-json\/wp\/v2\/categories?post=167769"},{"taxonomy":"post_tag","embeddable":true,"href":"https:\/\/www.meydan.tv\/az\/wp-json\/wp\/v2\/tags?post=167769"}],"curies":[{"name":"wp","href":"https:\/\/api.w.org\/{rel}","templated":true}]}}