{"id":167765,"date":"2015-05-02T20:41:22","date_gmt":"2015-05-02T20:41:22","guid":{"rendered":"https:\/\/www.meydan.tv\/article\/helsinki-komissiyasindan-hakimiyyete-novbeti-cagiris\/"},"modified":"2015-05-02T20:41:22","modified_gmt":"2015-05-02T20:41:22","slug":"helsinki-komissiyasindan-hakimiyyete-novbeti-cagiris","status":"publish","type":"post","link":"https:\/\/www.meydan.tv\/az\/article\/helsinki-komissiyasindan-hakimiyyete-novbeti-cagiris\/","title":{"rendered":"Helsinki Komissiyas\u0131ndan hakimiyy\u0259t\u0259 n\u00f6vb\u0259ti \u00e7a\u011f\u0131r\u0131\u015f"},"content":{"rendered":"<figure class=\"wp-block-image size-large\">\n  <img decoding=\"async\" src=\"https:\/\/www.meydan.tv\/az\/23639\/\" alt=\"\" class=\"wp-image-23639\"\/><figcaption><\/figcaption><\/figure>\n<figure class=\"wp-block-image size-large\">\n  <img decoding=\"async\" src=\"https:\/\/www.meydan.tv\/az\/23639\/\" alt=\"\" class=\"wp-image-23639\"\/><figcaption><\/figcaption><\/figure>\n<p>\n  <i><br \/>\n    Kristofer Smit iyulda Osloda ke\u00e7iril\u0259c\u0259k g\u00f6r\u00fc\u015fl\u0259rd\u0259 Az\u0259rbaycan n\u00fcmay\u0259nd\u0259 hey\u0259ti il\u0259 bu m\u0259s\u0259l\u0259ni m\u00fczakir\u0259 etm\u0259yi d\u0259 planla\u015fd\u0131rd\u0131\u011f\u0131n\u0131 bildirib<br \/>\n  <\/i>\n<\/p>\n<p>\n  3 may \u00dcmumd\u00fcnya M\u0259tbuat Azadl\u0131\u011f\u0131 G\u00fcn\u00fcnd\u0259 AB\u015e Helsinki Komissiyas\u0131n\u0131n s\u0259dri Kris Smit b\u0259yanatla \u00e7\u0131x\u0131\u015f ed\u0259r\u0259k b\u0259zi \u00f6lk\u0259l\u0259rin hakimiyy\u0259tl\u0259rinin siyas\u0259tind\u0259n narahatl\u0131\u011f\u0131n\u0131 bildirib.\n<\/p>\n<p>\n  \u00a0\u201c\u00dcmumd\u00fcnya M\u0259tbuat G\u00fcn\u00fcnd\u0259 AT\u018fT m\u0259kan\u0131nda v\u0259 onun h\u00fcdudlar\u0131ndan k\u0259narda \u00f6z h\u0259yat\u0131n\u0131 risk\u0259 qoyaraq korrupsiya, m\u00fcnaqi\u015f\u0259l\u0259r, insan h\u00fcquqlar\u0131 haqq\u0131nda yazan\u00a0 bir \u00e7ox jurnalistin c\u0259sar\u0259tini v\u0259 sadiqliyini qiym\u0259tl\u0259ndirm\u0259k ist\u0259yir\u0259m.\n<\/p>\n<p>\n  B\u0259zi AT\u018fT \u00f6lk\u0259l\u0259rind\u0259 h\u00f6kum\u0259tl\u0259r pe\u015f\u0259kar jurnalistl\u0259ri \u0259l\u0259 almaq v\u0259 qorxutmaq \u00fc\u00e7\u00fcn maksimum \u00fcsullara \u0259l at\u0131rlar. \u018fn pis halda jurnalistl\u0259r siyasi motivli ittihamlarla h\u0259bs olunurlar. Bu, Helsinki Yekun Akt\u0131nda \u0259ksini tapan fundamental azadl\u0131qlar v\u0259 insan h\u00fcquqlar\u0131na sadiq mill\u0259tl\u0259r \u00fc\u00e7\u00fcn yolverilm\u0259z h\u0259r\u0259k\u0259tdir.\n<\/p>\n<p>\n  Odur ki, m\u0259n AT\u018fT i\u015ftirak\u00e7\u0131lar\u0131n\u0131, x\u00fcsusil\u0259T\u00fcrkiy\u0259, Az\u0259rbaycan v\u0259 \u00d6zb\u0259kistan\u0131 h\u0259bsd\u0259 olan jurnalistl\u0259ri azad etm\u0259y\u0259 \u00e7a\u011f\u0131r\u0131ram\u201d, &#8211; m\u00fcraci\u0259td\u0259 deyilir.\n<\/p>\n<p>\n  Helsinki Komisiyas\u0131n\u0131n m\u0259lumatnda qeyd olunur may\u0131n 5-d\u0259 Kris Smit 2015-ci il \u00fc\u00e7\u00fcn m\u0259tbuat azadl\u0131\u011f\u0131n\u0131 M\u00fcdafi\u0259 Akt\u0131n\u0131 Konqres\u0259 t\u0259qdim etm\u0259yi planla\u015fd\u0131r\u0131r.\n<\/p>\n<p>\n  Bu qanun AB\u015e prezidentini m\u0259tbuat azadl\u0131\u011f\u0131n\u0131 pozan, Amerika jurnalistl\u0259rinin v\u0259 K\u0130V-in h\u00fcquqlar\u0131n\u0131n pozuldu\u011fu \u00f6lk\u0259l\u0259rd\u0259 d\u00f6vl\u0259t K\u0130V-d\u0259 AB\u015e-\u0131n f\u0259aliyy\u0259tini m\u0259hdudla\u015fd\u0131ran m\u0259murlara qar\u015f\u0131 viza sanksiyalar\u0131n\u0131n t\u0259tbiqin\u0259, h\u0259m\u00e7inin AB\u015e h\u00f6kum\u0259tini beyn\u0259lxalq m\u00fcqavil\u0259l\u0259r\u0259 m\u0259tbuat v\u0259 \u0130nternet azadl\u0131\u011f\u0131na \u0259m\u0259l olunmas\u0131n\u0131n vacibliyi bar\u0259d\u0259 b\u0259ndin \u0259lav\u0259\u00a0\u00a0 edilm\u0259sin\u0259 \u00e7a\u011f\u0131r\u0131r (Turan \u0130A).\n<\/p>\n<p>\n  Kristofer Smit &#8220;Amerikan\u0131n s\u0259si&#8221;n\u0259 bildirib ki, o, Bak\u0131da art\u0131q iki d\u0259f\u0259 olub v\u0259 bu s\u0259f\u0259rl\u0259rd\u0259 insan haqlar\u0131 m\u0259s\u0259l\u0259sin\u0259 x\u00fcsusi diqq\u0259t ay\u0131r\u0131b. C\u0259nab Smit iyulda Osloda ke\u00e7iril\u0259c\u0259k g\u00f6r\u00fc\u015fl\u0259rd\u0259 Az\u0259rbaycan n\u00fcmay\u0259nd\u0259 hey\u0259ti il\u0259 bu m\u0259s\u0259l\u0259ni m\u00fczakir\u0259 etm\u0259yi d\u0259 planla\u015fd\u0131rd\u0131\u011f\u0131n\u0131 bildirib.\n<\/p>\n<p><div><\/div><\/p>\n","protected":false},"excerpt":{"rendered":"<p>Kristofer Smit iyulda Osloda ke\u00e7iril\u0259c\u0259k g\u00f6r\u00fc\u015fl\u0259rd\u0259 Az\u0259rbaycan n\u00fcmay\u0259nd\u0259 hey\u0259ti il\u0259 bu m\u0259s\u0259l\u0259ni m\u00fczakir\u0259 etm\u0259yi d\u0259 planla\u015fd\u0131rd\u0131\u011f\u0131n\u0131 bildirib<\/p>\n","protected":false},"author":11,"featured_media":23639,"comment_status":"closed","ping_status":"open","sticky":false,"template":"","format":"standard","meta":{"_acf_changed":false,"_sitemap_exclude":false,"_sitemap_priority":"","_sitemap_frequency":"","footnotes":""},"categories":[56],"tags":[],"class_list":["post-167765","post","type-post","status-publish","format-standard","has-post-thumbnail","hentry","category-xeberler","infinite-scroll-item","generate-columns","tablet-grid-50","mobile-grid-100","grid-parent","grid-33","no-featured-image-padding"],"acf":[],"yoast_head":"<!-- This site is optimized with the Yoast SEO plugin v28.4 - https:\/\/yoast.com\/product\/yoast-seo-wordpress\/ -->\n<title>Helsinki Komissiyas\u0131ndan hakimiyy\u0259t\u0259 n\u00f6vb\u0259ti \u00e7a\u011f\u0131r\u0131\u015f - MEYDAN.TV<\/title>\n<meta name=\"robots\" content=\"index, follow, max-snippet:-1, max-image-preview:large, max-video-preview:-1\" \/>\n<link rel=\"canonical\" href=\"https:\/\/www.meydan.tv\/az\/article\/helsinki-komissiyasindan-hakimiyyete-novbeti-cagiris\/\" \/>\n<meta property=\"og:locale\" content=\"az_AZ\" \/>\n<meta property=\"og:type\" content=\"article\" \/>\n<meta property=\"og:title\" content=\"Helsinki Komissiyas\u0131ndan hakimiyy\u0259t\u0259 n\u00f6vb\u0259ti \u00e7a\u011f\u0131r\u0131\u015f - MEYDAN.TV\" \/>\n<meta property=\"og:description\" content=\"Kristofer Smit iyulda Osloda ke\u00e7iril\u0259c\u0259k g\u00f6r\u00fc\u015fl\u0259rd\u0259 Az\u0259rbaycan n\u00fcmay\u0259nd\u0259 hey\u0259ti il\u0259 bu m\u0259s\u0259l\u0259ni m\u00fczakir\u0259 etm\u0259yi d\u0259 planla\u015fd\u0131rd\u0131\u011f\u0131n\u0131 bildirib\" \/>\n<meta property=\"og:url\" content=\"https:\/\/www.meydan.tv\/az\/article\/helsinki-komissiyasindan-hakimiyyete-novbeti-cagiris\/\" \/>\n<meta property=\"og:site_name\" content=\"MEYDAN.TV\" \/>\n<meta property=\"article:published_time\" content=\"2015-05-02T20:41:22+00:00\" \/>\n<meta property=\"og:image\" content=\"https:\/\/www.meydan.tv\/wp-content\/uploads\/8594.jpg\" \/>\n\t<meta property=\"og:image:width\" content=\"350\" \/>\n\t<meta property=\"og:image:height\" content=\"280\" \/>\n\t<meta property=\"og:image:type\" content=\"image\/jpeg\" \/>\n<meta name=\"twitter:card\" content=\"summary_large_image\" \/>\n<!-- \/ Yoast SEO plugin. -->","yoast_head_json":{"title":"Helsinki Komissiyas\u0131ndan hakimiyy\u0259t\u0259 n\u00f6vb\u0259ti \u00e7a\u011f\u0131r\u0131\u015f - MEYDAN.TV","robots":{"index":"index","follow":"follow","max-snippet":"max-snippet:-1","max-image-preview":"max-image-preview:large","max-video-preview":"max-video-preview:-1"},"canonical":"https:\/\/www.meydan.tv\/az\/article\/helsinki-komissiyasindan-hakimiyyete-novbeti-cagiris\/","og_locale":"az_AZ","og_type":"article","og_title":"Helsinki Komissiyas\u0131ndan hakimiyy\u0259t\u0259 n\u00f6vb\u0259ti \u00e7a\u011f\u0131r\u0131\u015f - MEYDAN.TV","og_description":"Kristofer Smit iyulda Osloda ke\u00e7iril\u0259c\u0259k g\u00f6r\u00fc\u015fl\u0259rd\u0259 Az\u0259rbaycan n\u00fcmay\u0259nd\u0259 hey\u0259ti il\u0259 bu m\u0259s\u0259l\u0259ni m\u00fczakir\u0259 etm\u0259yi d\u0259 planla\u015fd\u0131rd\u0131\u011f\u0131n\u0131 bildirib","og_url":"https:\/\/www.meydan.tv\/az\/article\/helsinki-komissiyasindan-hakimiyyete-novbeti-cagiris\/","og_site_name":"MEYDAN.TV","article_published_time":"2015-05-02T20:41:22+00:00","og_image":[{"width":350,"height":280,"url":"https:\/\/www.meydan.tv\/wp-content\/uploads\/8594.jpg","type":"image\/jpeg"}],"twitter_card":"summary_large_image","schema":{"@context":"https:\/\/schema.org","@graph":[{"@type":"Article","@id":"https:\/\/www.meydan.tv\/az\/article\/helsinki-komissiyasindan-hakimiyyete-novbeti-cagiris\/#article","isPartOf":{"@id":"https:\/\/www.meydan.tv\/az\/article\/helsinki-komissiyasindan-hakimiyyete-novbeti-cagiris\/"},"author":{"name":"user-manager","@id":"https:\/\/www.meydan.tv\/az\/#\/schema\/person\/10d11eccf6da3662cf5fdab9806ea91a"},"headline":"Helsinki Komissiyas\u0131ndan hakimiyy\u0259t\u0259 n\u00f6vb\u0259ti \u00e7a\u011f\u0131r\u0131\u015f","datePublished":"2015-05-02T20:41:22+00:00","mainEntityOfPage":{"@id":"https:\/\/www.meydan.tv\/az\/article\/helsinki-komissiyasindan-hakimiyyete-novbeti-cagiris\/"},"wordCount":422,"publisher":{"@id":"https:\/\/www.meydan.tv\/az\/#organization"},"image":{"@id":"https:\/\/www.meydan.tv\/az\/article\/helsinki-komissiyasindan-hakimiyyete-novbeti-cagiris\/#primaryimage"},"thumbnailUrl":"https:\/\/www.meydan.tv\/wp-content\/uploads\/8594.jpg","articleSection":["X\u0259b\u0259rl\u0259r"],"inLanguage":"az"},{"@type":"WebPage","@id":"https:\/\/www.meydan.tv\/az\/article\/helsinki-komissiyasindan-hakimiyyete-novbeti-cagiris\/","url":"https:\/\/www.meydan.tv\/az\/article\/helsinki-komissiyasindan-hakimiyyete-novbeti-cagiris\/","name":"Helsinki Komissiyas\u0131ndan hakimiyy\u0259t\u0259 n\u00f6vb\u0259ti \u00e7a\u011f\u0131r\u0131\u015f - MEYDAN.TV","isPartOf":{"@id":"https:\/\/www.meydan.tv\/az\/#website"},"primaryImageOfPage":{"@id":"https:\/\/www.meydan.tv\/az\/article\/helsinki-komissiyasindan-hakimiyyete-novbeti-cagiris\/#primaryimage"},"image":{"@id":"https:\/\/www.meydan.tv\/az\/article\/helsinki-komissiyasindan-hakimiyyete-novbeti-cagiris\/#primaryimage"},"thumbnailUrl":"https:\/\/www.meydan.tv\/wp-content\/uploads\/8594.jpg","datePublished":"2015-05-02T20:41:22+00:00","breadcrumb":{"@id":"https:\/\/www.meydan.tv\/az\/article\/helsinki-komissiyasindan-hakimiyyete-novbeti-cagiris\/#breadcrumb"},"inLanguage":"az","potentialAction":[{"@type":"ReadAction","target":["https:\/\/www.meydan.tv\/az\/article\/helsinki-komissiyasindan-hakimiyyete-novbeti-cagiris\/"]}]},{"@type":"ImageObject","inLanguage":"az","@id":"https:\/\/www.meydan.tv\/az\/article\/helsinki-komissiyasindan-hakimiyyete-novbeti-cagiris\/#primaryimage","url":"https:\/\/www.meydan.tv\/wp-content\/uploads\/8594.jpg","contentUrl":"https:\/\/www.meydan.tv\/wp-content\/uploads\/8594.jpg","width":350,"height":280,"caption":"Source:"},{"@type":"BreadcrumbList","@id":"https:\/\/www.meydan.tv\/az\/article\/helsinki-komissiyasindan-hakimiyyete-novbeti-cagiris\/#breadcrumb","itemListElement":[{"@type":"ListItem","position":1,"name":"Ana s\u0259hif\u0259","item":"https:\/\/www.meydan.tv\/az\/"},{"@type":"ListItem","position":2,"name":"X\u0259b\u0259rl\u0259r","item":"https:\/\/www.meydan.tv\/az\/section\/xeberler\/"},{"@type":"ListItem","position":3,"name":"Helsinki Komissiyas\u0131ndan hakimiyy\u0259t\u0259 n\u00f6vb\u0259ti \u00e7a\u011f\u0131r\u0131\u015f"}]},{"@type":"WebSite","@id":"https:\/\/www.meydan.tv\/az\/#website","url":"https:\/\/www.meydan.tv\/az\/","name":"MEYDAN.TV","description":"Meydan TV Az\u0259rbaycan\u0131n media m\u0259kan\u0131ndak\u0131 alternativ s\u0259sidir","publisher":{"@id":"https:\/\/www.meydan.tv\/az\/#organization"},"potentialAction":[{"@type":"SearchAction","target":{"@type":"EntryPoint","urlTemplate":"https:\/\/www.meydan.tv\/az\/?s={search_term_string}"},"query-input":{"@type":"PropertyValueSpecification","valueRequired":true,"valueName":"search_term_string"}}],"inLanguage":"az"},{"@type":"Organization","@id":"https:\/\/www.meydan.tv\/az\/#organization","name":"Meydan TV","url":"https:\/\/www.meydan.tv\/az\/","logo":{"@type":"ImageObject","inLanguage":"az","@id":"https:\/\/www.meydan.tv\/az\/#\/schema\/logo\/image\/","url":"https:\/\/www.meydan.tv\/wp-content\/uploads\/2021\/07\/meydan-logo.svg","contentUrl":"https:\/\/www.meydan.tv\/wp-content\/uploads\/2021\/07\/meydan-logo.svg","width":195,"height":46,"caption":"Meydan TV"},"image":{"@id":"https:\/\/www.meydan.tv\/az\/#\/schema\/logo\/image\/"}},{"@type":"Person","@id":"https:\/\/www.meydan.tv\/az\/#\/schema\/person\/10d11eccf6da3662cf5fdab9806ea91a","name":"user-manager"}]}},"_links":{"self":[{"href":"https:\/\/www.meydan.tv\/az\/wp-json\/wp\/v2\/posts\/167765","targetHints":{"allow":["GET"]}}],"collection":[{"href":"https:\/\/www.meydan.tv\/az\/wp-json\/wp\/v2\/posts"}],"about":[{"href":"https:\/\/www.meydan.tv\/az\/wp-json\/wp\/v2\/types\/post"}],"author":[{"embeddable":true,"href":"https:\/\/www.meydan.tv\/az\/wp-json\/wp\/v2\/users\/11"}],"replies":[{"embeddable":true,"href":"https:\/\/www.meydan.tv\/az\/wp-json\/wp\/v2\/comments?post=167765"}],"version-history":[{"count":0,"href":"https:\/\/www.meydan.tv\/az\/wp-json\/wp\/v2\/posts\/167765\/revisions"}],"wp:featuredmedia":[{"embeddable":true,"href":"https:\/\/www.meydan.tv\/az\/wp-json\/wp\/v2\/media\/23639"}],"wp:attachment":[{"href":"https:\/\/www.meydan.tv\/az\/wp-json\/wp\/v2\/media?parent=167765"}],"wp:term":[{"taxonomy":"category","embeddable":true,"href":"https:\/\/www.meydan.tv\/az\/wp-json\/wp\/v2\/categories?post=167765"},{"taxonomy":"post_tag","embeddable":true,"href":"https:\/\/www.meydan.tv\/az\/wp-json\/wp\/v2\/tags?post=167765"}],"curies":[{"name":"wp","href":"https:\/\/api.w.org\/{rel}","templated":true}]}}