{"id":167764,"date":"2015-05-02T20:21:14","date_gmt":"2015-05-02T20:21:14","guid":{"rendered":"https:\/\/www.meydan.tv\/article\/tukenen-budce-hiyleger-qonsular-ve-anti-qerb-isteriyasi\/"},"modified":"2015-05-02T20:21:14","modified_gmt":"2015-05-02T20:21:14","slug":"tukenen-budce-hiyleger-qonsular-ve-anti-qerb-isteriyasi","status":"publish","type":"post","link":"https:\/\/www.meydan.tv\/az\/article\/tukenen-budce-hiyleger-qonsular-ve-anti-qerb-isteriyasi\/","title":{"rendered":"T\u00fck\u0259n\u0259n b\u00fcdc\u0259, hiyl\u0259g\u0259r qon\u015fular v\u0259 anti-Q\u0259rb isteriyas\u0131"},"content":{"rendered":"<figure class=\"wp-block-image size-large\">\n  <img decoding=\"async\" src=\"https:\/\/www.meydan.tv\/az\/23627\/\" alt=\"\" class=\"wp-image-23627\"\/><figcaption><\/figcaption><\/figure>\n<figure class=\"wp-block-image size-large\">\n  <img decoding=\"async\" src=\"https:\/\/www.meydan.tv\/az\/23630\/\" alt=\"\" class=\"wp-image-23630\"\/><figcaption><\/figcaption><\/figure>\n<p>\n  <i><br \/>\n    AB\u015e v\u0259 Az\u0259rbaycan aras\u0131nda ya\u015fanan g\u0259rginlik m\u00fc\u0259yy\u0259n m\u00fcdd\u0259td\u0259n sonra s\u0259ngiy\u0259c\u0259k. Lakin\u00a0 Bak\u0131 se\u00e7imini etm\u0259lidir &#8211; ya Q\u0259rb, ya Rusiya.<br \/>\n  <\/i>\n<\/p>\n<p>\n  Bak\u0131da yen\u0259 d\u0259 anti-Q\u0259rb k\u00fcl\u0259kl\u0259ri \u0259sm\u0259kd\u0259dir. Hakimiyy\u0259t b\u00fct\u00fcn c\u0259bh\u0259 boyunca Va\u015finqtona v\u0259 AB\u015e d\u00f6vl\u0259t katibi Con Kerriy\u0259 h\u00fccuma ke\u00e7ib.\n<\/p>\n<p>\n  Bak\u0131dak\u0131 \u201cA\u011f ev\u201dd\u0259 haz\u0131rland\u0131\u011f\u0131 he\u00e7 k\u0259sd\u0259 \u015f\u00fcbh\u0259 do\u011furmayan anti-Kerri \u201cara\u015fd\u0131rmas\u0131\u201d bir informasiya agentliyinin vasit\u0259sil\u0259 ictimai r\u0259y\u0259 t\u0259qdim edildi. Ard\u0131nca, yen\u0259 d\u0259 dirijor \u00e7ubu\u011fu il\u0259 idar\u0259 olunan xor i\u015f\u0259 d\u00fc\u015fd\u00fc.\n<\/p>\n<p>\n  Yen\u0259 eyni koordinant, yen\u0259 eyni yana\u015fma v\u0259 \u201c37-ci\u201d ilin d\u00fc\u015f\u00fcnc\u0259 t\u0259rzin\u0259 uy\u011fun \u201c\u0259cin\u0259 ovu\u201d primitivliyi il\u0259 se\u00e7ildi. Ard\u0131nca Milli M\u0259clisd\u0259ki \u00a0\u201csusan \u00e7oxluq\u201d dil\u0259 g\u0259ldi. Prezident Aparat\u0131 anti-Q\u0259rb b\u0259yanatlar\u0131 il\u0259 \u00e7\u0131x\u0131\u015f ed\u0259r\u0259k, d\u00fcnyan\u0131n t\u0259k g\u00fcc\u00fcn\u0259 qar\u015f\u0131 sava\u015f baltalar\u0131n\u0131 havaya qald\u0131rd\u0131.\n<\/p>\n<p>\n  N\u0259 ba\u015f verir? \u00a0Aqoniyam\u0131? K\u0259nardan g\u00f6r\u00fcn\u0259n budur ki, hakimiyy\u0259t sanki t\u0259\u015fvi\u015f i\u00e7ind\u0259dir. Bak\u0131 Q\u0259rb t\u0259sisatlar\u0131n\u0131, x\u00fcsus\u0259n d\u0259 AB\u015e d\u00f6vl\u0259t katibini h\u0259d\u0259l\u0259yir. Birl\u0259\u015fmi\u015f \u015etatlar\u0131 terror\u00e7uluqda ittiham edir. N\u0259 ba\u015f verdi ki, iqtidar 1 n\u00f6mr\u0259li amerikal\u0131 diplomata qar\u015f\u0131 bu q\u0259d\u0259r d\u00f6z\u00fclm\u0259z oldu?\n<\/p>\n<p>\n  \u018fslind\u0259 burada yenilik yoxdur. Az\u0259rbaycanda zaman-zaman anti-AB\u015e isteriyas\u0131 m\u00fc\u015fahid\u0259 edilib. Lakin he\u00e7 bir zaman Birl\u0259\u015fmi\u015f \u015etatlar\u0131n d\u00f6vl\u0259t katibi v\u0259 prezidenti hakimiyy\u0259tin \u0259n y\u00fcks\u0259k pill\u0259sind\u0259n bu d\u0259r\u0259c\u0259d\u0259 a\u015fa\u011f\u0131lanmam\u0131\u015fd\u0131.\n<\/p>\n<p>\n  Ba\u015f ver\u0259nl\u0259r \u201c\u0259r\u0259b bahar\u0131\u201dn\u0131 xat\u0131rlad\u0131r. Yax\u0131n \u015e\u0259rqd\u0259ki prosesl\u0259r \u0259r\u0259f\u0259sind\u0259 d\u0259 Birl\u0259\u015fmi\u015f \u015etatlar \u0259r\u0259b diktatorlar\u0131n\u0131n h\u0259d\u0259find\u0259 idi. B\u00fct\u00fcn bunlar \u0259r\u0259b hakimiyy\u0259tl\u0259ri \u00fc\u00e7\u00fcn faci\u0259li oldu. \u00a0Son d\u0259r\u0259c\u0259 z\u0259ngin olan \u0259r\u0259b diktatorlar\u0131 il\u0259 m\u00fcqayis\u0259d\u0259 Az\u0259rbaycan m\u0259murlar\u0131 dil\u0259n\u00e7ini xat\u0131rlad\u0131rlar.\u00a0 Y\u0259ni, m\u0259murlar\u0131n pullar\u0131 \u201cSem day\u0131\u201dya meydan oxuyacaq q\u0259d\u0259r \u00e7ox deyil. Dem\u0259li, Q\u0259rb Az\u0259rbaycan iqtidar\u0131n\u0131 k\u00fcnc\u0259 s\u0131x\u0131r. \u0130ndi ham\u0131n\u0131 bir sual d\u00fc\u015f\u00fcnd\u00fcr\u00fcr &#8211; Va\u015finqton Bak\u0131ya m\u00fcnasib\u0259tini niy\u0259 bu d\u0259r\u0259c\u0259d\u0259 k\u0259skin d\u0259yi\u015fm\u0259kd\u0259dir? \u018fslind\u0259 bu suala cavab da olduqca sad\u0259dir &#8211; Az\u0259rbaycan hakimiyy\u0259tin\u0259 diplomatik se\u00e7imi il\u0259 ba\u011fl\u0131 m\u00f6vqe s\u0259rgil\u0259m\u0259sin\u0259 zaman verilmi\u015fdi. Art\u0131q bu limit bitm\u0259k \u00fczr\u0259dir v\u0259 k\u0259nardan g\u00f6r\u00fcn\u0259n budur ki, Bak\u0131 Rusiyan\u0131 se\u00e7ir.\n<\/p>\n<p>\n  Va\u015finqton Bak\u0131n\u0131 Rusiyaya meyll\u0259nm\u0259kd\u0259n imtina etm\u0259y\u0259 v\u0259 birm\u0259nal\u0131 q\u0259rby\u00f6n\u00fcml\u00fc siyas\u0259t yeritm\u0259y\u0259 s\u0259sl\u0259yir. Bak\u0131 is\u0259 h\u0259l\u0259 d\u0259 \u201ca\u00e7\u0131q qap\u0131\u201d siyas\u0259tin\u0259 \u00fcst\u00fcnl\u00fck verir.\n<\/p>\n<p>\n  \u0130stisna deyil ki, AB\u015e v\u0259 Az\u0259rbaycan aras\u0131nda ya\u015fanan g\u0259rginlik m\u00fc\u0259yy\u0259n m\u00fcdd\u0259td\u0259n sonra s\u0259ngiy\u0259c\u0259k. Lakin\u00a0 Bak\u0131 se\u00e7imini etm\u0259lidir &#8211; ya Q\u0259rb, ya Rusiya. \u00a0Q\u0259rbl\u0259 inteqrasiya \u0259lb\u0259tt\u0259 ki, Rusiyan\u0131 q\u0131c\u0131qland\u0131ra \u00a0bil\u0259r. Bu zaman Moskva Bak\u0131ya \u0259n m\u00fcxt\u0259lif istiqam\u0259tl\u0259rd\u0259n h\u00fccuma ke\u00e7\u0259 bil\u0259r.\u00a0 Q\u0259rb \u0259n az\u0131 enerji maraqlar\u0131na g\u00f6r\u0259 Az\u0259rbaycan\u0131 Rusiya il\u0259 sava\u015flar m\u00fcst\u0259visind\u0259 t\u0259k buraxmaz. Lakin hakimiyy\u0259t ba\u015fqa yol se\u00e7ib. Moskvan\u0131 xo\u015f salmaq \u00fc\u00e7\u00fcn Q\u0259rbi terror\u00e7uluqda ittiham edir. Bunun n\u0259l\u0259r\u0259 s\u0259b\u0259b olaca\u011f\u0131n\u0131 y\u0259qin ki, Az\u0259rbaycan hakimiyy\u0259ti sona q\u0259d\u0259r d\u0259rk ed\u0259 bilmir.\n<\/p>\n<p>\n  Bak\u0131n\u0131n m\u0259rk\u0259zind\u0259 \u201cAvromaydan\u201d qurulsa ruslar\u0131n bunun qar\u015f\u0131s\u0131n\u0131 almaq \u00fc\u00e7\u00fcn yaln\u0131z zorak\u0131l\u0131\u011f\u0131 d\u0259st\u0259kl\u0259m\u0259kd\u0259n ba\u015fqa yolu qalmayacaq. \u0130ndiki m\u0259rh\u0259l\u0259d\u0259 xalqa qar\u015f\u0131 zorak\u0131l\u0131q is\u0259 r\u0259ngli inqilab ideyas\u0131n\u0131n ger\u00e7\u0259kl\u0259\u015fm\u0259si anlam\u0131na g\u0259l\u0259 bil\u0259r.\n<\/p>\n<p>\n  Az\u0259rbaycan hakimiyy\u0259ti son davran\u0131\u015flar\u0131 il\u0259 \u00f6z\u00fcn\u0259 AB\u015e-\u0131n timsal\u0131nda yeni m\u00fcxalif\u0259t yaratd\u0131. Bel\u0259 m\u00fcxalif\u0259t\u0259 qar\u015f\u0131 duru\u015f g\u0259tirm\u0259k fantastik g\u00f6r\u00fcn\u00fcr. Bu d\u0259f\u0259 h\u0259d\u0259fd\u0259 bir neft \u00f6lk\u0259sind\u0259ki demokratiya deyil, AB\u015e-\u0131n d\u00f6vl\u0259t maraqlar\u0131d\u0131r. \u018fslind\u0259, bel\u0259 bir v\u0259ziyy\u0259tin yaranmas\u0131nda el\u0259 Q\u0259rb \u00f6lk\u0259l\u0259ri \u00f6zl\u0259ri g\u00fcnahkard\u0131r. Q\u0259rb d\u00f6vl\u0259tl\u0259rinin \u00f6zl\u0259rinin d\u0259 Az\u0259rbaycana mara\u011f\u0131nda enerji m\u0259s\u0259l\u0259l\u0259ri x\u00fcsusi \u00f6n\u0259m k\u0259sb edir v\u0259 onlar bunu gizl\u0259tmirl\u0259r.\n<\/p>\n<p>\n  M\u0259hz, Q\u0259rb Az\u0259rbaycan demokratiyas\u0131n\u0131n d\u0259fn olunmas\u0131na \u015f\u0259rait yarad\u0131b. Q\u0259rbin susqunlu\u011fu fonunda Avropa qiyaf\u0259li siyas\u0259t\u00e7il\u0259r v\u0259 h\u00fcquq m\u00fcdafi\u0259\u00e7il\u0259ri h\u0259bs edilibl\u0259r. Q\u0259rb \u00f6z maraqlar\u0131n\u0131n m\u00fcdafi\u0259\u00e7il\u0259rini \u00e7ox asanl\u0131qla avtoritar rejiml\u0259 \u00fcz-\u00fcz\u0259 burax\u0131b.\n<\/p>\n<p>\n  Demokratiyan\u0131n bo\u011fulmas\u0131n\u0131n dig\u0259r bir s\u0259b\u0259bi d\u0259 b\u00f6y\u00fck enerji layih\u0259l\u0259rinin \u00f6lk\u0259 \u00fc\u00e7\u00fcn yaratd\u0131\u011f\u0131 geosiyasi manevr imkanlar\u0131d\u0131r. Q\u0259rb d\u00f6vl\u0259tl\u0259rinin t\u0259zyiqini hiss ed\u0259n Az\u0259rbaycan bunu \u0130ran v\u0259 dig\u0259r \u00f6lk\u0259l\u0259rin t\u0259siri il\u0259 tarazla\u015fd\u0131ra bilir.\n<\/p>\n<p>\n  Lakin Bak\u0131 Kremlin yata\u011f\u0131na ged\u0259 bilm\u0259z. Rusiya siyasi elitas\u0131 \u00f6z\u00fc d\u0259 g\u0259l\u0259c\u0259k perspektivi Avropa il\u0259 \u0259m\u0259kda\u015fl\u0131qda g\u00f6r\u00fcr. M\u0259hz buna g\u00f6r\u0259 d\u0259 Rusiya siyasi elitas\u0131 pullar\u0131n\u0131 Avropa banklar\u0131nda saxlay\u0131r. Rusiya siyasi hakimiyy\u0259tinin \u0259n y\u00fcks\u0259k pill\u0259sind\u0259 t\u0259msil olunan simalar\u0131n \u00f6vladlar\u0131 Avropada t\u0259hsil al\u0131r, orada biznes f\u0259aliyy\u0259ti il\u0259 m\u0259\u015f\u011ful olur.\n<\/p>\n<p>\n  Avropa daha t\u0259hl\u00fck\u0259sizdir. Biznes maraqlar\u0131na g\u00f6r\u0259, t\u0259hsilin v\u0259 s\u0259hiyy\u0259nin s\u0259viyy\u0259sin\u0259 g\u00f6r\u0259, insan kimi ya\u015fama\u011fa g\u00f6r\u0259 d\u0259 Avropa daha t\u0259hl\u00fck\u0259sizdir. El\u0259 \u00a0bu\u00a0 amil Az\u0259rbaycan m\u0259murlar\u0131n\u0131 da vadar edir ki, \u00f6vladlar\u0131n\u0131 t\u0259hsil \u00fc\u00e7\u00fcn Q\u0259rb\u0259 g\u00f6nd\u0259rsinl\u0259r.\n<\/p>\n<p>\n  Siyasi karyera qurmaq \u00fc\u00e7\u00fcn bizim m\u0259murlar\u0131n \u00f6vladlar\u0131 m\u0259hz Q\u0259rb \u00f6lk\u0259l\u0259rind\u0259 lobbi f\u0259aliyy\u0259ti il\u0259 m\u0259\u015f\u011ful olurlar. Q\u0259rb Az\u0259rbaycan siyasi hakimiyy\u0259tinin \u00fcz tutdu\u011fu \u201cxilas k\u0259m\u0259ri\u201ddir. Rusiya il\u0259 \u0259m\u0259kda\u015fl\u0131q is\u0259 \u00a0t\u0259hl\u00fck\u0259lidir. Biznes f\u0259aliyy\u0259ti qurmaq \u00fc\u00e7\u00fcn d\u0259 yararl\u0131 deyil. Dig\u0259r t\u0259r\u0259fd\u0259n, Birl\u0259\u015fmi\u015f \u015etatlara sava\u015f elan etm\u0259k, Rusiyan\u0131n Bak\u0131ya t\u0259zyiql\u0259rin\u0259 son qoymur. Moskva Az\u0259rbaycan\u0131 tamamil\u0259 diz \u00e7\u00f6kd\u00fcrm\u0259k ist\u0259yini a\u00e7\u0131q \u015f\u0259kild\u0259 n\u00fcmayi\u015f etdirir. Bir t\u0259r\u0259fd\u0259n d\u0259 \u0130ran Bak\u0131da ke\u00e7iril\u0259c\u0259k Avropa Yay Oyunlar\u0131n\u0131 \u00f6z\u00fc \u00fc\u00e7\u00fcn t\u0259hl\u00fck\u0259 g\u00f6r\u00fcr. Q\u0259rbl\u0259 ba\u011fl\u0131 bel\u0259 layih\u0259l\u0259rin X\u0259z\u0259r d\u0259nizi sahill\u0259rin\u0259 g\u0259lm\u0259sini arzulam\u0131r. Odur ki, t\u0259zyiql\u0259rini art\u0131r\u0131r.\n<\/p>\n<p>\n  G\u00f6r\u00fcnd\u00fcy\u00fc kimi, Az\u0259rbaycan t\u0259kl\u0259nmi\u015f durumdad\u0131r. Bel\u0259 v\u0259ziyy\u0259td\u0259, faktiki olaraq ham\u0131n\u0131n etiraz\u0131n\u0131 g\u00f6z \u00f6n\u00fcn\u0259 almaq v\u0259 Va\u015finqtonu terror\u00e7uluqda ittiham etm\u0259k\u00a0 ciddi kataklizml\u0259rin x\u0259b\u0259r\u00e7isi hesab oluna bil\u0259r. Bir yandan da, d\u00f6vl\u0259t b\u00fcdc\u0259si t\u00fck\u0259nir. \u00d6lk\u0259d\u0259 pul \u00e7at\u0131\u015fmazl\u0131\u011f\u0131 ya\u015fana bil\u0259r. Bu art\u0131q h\u0259r \u015feyin sonu anlam\u0131na g\u0259l\u0259 bil\u0259r. Bunu Az\u0259rbaycan hakimiyy\u0259ti d\u0259 anlay\u0131r. G\u00f6st\u0259rm\u0259k ist\u0259yir ki, Rusiya ona t\u0259zyiq edir. \u00a0\u0130ran onu h\u0259d\u0259l\u0259yir. Pul \u00e7at\u0131\u015fm\u0131r. Ona yard\u0131m laz\u0131md\u0131r. Kreditl\u0259r laz\u0131md\u0131r. Demokratiya t\u0259l\u0259bini unutmaq v\u0259 d\u00fc\u015fm\u0259n \u0259hat\u0259sind\u0259 \u00e7abalayan Az\u0259rbaycana k\u00f6m\u0259k etm\u0259k laz\u0131md\u0131r. AB\u015e is\u0259 susur. Va\u015finqton Bak\u0131ya bar\u0131\u015f\u0131q \u0259li uzatm\u0131r. Bak\u0131 ba\u015fqa variant\u0131 se\u00e7ir &#8211; anti-Amerika \u015fiv\u0259ni il\u0259 Va\u015finqtonun diqq\u0259tini \u00e7\u0259km\u0259k ist\u0259yir. Bu g\u00fcn Va\u015finqtonu l\u0259n\u0259tl\u0259y\u0259n Az\u0259rbaycan hakimiyy\u0259ti Birl\u0259\u015fmi\u015f \u015etatlar\u0131n ona uzanacaq \u0259lini g\u00f6zl\u0259yir. Obama v\u0259 yaxud Kerrinin r\u0259smi Bak\u0131ya \u201cg\u0259lin, Va\u015finqtonda sizi q\u0259bul ed\u0259c\u0259yik\u201d mesaj\u0131n\u0131 vers\u0259, anti-Q\u0259rb isteriyas\u0131n\u0131 ya\u015fadanlar\u00a0 im\u0259kl\u0259y\u0259-im\u0259kl\u0259y\u0259 Birl\u0259\u015fmi\u015f \u015etatlara s\u0259f\u0259r ed\u0259rdi&#8230;\n<\/p><\/p>\n","protected":false},"excerpt":{"rendered":"<p>AB\u015e v\u0259 Az\u0259rbaycan aras\u0131nda ya\u015fanan g\u0259rginlik m\u00fc\u0259yy\u0259n m\u00fcdd\u0259td\u0259n sonra s\u0259ngiy\u0259c\u0259k. Lakin  Bak\u0131 se\u00e7imini etm\u0259lidir &#8211; ya Q\u0259rb, ya Rusiya.<\/p>\n","protected":false},"author":11,"featured_media":23627,"comment_status":"closed","ping_status":"open","sticky":false,"template":"","format":"standard","meta":{"_acf_changed":false,"_sitemap_exclude":false,"_sitemap_priority":"","_sitemap_frequency":"","footnotes":""},"categories":[56],"tags":[],"class_list":["post-167764","post","type-post","status-publish","format-standard","has-post-thumbnail","hentry","category-xeberler","infinite-scroll-item","generate-columns","tablet-grid-50","mobile-grid-100","grid-parent","grid-33","no-featured-image-padding"],"acf":[],"yoast_head":"<!-- This site is optimized with the Yoast SEO plugin v28.4 - https:\/\/yoast.com\/product\/yoast-seo-wordpress\/ -->\n<title>T\u00fck\u0259n\u0259n b\u00fcdc\u0259, hiyl\u0259g\u0259r qon\u015fular v\u0259 anti-Q\u0259rb isteriyas\u0131 - MEYDAN.TV<\/title>\n<meta name=\"robots\" content=\"index, follow, max-snippet:-1, max-image-preview:large, max-video-preview:-1\" \/>\n<link rel=\"canonical\" href=\"https:\/\/www.meydan.tv\/az\/article\/tukenen-budce-hiyleger-qonsular-ve-anti-qerb-isteriyasi\/\" \/>\n<meta property=\"og:locale\" content=\"az_AZ\" \/>\n<meta property=\"og:type\" content=\"article\" \/>\n<meta property=\"og:title\" content=\"T\u00fck\u0259n\u0259n b\u00fcdc\u0259, hiyl\u0259g\u0259r qon\u015fular v\u0259 anti-Q\u0259rb isteriyas\u0131 - MEYDAN.TV\" \/>\n<meta property=\"og:description\" content=\"AB\u015e v\u0259 Az\u0259rbaycan aras\u0131nda ya\u015fanan g\u0259rginlik m\u00fc\u0259yy\u0259n m\u00fcdd\u0259td\u0259n sonra s\u0259ngiy\u0259c\u0259k. Lakin Bak\u0131 se\u00e7imini etm\u0259lidir - ya Q\u0259rb, ya Rusiya.\" \/>\n<meta property=\"og:url\" content=\"https:\/\/www.meydan.tv\/az\/article\/tukenen-budce-hiyleger-qonsular-ve-anti-qerb-isteriyasi\/\" \/>\n<meta property=\"og:site_name\" content=\"MEYDAN.TV\" \/>\n<meta property=\"article:published_time\" content=\"2015-05-02T20:21:14+00:00\" \/>\n<meta property=\"og:image\" content=\"https:\/\/www.meydan.tv\/wp-content\/uploads\/8592.jpg\" \/>\n\t<meta property=\"og:image:width\" content=\"500\" \/>\n\t<meta property=\"og:image:height\" content=\"304\" \/>\n\t<meta property=\"og:image:type\" content=\"image\/jpeg\" \/>\n<meta name=\"twitter:card\" content=\"summary_large_image\" \/>\n<!-- \/ Yoast SEO plugin. -->","yoast_head_json":{"title":"T\u00fck\u0259n\u0259n b\u00fcdc\u0259, hiyl\u0259g\u0259r qon\u015fular v\u0259 anti-Q\u0259rb isteriyas\u0131 - MEYDAN.TV","robots":{"index":"index","follow":"follow","max-snippet":"max-snippet:-1","max-image-preview":"max-image-preview:large","max-video-preview":"max-video-preview:-1"},"canonical":"https:\/\/www.meydan.tv\/az\/article\/tukenen-budce-hiyleger-qonsular-ve-anti-qerb-isteriyasi\/","og_locale":"az_AZ","og_type":"article","og_title":"T\u00fck\u0259n\u0259n b\u00fcdc\u0259, hiyl\u0259g\u0259r qon\u015fular v\u0259 anti-Q\u0259rb isteriyas\u0131 - MEYDAN.TV","og_description":"AB\u015e v\u0259 Az\u0259rbaycan aras\u0131nda ya\u015fanan g\u0259rginlik m\u00fc\u0259yy\u0259n m\u00fcdd\u0259td\u0259n sonra s\u0259ngiy\u0259c\u0259k. Lakin Bak\u0131 se\u00e7imini etm\u0259lidir - ya Q\u0259rb, ya Rusiya.","og_url":"https:\/\/www.meydan.tv\/az\/article\/tukenen-budce-hiyleger-qonsular-ve-anti-qerb-isteriyasi\/","og_site_name":"MEYDAN.TV","article_published_time":"2015-05-02T20:21:14+00:00","og_image":[{"width":500,"height":304,"url":"https:\/\/www.meydan.tv\/wp-content\/uploads\/8592.jpg","type":"image\/jpeg"}],"twitter_card":"summary_large_image","schema":{"@context":"https:\/\/schema.org","@graph":[{"@type":"Article","@id":"https:\/\/www.meydan.tv\/az\/article\/tukenen-budce-hiyleger-qonsular-ve-anti-qerb-isteriyasi\/#article","isPartOf":{"@id":"https:\/\/www.meydan.tv\/az\/article\/tukenen-budce-hiyleger-qonsular-ve-anti-qerb-isteriyasi\/"},"author":{"name":"user-manager","@id":"https:\/\/www.meydan.tv\/az\/#\/schema\/person\/10d11eccf6da3662cf5fdab9806ea91a"},"headline":"T\u00fck\u0259n\u0259n b\u00fcdc\u0259, hiyl\u0259g\u0259r qon\u015fular v\u0259 anti-Q\u0259rb isteriyas\u0131","datePublished":"2015-05-02T20:21:14+00:00","mainEntityOfPage":{"@id":"https:\/\/www.meydan.tv\/az\/article\/tukenen-budce-hiyleger-qonsular-ve-anti-qerb-isteriyasi\/"},"wordCount":1444,"publisher":{"@id":"https:\/\/www.meydan.tv\/az\/#organization"},"image":{"@id":"https:\/\/www.meydan.tv\/az\/article\/tukenen-budce-hiyleger-qonsular-ve-anti-qerb-isteriyasi\/#primaryimage"},"thumbnailUrl":"https:\/\/www.meydan.tv\/wp-content\/uploads\/8592.jpg","articleSection":["X\u0259b\u0259rl\u0259r"],"inLanguage":"az"},{"@type":"WebPage","@id":"https:\/\/www.meydan.tv\/az\/article\/tukenen-budce-hiyleger-qonsular-ve-anti-qerb-isteriyasi\/","url":"https:\/\/www.meydan.tv\/az\/article\/tukenen-budce-hiyleger-qonsular-ve-anti-qerb-isteriyasi\/","name":"T\u00fck\u0259n\u0259n b\u00fcdc\u0259, hiyl\u0259g\u0259r qon\u015fular v\u0259 anti-Q\u0259rb isteriyas\u0131 - MEYDAN.TV","isPartOf":{"@id":"https:\/\/www.meydan.tv\/az\/#website"},"primaryImageOfPage":{"@id":"https:\/\/www.meydan.tv\/az\/article\/tukenen-budce-hiyleger-qonsular-ve-anti-qerb-isteriyasi\/#primaryimage"},"image":{"@id":"https:\/\/www.meydan.tv\/az\/article\/tukenen-budce-hiyleger-qonsular-ve-anti-qerb-isteriyasi\/#primaryimage"},"thumbnailUrl":"https:\/\/www.meydan.tv\/wp-content\/uploads\/8592.jpg","datePublished":"2015-05-02T20:21:14+00:00","breadcrumb":{"@id":"https:\/\/www.meydan.tv\/az\/article\/tukenen-budce-hiyleger-qonsular-ve-anti-qerb-isteriyasi\/#breadcrumb"},"inLanguage":"az","potentialAction":[{"@type":"ReadAction","target":["https:\/\/www.meydan.tv\/az\/article\/tukenen-budce-hiyleger-qonsular-ve-anti-qerb-isteriyasi\/"]}]},{"@type":"ImageObject","inLanguage":"az","@id":"https:\/\/www.meydan.tv\/az\/article\/tukenen-budce-hiyleger-qonsular-ve-anti-qerb-isteriyasi\/#primaryimage","url":"https:\/\/www.meydan.tv\/wp-content\/uploads\/8592.jpg","contentUrl":"https:\/\/www.meydan.tv\/wp-content\/uploads\/8592.jpg","width":500,"height":304,"caption":"Source:"},{"@type":"BreadcrumbList","@id":"https:\/\/www.meydan.tv\/az\/article\/tukenen-budce-hiyleger-qonsular-ve-anti-qerb-isteriyasi\/#breadcrumb","itemListElement":[{"@type":"ListItem","position":1,"name":"Ana s\u0259hif\u0259","item":"https:\/\/www.meydan.tv\/az\/"},{"@type":"ListItem","position":2,"name":"X\u0259b\u0259rl\u0259r","item":"https:\/\/www.meydan.tv\/az\/section\/xeberler\/"},{"@type":"ListItem","position":3,"name":"T\u00fck\u0259n\u0259n b\u00fcdc\u0259, hiyl\u0259g\u0259r qon\u015fular v\u0259 anti-Q\u0259rb isteriyas\u0131"}]},{"@type":"WebSite","@id":"https:\/\/www.meydan.tv\/az\/#website","url":"https:\/\/www.meydan.tv\/az\/","name":"MEYDAN.TV","description":"Meydan TV Az\u0259rbaycan\u0131n media m\u0259kan\u0131ndak\u0131 alternativ s\u0259sidir","publisher":{"@id":"https:\/\/www.meydan.tv\/az\/#organization"},"potentialAction":[{"@type":"SearchAction","target":{"@type":"EntryPoint","urlTemplate":"https:\/\/www.meydan.tv\/az\/?s={search_term_string}"},"query-input":{"@type":"PropertyValueSpecification","valueRequired":true,"valueName":"search_term_string"}}],"inLanguage":"az"},{"@type":"Organization","@id":"https:\/\/www.meydan.tv\/az\/#organization","name":"Meydan TV","url":"https:\/\/www.meydan.tv\/az\/","logo":{"@type":"ImageObject","inLanguage":"az","@id":"https:\/\/www.meydan.tv\/az\/#\/schema\/logo\/image\/","url":"https:\/\/www.meydan.tv\/wp-content\/uploads\/2021\/07\/meydan-logo.svg","contentUrl":"https:\/\/www.meydan.tv\/wp-content\/uploads\/2021\/07\/meydan-logo.svg","width":195,"height":46,"caption":"Meydan TV"},"image":{"@id":"https:\/\/www.meydan.tv\/az\/#\/schema\/logo\/image\/"}},{"@type":"Person","@id":"https:\/\/www.meydan.tv\/az\/#\/schema\/person\/10d11eccf6da3662cf5fdab9806ea91a","name":"user-manager"}]}},"_links":{"self":[{"href":"https:\/\/www.meydan.tv\/az\/wp-json\/wp\/v2\/posts\/167764","targetHints":{"allow":["GET"]}}],"collection":[{"href":"https:\/\/www.meydan.tv\/az\/wp-json\/wp\/v2\/posts"}],"about":[{"href":"https:\/\/www.meydan.tv\/az\/wp-json\/wp\/v2\/types\/post"}],"author":[{"embeddable":true,"href":"https:\/\/www.meydan.tv\/az\/wp-json\/wp\/v2\/users\/11"}],"replies":[{"embeddable":true,"href":"https:\/\/www.meydan.tv\/az\/wp-json\/wp\/v2\/comments?post=167764"}],"version-history":[{"count":0,"href":"https:\/\/www.meydan.tv\/az\/wp-json\/wp\/v2\/posts\/167764\/revisions"}],"wp:featuredmedia":[{"embeddable":true,"href":"https:\/\/www.meydan.tv\/az\/wp-json\/wp\/v2\/media\/23627"}],"wp:attachment":[{"href":"https:\/\/www.meydan.tv\/az\/wp-json\/wp\/v2\/media?parent=167764"}],"wp:term":[{"taxonomy":"category","embeddable":true,"href":"https:\/\/www.meydan.tv\/az\/wp-json\/wp\/v2\/categories?post=167764"},{"taxonomy":"post_tag","embeddable":true,"href":"https:\/\/www.meydan.tv\/az\/wp-json\/wp\/v2\/tags?post=167764"}],"curies":[{"name":"wp","href":"https:\/\/api.w.org\/{rel}","templated":true}]}}